{"id":2771,"date":"2024-03-01T15:45:00","date_gmt":"2024-03-01T14:45:00","guid":{"rendered":"https:\/\/vivalainfo.com\/en\/apple-omogocil-popravila-v-lastni-reziji-tudi-za-novejse-naprave\/"},"modified":"2024-03-01T15:45:00","modified_gmt":"2024-03-01T14:45:00","slug":"apple-omogocil-popravila-v-lastni-reziji-tudi-za-novejse-naprave","status":"publish","type":"post","link":"https:\/\/viva.racunalniske-novice.com\/de\/auch-fur-neuere-gerate-hat-apple-reparaturen-in-der-eigenen-werkstatt-ermoglicht\/","title":{"rendered":"Auch bei neueren Ger\u00e4ten hat Apple Reparaturen im eigenen Haus m\u00f6glich gemacht"},"content":{"rendered":"<p>Sie erinnern sich wahrscheinlich noch daran, dass Apple die Reparatur von Ger\u00e4ten im eigenen Haus lange Zeit eher schwierig machte, w\u00e4hrend Reparaturen in lizenzierten Servicecentern meist nicht gerade g\u00fcnstig waren. Gro\u00dfe Mengen Kleber, nicht standardm\u00e4\u00dfige Schrauben und der komplexe Innenaufbau des Ger\u00e4ts erschwerten oft den Austausch von Batterien, Bildschirmen oder anderen Teilen des Ger\u00e4ts. Dar\u00fcber hinaus erschienen verschiedene Fehlermeldungen auf dem Bildschirm des Ger\u00e4ts und bestimmte Funktionen funktionierten einfach nicht mehr.<\/p>\n\n\n\n<p>Im Jahr 2022 kam es jedoch zu einer unglaublichen Wende, zumindest was die neueren Ger\u00e4te von Apple betrifft. Der Computergigant gab eine Erkl\u00e4rung heraus, in der er die Einf\u00fchrung eines Selbstbedienungs-Reparaturprogramms ank\u00fcndigte. Dieses Programm erm\u00f6glichte es Kunden, die sich dazu in der Lage f\u00fchlten, alle notwendigen Werkzeuge zu mieten und Originalersatzteile zu kaufen, um ihre Reparaturen selbst zu Hause durchzuf\u00fchren.<\/p>\n\n\n\n<p>Es scheint, dass Apple seine interne Reparaturpolitik fortf\u00fchren wird. Dieses Programm wurde k\u00fcrzlich auf die neuesten Computersysteme des Computergiganten ausgeweitet, die mit dem M3-Prozessor ausgestattet sind. Dabei handelt es sich um das 14-Zoll MacBook Pro, das 16-Zoll MacBook Pro und den \u201eiMac\u201c, die M3-, M3 Pro- und\/oder M3 Max-Prozessoren zur Datenberechnung verwenden.<\/p>\n\n\n\n<p>Das Selbstreparaturprogramm ist in den USA und ausgew\u00e4hlten europ\u00e4ischen L\u00e4ndern, einschlie\u00dflich Slowenien, verf\u00fcgbar. Ersatzteile f\u00fcr unsere Apple-Ger\u00e4te k\u00f6nnen online bestellt werden unter <a href=\"https:\/\/selfservicerepair.eu\/sl-SI\/order\">https:\/\/selfservicerepair.eu\/sl-SI\/order<\/a><\/p>\n<div class=\"embed-container\"><iframe src=\"https:\/\/www.youtube.com\/embed\/mdYzVaC6HSQ\" frameborder=\"0\" allowfullscreen><\/iframe><\/div><br\/>","protected":false},"excerpt":{"rendered":"<p>Sie erinnern sich sicher noch daran, dass Apple es lange Zeit sehr schwer machte, Ger\u00e4te selbst zu reparieren und dass Reparaturen in lizenzierten Werkst\u00e4tten meist nicht gerade g\u00fcnstig waren. Gro\u00dfe Mengen Klebstoff, nicht standardm\u00e4\u00dfige Schrauben und die komplexe interne Struktur des Ger\u00e4ts erschwerten h\u00e4ufig den Austausch von Batterien, Bildschirmen oder anderen Ger\u00e4teteilen. Dar\u00fcber hinaus ist der Ger\u00e4tebildschirm [\u2026]<\/p>","protected":false},"author":2,"featured_media":0,"comment_status":"","ping_status":"open","sticky":false,"template":"","format":"standard","meta":{"_acf_changed":false,"footnotes":""},"categories":[16],"tags":[154],"class_list":["post-2771","post","type-post","status-publish","format-standard","hentry","category-oprema","tag-apple"],"acf":{"subtitle":"Apple je nedavno omogo\u010dil popravila v lastni re\u017eiji za njegove najnovej\u0161e ra\u010dunalni\u0161ke sisteme. Tu gre za naprave opremljene s procesorji M3.","heading":"","summary":"Kot vse ka\u017ee bo podjetje Apple nadaljevalo s politiko popravil v lastni re\u017eiji. Ta program je bil namre\u010d nedavno raz\u0161irjen tudi na najnovej\u0161e ra\u010dunalni\u0161ke sisteme ra\u010dunalni\u0161kega giganta, ki so opremljeni s procesorjem M3. Tu gre za 14-pal\u010dni MacBook Pro, 16-pal\u010dni MacBook Pro in iMac, ki za prera\u010dun","thumbnail_small":"https:\/\/racunalniske-novice.com\/wp-content\/uploads\/2024\/03\/Apple-EU-Self-Service-repair-iPhone_big.jpg.large_2x-1024x670-1-560x315.jpg","thumbnail_large":"https:\/\/racunalniske-novice.com\/wp-content\/uploads\/2024\/03\/Apple-EU-Self-Service-repair-iPhone_big.jpg.large_2x-1024x670-1.jpg","thumbnail_caption":"","gallery":"","video_gallery":[{"youtube_url":"https:\/\/www.youtube.com\/watch?v=mdYzVaC6HSQ"}],"author":"","links":[{"title":"Apple","url":""}],"sources":null,"skip_language":[]},"yoast_head":"<!-- This site is optimized with the Yoast SEO plugin v22.8 - https:\/\/yoast.com\/wordpress\/plugins\/seo\/ -->\n<title>Apple omogo\u010dil popravila v lastni re\u017eiji tudi za novej\u0161e naprave - Ra\u010dunalni\u0161ke novice<\/title>\n<meta name=\"description\" content=\"Kot vse ka\u017ee bo podjetje Apple nadaljevalo s politiko popravil v lastni re\u017eiji. Ta program je bil namre\u010d nedavno raz\u0161irjen tudi na najnovej\u0161e ra\u010dunalni\u0161ke sisteme ra\u010dunalni\u0161kega giganta, ki so opremlj\" \/>\n<meta name=\"robots\" content=\"index, follow, max-snippet:-1, max-image-preview:large, max-video-preview:-1\" \/>\n<link rel=\"canonical\" href=\"https:\/\/viva.racunalniske-novice.com\/de\/wp-json\/wp\/v2\/posts\/2771\" \/>\n<meta property=\"og:locale\" content=\"de_DE\" \/>\n<meta property=\"og:type\" content=\"article\" \/>\n<meta property=\"og:title\" content=\"Apple omogo\u010dil popravila v lastni re\u017eiji tudi za novej\u0161e naprave - Ra\u010dunalni\u0161ke novice\" \/>\n<meta property=\"og:description\" content=\"Verjetno se \u0161e spomnite, da je Apple dalj \u010dasa po\u0161teno ote\u017eeval popravilo naprav v lastni re\u017eiji, medtem ko popravilo v licen\u010dnih servisih navadno ni bilo ravno poceni. Velike koli\u010dine lepila, nestandardni vijaki in zapletena notranja zgradba naprave so pogosto ote\u017eevale zamenjavo baterij, zaslonov ali drugih delov naprave. Poleg tega so se na zaslonu naprave uporabnikom [&hellip;]\" \/>\n<meta property=\"og:url\" content=\"https:\/\/viva.racunalniske-novice.com\/de\/apple-ha-consentito-la-riparazione-nel-proprio-laboratorio-anche-per-i-dispositivi-piu-recenti\/\" \/>\n<meta property=\"og:site_name\" content=\"Ra\u010dunalni\u0161ke novice\" \/>\n<meta property=\"article:published_time\" content=\"2024-03-01T14:45:00+00:00\" \/>\n<meta name=\"author\" content=\"sinusiks\" \/>\n<meta name=\"twitter:card\" content=\"summary_large_image\" \/>\n<meta name=\"twitter:label1\" content=\"Verfasst von\" \/>\n\t<meta name=\"twitter:data1\" content=\"sinusiks\" \/>\n\t<meta name=\"twitter:label2\" content=\"Gesch\u00e4tzte Lesezeit\" \/>\n\t<meta name=\"twitter:data2\" content=\"1\u00a0Minute\" \/>\n<script type=\"application\/ld+json\" class=\"yoast-schema-graph\">{\"@context\":\"https:\/\/schema.org\",\"@graph\":[{\"@type\":\"WebPage\",\"@id\":\"https:\/\/viva.racunalniske-novice.com\/it\/apple-ha-consentito-la-riparazione-nel-proprio-laboratorio-anche-per-i-dispositivi-piu-recenti\/\",\"url\":\"https:\/\/viva.racunalniske-novice.com\/it\/apple-ha-consentito-la-riparazione-nel-proprio-laboratorio-anche-per-i-dispositivi-piu-recenti\/\",\"name\":\"Apple omogo\u010dil popravila v lastni re\u017eiji tudi za novej\u0161e naprave - Ra\u010dunalni\u0161ke novice\",\"isPartOf\":{\"@id\":\"https:\/\/viva.racunalniske-novice.com\/en\/#website\"},\"datePublished\":\"2024-03-01T14:45:00+00:00\",\"dateModified\":\"2024-03-01T14:45:00+00:00\",\"author\":{\"@id\":\"https:\/\/viva.racunalniske-novice.com\/en\/#\/schema\/person\/afb62e36efa34516d50249517e4cdbb4\"},\"breadcrumb\":{\"@id\":\"https:\/\/viva.racunalniske-novice.com\/it\/apple-ha-consentito-la-riparazione-nel-proprio-laboratorio-anche-per-i-dispositivi-piu-recenti\/#breadcrumb\"},\"inLanguage\":\"de\",\"potentialAction\":[{\"@type\":\"ReadAction\",\"target\":[\"https:\/\/viva.racunalniske-novice.com\/it\/apple-ha-consentito-la-riparazione-nel-proprio-laboratorio-anche-per-i-dispositivi-piu-recenti\/\"]}]},{\"@type\":\"BreadcrumbList\",\"@id\":\"https:\/\/viva.racunalniske-novice.com\/it\/apple-ha-consentito-la-riparazione-nel-proprio-laboratorio-anche-per-i-dispositivi-piu-recenti\/#breadcrumb\",\"itemListElement\":[{\"@type\":\"ListItem\",\"position\":1,\"name\":\"Home\",\"item\":\"https:\/\/viva.racunalniske-novice.com\/en\/\"},{\"@type\":\"ListItem\",\"position\":2,\"name\":\"Apple omogo\u010dil popravila v lastni re\u017eiji tudi za novej\u0161e naprave\"}]},{\"@type\":\"WebSite\",\"@id\":\"https:\/\/viva.racunalniske-novice.com\/en\/#website\",\"url\":\"https:\/\/viva.racunalniske-novice.com\/en\/\",\"name\":\"Ra\u010dunalni\u0161ke novice\",\"description\":\"\",\"potentialAction\":[{\"@type\":\"SearchAction\",\"target\":{\"@type\":\"EntryPoint\",\"urlTemplate\":\"https:\/\/viva.racunalniske-novice.com\/en\/?s={search_term_string}\"},\"query-input\":\"required name=search_term_string\"}],\"inLanguage\":\"de\"},{\"@type\":\"Person\",\"@id\":\"https:\/\/viva.racunalniske-novice.com\/en\/#\/schema\/person\/afb62e36efa34516d50249517e4cdbb4\",\"name\":\"sinusiks\",\"sameAs\":[\"https:\/\/ml.racunalniske-novice.com\"],\"url\":\"https:\/\/viva.racunalniske-novice.com\/de\/author\/sinusiks\/\"}]}<\/script>\n<!-- \/ Yoast SEO plugin. -->","yoast_head_json":{"title":"Apple omogo\u010dil popravila v lastni re\u017eiji tudi za novej\u0161e naprave - Ra\u010dunalni\u0161ke novice","description":"Kot vse ka\u017ee bo podjetje Apple nadaljevalo s politiko popravil v lastni re\u017eiji. Ta program je bil namre\u010d nedavno raz\u0161irjen tudi na najnovej\u0161e ra\u010dunalni\u0161ke sisteme ra\u010dunalni\u0161kega giganta, ki so opremlj","robots":{"index":"index","follow":"follow","max-snippet":"max-snippet:-1","max-image-preview":"max-image-preview:large","max-video-preview":"max-video-preview:-1"},"canonical":"https:\/\/viva.racunalniske-novice.com\/de\/wp-json\/wp\/v2\/posts\/2771","og_locale":"de_DE","og_type":"article","og_title":"Apple omogo\u010dil popravila v lastni re\u017eiji tudi za novej\u0161e naprave - Ra\u010dunalni\u0161ke novice","og_description":"Verjetno se \u0161e spomnite, da je Apple dalj \u010dasa po\u0161teno ote\u017eeval popravilo naprav v lastni re\u017eiji, medtem ko popravilo v licen\u010dnih servisih navadno ni bilo ravno poceni. Velike koli\u010dine lepila, nestandardni vijaki in zapletena notranja zgradba naprave so pogosto ote\u017eevale zamenjavo baterij, zaslonov ali drugih delov naprave. Poleg tega so se na zaslonu naprave uporabnikom [&hellip;]","og_url":"https:\/\/viva.racunalniske-novice.com\/de\/apple-ha-consentito-la-riparazione-nel-proprio-laboratorio-anche-per-i-dispositivi-piu-recenti\/","og_site_name":"Ra\u010dunalni\u0161ke novice","article_published_time":"2024-03-01T14:45:00+00:00","author":"sinusiks","twitter_card":"summary_large_image","twitter_misc":{"Verfasst von":"sinusiks","Gesch\u00e4tzte Lesezeit":"1\u00a0Minute"},"schema":{"@context":"https:\/\/schema.org","@graph":[{"@type":"WebPage","@id":"https:\/\/viva.racunalniske-novice.com\/it\/apple-ha-consentito-la-riparazione-nel-proprio-laboratorio-anche-per-i-dispositivi-piu-recenti\/","url":"https:\/\/viva.racunalniske-novice.com\/it\/apple-ha-consentito-la-riparazione-nel-proprio-laboratorio-anche-per-i-dispositivi-piu-recenti\/","name":"Apple omogo\u010dil popravila v lastni re\u017eiji tudi za novej\u0161e naprave - Ra\u010dunalni\u0161ke novice","isPartOf":{"@id":"https:\/\/viva.racunalniske-novice.com\/en\/#website"},"datePublished":"2024-03-01T14:45:00+00:00","dateModified":"2024-03-01T14:45:00+00:00","author":{"@id":"https:\/\/viva.racunalniske-novice.com\/en\/#\/schema\/person\/afb62e36efa34516d50249517e4cdbb4"},"breadcrumb":{"@id":"https:\/\/viva.racunalniske-novice.com\/it\/apple-ha-consentito-la-riparazione-nel-proprio-laboratorio-anche-per-i-dispositivi-piu-recenti\/#breadcrumb"},"inLanguage":"de","potentialAction":[{"@type":"ReadAction","target":["https:\/\/viva.racunalniske-novice.com\/it\/apple-ha-consentito-la-riparazione-nel-proprio-laboratorio-anche-per-i-dispositivi-piu-recenti\/"]}]},{"@type":"BreadcrumbList","@id":"https:\/\/viva.racunalniske-novice.com\/it\/apple-ha-consentito-la-riparazione-nel-proprio-laboratorio-anche-per-i-dispositivi-piu-recenti\/#breadcrumb","itemListElement":[{"@type":"ListItem","position":1,"name":"Home","item":"https:\/\/viva.racunalniske-novice.com\/en\/"},{"@type":"ListItem","position":2,"name":"Apple omogo\u010dil popravila v lastni re\u017eiji tudi za novej\u0161e naprave"}]},{"@type":"WebSite","@id":"https:\/\/viva.racunalniske-novice.com\/en\/#website","url":"https:\/\/viva.racunalniske-novice.com\/en\/","name":"Ra\u010dunalni\u0161ke novice","description":"","potentialAction":[{"@type":"SearchAction","target":{"@type":"EntryPoint","urlTemplate":"https:\/\/viva.racunalniske-novice.com\/en\/?s={search_term_string}"},"query-input":"required name=search_term_string"}],"inLanguage":"de"},{"@type":"Person","@id":"https:\/\/viva.racunalniske-novice.com\/en\/#\/schema\/person\/afb62e36efa34516d50249517e4cdbb4","name":"sinusiks","sameAs":["https:\/\/ml.racunalniske-novice.com"],"url":"https:\/\/viva.racunalniske-novice.com\/de\/author\/sinusiks\/"}]}},"_links":{"self":[{"href":"https:\/\/viva.racunalniske-novice.com\/de\/wp-json\/wp\/v2\/posts\/2771","targetHints":{"allow":["GET"]}}],"collection":[{"href":"https:\/\/viva.racunalniske-novice.com\/de\/wp-json\/wp\/v2\/posts"}],"about":[{"href":"https:\/\/viva.racunalniske-novice.com\/de\/wp-json\/wp\/v2\/types\/post"}],"author":[{"embeddable":true,"href":"https:\/\/viva.racunalniske-novice.com\/de\/wp-json\/wp\/v2\/users\/2"}],"replies":[{"embeddable":true,"href":"https:\/\/viva.racunalniske-novice.com\/de\/wp-json\/wp\/v2\/comments?post=2771"}],"version-history":[{"count":0,"href":"https:\/\/viva.racunalniske-novice.com\/de\/wp-json\/wp\/v2\/posts\/2771\/revisions"}],"wp:attachment":[{"href":"https:\/\/viva.racunalniske-novice.com\/de\/wp-json\/wp\/v2\/media?parent=2771"}],"wp:term":[{"taxonomy":"category","embeddable":true,"href":"https:\/\/viva.racunalniske-novice.com\/de\/wp-json\/wp\/v2\/categories?post=2771"},{"taxonomy":"post_tag","embeddable":true,"href":"https:\/\/viva.racunalniske-novice.com\/de\/wp-json\/wp\/v2\/tags?post=2771"}],"curies":[{"name":"wp","href":"https:\/\/api.w.org\/{rel}","templated":true}]}}