{"id":4632,"date":"2024-05-28T15:27:00","date_gmt":"2024-05-28T13:27:00","guid":{"rendered":"https:\/\/viva.racunalniske-novice.com\/asus-nuc-pro-majhen-a-mocan-kompaktnez\/"},"modified":"2024-05-28T15:27:00","modified_gmt":"2024-05-28T13:27:00","slug":"asus-nuc-pro-majhen-a-mocan-kompaktnez","status":"publish","type":"post","link":"https:\/\/viva.racunalniske-novice.com\/de\/asus-nuc-pro-klein-aber-leistungsstark-kompakt\/","title":{"rendered":"Asus NUC Pro+: Kleiner, aber leistungsstarker Kompakter"},"content":{"rendered":"<p>Asus stellte auf der CES 2024 seinen ersten ROG NUC-Computer vor. K\u00fcrzlich stellte das Unternehmen ein weiteres Modell der \u00e4u\u00dferst interessanten Familie kompakter Desktop-Computer vor. Dies ist das Asus NUC Pro+-Modell. Es wird sicherlich kein gro\u00dfer Erfolg werden, k\u00f6nnte aber f\u00fcr Enthusiasten interessant sein, die kleinere Computer bevorzugen.<\/p>\n\n\n\n<p>Trotz des stattlichen Aluminiumgeh\u00e4uses mit den Ma\u00dfen nur 12,7 x 10,2 Zentimeter sieht die Neuheit wie ein beeindruckender Kleincomputer aus. Die Neuheit ist in Verbindung mit dem extrem leistungsstarken Intel Core Ultra 9 185H Prozessor erh\u00e4ltlich. F\u00fcr weniger anspruchsvolle Benutzer stehen auch Core Ultra 7- und Core Ultra 5-Prozessoren zur Verf\u00fcgung.<\/p>\n\n\n\n<p>Die Spezifikationen des Ger\u00e4ts sind nicht allzu anspruchsvoll, sodass K\u00fchlung und Ger\u00e4uschentwicklung kein Problem darstellen sollten. Sie k\u00f6nnen bis zu 48 GB DDR5-5600 (SO-DIMM)-Speicher und zwei PCIe Gen 4 SSD-Laufwerke installieren und es bietet au\u00dferdem Unterst\u00fctzung f\u00fcr WiFi 6E, 2,5 GB LAN und Thunderbolt 4\/USB 4. Letzteres unterst\u00fctzt DP 2.1, Zusammen mit Dual DP 1.4a und einem HDMI-Eingang bedeutet das, dass das Asus NUC Pro+ bis zu vier hochaufl\u00f6sende Displays unterst\u00fctzt.<\/p>\n\n\n\n<p>Asus vermarktet derzeit nur die Asus NUC Pro+ Desktop-Version, die mit einem Intel Core Ultra 5 125H-Prozessor ausgestattet ist. Wie erwartet ist die Neuheit nicht billig. Die Einstiegsversion ohne Systemspeicher und Datenspeicher kostet 800 Euro.<\/p>\n<div class=\"embed-container\"><iframe src=\"https:\/\/www.youtube.com\/embed\/efFfbLoAqmc\" frameborder=\"0\" allowfullscreen><\/iframe><\/div><br\/>","protected":false},"excerpt":{"rendered":"<p>Asus stellte auf der CES 2024 seinen ersten ROG NUC-Computer vor. K\u00fcrzlich stellte das Unternehmen ein weiteres Modell der \u00e4u\u00dferst interessanten Familie kompakter Desktop-Computer vor. Dies ist das Asus NUC Pro+-Modell. Es wird sicherlich kein gro\u00dfer Erfolg werden, k\u00f6nnte aber f\u00fcr Enthusiasten interessant sein, die kleinere Computer bevorzugen. Unabh\u00e4ngig vom stattlichen Aluminiumgeh\u00e4use der Gr\u00f6\u00dfe [...]<\/p>","protected":false},"author":2,"featured_media":0,"comment_status":"","ping_status":"open","sticky":false,"template":"","format":"standard","meta":{"_acf_changed":false,"footnotes":""},"categories":[22],"tags":[212],"class_list":["post-4632","post","type-post","status-publish","format-standard","hentry","category-namizni-racunalniki","tag-asus-racunalniki"],"acf":{"subtitle":"Ne glede na li\u010dno aluminijasto ohi\u0161je velikosti zgolj 12,7 x 10,2 centimetrov je novi Asus NUC Pro+ videti kot impresiven majhen ra\u010dunalnik.","heading":"","summary":"Asus je svoj prvi ra\u010dunalnik ROG NUC predstavil na sejmu CES 2024. Nedavno pa je razkril \u0161e en model nadvse zanimive dru\u017eine kompaktnih namiznih ra\u010dunalnikov. ","thumbnail_small":"https:\/\/racunalniske-novice.com\/wp-content\/uploads\/2024\/05\/kv-3-560x315.jpg","thumbnail_large":"https:\/\/racunalniske-novice.com\/wp-content\/uploads\/2024\/05\/kv-3-1024x504.jpg","thumbnail_caption":"Foto: Asus","gallery":"","video_gallery":[{"youtube_url":"https:\/\/www.youtube.com\/watch?v=efFfbLoAqmc"}],"author":"","links":[{"title":"Asus","url":""}],"sources":null,"skip_language":[]},"yoast_head":"<!-- This site is optimized with the Yoast SEO plugin v22.8 - https:\/\/yoast.com\/wordpress\/plugins\/seo\/ -->\n<title>Asus NUC Pro+: Majhen, a mo\u010dan kompaktne\u017e - Ra\u010dunalni\u0161ke novice<\/title>\n<meta name=\"description\" content=\"Asus je svoj prvi ra\u010dunalnik ROG NUC predstavil na sejmu CES 2024. Nedavno pa je razkril \u0161e en model nadvse zanimive dru\u017eine kompaktnih namiznih ra\u010dunalnikov.\" \/>\n<meta name=\"robots\" content=\"index, follow, max-snippet:-1, max-image-preview:large, max-video-preview:-1\" \/>\n<link rel=\"canonical\" href=\"https:\/\/viva.racunalniske-novice.com\/de\/wp-json\/wp\/v2\/posts\/4632\" \/>\n<meta property=\"og:locale\" content=\"de_DE\" \/>\n<meta property=\"og:type\" content=\"article\" \/>\n<meta property=\"og:title\" content=\"Asus NUC Pro+: Majhen, a mo\u010dan kompaktne\u017e - Ra\u010dunalni\u0161ke novice\" \/>\n<meta property=\"og:description\" content=\"Asus je svoj prvi ra\u010dunalnik ROG NUC predstavil na sejmu CES 2024. Nedavno pa je razkril \u0161e en model nadvse zanimive dru\u017eine kompaktnih namiznih ra\u010dunalnikov. Tu gre za model Asus NUC Pro+. Zagotovo ne bo najve\u010dji prodajni hit, morda pa bo navdu\u0161il entuziaste, ki imajo raje manj\u0161e ra\u010dunalnike. Ne glede na li\u010dno aluminijasto ohi\u0161je velikosti [&hellip;]\" \/>\n<meta property=\"og:url\" content=\"https:\/\/viva.racunalniske-novice.com\/de\/asus-nuc-pro-klein-aber-leistungsstark-kompakt\/\" \/>\n<meta property=\"og:site_name\" content=\"Ra\u010dunalni\u0161ke novice\" \/>\n<meta property=\"article:published_time\" content=\"2024-05-28T13:27:00+00:00\" \/>\n<meta name=\"author\" content=\"sinusiks\" \/>\n<meta name=\"twitter:card\" content=\"summary_large_image\" \/>\n<meta name=\"twitter:label1\" content=\"Verfasst von\" \/>\n\t<meta name=\"twitter:data1\" content=\"sinusiks\" \/>\n\t<meta name=\"twitter:label2\" content=\"Gesch\u00e4tzte Lesezeit\" \/>\n\t<meta name=\"twitter:data2\" content=\"1\u00a0Minute\" \/>\n<script type=\"application\/ld+json\" class=\"yoast-schema-graph\">{\"@context\":\"https:\/\/schema.org\",\"@graph\":[{\"@type\":\"WebPage\",\"@id\":\"https:\/\/viva.racunalniske-novice.com\/asus-nuc-pro-majhen-a-mocan-kompaktnez\/\",\"url\":\"https:\/\/viva.racunalniske-novice.com\/asus-nuc-pro-majhen-a-mocan-kompaktnez\/\",\"name\":\"Asus NUC Pro+: Majhen, a mo\u010dan kompaktne\u017e - Ra\u010dunalni\u0161ke novice\",\"isPartOf\":{\"@id\":\"https:\/\/viva.racunalniske-novice.com\/en\/#website\"},\"datePublished\":\"2024-05-28T13:27:00+00:00\",\"dateModified\":\"2024-05-28T13:27:00+00:00\",\"author\":{\"@id\":\"https:\/\/viva.racunalniske-novice.com\/en\/#\/schema\/person\/afb62e36efa34516d50249517e4cdbb4\"},\"breadcrumb\":{\"@id\":\"https:\/\/viva.racunalniske-novice.com\/asus-nuc-pro-majhen-a-mocan-kompaktnez\/#breadcrumb\"},\"inLanguage\":\"de\",\"potentialAction\":[{\"@type\":\"ReadAction\",\"target\":[\"https:\/\/viva.racunalniske-novice.com\/asus-nuc-pro-majhen-a-mocan-kompaktnez\/\"]}]},{\"@type\":\"BreadcrumbList\",\"@id\":\"https:\/\/viva.racunalniske-novice.com\/asus-nuc-pro-majhen-a-mocan-kompaktnez\/#breadcrumb\",\"itemListElement\":[{\"@type\":\"ListItem\",\"position\":1,\"name\":\"Home\",\"item\":\"https:\/\/viva.racunalniske-novice.com\/en\/\"},{\"@type\":\"ListItem\",\"position\":2,\"name\":\"Asus NUC Pro+: Majhen, a mo\u010dan kompaktne\u017e\"}]},{\"@type\":\"WebSite\",\"@id\":\"https:\/\/viva.racunalniske-novice.com\/en\/#website\",\"url\":\"https:\/\/viva.racunalniske-novice.com\/en\/\",\"name\":\"Ra\u010dunalni\u0161ke novice\",\"description\":\"\",\"potentialAction\":[{\"@type\":\"SearchAction\",\"target\":{\"@type\":\"EntryPoint\",\"urlTemplate\":\"https:\/\/viva.racunalniske-novice.com\/en\/?s={search_term_string}\"},\"query-input\":\"required name=search_term_string\"}],\"inLanguage\":\"de\"},{\"@type\":\"Person\",\"@id\":\"https:\/\/viva.racunalniske-novice.com\/en\/#\/schema\/person\/afb62e36efa34516d50249517e4cdbb4\",\"name\":\"sinusiks\",\"sameAs\":[\"https:\/\/ml.racunalniske-novice.com\"],\"url\":\"https:\/\/viva.racunalniske-novice.com\/de\/author\/sinusiks\/\"}]}<\/script>\n<!-- \/ Yoast SEO plugin. -->","yoast_head_json":{"title":"Asus NUC Pro+: Majhen, a mo\u010dan kompaktne\u017e - Ra\u010dunalni\u0161ke novice","description":"Asus je svoj prvi ra\u010dunalnik ROG NUC predstavil na sejmu CES 2024. Nedavno pa je razkril \u0161e en model nadvse zanimive dru\u017eine kompaktnih namiznih ra\u010dunalnikov.","robots":{"index":"index","follow":"follow","max-snippet":"max-snippet:-1","max-image-preview":"max-image-preview:large","max-video-preview":"max-video-preview:-1"},"canonical":"https:\/\/viva.racunalniske-novice.com\/de\/wp-json\/wp\/v2\/posts\/4632","og_locale":"de_DE","og_type":"article","og_title":"Asus NUC Pro+: Majhen, a mo\u010dan kompaktne\u017e - Ra\u010dunalni\u0161ke novice","og_description":"Asus je svoj prvi ra\u010dunalnik ROG NUC predstavil na sejmu CES 2024. Nedavno pa je razkril \u0161e en model nadvse zanimive dru\u017eine kompaktnih namiznih ra\u010dunalnikov. Tu gre za model Asus NUC Pro+. Zagotovo ne bo najve\u010dji prodajni hit, morda pa bo navdu\u0161il entuziaste, ki imajo raje manj\u0161e ra\u010dunalnike. Ne glede na li\u010dno aluminijasto ohi\u0161je velikosti [&hellip;]","og_url":"https:\/\/viva.racunalniske-novice.com\/de\/asus-nuc-pro-klein-aber-leistungsstark-kompakt\/","og_site_name":"Ra\u010dunalni\u0161ke novice","article_published_time":"2024-05-28T13:27:00+00:00","author":"sinusiks","twitter_card":"summary_large_image","twitter_misc":{"Verfasst von":"sinusiks","Gesch\u00e4tzte Lesezeit":"1\u00a0Minute"},"schema":{"@context":"https:\/\/schema.org","@graph":[{"@type":"WebPage","@id":"https:\/\/viva.racunalniske-novice.com\/asus-nuc-pro-majhen-a-mocan-kompaktnez\/","url":"https:\/\/viva.racunalniske-novice.com\/asus-nuc-pro-majhen-a-mocan-kompaktnez\/","name":"Asus NUC Pro+: Majhen, a mo\u010dan kompaktne\u017e - Ra\u010dunalni\u0161ke novice","isPartOf":{"@id":"https:\/\/viva.racunalniske-novice.com\/en\/#website"},"datePublished":"2024-05-28T13:27:00+00:00","dateModified":"2024-05-28T13:27:00+00:00","author":{"@id":"https:\/\/viva.racunalniske-novice.com\/en\/#\/schema\/person\/afb62e36efa34516d50249517e4cdbb4"},"breadcrumb":{"@id":"https:\/\/viva.racunalniske-novice.com\/asus-nuc-pro-majhen-a-mocan-kompaktnez\/#breadcrumb"},"inLanguage":"de","potentialAction":[{"@type":"ReadAction","target":["https:\/\/viva.racunalniske-novice.com\/asus-nuc-pro-majhen-a-mocan-kompaktnez\/"]}]},{"@type":"BreadcrumbList","@id":"https:\/\/viva.racunalniske-novice.com\/asus-nuc-pro-majhen-a-mocan-kompaktnez\/#breadcrumb","itemListElement":[{"@type":"ListItem","position":1,"name":"Home","item":"https:\/\/viva.racunalniske-novice.com\/en\/"},{"@type":"ListItem","position":2,"name":"Asus NUC Pro+: Majhen, a mo\u010dan kompaktne\u017e"}]},{"@type":"WebSite","@id":"https:\/\/viva.racunalniske-novice.com\/en\/#website","url":"https:\/\/viva.racunalniske-novice.com\/en\/","name":"Ra\u010dunalni\u0161ke novice","description":"","potentialAction":[{"@type":"SearchAction","target":{"@type":"EntryPoint","urlTemplate":"https:\/\/viva.racunalniske-novice.com\/en\/?s={search_term_string}"},"query-input":"required name=search_term_string"}],"inLanguage":"de"},{"@type":"Person","@id":"https:\/\/viva.racunalniske-novice.com\/en\/#\/schema\/person\/afb62e36efa34516d50249517e4cdbb4","name":"sinusiks","sameAs":["https:\/\/ml.racunalniske-novice.com"],"url":"https:\/\/viva.racunalniske-novice.com\/de\/author\/sinusiks\/"}]}},"_links":{"self":[{"href":"https:\/\/viva.racunalniske-novice.com\/de\/wp-json\/wp\/v2\/posts\/4632","targetHints":{"allow":["GET"]}}],"collection":[{"href":"https:\/\/viva.racunalniske-novice.com\/de\/wp-json\/wp\/v2\/posts"}],"about":[{"href":"https:\/\/viva.racunalniske-novice.com\/de\/wp-json\/wp\/v2\/types\/post"}],"author":[{"embeddable":true,"href":"https:\/\/viva.racunalniske-novice.com\/de\/wp-json\/wp\/v2\/users\/2"}],"replies":[{"embeddable":true,"href":"https:\/\/viva.racunalniske-novice.com\/de\/wp-json\/wp\/v2\/comments?post=4632"}],"version-history":[{"count":0,"href":"https:\/\/viva.racunalniske-novice.com\/de\/wp-json\/wp\/v2\/posts\/4632\/revisions"}],"wp:attachment":[{"href":"https:\/\/viva.racunalniske-novice.com\/de\/wp-json\/wp\/v2\/media?parent=4632"}],"wp:term":[{"taxonomy":"category","embeddable":true,"href":"https:\/\/viva.racunalniske-novice.com\/de\/wp-json\/wp\/v2\/categories?post=4632"},{"taxonomy":"post_tag","embeddable":true,"href":"https:\/\/viva.racunalniske-novice.com\/de\/wp-json\/wp\/v2\/tags?post=4632"}],"curies":[{"name":"wp","href":"https:\/\/api.w.org\/{rel}","templated":true}]}}