{"id":4802,"date":"2024-06-18T13:00:00","date_gmt":"2024-06-18T11:00:00","guid":{"rendered":"https:\/\/viva.racunalniske-novice.com\/apple-in-meta-bi-lahko-bila-obtozena-zaradi-krsenja-tehnoloskih-pravil-v-eu\/"},"modified":"2024-06-18T13:00:00","modified_gmt":"2024-06-18T11:00:00","slug":"apple-in-meta-bi-lahko-bila-obtozena-zaradi-krsenja-tehnoloskih-pravil-v-eu","status":"publish","type":"post","link":"https:\/\/viva.racunalniske-novice.com\/de\/apple-und-meta-konnte-vorgeworfen-werden-gegen-technologieregeln-in-der-eu-verstosen-zu-haben\/","title":{"rendered":"Apple und Meta haben angeblich gegen digitale Regeln in der EU versto\u00dfen"},"content":{"rendered":"<p>Apple und Meta k\u00f6nnten bald von der Europ\u00e4ischen Kommission wegen Verst\u00f6\u00dfen gegen die Regeln des Digital Markets Act (DMA) angeklagt werden. Die Financial Times berichtete k\u00fcrzlich, dass die Europ\u00e4ische Kommission eine Anklage gegen Apple plant, und sp\u00e4ter wurde auch Meta auf die Liste der Angeklagten gesetzt.<\/p>\n\n\n\n<p>Es wird erwartet, dass die Kommission Apple wegen seiner \u201eEmpfehlungs\u201c-Regeln angreift, die Entwicklergeb\u00fchren f\u00fcr Empfehlungen zu Kaufm\u00f6glichkeiten Dritter erheben. W\u00e4hrend Meta Berichten zufolge in der EU wegen seines werbefreien Abonnements bei Facebook und Instagram verklagt wird.<\/p>\n\n\n\n<p>Laut Reuters wird die Kommission vorl\u00e4ufige Ergebnisse ver\u00f6ffentlichen, was bedeutet, dass Unternehmen \u00c4nderungen vornehmen und versuchen k\u00f6nnen, Probleme zu beheben, bevor die Kommission eine endg\u00fcltige Entscheidung trifft. Es wird erwartet, dass Apple als Erster auf der Anklagebank sitzt, und in den kommenden Wochen k\u00f6nnten formelle Anklagen bei dem Unternehmen eingehen. Bisher hat sich keiner der Beteiligten zu den Vorg\u00e4ngen ge\u00e4u\u00dfert.<\/p>\n\n\n\n<p>Die Anklage wurde erhoben, nachdem die Kommission im M\u00e4rz eine Untersuchung wegen Nichteinhaltung des DMA gegen Apple, Meta und Alphabet (Google) eingeleitet hatte.<\/p>","protected":false},"excerpt":{"rendered":"<p>Apple und Meta k\u00f6nnten bald von der Europ\u00e4ischen Kommission wegen Verst\u00f6\u00dfen gegen die Regeln des Digital Markets Act (DMA) angeklagt werden. Die Financial Times berichtete k\u00fcrzlich, dass die Europ\u00e4ische Kommission beabsichtigt, Apple zu verklagen, sp\u00e4ter wurde auch das Unternehmen Meta als Beklagter genannt. Die Kommission greift Apple angeblich wegen seiner \u201eTargeting\u201c-Regeln an, die [\u2026]<\/p>","protected":false},"author":2,"featured_media":0,"comment_status":"","ping_status":"open","sticky":false,"template":"","format":"standard","meta":{"_acf_changed":false,"footnotes":""},"categories":[4],"tags":[154,258],"class_list":["post-4802","post","type-post","status-publish","format-standard","hentry","category-racunalnistvo-telefonija","tag-apple","tag-meta"],"acf":{"subtitle":"","heading":"","summary":"","thumbnail_small":"https:\/\/racunalniske-novice.com\/wp-content\/uploads\/2024\/06\/laurenz-heymann-VkfhJLz5SMQ-unsplash-560x315.jpg","thumbnail_large":"https:\/\/racunalniske-novice.com\/wp-content\/uploads\/2024\/06\/laurenz-heymann-VkfhJLz5SMQ-unsplash-1024x683.jpg","thumbnail_caption":"","gallery":"","video_gallery":null,"author":"","links":null,"sources":null,"skip_language":[]},"yoast_head":"<!-- This site is optimized with the Yoast SEO plugin v22.8 - https:\/\/yoast.com\/wordpress\/plugins\/seo\/ -->\n<title>Apple in Meta naj bi kr\u0161ila digitalna pravila v EU - Ra\u010dunalni\u0161ke novice<\/title>\n<meta name=\"description\" content=\"Apple in Meta bi se lahko kmalu soo\u010dila z obto\u017ebami Evropske komisije zaradi kr\u0161enja pravil Zakona o digitalnih trgih (DMA). \u010casopis Financial Times je pred kratkim poro\u010dal, da namerava Evropska komi\" \/>\n<meta name=\"robots\" content=\"index, follow, max-snippet:-1, max-image-preview:large, max-video-preview:-1\" \/>\n<link rel=\"canonical\" href=\"https:\/\/viva.racunalniske-novice.com\/de\/wp-json\/wp\/v2\/posts\/4802\" \/>\n<meta property=\"og:locale\" content=\"de_DE\" \/>\n<meta property=\"og:type\" content=\"article\" \/>\n<meta property=\"og:title\" content=\"Apple in Meta naj bi kr\u0161ila digitalna pravila v EU - Ra\u010dunalni\u0161ke novice\" \/>\n<meta property=\"og:description\" content=\"Apple in Meta bi se lahko kmalu soo\u010dila z obto\u017ebami Evropske komisije zaradi kr\u0161enja pravil Zakona o digitalnih trgih (DMA). \u010casopis Financial Times je pred kratkim poro\u010dal, da namerava Evropska komisija obto\u017eiti Apple, kasneje pa se je na seznamu obto\u017eenih zna\u0161lo tudi podjetje Meta. Komisija naj bi Apple napadla zaradi njegovih pravil o \u00bbusmerjanju\u00ab, ki [&hellip;]\" \/>\n<meta property=\"og:url\" content=\"https:\/\/viva.racunalniske-novice.com\/de\/apple-und-meta-konnte-vorgeworfen-werden-gegen-technologieregeln-in-der-eu-verstosen-zu-haben\/\" \/>\n<meta property=\"og:site_name\" content=\"Ra\u010dunalni\u0161ke novice\" \/>\n<meta property=\"article:published_time\" content=\"2024-06-18T11:00:00+00:00\" \/>\n<meta name=\"author\" content=\"sinusiks\" \/>\n<meta name=\"twitter:card\" content=\"summary_large_image\" \/>\n<meta name=\"twitter:label1\" content=\"Verfasst von\" \/>\n\t<meta name=\"twitter:data1\" content=\"sinusiks\" \/>\n\t<meta name=\"twitter:label2\" content=\"Gesch\u00e4tzte Lesezeit\" \/>\n\t<meta name=\"twitter:data2\" content=\"1\u00a0Minute\" \/>\n<script type=\"application\/ld+json\" class=\"yoast-schema-graph\">{\"@context\":\"https:\/\/schema.org\",\"@graph\":[{\"@type\":\"WebPage\",\"@id\":\"https:\/\/viva.racunalniske-novice.com\/apple-in-meta-bi-lahko-bila-obtozena-zaradi-krsenja-tehnoloskih-pravil-v-eu\/\",\"url\":\"https:\/\/viva.racunalniske-novice.com\/apple-in-meta-bi-lahko-bila-obtozena-zaradi-krsenja-tehnoloskih-pravil-v-eu\/\",\"name\":\"Apple in Meta naj bi kr\u0161ila digitalna pravila v EU - Ra\u010dunalni\u0161ke novice\",\"isPartOf\":{\"@id\":\"https:\/\/viva.racunalniske-novice.com\/en\/#website\"},\"datePublished\":\"2024-06-18T11:00:00+00:00\",\"dateModified\":\"2024-06-18T11:00:00+00:00\",\"author\":{\"@id\":\"https:\/\/viva.racunalniske-novice.com\/en\/#\/schema\/person\/afb62e36efa34516d50249517e4cdbb4\"},\"breadcrumb\":{\"@id\":\"https:\/\/viva.racunalniske-novice.com\/apple-in-meta-bi-lahko-bila-obtozena-zaradi-krsenja-tehnoloskih-pravil-v-eu\/#breadcrumb\"},\"inLanguage\":\"de\",\"potentialAction\":[{\"@type\":\"ReadAction\",\"target\":[\"https:\/\/viva.racunalniske-novice.com\/apple-in-meta-bi-lahko-bila-obtozena-zaradi-krsenja-tehnoloskih-pravil-v-eu\/\"]}]},{\"@type\":\"BreadcrumbList\",\"@id\":\"https:\/\/viva.racunalniske-novice.com\/apple-in-meta-bi-lahko-bila-obtozena-zaradi-krsenja-tehnoloskih-pravil-v-eu\/#breadcrumb\",\"itemListElement\":[{\"@type\":\"ListItem\",\"position\":1,\"name\":\"Home\",\"item\":\"https:\/\/viva.racunalniske-novice.com\/en\/\"},{\"@type\":\"ListItem\",\"position\":2,\"name\":\"Apple in Meta naj bi kr\u0161ila digitalna pravila v EU\"}]},{\"@type\":\"WebSite\",\"@id\":\"https:\/\/viva.racunalniske-novice.com\/en\/#website\",\"url\":\"https:\/\/viva.racunalniske-novice.com\/en\/\",\"name\":\"Ra\u010dunalni\u0161ke novice\",\"description\":\"\",\"potentialAction\":[{\"@type\":\"SearchAction\",\"target\":{\"@type\":\"EntryPoint\",\"urlTemplate\":\"https:\/\/viva.racunalniske-novice.com\/en\/?s={search_term_string}\"},\"query-input\":\"required name=search_term_string\"}],\"inLanguage\":\"de\"},{\"@type\":\"Person\",\"@id\":\"https:\/\/viva.racunalniske-novice.com\/en\/#\/schema\/person\/afb62e36efa34516d50249517e4cdbb4\",\"name\":\"sinusiks\",\"sameAs\":[\"https:\/\/ml.racunalniske-novice.com\"],\"url\":\"https:\/\/viva.racunalniske-novice.com\/de\/author\/sinusiks\/\"}]}<\/script>\n<!-- \/ Yoast SEO plugin. -->","yoast_head_json":{"title":"Apple in Meta naj bi kr\u0161ila digitalna pravila v EU - Ra\u010dunalni\u0161ke novice","description":"Apple in Meta bi se lahko kmalu soo\u010dila z obto\u017ebami Evropske komisije zaradi kr\u0161enja pravil Zakona o digitalnih trgih (DMA). \u010casopis Financial Times je pred kratkim poro\u010dal, da namerava Evropska komi","robots":{"index":"index","follow":"follow","max-snippet":"max-snippet:-1","max-image-preview":"max-image-preview:large","max-video-preview":"max-video-preview:-1"},"canonical":"https:\/\/viva.racunalniske-novice.com\/de\/wp-json\/wp\/v2\/posts\/4802","og_locale":"de_DE","og_type":"article","og_title":"Apple in Meta naj bi kr\u0161ila digitalna pravila v EU - Ra\u010dunalni\u0161ke novice","og_description":"Apple in Meta bi se lahko kmalu soo\u010dila z obto\u017ebami Evropske komisije zaradi kr\u0161enja pravil Zakona o digitalnih trgih (DMA). \u010casopis Financial Times je pred kratkim poro\u010dal, da namerava Evropska komisija obto\u017eiti Apple, kasneje pa se je na seznamu obto\u017eenih zna\u0161lo tudi podjetje Meta. Komisija naj bi Apple napadla zaradi njegovih pravil o \u00bbusmerjanju\u00ab, ki [&hellip;]","og_url":"https:\/\/viva.racunalniske-novice.com\/de\/apple-und-meta-konnte-vorgeworfen-werden-gegen-technologieregeln-in-der-eu-verstosen-zu-haben\/","og_site_name":"Ra\u010dunalni\u0161ke novice","article_published_time":"2024-06-18T11:00:00+00:00","author":"sinusiks","twitter_card":"summary_large_image","twitter_misc":{"Verfasst von":"sinusiks","Gesch\u00e4tzte Lesezeit":"1\u00a0Minute"},"schema":{"@context":"https:\/\/schema.org","@graph":[{"@type":"WebPage","@id":"https:\/\/viva.racunalniske-novice.com\/apple-in-meta-bi-lahko-bila-obtozena-zaradi-krsenja-tehnoloskih-pravil-v-eu\/","url":"https:\/\/viva.racunalniske-novice.com\/apple-in-meta-bi-lahko-bila-obtozena-zaradi-krsenja-tehnoloskih-pravil-v-eu\/","name":"Apple in Meta naj bi kr\u0161ila digitalna pravila v EU - Ra\u010dunalni\u0161ke novice","isPartOf":{"@id":"https:\/\/viva.racunalniske-novice.com\/en\/#website"},"datePublished":"2024-06-18T11:00:00+00:00","dateModified":"2024-06-18T11:00:00+00:00","author":{"@id":"https:\/\/viva.racunalniske-novice.com\/en\/#\/schema\/person\/afb62e36efa34516d50249517e4cdbb4"},"breadcrumb":{"@id":"https:\/\/viva.racunalniske-novice.com\/apple-in-meta-bi-lahko-bila-obtozena-zaradi-krsenja-tehnoloskih-pravil-v-eu\/#breadcrumb"},"inLanguage":"de","potentialAction":[{"@type":"ReadAction","target":["https:\/\/viva.racunalniske-novice.com\/apple-in-meta-bi-lahko-bila-obtozena-zaradi-krsenja-tehnoloskih-pravil-v-eu\/"]}]},{"@type":"BreadcrumbList","@id":"https:\/\/viva.racunalniske-novice.com\/apple-in-meta-bi-lahko-bila-obtozena-zaradi-krsenja-tehnoloskih-pravil-v-eu\/#breadcrumb","itemListElement":[{"@type":"ListItem","position":1,"name":"Home","item":"https:\/\/viva.racunalniske-novice.com\/en\/"},{"@type":"ListItem","position":2,"name":"Apple in Meta naj bi kr\u0161ila digitalna pravila v EU"}]},{"@type":"WebSite","@id":"https:\/\/viva.racunalniske-novice.com\/en\/#website","url":"https:\/\/viva.racunalniske-novice.com\/en\/","name":"Ra\u010dunalni\u0161ke novice","description":"","potentialAction":[{"@type":"SearchAction","target":{"@type":"EntryPoint","urlTemplate":"https:\/\/viva.racunalniske-novice.com\/en\/?s={search_term_string}"},"query-input":"required name=search_term_string"}],"inLanguage":"de"},{"@type":"Person","@id":"https:\/\/viva.racunalniske-novice.com\/en\/#\/schema\/person\/afb62e36efa34516d50249517e4cdbb4","name":"sinusiks","sameAs":["https:\/\/ml.racunalniske-novice.com"],"url":"https:\/\/viva.racunalniske-novice.com\/de\/author\/sinusiks\/"}]}},"_links":{"self":[{"href":"https:\/\/viva.racunalniske-novice.com\/de\/wp-json\/wp\/v2\/posts\/4802","targetHints":{"allow":["GET"]}}],"collection":[{"href":"https:\/\/viva.racunalniske-novice.com\/de\/wp-json\/wp\/v2\/posts"}],"about":[{"href":"https:\/\/viva.racunalniske-novice.com\/de\/wp-json\/wp\/v2\/types\/post"}],"author":[{"embeddable":true,"href":"https:\/\/viva.racunalniske-novice.com\/de\/wp-json\/wp\/v2\/users\/2"}],"replies":[{"embeddable":true,"href":"https:\/\/viva.racunalniske-novice.com\/de\/wp-json\/wp\/v2\/comments?post=4802"}],"version-history":[{"count":0,"href":"https:\/\/viva.racunalniske-novice.com\/de\/wp-json\/wp\/v2\/posts\/4802\/revisions"}],"wp:attachment":[{"href":"https:\/\/viva.racunalniske-novice.com\/de\/wp-json\/wp\/v2\/media?parent=4802"}],"wp:term":[{"taxonomy":"category","embeddable":true,"href":"https:\/\/viva.racunalniske-novice.com\/de\/wp-json\/wp\/v2\/categories?post=4802"},{"taxonomy":"post_tag","embeddable":true,"href":"https:\/\/viva.racunalniske-novice.com\/de\/wp-json\/wp\/v2\/tags?post=4802"}],"curies":[{"name":"wp","href":"https:\/\/api.w.org\/{rel}","templated":true}]}}