{"id":4884,"date":"2024-07-03T07:00:00","date_gmt":"2024-07-03T05:00:00","guid":{"rendered":"https:\/\/viva.racunalniske-novice.com\/slusalke-airpods-z-ir-kamerami\/"},"modified":"2024-07-03T07:00:00","modified_gmt":"2024-07-03T05:00:00","slug":"slusalke-airpods-z-ir-kamerami","status":"publish","type":"post","link":"https:\/\/viva.racunalniske-novice.com\/de\/airpods-mit-ir-kameras\/","title":{"rendered":"AirPods mit IR-Kameras?"},"content":{"rendered":"<p>Ger\u00fcchten zufolge plant Apple, der AirPods-Serie ein neues Modell hinzuzuf\u00fcgen, n\u00e4mlich AirPods mit integrierten Infrarotkameras, die mit Vision Pro VR\/AR\/XR-Brillen gekoppelt werden k\u00f6nnen, um ein Surround-Sound-Erlebnis zu schaffen, das sich je nach Kopfbewegung ver\u00e4ndert.<\/p>\n\n\n\n<p>Die Information wurde vom Apple-Analysten Ming-Chi Kuo enth\u00fcllt, der in der Vergangenheit mit seinen Vorhersagen bereits mehrfach Recht hatte. Allerdings werden AirPods mit IR-Kameras so schnell nicht verf\u00fcgbar sein, da die Massenproduktion voraussichtlich erst 2026 beginnen wird.<\/p>\n\n\n\n<p>Auch Bloomberg berichtete, dass Apple mit solchen Kopfh\u00f6rern lieb\u00e4ugelt. Dies sind mittlerweile zwei verl\u00e4ssliche Quellen, aber nat\u00fcrlich k\u00f6nnte Apple beschlie\u00dfen, die Idee zu verwerfen.<\/p>\n\n\n\n<p>Laut Kuo wird das Kamerasystem der AirPods der f\u00fcr Face ID im iPhone verwendeten Technologie \u00e4hneln. Mit ihnen wird es m\u00f6glich sein, zu erkennen, wenn jemand den Kopf dreht, sodass bestimmte Ger\u00e4usche entsprechend verst\u00e4rkt oder abgeschw\u00e4cht werden k\u00f6nnen. Wenn Sie sich in einer virtuellen 3D-Umgebung befinden, kann eine solche Klangkulisse sehr wirkungsvoll sein.<\/p>\n\n\n\n<p>Eine weitere Sache, die die Kameras erkennen k\u00f6nnten, seien Handgesten, sagt Kuo. Gesten k\u00f6nnen bereits f\u00fcr Aktionen auf dem Vision Pro-Ger\u00e4t verwendet werden, aber kein Benutzer h\u00e4tte Einw\u00e4nde, wenn die Verwendung von Gesten verbessert werden k\u00f6nnte.<\/p>\n\n\n\n<p>Das neue Headset k\u00f6nnte auf derselben Veranstaltung wie eine g\u00fcnstigere Version der Vision Pro-Brille vorgestellt werden, die Ger\u00fcchten zufolge ebenfalls bis 2026 fertig sein soll.<\/p>","protected":false},"excerpt":{"rendered":"<p>Ger\u00fcchten zufolge plant Apple, der AirPods-Serie ein neues Modell hinzuzuf\u00fcgen, n\u00e4mlich AirPods mit integrierten Infrarotkameras, die mit Vision Pro VR\/AR\/XR-Brillen gekoppelt werden k\u00f6nnen, um ein Surround-Sound-Erlebnis zu schaffen, das sich je nach Kopfbewegung ver\u00e4ndert. Die Informationen wurden vom Apple-Analysten Ming-Chi Kuo enth\u00fcllt, der in der Vergangenheit bereits [\u2026]<\/p>","protected":false},"author":2,"featured_media":0,"comment_status":"","ping_status":"open","sticky":false,"template":"","format":"standard","meta":{"_acf_changed":false,"footnotes":""},"categories":[4,56],"tags":[154],"class_list":["post-4884","post","type-post","status-publish","format-standard","hentry","category-racunalnistvo-telefonija","category-slusalke","tag-apple"],"acf":{"subtitle":"","heading":"","summary":"Govori se, da Apple na\u010drtuje, da bo seriji AirPods dodal nov model.","thumbnail_small":"https:\/\/racunalniske-novice.com\/wp-content\/uploads\/2024\/07\/omid-armin-gSZCLsE7ysc-unsplash-560x315.jpg","thumbnail_large":"https:\/\/racunalniske-novice.com\/wp-content\/uploads\/2024\/07\/omid-armin-gSZCLsE7ysc-unsplash-1024x683.jpg","thumbnail_caption":"","gallery":"","video_gallery":null,"author":"","links":null,"sources":null,"skip_language":[]},"yoast_head":"<!-- This site is optimized with the Yoast SEO plugin v22.8 - https:\/\/yoast.com\/wordpress\/plugins\/seo\/ -->\n<title>Slu\u0161alke AirPods z IR kamerami? - Ra\u010dunalni\u0161ke novice<\/title>\n<meta name=\"description\" content=\"Govori se, da Apple na\u010drtuje, da bo seriji AirPods dodal nov model.\" \/>\n<meta name=\"robots\" content=\"index, follow, max-snippet:-1, max-image-preview:large, max-video-preview:-1\" \/>\n<link rel=\"canonical\" href=\"https:\/\/viva.racunalniske-novice.com\/de\/wp-json\/wp\/v2\/posts\/4884\" \/>\n<meta property=\"og:locale\" content=\"de_DE\" \/>\n<meta property=\"og:type\" content=\"article\" \/>\n<meta property=\"og:title\" content=\"Slu\u0161alke AirPods z IR kamerami? - Ra\u010dunalni\u0161ke novice\" \/>\n<meta property=\"og:description\" content=\"Govori se, da Apple na\u010drtuje, da bo seriji AirPods dodal nov model, in sicer slu\u0161alke AirPods z vgrajenimi infrarde\u010dimi kamerami, ki jih je mogo\u010de povezati z VR\/AR\/XR o\u010dali Vision Pro in ustvariti prostorsko zvo\u010dno izku\u0161njo, ki se spreminja glede na premikanje glave. Podatek je razkril Applov analitik Ming-Chi Kuo, ki je bil v preteklosti \u017ee [&hellip;]\" \/>\n<meta property=\"og:url\" content=\"https:\/\/viva.racunalniske-novice.com\/de\/airpods-mit-ir-kameras\/\" \/>\n<meta property=\"og:site_name\" content=\"Ra\u010dunalni\u0161ke novice\" \/>\n<meta property=\"article:published_time\" content=\"2024-07-03T05:00:00+00:00\" \/>\n<meta name=\"author\" content=\"sinusiks\" \/>\n<meta name=\"twitter:card\" content=\"summary_large_image\" \/>\n<meta name=\"twitter:label1\" content=\"Verfasst von\" \/>\n\t<meta name=\"twitter:data1\" content=\"sinusiks\" \/>\n\t<meta name=\"twitter:label2\" content=\"Gesch\u00e4tzte Lesezeit\" \/>\n\t<meta name=\"twitter:data2\" content=\"1\u00a0Minute\" \/>\n<script type=\"application\/ld+json\" class=\"yoast-schema-graph\">{\"@context\":\"https:\/\/schema.org\",\"@graph\":[{\"@type\":\"WebPage\",\"@id\":\"https:\/\/viva.racunalniske-novice.com\/slusalke-airpods-z-ir-kamerami\/\",\"url\":\"https:\/\/viva.racunalniske-novice.com\/slusalke-airpods-z-ir-kamerami\/\",\"name\":\"Slu\u0161alke AirPods z IR kamerami? - Ra\u010dunalni\u0161ke novice\",\"isPartOf\":{\"@id\":\"https:\/\/viva.racunalniske-novice.com\/en\/#website\"},\"datePublished\":\"2024-07-03T05:00:00+00:00\",\"dateModified\":\"2024-07-03T05:00:00+00:00\",\"author\":{\"@id\":\"https:\/\/viva.racunalniske-novice.com\/en\/#\/schema\/person\/afb62e36efa34516d50249517e4cdbb4\"},\"breadcrumb\":{\"@id\":\"https:\/\/viva.racunalniske-novice.com\/slusalke-airpods-z-ir-kamerami\/#breadcrumb\"},\"inLanguage\":\"de\",\"potentialAction\":[{\"@type\":\"ReadAction\",\"target\":[\"https:\/\/viva.racunalniske-novice.com\/slusalke-airpods-z-ir-kamerami\/\"]}]},{\"@type\":\"BreadcrumbList\",\"@id\":\"https:\/\/viva.racunalniske-novice.com\/slusalke-airpods-z-ir-kamerami\/#breadcrumb\",\"itemListElement\":[{\"@type\":\"ListItem\",\"position\":1,\"name\":\"Home\",\"item\":\"https:\/\/viva.racunalniske-novice.com\/en\/\"},{\"@type\":\"ListItem\",\"position\":2,\"name\":\"Slu\u0161alke AirPods z IR kamerami?\"}]},{\"@type\":\"WebSite\",\"@id\":\"https:\/\/viva.racunalniske-novice.com\/en\/#website\",\"url\":\"https:\/\/viva.racunalniske-novice.com\/en\/\",\"name\":\"Ra\u010dunalni\u0161ke novice\",\"description\":\"\",\"potentialAction\":[{\"@type\":\"SearchAction\",\"target\":{\"@type\":\"EntryPoint\",\"urlTemplate\":\"https:\/\/viva.racunalniske-novice.com\/en\/?s={search_term_string}\"},\"query-input\":\"required name=search_term_string\"}],\"inLanguage\":\"de\"},{\"@type\":\"Person\",\"@id\":\"https:\/\/viva.racunalniske-novice.com\/en\/#\/schema\/person\/afb62e36efa34516d50249517e4cdbb4\",\"name\":\"sinusiks\",\"sameAs\":[\"https:\/\/ml.racunalniske-novice.com\"],\"url\":\"https:\/\/viva.racunalniske-novice.com\/de\/author\/sinusiks\/\"}]}<\/script>\n<!-- \/ Yoast SEO plugin. -->","yoast_head_json":{"title":"Slu\u0161alke AirPods z IR kamerami? - Ra\u010dunalni\u0161ke novice","description":"Govori se, da Apple na\u010drtuje, da bo seriji AirPods dodal nov model.","robots":{"index":"index","follow":"follow","max-snippet":"max-snippet:-1","max-image-preview":"max-image-preview:large","max-video-preview":"max-video-preview:-1"},"canonical":"https:\/\/viva.racunalniske-novice.com\/de\/wp-json\/wp\/v2\/posts\/4884","og_locale":"de_DE","og_type":"article","og_title":"Slu\u0161alke AirPods z IR kamerami? - Ra\u010dunalni\u0161ke novice","og_description":"Govori se, da Apple na\u010drtuje, da bo seriji AirPods dodal nov model, in sicer slu\u0161alke AirPods z vgrajenimi infrarde\u010dimi kamerami, ki jih je mogo\u010de povezati z VR\/AR\/XR o\u010dali Vision Pro in ustvariti prostorsko zvo\u010dno izku\u0161njo, ki se spreminja glede na premikanje glave. Podatek je razkril Applov analitik Ming-Chi Kuo, ki je bil v preteklosti \u017ee [&hellip;]","og_url":"https:\/\/viva.racunalniske-novice.com\/de\/airpods-mit-ir-kameras\/","og_site_name":"Ra\u010dunalni\u0161ke novice","article_published_time":"2024-07-03T05:00:00+00:00","author":"sinusiks","twitter_card":"summary_large_image","twitter_misc":{"Verfasst von":"sinusiks","Gesch\u00e4tzte Lesezeit":"1\u00a0Minute"},"schema":{"@context":"https:\/\/schema.org","@graph":[{"@type":"WebPage","@id":"https:\/\/viva.racunalniske-novice.com\/slusalke-airpods-z-ir-kamerami\/","url":"https:\/\/viva.racunalniske-novice.com\/slusalke-airpods-z-ir-kamerami\/","name":"Slu\u0161alke AirPods z IR kamerami? - Ra\u010dunalni\u0161ke novice","isPartOf":{"@id":"https:\/\/viva.racunalniske-novice.com\/en\/#website"},"datePublished":"2024-07-03T05:00:00+00:00","dateModified":"2024-07-03T05:00:00+00:00","author":{"@id":"https:\/\/viva.racunalniske-novice.com\/en\/#\/schema\/person\/afb62e36efa34516d50249517e4cdbb4"},"breadcrumb":{"@id":"https:\/\/viva.racunalniske-novice.com\/slusalke-airpods-z-ir-kamerami\/#breadcrumb"},"inLanguage":"de","potentialAction":[{"@type":"ReadAction","target":["https:\/\/viva.racunalniske-novice.com\/slusalke-airpods-z-ir-kamerami\/"]}]},{"@type":"BreadcrumbList","@id":"https:\/\/viva.racunalniske-novice.com\/slusalke-airpods-z-ir-kamerami\/#breadcrumb","itemListElement":[{"@type":"ListItem","position":1,"name":"Home","item":"https:\/\/viva.racunalniske-novice.com\/en\/"},{"@type":"ListItem","position":2,"name":"Slu\u0161alke AirPods z IR kamerami?"}]},{"@type":"WebSite","@id":"https:\/\/viva.racunalniske-novice.com\/en\/#website","url":"https:\/\/viva.racunalniske-novice.com\/en\/","name":"Ra\u010dunalni\u0161ke novice","description":"","potentialAction":[{"@type":"SearchAction","target":{"@type":"EntryPoint","urlTemplate":"https:\/\/viva.racunalniske-novice.com\/en\/?s={search_term_string}"},"query-input":"required name=search_term_string"}],"inLanguage":"de"},{"@type":"Person","@id":"https:\/\/viva.racunalniske-novice.com\/en\/#\/schema\/person\/afb62e36efa34516d50249517e4cdbb4","name":"sinusiks","sameAs":["https:\/\/ml.racunalniske-novice.com"],"url":"https:\/\/viva.racunalniske-novice.com\/de\/author\/sinusiks\/"}]}},"_links":{"self":[{"href":"https:\/\/viva.racunalniske-novice.com\/de\/wp-json\/wp\/v2\/posts\/4884","targetHints":{"allow":["GET"]}}],"collection":[{"href":"https:\/\/viva.racunalniske-novice.com\/de\/wp-json\/wp\/v2\/posts"}],"about":[{"href":"https:\/\/viva.racunalniske-novice.com\/de\/wp-json\/wp\/v2\/types\/post"}],"author":[{"embeddable":true,"href":"https:\/\/viva.racunalniske-novice.com\/de\/wp-json\/wp\/v2\/users\/2"}],"replies":[{"embeddable":true,"href":"https:\/\/viva.racunalniske-novice.com\/de\/wp-json\/wp\/v2\/comments?post=4884"}],"version-history":[{"count":0,"href":"https:\/\/viva.racunalniske-novice.com\/de\/wp-json\/wp\/v2\/posts\/4884\/revisions"}],"wp:attachment":[{"href":"https:\/\/viva.racunalniske-novice.com\/de\/wp-json\/wp\/v2\/media?parent=4884"}],"wp:term":[{"taxonomy":"category","embeddable":true,"href":"https:\/\/viva.racunalniske-novice.com\/de\/wp-json\/wp\/v2\/categories?post=4884"},{"taxonomy":"post_tag","embeddable":true,"href":"https:\/\/viva.racunalniske-novice.com\/de\/wp-json\/wp\/v2\/tags?post=4884"}],"curies":[{"name":"wp","href":"https:\/\/api.w.org\/{rel}","templated":true}]}}