{"id":5664,"date":"2024-11-28T09:09:16","date_gmt":"2024-11-28T08:09:16","guid":{"rendered":"https:\/\/viva.racunalniske-novice.com\/prodaja-pametnih-telefonov-letos-dozivela-preporod-kar-pa-ne-velja-za-iphone\/"},"modified":"2024-11-28T09:09:16","modified_gmt":"2024-11-28T08:09:16","slug":"prodaja-pametnih-telefonov-letos-dozivela-preporod-kar-pa-ne-velja-za-iphone","status":"publish","type":"post","link":"https:\/\/viva.racunalniske-novice.com\/de\/smartphone-verkaufe-erlebten-in-diesem-jahr-eine-renaissance-was-beim-iphone-nicht-der-fall-ist\/","title":{"rendered":"Die Smartphone-Verk\u00e4ufe haben in diesem Jahr wieder zugenommen, nicht jedoch das iPhone"},"content":{"rendered":"<p>Nach zwei Jahren r\u00fcckl\u00e4ufiger Ums\u00e4tze sind die Prognosen f\u00fcr dieses Jahr etwas optimistischer. <a href=\"https:\/\/www.idc.com\/getdoc.jsp?containerId=prUS52757624\" target=\"_blank\" rel=\"noreferrer noopener\">International Data Corporation (IDC)<\/a> Allerdings weist das Unternehmen in seinen Prognosen deutlich darauf hin, dass dieses prognostizierte Wachstum nicht auf Apple zutrifft. F\u00fcr das Unternehmen wird in diesem Jahr nur mit geringf\u00fcgigen Zuw\u00e4chsen im Vergleich zum Vorjahr gerechnet.<\/p>\n\n\n\n<p>IDC verfolgt die Smartphone-Verk\u00e4ufe von Anfang an und prognostiziert f\u00fcr 2024 ein Umsatzwachstum von 6,2 %, was einer Ger\u00e4teanzahl von 1,24 Milliarden Telefonen entspricht. Im Gegensatz zum Gesamtmarkt wird erwartet, dass Apple in diesem Jahr im Vergleich zum Vorjahr nur 0,4 % h\u00f6here iPhone-Verk\u00e4ufe verzeichnen wird.<\/p>\n\n\n\n<p>Interessanterweise bleibt Apple trotz der schlechteren Zahlen beim Umsatzgewinn auf Platz eins. Der durchschnittliche Verkaufspreis eines iPhones liegt bei knapp \u00fcber 1.000 Euro, w\u00e4hrend der durchschnittliche Preis von Android-Handys bei knapp 280 Euro liegt.<\/p>\n\n\n\n<p>Wenn Sie denken, dass KI dieses Wachstum irgendwie vorantreibt, liegen Sie falsch. Die beiden Hauptmerkmale, die laut IDC f\u00fcr die besseren Zahlen verantwortlich sind, sind der Anstieg der Verk\u00e4ufe von Low-End-Telefonen in Entwicklungsm\u00e4rkten und das nach wie vor w\u00e4hrend der Pandemie bestehende Nachfrageniveau. K\u00fcnstliche Intelligenz ist zwar ein sehr wichtiges Thema f\u00fcr Unternehmen wie Apple, Samsung und Google, muss die Kunden aber noch \u00fcberzeugen.<\/p>\n\n\n\n<figure class=\"wp-block-image\"><img decoding=\"async\" src=\"https:\/\/www.digitaltrends.com\/wp-content\/uploads\/2024\/11\/IDC-worldwide-smartphone0-forecast.jpg?fit=720%2C625&amp;p=1\" alt=\"IDC-Smartphone-Verk\u00e4ufe.\"\/><\/figure>\n\n\n\n<p>F\u00fcr die n\u00e4chsten Jahre prognostiziert IDC, wie wir in der Grafik oben sehen k\u00f6nnen, ein minimales Wachstum. Haupts\u00e4chlich aufgrund der Tatsache, dass wir Ger\u00e4te nicht mehr so oft wechseln und sie l\u00e4nger haben, und aufgrund des zunehmend ges\u00e4ttigten Marktes in entwickelten L\u00e4ndern. Dar\u00fcber hinaus gibt es einen starken Zweitmarkt f\u00fcr Gebrauchtger\u00e4te, der den K\u00e4ufern erschwingliche Alternativen bietet. Aller Wahrscheinlichkeit nach wird das zuk\u00fcnftige Wachstum von den L\u00e4ndern bzw. L\u00e4ndern abh\u00e4ngen aufstrebende M\u00e4rkte und technologische Innovationen wie faltbare Telefone und 5G-Konnektivit\u00e4t.<\/p>\n\n\n\n<p>Es wird interessant sein zu sehen, wie sich die Verk\u00e4ufe von Apples iPhones entwickeln, nachdem Apple Intelligence nach und nach in neuere Modelle integriert wird. Im Juni hat Apple Apple Intelligence zum ersten Mal offiziell eingef\u00fchrt und f\u00fcgt es schrittweise zu Ger\u00e4ten hinzu. Die ersten Einblicke in die k\u00fcnstliche Intelligenz von Apple gab es mit der Ver\u00f6ffentlichung von iOS 18.1, und mit der Ver\u00f6ffentlichung von iOS 18.2 sollen bis Ende des Jahres zus\u00e4tzliche Funktionen verf\u00fcgbar sein. Nat\u00fcrlich werden im n\u00e4chsten Jahr neue Versionen folgen. <\/p>\n\n\n\n<p>Apple Intelligence ist derzeit auf das iPhone 15 Pro 2023 und die gesamte iPhone 16-Serie beschr\u00e4nkt, also auf die Modelle iPhone 16, iPhone 16 Plus, iPhone 16 Pro und iPhone 16 Pro Max. Apple hofft, durch die Einschr\u00e4nkung der Nutzung von Apple Intelligence Benutzer \u00e4lterer Modelle zum Kauf neuerer Modelle zu ermutigen. <\/p>","protected":false},"excerpt":{"rendered":"<p>Po dveh letih padanja prodaje so napovedi za leto\u0161nje leto nekoliko bolj optimisti\u010dne. International Data Corporation (IDC) pa v svojih napovedih jasno ka\u017ee, da ta napovedana rast ne velja za Apple, ki naj bi letos zabele\u017eil le manj\u0161a &#8220;year-over-year&#8221; pove\u010danja. IDC spremlja prodajo pametnih telefonov od vsega za\u010detka in za leto 2024 napoveduje 6,2-odstotno rast [&hellip;]<\/p>","protected":false},"author":2,"featured_media":0,"comment_status":"","ping_status":"open","sticky":false,"template":"","format":"standard","meta":{"_acf_changed":false,"footnotes":""},"categories":[52,50],"tags":[154,648,122],"class_list":["post-5664","post","type-post","status-publish","format-standard","hentry","category-telefoni","category-telefonija","tag-apple","tag-iphone-14-pro","tag-samsung"],"acf":{"subtitle":"Prodaja na svetovnem trgu pametnih telefonov bo letos precej bolj\u0161a kot zadnjih nekaj let.","heading":"","summary":"Prodaja na svetovnem trgu pametnih telefonov bo letos precej bolj\u0161a v primerjavi z zadnjimi nekaj leti.","thumbnail_small":"https:\/\/racunalniske-novice.com\/wp-content\/uploads\/2024\/11\/daniel-romero-s9WbUnvU53s-unsplash-560x315.jpg","thumbnail_large":"https:\/\/racunalniske-novice.com\/wp-content\/uploads\/2024\/11\/daniel-romero-s9WbUnvU53s-unsplash-1024x574.jpg","thumbnail_caption":"","gallery":"","video_gallery":null,"author":"","links":null,"sources":[{"title":"Digital Trends","url":"https:\/\/www.digitaltrends.com\/mobile\/2024-was-a-huge-rebound-for-smartphone-sales-but-not-for-the-iphone\/"},{"title":"Unsplash","url":"https:\/\/unsplash.com\/photos\/person-holding-iphone-s9WbUnvU53s"}],"skip_language":[]},"yoast_head":"<!-- This site is optimized with the Yoast SEO plugin v22.8 - https:\/\/yoast.com\/wordpress\/plugins\/seo\/ -->\n<title>Prodaja pametnih telefonov letos do\u017eivela preporod, kar pa ne velja za iPhone - Ra\u010dunalni\u0161ke novice<\/title>\n<meta name=\"description\" content=\"Prodaja na svetovnem trgu pametnih telefonov bo letos precej bolj\u0161a v primerjavi z zadnjimi nekaj leti.\" \/>\n<meta name=\"robots\" content=\"index, follow, max-snippet:-1, max-image-preview:large, max-video-preview:-1\" \/>\n<link rel=\"canonical\" href=\"https:\/\/viva.racunalniske-novice.com\/de\/wp-json\/wp\/v2\/posts\/5664\" \/>\n<meta property=\"og:locale\" content=\"de_DE\" \/>\n<meta property=\"og:type\" content=\"article\" \/>\n<meta property=\"og:title\" content=\"Prodaja pametnih telefonov letos do\u017eivela preporod, kar pa ne velja za iPhone - Ra\u010dunalni\u0161ke novice\" \/>\n<meta property=\"og:description\" content=\"Po dveh letih padanja prodaje so napovedi za leto\u0161nje leto nekoliko bolj optimisti\u010dne. International Data Corporation (IDC) pa v svojih napovedih jasno ka\u017ee, da ta napovedana rast ne velja za Apple, ki naj bi letos zabele\u017eil le manj\u0161a &#8220;year-over-year&#8221; pove\u010danja. IDC spremlja prodajo pametnih telefonov od vsega za\u010detka in za leto 2024 napoveduje 6,2-odstotno rast [&hellip;]\" \/>\n<meta property=\"og:url\" content=\"https:\/\/viva.racunalniske-novice.com\/de\/smartphone-verkaufe-erlebten-in-diesem-jahr-eine-renaissance-was-beim-iphone-nicht-der-fall-ist\/\" \/>\n<meta property=\"og:site_name\" content=\"Ra\u010dunalni\u0161ke novice\" \/>\n<meta property=\"article:published_time\" content=\"2024-11-28T08:09:16+00:00\" \/>\n<meta property=\"og:image\" content=\"https:\/\/www.digitaltrends.com\/wp-content\/uploads\/2024\/11\/IDC-worldwide-smartphone0-forecast.jpg?fit=720%2C625&amp;p=1\" \/>\n<meta name=\"author\" content=\"sinusiks\" \/>\n<meta name=\"twitter:card\" content=\"summary_large_image\" \/>\n<meta name=\"twitter:label1\" content=\"Verfasst von\" \/>\n\t<meta name=\"twitter:data1\" content=\"sinusiks\" \/>\n\t<meta name=\"twitter:label2\" content=\"Gesch\u00e4tzte Lesezeit\" \/>\n\t<meta name=\"twitter:data2\" content=\"2\u00a0Minuten\" \/>\n<script type=\"application\/ld+json\" class=\"yoast-schema-graph\">{\"@context\":\"https:\/\/schema.org\",\"@graph\":[{\"@type\":\"WebPage\",\"@id\":\"https:\/\/viva.racunalniske-novice.com\/prodaja-pametnih-telefonov-letos-dozivela-preporod-kar-pa-ne-velja-za-iphone\/\",\"url\":\"https:\/\/viva.racunalniske-novice.com\/prodaja-pametnih-telefonov-letos-dozivela-preporod-kar-pa-ne-velja-za-iphone\/\",\"name\":\"Prodaja pametnih telefonov letos do\u017eivela preporod, kar pa ne velja za iPhone - Ra\u010dunalni\u0161ke novice\",\"isPartOf\":{\"@id\":\"https:\/\/viva.racunalniske-novice.com\/en\/#website\"},\"primaryImageOfPage\":{\"@id\":\"https:\/\/viva.racunalniske-novice.com\/prodaja-pametnih-telefonov-letos-dozivela-preporod-kar-pa-ne-velja-za-iphone\/#primaryimage\"},\"image\":{\"@id\":\"https:\/\/viva.racunalniske-novice.com\/prodaja-pametnih-telefonov-letos-dozivela-preporod-kar-pa-ne-velja-za-iphone\/#primaryimage\"},\"thumbnailUrl\":\"https:\/\/www.digitaltrends.com\/wp-content\/uploads\/2024\/11\/IDC-worldwide-smartphone0-forecast.jpg?fit=720%2C625&amp;p=1\",\"datePublished\":\"2024-11-28T08:09:16+00:00\",\"dateModified\":\"2024-11-28T08:09:16+00:00\",\"author\":{\"@id\":\"https:\/\/viva.racunalniske-novice.com\/en\/#\/schema\/person\/afb62e36efa34516d50249517e4cdbb4\"},\"breadcrumb\":{\"@id\":\"https:\/\/viva.racunalniske-novice.com\/prodaja-pametnih-telefonov-letos-dozivela-preporod-kar-pa-ne-velja-za-iphone\/#breadcrumb\"},\"inLanguage\":\"de\",\"potentialAction\":[{\"@type\":\"ReadAction\",\"target\":[\"https:\/\/viva.racunalniske-novice.com\/prodaja-pametnih-telefonov-letos-dozivela-preporod-kar-pa-ne-velja-za-iphone\/\"]}]},{\"@type\":\"ImageObject\",\"inLanguage\":\"de\",\"@id\":\"https:\/\/viva.racunalniske-novice.com\/prodaja-pametnih-telefonov-letos-dozivela-preporod-kar-pa-ne-velja-za-iphone\/#primaryimage\",\"url\":\"https:\/\/www.digitaltrends.com\/wp-content\/uploads\/2024\/11\/IDC-worldwide-smartphone0-forecast.jpg?fit=720%2C625&amp;p=1\",\"contentUrl\":\"https:\/\/www.digitaltrends.com\/wp-content\/uploads\/2024\/11\/IDC-worldwide-smartphone0-forecast.jpg?fit=720%2C625&amp;p=1\"},{\"@type\":\"BreadcrumbList\",\"@id\":\"https:\/\/viva.racunalniske-novice.com\/prodaja-pametnih-telefonov-letos-dozivela-preporod-kar-pa-ne-velja-za-iphone\/#breadcrumb\",\"itemListElement\":[{\"@type\":\"ListItem\",\"position\":1,\"name\":\"Home\",\"item\":\"https:\/\/viva.racunalniske-novice.com\/en\/\"},{\"@type\":\"ListItem\",\"position\":2,\"name\":\"Prodaja pametnih telefonov letos do\u017eivela preporod, kar pa ne velja za iPhone\"}]},{\"@type\":\"WebSite\",\"@id\":\"https:\/\/viva.racunalniske-novice.com\/en\/#website\",\"url\":\"https:\/\/viva.racunalniske-novice.com\/en\/\",\"name\":\"Ra\u010dunalni\u0161ke novice\",\"description\":\"\",\"potentialAction\":[{\"@type\":\"SearchAction\",\"target\":{\"@type\":\"EntryPoint\",\"urlTemplate\":\"https:\/\/viva.racunalniske-novice.com\/en\/?s={search_term_string}\"},\"query-input\":\"required name=search_term_string\"}],\"inLanguage\":\"de\"},{\"@type\":\"Person\",\"@id\":\"https:\/\/viva.racunalniske-novice.com\/en\/#\/schema\/person\/afb62e36efa34516d50249517e4cdbb4\",\"name\":\"sinusiks\",\"sameAs\":[\"https:\/\/ml.racunalniske-novice.com\"],\"url\":\"https:\/\/viva.racunalniske-novice.com\/de\/author\/sinusiks\/\"}]}<\/script>\n<!-- \/ Yoast SEO plugin. -->","yoast_head_json":{"title":"Prodaja pametnih telefonov letos do\u017eivela preporod, kar pa ne velja za iPhone - Ra\u010dunalni\u0161ke novice","description":"Prodaja na svetovnem trgu pametnih telefonov bo letos precej bolj\u0161a v primerjavi z zadnjimi nekaj leti.","robots":{"index":"index","follow":"follow","max-snippet":"max-snippet:-1","max-image-preview":"max-image-preview:large","max-video-preview":"max-video-preview:-1"},"canonical":"https:\/\/viva.racunalniske-novice.com\/de\/wp-json\/wp\/v2\/posts\/5664","og_locale":"de_DE","og_type":"article","og_title":"Prodaja pametnih telefonov letos do\u017eivela preporod, kar pa ne velja za iPhone - Ra\u010dunalni\u0161ke novice","og_description":"Po dveh letih padanja prodaje so napovedi za leto\u0161nje leto nekoliko bolj optimisti\u010dne. International Data Corporation (IDC) pa v svojih napovedih jasno ka\u017ee, da ta napovedana rast ne velja za Apple, ki naj bi letos zabele\u017eil le manj\u0161a &#8220;year-over-year&#8221; pove\u010danja. IDC spremlja prodajo pametnih telefonov od vsega za\u010detka in za leto 2024 napoveduje 6,2-odstotno rast [&hellip;]","og_url":"https:\/\/viva.racunalniske-novice.com\/de\/smartphone-verkaufe-erlebten-in-diesem-jahr-eine-renaissance-was-beim-iphone-nicht-der-fall-ist\/","og_site_name":"Ra\u010dunalni\u0161ke novice","article_published_time":"2024-11-28T08:09:16+00:00","og_image":[{"url":"https:\/\/www.digitaltrends.com\/wp-content\/uploads\/2024\/11\/IDC-worldwide-smartphone0-forecast.jpg?fit=720%2C625&amp;p=1"}],"author":"sinusiks","twitter_card":"summary_large_image","twitter_misc":{"Verfasst von":"sinusiks","Gesch\u00e4tzte Lesezeit":"2\u00a0Minuten"},"schema":{"@context":"https:\/\/schema.org","@graph":[{"@type":"WebPage","@id":"https:\/\/viva.racunalniske-novice.com\/prodaja-pametnih-telefonov-letos-dozivela-preporod-kar-pa-ne-velja-za-iphone\/","url":"https:\/\/viva.racunalniske-novice.com\/prodaja-pametnih-telefonov-letos-dozivela-preporod-kar-pa-ne-velja-za-iphone\/","name":"Prodaja pametnih telefonov letos do\u017eivela preporod, kar pa ne velja za iPhone - Ra\u010dunalni\u0161ke novice","isPartOf":{"@id":"https:\/\/viva.racunalniske-novice.com\/en\/#website"},"primaryImageOfPage":{"@id":"https:\/\/viva.racunalniske-novice.com\/prodaja-pametnih-telefonov-letos-dozivela-preporod-kar-pa-ne-velja-za-iphone\/#primaryimage"},"image":{"@id":"https:\/\/viva.racunalniske-novice.com\/prodaja-pametnih-telefonov-letos-dozivela-preporod-kar-pa-ne-velja-za-iphone\/#primaryimage"},"thumbnailUrl":"https:\/\/www.digitaltrends.com\/wp-content\/uploads\/2024\/11\/IDC-worldwide-smartphone0-forecast.jpg?fit=720%2C625&amp;p=1","datePublished":"2024-11-28T08:09:16+00:00","dateModified":"2024-11-28T08:09:16+00:00","author":{"@id":"https:\/\/viva.racunalniske-novice.com\/en\/#\/schema\/person\/afb62e36efa34516d50249517e4cdbb4"},"breadcrumb":{"@id":"https:\/\/viva.racunalniske-novice.com\/prodaja-pametnih-telefonov-letos-dozivela-preporod-kar-pa-ne-velja-za-iphone\/#breadcrumb"},"inLanguage":"de","potentialAction":[{"@type":"ReadAction","target":["https:\/\/viva.racunalniske-novice.com\/prodaja-pametnih-telefonov-letos-dozivela-preporod-kar-pa-ne-velja-za-iphone\/"]}]},{"@type":"ImageObject","inLanguage":"de","@id":"https:\/\/viva.racunalniske-novice.com\/prodaja-pametnih-telefonov-letos-dozivela-preporod-kar-pa-ne-velja-za-iphone\/#primaryimage","url":"https:\/\/www.digitaltrends.com\/wp-content\/uploads\/2024\/11\/IDC-worldwide-smartphone0-forecast.jpg?fit=720%2C625&amp;p=1","contentUrl":"https:\/\/www.digitaltrends.com\/wp-content\/uploads\/2024\/11\/IDC-worldwide-smartphone0-forecast.jpg?fit=720%2C625&amp;p=1"},{"@type":"BreadcrumbList","@id":"https:\/\/viva.racunalniske-novice.com\/prodaja-pametnih-telefonov-letos-dozivela-preporod-kar-pa-ne-velja-za-iphone\/#breadcrumb","itemListElement":[{"@type":"ListItem","position":1,"name":"Home","item":"https:\/\/viva.racunalniske-novice.com\/en\/"},{"@type":"ListItem","position":2,"name":"Prodaja pametnih telefonov letos do\u017eivela preporod, kar pa ne velja za iPhone"}]},{"@type":"WebSite","@id":"https:\/\/viva.racunalniske-novice.com\/en\/#website","url":"https:\/\/viva.racunalniske-novice.com\/en\/","name":"Ra\u010dunalni\u0161ke novice","description":"","potentialAction":[{"@type":"SearchAction","target":{"@type":"EntryPoint","urlTemplate":"https:\/\/viva.racunalniske-novice.com\/en\/?s={search_term_string}"},"query-input":"required name=search_term_string"}],"inLanguage":"de"},{"@type":"Person","@id":"https:\/\/viva.racunalniske-novice.com\/en\/#\/schema\/person\/afb62e36efa34516d50249517e4cdbb4","name":"sinusiks","sameAs":["https:\/\/ml.racunalniske-novice.com"],"url":"https:\/\/viva.racunalniske-novice.com\/de\/author\/sinusiks\/"}]}},"_links":{"self":[{"href":"https:\/\/viva.racunalniske-novice.com\/de\/wp-json\/wp\/v2\/posts\/5664","targetHints":{"allow":["GET"]}}],"collection":[{"href":"https:\/\/viva.racunalniske-novice.com\/de\/wp-json\/wp\/v2\/posts"}],"about":[{"href":"https:\/\/viva.racunalniske-novice.com\/de\/wp-json\/wp\/v2\/types\/post"}],"author":[{"embeddable":true,"href":"https:\/\/viva.racunalniske-novice.com\/de\/wp-json\/wp\/v2\/users\/2"}],"replies":[{"embeddable":true,"href":"https:\/\/viva.racunalniske-novice.com\/de\/wp-json\/wp\/v2\/comments?post=5664"}],"version-history":[{"count":0,"href":"https:\/\/viva.racunalniske-novice.com\/de\/wp-json\/wp\/v2\/posts\/5664\/revisions"}],"wp:attachment":[{"href":"https:\/\/viva.racunalniske-novice.com\/de\/wp-json\/wp\/v2\/media?parent=5664"}],"wp:term":[{"taxonomy":"category","embeddable":true,"href":"https:\/\/viva.racunalniske-novice.com\/de\/wp-json\/wp\/v2\/categories?post=5664"},{"taxonomy":"post_tag","embeddable":true,"href":"https:\/\/viva.racunalniske-novice.com\/de\/wp-json\/wp\/v2\/tags?post=5664"}],"curies":[{"name":"wp","href":"https:\/\/api.w.org\/{rel}","templated":true}]}}