{"id":5930,"date":"2025-02-06T10:00:00","date_gmt":"2025-02-06T09:00:00","guid":{"rendered":"https:\/\/viva.racunalniske-novice.com\/volkswagen-z-e-avtomobilom-za-okoli-20-000-e\/"},"modified":"2025-02-06T10:00:00","modified_gmt":"2025-02-06T09:00:00","slug":"volkswagen-z-e-avtomobilom-za-okoli-20-000-e","status":"publish","type":"post","link":"https:\/\/viva.racunalniske-novice.com\/de\/volkswagen-mit-auto-fur-rund-20-000-euro\/","title":{"rendered":"Volkswagen mit E-Auto f\u00fcr rund 20.000 Euro"},"content":{"rendered":"<p>Volkswagen wird n\u00e4chsten Monat ein neues Konzept vorstellen und ein Elektroauto f\u00fcr rund 20.000 Euro ank\u00fcndigen, das das Up-Modell ersetzen wird.<\/p>\n\n\n\n<p>Das neue Einstiegsmodell, das Anfang n\u00e4chsten Monats vorgestellt wird, soll 2027 in Produktion gehen, und sein Grundpreis werde voraussichtlich \u201erund 20.000 Euro\u201c betragen, teilte Volkswagen mit. Das wird sicherlich diejenigen freuen, die schon lange auf ein g\u00fcnstiges und bezahlbares Elektroauto warten.<\/p>\n\n\n\n<p>Der neue Nachfolger des Up, bekannt als ID 1, wird voraussichtlich die Basisplattform mit dem ID 2 teilen, technische Details wurden jedoch noch nicht best\u00e4tigt. Schon auf dem ersten Vorschaubild ist zu erkennen, dass der Wagen recht rundlich daherkommt und auch vor gedrungeneren Dimensionen nicht zur\u00fcckschreckt. Zum unverwechselbaren neuen Look geh\u00f6ren die neuen LED-Lichtsignaturen von Volkswagen.<\/p>\n\n\n\n<p>Volkswagen-Chef Thomas Sch\u00e4fer bezeichnete die Pr\u00e4sentation des neuen Autos als einen Schl\u00fcsselmoment f\u00fcr das Unternehmen. \u201eBezahlbare, hochwertige und profitable Elektro-Volkswagen aus Europa f\u00fcr Europa \u2013 das ist die Champions League der Automobiltechnologie!\u201c<\/p>\n\n\n\n<p>Es ist noch nicht best\u00e4tigt, ob Volkswagen den ID 1 in Spanien neben dem ID 2 und seinem Geschwistermodell, dem Crossover \u201eID 2 X\u201c, dem kompakten SUV EPIQ und dem sportlicheren CUPRA Raval bauen wird.<\/p>\n\n\n\n<p>Volkswagen-Entwicklungschef Kai Gr\u00fcnitz hatte bereits vor der Ank\u00fcndigung erkl\u00e4rt, dass das neue Einstiegsmodell vom Design her eine klare Nachfolge des beliebten Up antreten werde. Einige Designelemente und Funktionen werden mit diesem gemeinsam genutzt.<\/p>\n\n\n\n<p>\u201eDer ID. 1 wird in puncto Autonutzung nahe am Up-Modell liegen\u201c, sagte er. \u201eWenn es um die Optik eines Autos geht, gibt es f\u00fcr ein kleines Stadtauto nicht viele Gestaltungsm\u00f6glichkeiten. \u201eEs wird ein Auto sein, das der DNA der Marke Volkswagen entspricht, aber zu einem niedrigeren Preis.\u201c<\/p>\n\n\n\n<p>Gr\u00fcnitz best\u00e4tigte die R\u00fcckkehr des Up-Emblems, das 2023 eingestellt wurde, nicht, aber Volkswagen hat bewiesen, dass es seine ber\u00fchmten Namen respektiert. So haben etwa Golf, Passat und Tiguan das Elektroauto-Zeitalter \u00fcberstanden, eine R\u00fcckkehr des UP ist also durchaus m\u00f6glich.<\/p>\n\n\n\n<p>Gr\u00fcnitz betonte, wie wichtig es sei, dass ein solches Auto auf den Markt komme. \u201eSie brauchen ein kleineres Auto, das f\u00fcr einen gr\u00f6\u00dferen K\u00e4uferkreis erschwinglich ist.\u201c Daher wird der ID 2all f\u00fcr rund 25.000 Euro erh\u00e4ltlich sein, und wir haben in der Entwicklungsphase Mittel f\u00fcr ein Fahrzeug unter 20.000 Euro investiert. Dies ist ein Volkswagen.<\/p>","protected":false},"excerpt":{"rendered":"<p>Volkswagen wird n\u00e4chsten Monat eine neue Studie vorstellen, die einen Ausblick auf ein Elektroauto f\u00fcr rund 20.000 Euro gibt, das das aktuelle Upside-Down-Modell ersetzen soll. Das neue Einstiegsmodell, das Anfang n\u00e4chsten Monats pr\u00e4sentiert wird, soll voraussichtlich 2027 in Produktion gehen und einen Basispreis von \u201erund 20.000 Euro\u201c haben, so Volkswagen. Das d\u00fcrfte all jene freuen, die [\u2026]<\/p>","protected":false},"author":2,"featured_media":0,"comment_status":"","ping_status":"open","sticky":false,"template":"","format":"standard","meta":{"_acf_changed":false,"footnotes":""},"categories":[90,6],"tags":[226],"class_list":["post-5930","post","type-post","status-publish","format-standard","hentry","category-avtomobilizem","category-avtomoto","tag-elektricni-avtomobili"],"acf":{"subtitle":"","heading":"","summary":"","thumbnail_small":"https:\/\/racunalniske-novice.com\/wp-content\/uploads\/2025\/02\/volkswagen_entry_ev_concept_teaser_-_front_silhouette-560x315.jpg","thumbnail_large":"https:\/\/racunalniske-novice.com\/wp-content\/uploads\/2025\/02\/volkswagen_entry_ev_concept_teaser_-_front_silhouette-1024x678.jpg","thumbnail_caption":"","gallery":"","video_gallery":null,"author":"","links":null,"sources":null,"skip_language":[]},"yoast_head":"<!-- This site is optimized with the Yoast SEO plugin v22.8 - https:\/\/yoast.com\/wordpress\/plugins\/seo\/ -->\n<title>Volkswagen z e-avtomobilom za okoli 20.000 evrov - Ra\u010dunalni\u0161ke novice<\/title>\n<meta name=\"description\" content=\"Volkswagen bo prihodnji mesec razkril nov koncept, ki napoveduje elektri\u010dni avtomobil za okoli 20.000 evrov in bo nadomestil model up.\n\n\n\nNovi vstopni model, ki bo predstavljen v za\u010detku naslednjega\" \/>\n<meta name=\"robots\" content=\"index, follow, max-snippet:-1, max-image-preview:large, max-video-preview:-1\" \/>\n<link rel=\"canonical\" href=\"https:\/\/viva.racunalniske-novice.com\/de\/wp-json\/wp\/v2\/posts\/5930\" \/>\n<meta property=\"og:locale\" content=\"de_DE\" \/>\n<meta property=\"og:type\" content=\"article\" \/>\n<meta property=\"og:title\" content=\"Volkswagen z e-avtomobilom za okoli 20.000 evrov - Ra\u010dunalni\u0161ke novice\" \/>\n<meta property=\"og:description\" content=\"Volkswagen bo prihodnji mesec razkril nov koncept, ki napoveduje elektri\u010dni avtomobil za okoli 20.000 evrov in bo nadomestil model up. Novi vstopni model, ki bo predstavljen v za\u010detku naslednjega meseca, naj bi za\u010deli proizvajati leta 2027, njegova osnovna cena pa naj bi zna\u0161ala \u00bbpribli\u017eno 20.000 evrov\u00ab, so dejali Volkswagnu. To bo zagotovo razveselilo tiste, ki [&hellip;]\" \/>\n<meta property=\"og:url\" content=\"https:\/\/viva.racunalniske-novice.com\/de\/volkswagen-mit-auto-fur-rund-20-000-euro\/\" \/>\n<meta property=\"og:site_name\" content=\"Ra\u010dunalni\u0161ke novice\" \/>\n<meta property=\"article:published_time\" content=\"2025-02-06T09:00:00+00:00\" \/>\n<meta name=\"author\" content=\"sinusiks\" \/>\n<meta name=\"twitter:card\" content=\"summary_large_image\" \/>\n<meta name=\"twitter:label1\" content=\"Verfasst von\" \/>\n\t<meta name=\"twitter:data1\" content=\"sinusiks\" \/>\n\t<meta name=\"twitter:label2\" content=\"Gesch\u00e4tzte Lesezeit\" \/>\n\t<meta name=\"twitter:data2\" content=\"2\u00a0Minuten\" \/>\n<script type=\"application\/ld+json\" class=\"yoast-schema-graph\">{\"@context\":\"https:\/\/schema.org\",\"@graph\":[{\"@type\":\"WebPage\",\"@id\":\"https:\/\/viva.racunalniske-novice.com\/volkswagen-z-e-avtomobilom-za-okoli-20-000-e\/\",\"url\":\"https:\/\/viva.racunalniske-novice.com\/volkswagen-z-e-avtomobilom-za-okoli-20-000-e\/\",\"name\":\"Volkswagen z e-avtomobilom za okoli 20.000 evrov - Ra\u010dunalni\u0161ke novice\",\"isPartOf\":{\"@id\":\"https:\/\/viva.racunalniske-novice.com\/en\/#website\"},\"datePublished\":\"2025-02-06T09:00:00+00:00\",\"dateModified\":\"2025-02-06T09:00:00+00:00\",\"author\":{\"@id\":\"https:\/\/viva.racunalniske-novice.com\/en\/#\/schema\/person\/afb62e36efa34516d50249517e4cdbb4\"},\"breadcrumb\":{\"@id\":\"https:\/\/viva.racunalniske-novice.com\/volkswagen-z-e-avtomobilom-za-okoli-20-000-e\/#breadcrumb\"},\"inLanguage\":\"de\",\"potentialAction\":[{\"@type\":\"ReadAction\",\"target\":[\"https:\/\/viva.racunalniske-novice.com\/volkswagen-z-e-avtomobilom-za-okoli-20-000-e\/\"]}]},{\"@type\":\"BreadcrumbList\",\"@id\":\"https:\/\/viva.racunalniske-novice.com\/volkswagen-z-e-avtomobilom-za-okoli-20-000-e\/#breadcrumb\",\"itemListElement\":[{\"@type\":\"ListItem\",\"position\":1,\"name\":\"Home\",\"item\":\"https:\/\/viva.racunalniske-novice.com\/en\/\"},{\"@type\":\"ListItem\",\"position\":2,\"name\":\"Volkswagen z e-avtomobilom za okoli 20.000 evrov\"}]},{\"@type\":\"WebSite\",\"@id\":\"https:\/\/viva.racunalniske-novice.com\/en\/#website\",\"url\":\"https:\/\/viva.racunalniske-novice.com\/en\/\",\"name\":\"Ra\u010dunalni\u0161ke novice\",\"description\":\"\",\"potentialAction\":[{\"@type\":\"SearchAction\",\"target\":{\"@type\":\"EntryPoint\",\"urlTemplate\":\"https:\/\/viva.racunalniske-novice.com\/en\/?s={search_term_string}\"},\"query-input\":\"required name=search_term_string\"}],\"inLanguage\":\"de\"},{\"@type\":\"Person\",\"@id\":\"https:\/\/viva.racunalniske-novice.com\/en\/#\/schema\/person\/afb62e36efa34516d50249517e4cdbb4\",\"name\":\"sinusiks\",\"sameAs\":[\"https:\/\/ml.racunalniske-novice.com\"],\"url\":\"https:\/\/viva.racunalniske-novice.com\/de\/author\/sinusiks\/\"}]}<\/script>\n<!-- \/ Yoast SEO plugin. -->","yoast_head_json":{"title":"Volkswagen z e-avtomobilom za okoli 20.000 evrov - Ra\u010dunalni\u0161ke novice","description":"Volkswagen bo prihodnji mesec razkril nov koncept, ki napoveduje elektri\u010dni avtomobil za okoli 20.000 evrov in bo nadomestil model up.\n\n\n\nNovi vstopni model, ki bo predstavljen v za\u010detku naslednjega","robots":{"index":"index","follow":"follow","max-snippet":"max-snippet:-1","max-image-preview":"max-image-preview:large","max-video-preview":"max-video-preview:-1"},"canonical":"https:\/\/viva.racunalniske-novice.com\/de\/wp-json\/wp\/v2\/posts\/5930","og_locale":"de_DE","og_type":"article","og_title":"Volkswagen z e-avtomobilom za okoli 20.000 evrov - Ra\u010dunalni\u0161ke novice","og_description":"Volkswagen bo prihodnji mesec razkril nov koncept, ki napoveduje elektri\u010dni avtomobil za okoli 20.000 evrov in bo nadomestil model up. Novi vstopni model, ki bo predstavljen v za\u010detku naslednjega meseca, naj bi za\u010deli proizvajati leta 2027, njegova osnovna cena pa naj bi zna\u0161ala \u00bbpribli\u017eno 20.000 evrov\u00ab, so dejali Volkswagnu. To bo zagotovo razveselilo tiste, ki [&hellip;]","og_url":"https:\/\/viva.racunalniske-novice.com\/de\/volkswagen-mit-auto-fur-rund-20-000-euro\/","og_site_name":"Ra\u010dunalni\u0161ke novice","article_published_time":"2025-02-06T09:00:00+00:00","author":"sinusiks","twitter_card":"summary_large_image","twitter_misc":{"Verfasst von":"sinusiks","Gesch\u00e4tzte Lesezeit":"2\u00a0Minuten"},"schema":{"@context":"https:\/\/schema.org","@graph":[{"@type":"WebPage","@id":"https:\/\/viva.racunalniske-novice.com\/volkswagen-z-e-avtomobilom-za-okoli-20-000-e\/","url":"https:\/\/viva.racunalniske-novice.com\/volkswagen-z-e-avtomobilom-za-okoli-20-000-e\/","name":"Volkswagen z e-avtomobilom za okoli 20.000 evrov - Ra\u010dunalni\u0161ke novice","isPartOf":{"@id":"https:\/\/viva.racunalniske-novice.com\/en\/#website"},"datePublished":"2025-02-06T09:00:00+00:00","dateModified":"2025-02-06T09:00:00+00:00","author":{"@id":"https:\/\/viva.racunalniske-novice.com\/en\/#\/schema\/person\/afb62e36efa34516d50249517e4cdbb4"},"breadcrumb":{"@id":"https:\/\/viva.racunalniske-novice.com\/volkswagen-z-e-avtomobilom-za-okoli-20-000-e\/#breadcrumb"},"inLanguage":"de","potentialAction":[{"@type":"ReadAction","target":["https:\/\/viva.racunalniske-novice.com\/volkswagen-z-e-avtomobilom-za-okoli-20-000-e\/"]}]},{"@type":"BreadcrumbList","@id":"https:\/\/viva.racunalniske-novice.com\/volkswagen-z-e-avtomobilom-za-okoli-20-000-e\/#breadcrumb","itemListElement":[{"@type":"ListItem","position":1,"name":"Home","item":"https:\/\/viva.racunalniske-novice.com\/en\/"},{"@type":"ListItem","position":2,"name":"Volkswagen z e-avtomobilom za okoli 20.000 evrov"}]},{"@type":"WebSite","@id":"https:\/\/viva.racunalniske-novice.com\/en\/#website","url":"https:\/\/viva.racunalniske-novice.com\/en\/","name":"Ra\u010dunalni\u0161ke novice","description":"","potentialAction":[{"@type":"SearchAction","target":{"@type":"EntryPoint","urlTemplate":"https:\/\/viva.racunalniske-novice.com\/en\/?s={search_term_string}"},"query-input":"required name=search_term_string"}],"inLanguage":"de"},{"@type":"Person","@id":"https:\/\/viva.racunalniske-novice.com\/en\/#\/schema\/person\/afb62e36efa34516d50249517e4cdbb4","name":"sinusiks","sameAs":["https:\/\/ml.racunalniske-novice.com"],"url":"https:\/\/viva.racunalniske-novice.com\/de\/author\/sinusiks\/"}]}},"_links":{"self":[{"href":"https:\/\/viva.racunalniske-novice.com\/de\/wp-json\/wp\/v2\/posts\/5930","targetHints":{"allow":["GET"]}}],"collection":[{"href":"https:\/\/viva.racunalniske-novice.com\/de\/wp-json\/wp\/v2\/posts"}],"about":[{"href":"https:\/\/viva.racunalniske-novice.com\/de\/wp-json\/wp\/v2\/types\/post"}],"author":[{"embeddable":true,"href":"https:\/\/viva.racunalniske-novice.com\/de\/wp-json\/wp\/v2\/users\/2"}],"replies":[{"embeddable":true,"href":"https:\/\/viva.racunalniske-novice.com\/de\/wp-json\/wp\/v2\/comments?post=5930"}],"version-history":[{"count":0,"href":"https:\/\/viva.racunalniske-novice.com\/de\/wp-json\/wp\/v2\/posts\/5930\/revisions"}],"wp:attachment":[{"href":"https:\/\/viva.racunalniske-novice.com\/de\/wp-json\/wp\/v2\/media?parent=5930"}],"wp:term":[{"taxonomy":"category","embeddable":true,"href":"https:\/\/viva.racunalniske-novice.com\/de\/wp-json\/wp\/v2\/categories?post=5930"},{"taxonomy":"post_tag","embeddable":true,"href":"https:\/\/viva.racunalniske-novice.com\/de\/wp-json\/wp\/v2\/tags?post=5930"}],"curies":[{"name":"wp","href":"https:\/\/api.w.org\/{rel}","templated":true}]}}