{"id":660,"date":"2023-10-04T06:20:00","date_gmt":"2023-10-04T04:20:00","guid":{"rendered":"https:\/\/vivalainfo.com\/en\/zmogljivi-procesor-apple-m3-kmalu-na-voljo-tako-za-macbook-in-ipad\/"},"modified":"2023-10-04T06:20:00","modified_gmt":"2023-10-04T04:20:00","slug":"zmogljivi-procesor-apple-m3-kmalu-na-voljo-tako-za-macbook-in-ipad","status":"publish","type":"post","link":"https:\/\/viva.racunalniske-novice.com\/de\/leistungsstarker-apple-m3-prozessor-bald-fur-macbook-und-ipad-erhaltlich\/","title":{"rendered":"Apple M3-Prozessor bald f\u00fcr MacBooks und iPads verf\u00fcgbar"},"content":{"rendered":"<p>Der Apple M3-Chip wurde noch nicht offiziell angek\u00fcndigt, doch Quellen zufolge k\u00f6nnte er bereits Ende 2023 oder Anfang n\u00e4chsten Jahres verf\u00fcgbar sein. Die bisher durchgesickerten (inoffiziellen) Informationen deuten darauf hin, dass der M3-Chip zuk\u00fcnftigen Apple-Computern einen enormen Leistungs- und Effizienzsprung bescheren wird. Da Apple sich jedoch noch nicht \u00f6ffentlich ge\u00e4u\u00dfert hat, sollte man alle Informationen mit Vorsicht genie\u00dfen.<\/p>\n\n\n\n<p>Zun\u00e4chst wurde vermutet, dass Apples Ger\u00e4te mit M3-Chip bereits im Oktober zu sehen sein k\u00f6nnten, n\u00e4mlich das 13-Zoll MacBook Air und das \u00e4hnlich gro\u00dfe MacBook Pro. Diese Vorhersage wirkte zun\u00e4chst sehr optimistisch, mittlerweile gehen die Ger\u00fcchte eher in Richtung eines Ver\u00f6ffentlichungstermins gegen Ende des Jahres. Der Grund f\u00fcr die Verschiebung der Ver\u00f6ffentlichung des neuen Chips und der neuen Ger\u00e4te soll externen Ursprungs sein. TSMC, ein taiwanesischer Chiphersteller, mit dem Apple eng zusammenarbeitet, soll nicht in der Lage sein, ausreichend gro\u00dfe Mengen des neuen M3-Chips f\u00fcr den Massenverkauf von Apple zu produzieren.&nbsp;<\/p>\n\n\n\n<p>Berichten zufolge testet Apple jedoch seit langem Software von Drittanbietern auf Macs mit dem M3-Chip, um die Softwarekompatibilit\u00e4t mit dem \u00d6kosystem des Unternehmens sicherzustellen. Der M3-Chip soll auf der 3-nm-Architektur von TSMC basieren und der erste seiner Art weltweit sein. Theoretisch d\u00fcrfte dies einen konkreten Kapazit\u00e4ts- und vor allem Effizienzsprung im Vergleich zu Vorg\u00e4ngern und der Konkurrenz bedeuten, die derzeit auf 5-nm-Architektur basiert.&nbsp;<\/p>\n\n\n\n<p>Inoffizielle Quellen behaupten, dass Apple eine Version des M3 Pro-Chips mit 12 Prozessorkernen, 18 Grafikkernen und 36 GB Systemspeicher getestet hat. Der Prozessor soll \u00fcber 6 leistungsstarke und 6 energieeffiziente Kerne verf\u00fcgen. Aller Voraussicht nach handelt es sich um den Chip, der mit dem ebenfalls angek\u00fcndigten macOS 14 in die MacBook-Pro-Notebooks eingebaut wird. Zum Vergleich: Das M2 Pro verf\u00fcgt \u00fcber 10 Prozessorkerne, 16 Grafikkerne und 16 GB Systemspeicher (RAM).&nbsp;<\/p>\n\n\n\n<p>Sie testen den M3 Max auch mit einem 16-Kern-Prozessorkern, darunter 12 Hochleistungskerne. Auch eine Ultra-Version soll in Vorbereitung sein, und zwar mit bis zu 80 Grafikkernen (der Vorg\u00e4nger hatte 64 GPU-Kerne).<\/p>\n\n\n\n<p>Apples Ger\u00e4te mit M2-Chips haben gegen\u00fcber dem M1 ordentliche Upgrades gebracht. Der gr\u00f6\u00dfte Sprung erfolgte, als Apple die Zusammenarbeit mit Intel abbrach. Aller Wahrscheinlichkeit nach wird der M3 nicht den gleichen Klassensprung machen, aber die Verbesserung wird sp\u00fcrbar sein. Wird es sp\u00fcrbar genug sein, um den Verkauf von Apple-Ger\u00e4ten zu steigern? Im letzten Quartal verzeichnete das Unternehmen einen Umsatzr\u00fcckgang von 30 %. <\/p>\n<div class=\"embed-container\"><iframe src=\"https:\/\/www.youtube.com\/embed\/TZqbfpLnGmg\" frameborder=\"0\" allowfullscreen><\/iframe><\/div><br\/>","protected":false},"excerpt":{"rendered":"<p>Der Apple M3-Chip wurde noch nicht offiziell angek\u00fcndigt, doch Quellen zufolge k\u00f6nnte er Ende 2023 oder Anfang n\u00e4chsten Jahres verf\u00fcgbar sein. Die bisher durchgesickerten (inoffiziellen) Informationen deuten darauf hin, dass der M3-Chip zuk\u00fcnftigen Apple-Computern einen enormen Leistungs- und Effizienzsprung bescheren wird. Da Apple sich jedoch noch nicht \u00f6ffentlich ge\u00e4u\u00dfert hat, ist es ratsam, [\u2026]<\/p>","protected":false},"author":2,"featured_media":0,"comment_status":"","ping_status":"open","sticky":false,"template":"","format":"standard","meta":{"_acf_changed":false,"footnotes":""},"categories":[36],"tags":[154],"class_list":["post-660","post","type-post","status-publish","format-standard","hentry","category-procesorji","tag-apple"],"acf":{"subtitle":"","heading":"","summary":"Revolucionarni procesor Apple M2 Ultra je bil predstavljen na leto\u0161njem junijskem dogodku WWDC 2023. Apple M2 Ultra je opisan kot najmo\u010dnej\u0161i procesor, kar jih je Apple kdajkoli ustvaril. ","thumbnail_small":"https:\/\/racunalniske-novice.com\/wp-content\/uploads\/2023\/10\/home-office-1867759_1280-1024x683-1-560x315.jpg","thumbnail_large":"https:\/\/racunalniske-novice.com\/wp-content\/uploads\/2023\/10\/home-office-1867759_1280-1024x683-1.jpg","thumbnail_caption":"","gallery":"","video_gallery":[{"youtube_url":"https:\/\/www.youtube.com\/watch?v=TZqbfpLnGmg"}],"author":"","links":[{"title":"Apple","url":"https:\/\/www.apple.com\/ie\/"}],"sources":null,"skip_language":[]},"yoast_head":"<!-- This site is optimized with the Yoast SEO plugin v22.8 - https:\/\/yoast.com\/wordpress\/plugins\/seo\/ -->\n<title>Procesor Apple M3 kmalu na voljo za MacBooke in iPade - Ra\u010dunalni\u0161ke novice<\/title>\n<meta name=\"description\" content=\"Revolucionarni procesor Apple M2 Ultra je bil predstavljen na leto\u0161njem junijskem dogodku WWDC 2023. Apple M2 Ultra je opisan kot najmo\u010dnej\u0161i procesor, kar jih je Apple kdajkoli ustvaril.\" \/>\n<meta name=\"robots\" content=\"index, follow, max-snippet:-1, max-image-preview:large, max-video-preview:-1\" \/>\n<link rel=\"canonical\" href=\"https:\/\/viva.racunalniske-novice.com\/de\/wp-json\/wp\/v2\/posts\/660\" \/>\n<meta property=\"og:locale\" content=\"de_DE\" \/>\n<meta property=\"og:type\" content=\"article\" \/>\n<meta property=\"og:title\" content=\"Procesor Apple M3 kmalu na voljo za MacBooke in iPade - Ra\u010dunalni\u0161ke novice\" \/>\n<meta property=\"og:description\" content=\"\u010cip Apple M3 uradno \u0161e ni bil napovedan, vendar viri trdijo, da bi lahko bil na voljo \u017ee do konca leta 2023 ali na za\u010detku naslednjega.&nbsp;Doslej razkriti (neuradni) podatki namigujejo, da bo \u010dip M3 prihodnjim ra\u010dunalnikom Apple prinesel velik skok v mo\u010di in u\u010dinkovitosti. Ker pa Apple javno ni povedal \u0161e ni\u010desar, je najbolje, da [&hellip;]\" \/>\n<meta property=\"og:url\" content=\"https:\/\/viva.racunalniske-novice.com\/de\/leistungsstarker-apple-m3-prozessor-bald-fur-macbook-und-ipad-erhaltlich\/\" \/>\n<meta property=\"og:site_name\" content=\"Ra\u010dunalni\u0161ke novice\" \/>\n<meta property=\"article:published_time\" content=\"2023-10-04T04:20:00+00:00\" \/>\n<meta name=\"author\" content=\"sinusiks\" \/>\n<meta name=\"twitter:card\" content=\"summary_large_image\" \/>\n<meta name=\"twitter:label1\" content=\"Verfasst von\" \/>\n\t<meta name=\"twitter:data1\" content=\"sinusiks\" \/>\n\t<meta name=\"twitter:label2\" content=\"Gesch\u00e4tzte Lesezeit\" \/>\n\t<meta name=\"twitter:data2\" content=\"2\u00a0Minuten\" \/>\n<script type=\"application\/ld+json\" class=\"yoast-schema-graph\">{\"@context\":\"https:\/\/schema.org\",\"@graph\":[{\"@type\":\"WebPage\",\"@id\":\"https:\/\/viva.racunalniske-novice.com\/zmogljivi-procesor-apple-m3-kmalu-na-voljo-tako-za-macbook-in-ipad\/\",\"url\":\"https:\/\/viva.racunalniske-novice.com\/zmogljivi-procesor-apple-m3-kmalu-na-voljo-tako-za-macbook-in-ipad\/\",\"name\":\"Procesor Apple M3 kmalu na voljo za MacBooke in iPade - Ra\u010dunalni\u0161ke novice\",\"isPartOf\":{\"@id\":\"https:\/\/viva.racunalniske-novice.com\/en\/#website\"},\"datePublished\":\"2023-10-04T04:20:00+00:00\",\"dateModified\":\"2023-10-04T04:20:00+00:00\",\"author\":{\"@id\":\"https:\/\/viva.racunalniske-novice.com\/en\/#\/schema\/person\/afb62e36efa34516d50249517e4cdbb4\"},\"breadcrumb\":{\"@id\":\"https:\/\/viva.racunalniske-novice.com\/zmogljivi-procesor-apple-m3-kmalu-na-voljo-tako-za-macbook-in-ipad\/#breadcrumb\"},\"inLanguage\":\"de\",\"potentialAction\":[{\"@type\":\"ReadAction\",\"target\":[\"https:\/\/viva.racunalniske-novice.com\/zmogljivi-procesor-apple-m3-kmalu-na-voljo-tako-za-macbook-in-ipad\/\"]}]},{\"@type\":\"BreadcrumbList\",\"@id\":\"https:\/\/viva.racunalniske-novice.com\/zmogljivi-procesor-apple-m3-kmalu-na-voljo-tako-za-macbook-in-ipad\/#breadcrumb\",\"itemListElement\":[{\"@type\":\"ListItem\",\"position\":1,\"name\":\"Home\",\"item\":\"https:\/\/viva.racunalniske-novice.com\/en\/\"},{\"@type\":\"ListItem\",\"position\":2,\"name\":\"Procesor Apple M3 kmalu na voljo za MacBooke in iPade\"}]},{\"@type\":\"WebSite\",\"@id\":\"https:\/\/viva.racunalniske-novice.com\/en\/#website\",\"url\":\"https:\/\/viva.racunalniske-novice.com\/en\/\",\"name\":\"Ra\u010dunalni\u0161ke novice\",\"description\":\"\",\"potentialAction\":[{\"@type\":\"SearchAction\",\"target\":{\"@type\":\"EntryPoint\",\"urlTemplate\":\"https:\/\/viva.racunalniske-novice.com\/en\/?s={search_term_string}\"},\"query-input\":\"required name=search_term_string\"}],\"inLanguage\":\"de\"},{\"@type\":\"Person\",\"@id\":\"https:\/\/viva.racunalniske-novice.com\/en\/#\/schema\/person\/afb62e36efa34516d50249517e4cdbb4\",\"name\":\"sinusiks\",\"sameAs\":[\"https:\/\/ml.racunalniske-novice.com\"],\"url\":\"https:\/\/viva.racunalniske-novice.com\/de\/author\/sinusiks\/\"}]}<\/script>\n<!-- \/ Yoast SEO plugin. -->","yoast_head_json":{"title":"Procesor Apple M3 kmalu na voljo za MacBooke in iPade - Ra\u010dunalni\u0161ke novice","description":"Revolucionarni procesor Apple M2 Ultra je bil predstavljen na leto\u0161njem junijskem dogodku WWDC 2023. Apple M2 Ultra je opisan kot najmo\u010dnej\u0161i procesor, kar jih je Apple kdajkoli ustvaril.","robots":{"index":"index","follow":"follow","max-snippet":"max-snippet:-1","max-image-preview":"max-image-preview:large","max-video-preview":"max-video-preview:-1"},"canonical":"https:\/\/viva.racunalniske-novice.com\/de\/wp-json\/wp\/v2\/posts\/660","og_locale":"de_DE","og_type":"article","og_title":"Procesor Apple M3 kmalu na voljo za MacBooke in iPade - Ra\u010dunalni\u0161ke novice","og_description":"\u010cip Apple M3 uradno \u0161e ni bil napovedan, vendar viri trdijo, da bi lahko bil na voljo \u017ee do konca leta 2023 ali na za\u010detku naslednjega.&nbsp;Doslej razkriti (neuradni) podatki namigujejo, da bo \u010dip M3 prihodnjim ra\u010dunalnikom Apple prinesel velik skok v mo\u010di in u\u010dinkovitosti. Ker pa Apple javno ni povedal \u0161e ni\u010desar, je najbolje, da [&hellip;]","og_url":"https:\/\/viva.racunalniske-novice.com\/de\/leistungsstarker-apple-m3-prozessor-bald-fur-macbook-und-ipad-erhaltlich\/","og_site_name":"Ra\u010dunalni\u0161ke novice","article_published_time":"2023-10-04T04:20:00+00:00","author":"sinusiks","twitter_card":"summary_large_image","twitter_misc":{"Verfasst von":"sinusiks","Gesch\u00e4tzte Lesezeit":"2\u00a0Minuten"},"schema":{"@context":"https:\/\/schema.org","@graph":[{"@type":"WebPage","@id":"https:\/\/viva.racunalniske-novice.com\/zmogljivi-procesor-apple-m3-kmalu-na-voljo-tako-za-macbook-in-ipad\/","url":"https:\/\/viva.racunalniske-novice.com\/zmogljivi-procesor-apple-m3-kmalu-na-voljo-tako-za-macbook-in-ipad\/","name":"Procesor Apple M3 kmalu na voljo za MacBooke in iPade - Ra\u010dunalni\u0161ke novice","isPartOf":{"@id":"https:\/\/viva.racunalniske-novice.com\/en\/#website"},"datePublished":"2023-10-04T04:20:00+00:00","dateModified":"2023-10-04T04:20:00+00:00","author":{"@id":"https:\/\/viva.racunalniske-novice.com\/en\/#\/schema\/person\/afb62e36efa34516d50249517e4cdbb4"},"breadcrumb":{"@id":"https:\/\/viva.racunalniske-novice.com\/zmogljivi-procesor-apple-m3-kmalu-na-voljo-tako-za-macbook-in-ipad\/#breadcrumb"},"inLanguage":"de","potentialAction":[{"@type":"ReadAction","target":["https:\/\/viva.racunalniske-novice.com\/zmogljivi-procesor-apple-m3-kmalu-na-voljo-tako-za-macbook-in-ipad\/"]}]},{"@type":"BreadcrumbList","@id":"https:\/\/viva.racunalniske-novice.com\/zmogljivi-procesor-apple-m3-kmalu-na-voljo-tako-za-macbook-in-ipad\/#breadcrumb","itemListElement":[{"@type":"ListItem","position":1,"name":"Home","item":"https:\/\/viva.racunalniske-novice.com\/en\/"},{"@type":"ListItem","position":2,"name":"Procesor Apple M3 kmalu na voljo za MacBooke in iPade"}]},{"@type":"WebSite","@id":"https:\/\/viva.racunalniske-novice.com\/en\/#website","url":"https:\/\/viva.racunalniske-novice.com\/en\/","name":"Ra\u010dunalni\u0161ke novice","description":"","potentialAction":[{"@type":"SearchAction","target":{"@type":"EntryPoint","urlTemplate":"https:\/\/viva.racunalniske-novice.com\/en\/?s={search_term_string}"},"query-input":"required name=search_term_string"}],"inLanguage":"de"},{"@type":"Person","@id":"https:\/\/viva.racunalniske-novice.com\/en\/#\/schema\/person\/afb62e36efa34516d50249517e4cdbb4","name":"sinusiks","sameAs":["https:\/\/ml.racunalniske-novice.com"],"url":"https:\/\/viva.racunalniske-novice.com\/de\/author\/sinusiks\/"}]}},"_links":{"self":[{"href":"https:\/\/viva.racunalniske-novice.com\/de\/wp-json\/wp\/v2\/posts\/660","targetHints":{"allow":["GET"]}}],"collection":[{"href":"https:\/\/viva.racunalniske-novice.com\/de\/wp-json\/wp\/v2\/posts"}],"about":[{"href":"https:\/\/viva.racunalniske-novice.com\/de\/wp-json\/wp\/v2\/types\/post"}],"author":[{"embeddable":true,"href":"https:\/\/viva.racunalniske-novice.com\/de\/wp-json\/wp\/v2\/users\/2"}],"replies":[{"embeddable":true,"href":"https:\/\/viva.racunalniske-novice.com\/de\/wp-json\/wp\/v2\/comments?post=660"}],"version-history":[{"count":0,"href":"https:\/\/viva.racunalniske-novice.com\/de\/wp-json\/wp\/v2\/posts\/660\/revisions"}],"wp:attachment":[{"href":"https:\/\/viva.racunalniske-novice.com\/de\/wp-json\/wp\/v2\/media?parent=660"}],"wp:term":[{"taxonomy":"category","embeddable":true,"href":"https:\/\/viva.racunalniske-novice.com\/de\/wp-json\/wp\/v2\/categories?post=660"},{"taxonomy":"post_tag","embeddable":true,"href":"https:\/\/viva.racunalniske-novice.com\/de\/wp-json\/wp\/v2\/tags?post=660"}],"curies":[{"name":"wp","href":"https:\/\/api.w.org\/{rel}","templated":true}]}}