{"id":7267,"date":"2026-03-14T10:00:00","date_gmt":"2026-03-14T09:00:00","guid":{"rendered":"https:\/\/viva.racunalniske-novice.com\/cene-elektricnih-avtomobilov-v-eu-prvic-padajo-ali-bo-to-pospesilo-prehod-na-ev\/"},"modified":"2026-03-14T10:00:00","modified_gmt":"2026-03-14T09:00:00","slug":"cene-elektricnih-avtomobilov-v-eu-prvic-padajo-ali-bo-to-pospesilo-prehod-na-ev","status":"publish","type":"post","link":"https:\/\/viva.racunalniske-novice.com\/de\/die-preise-fur-elektroautos-in-der-eu-sinken-erstmals-wird-dies-den-ubergang-zu-elektrofahrzeugen-beschleunigen\/","title":{"rendered":"Die Preise f\u00fcr Elektroautos in der EU sinken erstmals \u2013 wird dies den \u00dcbergang zu Elektrofahrzeugen beschleunigen?"},"content":{"rendered":"<p>Nach jahrelang steigenden Preisen sind die Preise f\u00fcr Elektroautos in der Europ\u00e4ischen Union nun gesunken. Neue Daten zeigen, dass der Durchschnittspreis eines Elektrofahrzeugs im vergangenen Jahr um rund 1.800 Euro gefallen ist, was darauf hindeutet, dass Elektroautos bald preislich mit Benzin- oder Dieselfahrzeugen vergleichbar sein k\u00f6nnten.<\/p>\n\n\n\n<p>Die Preise sinken zum ersten Mal seit 2020<\/p>\n\n\n\n<p>Einer Analyse von Transport &amp; Environment (T&amp;E) zufolge wird der Durchschnittspreis f\u00fcr ein Elektroauto in der EU im Jahr 2025 um rund 4 % auf 42.700 \u20ac sinken. Dies ist der erste Preisr\u00fcckgang seit 2020.<\/p>\n\n\n\n<p>Der Hauptgrund f\u00fcr die Ver\u00e4nderung liegt in der Einf\u00fchrung neuer, g\u00fcnstigerer Modelle in kleineren Fahrzeugsegmenten. Im B-Segment, zu dem kleinere Stadtautos geh\u00f6ren, sanken die Durchschnittspreise um rund 13.140 Euro. Zu den Modellen, die dazu beitrugen, z\u00e4hlen der Citro\u00ebn C3 und der neue Renault 5.<\/p>\n\n\n\n<p>Diese Modelle sind genau zu dem Zeitpunkt auf den Markt gekommen, an dem die Hersteller die strengeren europ\u00e4ischen CO\u2082-Emissionsziele f\u00fcr den Zeitraum 2025-2027 erf\u00fcllen m\u00fcssen.<\/p>\n\n\n\n<figure class=\"wp-block-image is-resized\"><img decoding=\"async\" src=\"https:\/\/transforms.transportenvironment.org\/production\/images\/PR-2024-25-cost-allocation-BEV-price@2x.png?w=1024&amp;q=75&amp;fm=webp&amp;fit=crop&amp;dm=1773237094&amp;s=574dbdc55d6143382ceb513f01b8a363\" alt=\"\" width=\"840\" height=\"732\"\/><figcaption>Quelle: T&amp;E<\/figcaption><\/figure>\n\n\n\n<h2 class=\"wp-block-heading\">Die Rolle der europ\u00e4ischen Emissionsziele<\/h2>\n\n\n\n<p>Analysten zufolge zwingen die europ\u00e4ischen Emissionsziele die Hersteller dazu, erschwinglichere Elektroautos auf den Markt zu bringen. In den Vorjahren, als die Ziele weniger streng waren, konzentrierten sich viele Hersteller vor allem auf gr\u00f6\u00dfere, teurere Elektromodelle mit h\u00f6heren Gewinnmargen.<\/p>\n\n\n\n<p>Zwischen 2020 und 2024 stieg der Durchschnittspreis f\u00fcr Elektroautos in der EU sogar um rund 5.000 Euro, obwohl die Batterie- und Produktionskosten allm\u00e4hlich sanken.<\/p>\n\n\n\n<p><strong>Lucien Mathieu<\/strong> T&amp;E betont, dass die aktuellen Ziele bereits konkrete Ergebnisse liefern: \u201eDie europ\u00e4ischen CO\u2082-Ziele machen Elektroautos tats\u00e4chlich g\u00fcnstiger. Wenn wir die Ziele f\u00fcr 2030 nicht senken, wird der Kauf eines Elektrofahrzeugs bald g\u00fcnstiger sein als der Kauf eines Benziners.\u201c<\/p>\n\n\n\n<figure class=\"wp-block-image is-resized\"><img decoding=\"async\" src=\"https:\/\/transforms.transportenvironment.org\/production\/images\/image1_2026-03-06-133039_ryee.png?w=1024&amp;q=75&amp;fm=webp&amp;fit=crop&amp;dm=1772803839&amp;s=6059e264a942195139ba37a06d6ffd1e\" alt=\"\" width=\"840\" height=\"606\"\/><figcaption>Quelle: T&amp;E<\/figcaption><\/figure>\n\n\n\n<h2 class=\"wp-block-heading\">Die Hersteller erreichen ihre Ziele bereits.<\/h2>\n\n\n\n<p>Die Analyse zeigt auch, dass Hersteller, die rund die H\u00e4lfte des europ\u00e4ischen Marktes repr\u00e4sentieren, ihre Emissionsziele f\u00fcr den Zeitraum 2025-2027 bereits erreicht haben \u2013 zwei Jahre fr\u00fcher als geplant.<\/p>\n\n\n\n<p>Renault und Volkswagen liegen derzeit noch etwas zur\u00fcck, werden ihre Ziele aber voraussichtlich ebenfalls bis 2027 erreichen.<\/p>\n\n\n\n<h2 class=\"wp-block-heading\">Wann werden Elektroautos g\u00fcnstiger sein als herk\u00f6mmliche Autos?<\/h2>\n\n\n\n<p>Laut der Analyse haben Elektroautos in den gr\u00f6\u00dferen Segmenten D und E bereits die Preisparit\u00e4t mit Fahrzeugen mit Verbrennungsmotor erreicht. In den kleineren Segmenten A, B und C k\u00f6nnte dies bis 2030 der Fall sein, wenn die Einsparungen in der Produktion an die Verbraucher weitergegeben werden.<\/p>\n\n\n\n<p>Dieses Szenario ist jedoch nicht garantiert. Die Europ\u00e4ische Kommission erw\u00e4gt eine Lockerung der Ziele f\u00fcr 2030, was den Herstellern mehr Spielraum bei der Erf\u00fcllung der Emissionsvorgaben geben w\u00fcrde.<\/p>\n\n\n\n<figure class=\"wp-block-image\"><img decoding=\"async\" src=\"https:\/\/transforms.transportenvironment.org\/production\/images\/image2_2026-03-06-133126_fzci.png?w=1024&amp;q=75&amp;fm=webp&amp;fit=crop&amp;dm=1772803886&amp;s=19b7b5fba5fc178190fa4ab9b7245afe\" alt=\"\"\/><figcaption>Quelle: T&amp;E<\/figcaption><\/figure>\n\n\n\n<h2 class=\"wp-block-heading\">Risiko eines langsameren \u00dcbergangs<\/h2>\n\n\n\n<p>Werden die Ziele f\u00fcr 2030 abgeschw\u00e4cht, k\u00f6nnte sich der \u00dcbergang zu Elektrofahrzeugen deutlich verlangsamen. Laut Sch\u00e4tzungen von T&amp;E w\u00fcrde der Anteil von Elektroautos am Gesamtabsatz von % im Jahr 2030 dann nur noch bei etwa 47 % liegen, statt der erwarteten 57 %. Bei einer weiteren Lockerung der Anforderungen k\u00f6nnte der Anteil sogar auf rund 32 % sinken.<\/p>\n\n\n\n<p>Analysten zufolge w\u00fcrde eine solche Entwicklung die Elektrifizierung des europ\u00e4ischen Automobilmarktes verlangsamen und die Wettbewerbsf\u00e4higkeit der EU im globalen Wettlauf um Elektrofahrzeuge schw\u00e4chen.<\/p>\n\n\n\n<p>Aktuelle Trends zeigen, dass Elektroautos in Europa zunehmend f\u00fcr eine breitere K\u00e4uferschicht erschwinglich werden. Die Geschwindigkeit dieses \u00dcbergangs wird jedoch ma\u00dfgeblich von politischen Entscheidungen in Br\u00fcssel abh\u00e4ngen \u2013 insbesondere davon, ob die Emissionsziele weiterhin ambitioniert genug bleiben, um die Hersteller zur Entwicklung erschwinglicher Elektromodelle zu motivieren.<\/p>","protected":false},"excerpt":{"rendered":"<p>Po ve\u010d letih rasti so se cene elektri\u010dnih avtomobilov v Evropski uniji za\u010dele zni\u017eevati. Novi podatki ka\u017eejo, da je povpre\u010dna cena elektri\u010dnega vozila lani padla za pribli\u017eno 1.800 evrov, kar nakazuje, da bi elektri\u010dni avtomobili lahko kmalu postali cenovno primerljivi z vozili na bencin ali dizel. Cene prvi\u010d padajo po letu 2020 Po analizi organizacije [&hellip;]<\/p>","protected":false},"author":2,"featured_media":0,"comment_status":"","ping_status":"open","sticky":false,"template":"","format":"standard","meta":{"_acf_changed":false,"footnotes":""},"categories":[6],"tags":[226],"class_list":["post-7267","post","type-post","status-publish","format-standard","hentry","category-avtomoto","tag-elektricni-avtomobili"],"acf":{"subtitle":"Elektri\u010dni avtomobili v Evropi prvi\u010d po ve\u010d letih postajajo cenej\u0161i. Nova analiza ka\u017ee, da stro\u017eji emisijski cilji EU proizvajalce silijo k lansiranju dostopnej\u0161ih modelov, kar bi lahko do konca desetletja izena\u010dilo ceno z avtomobili na bencin.","heading":"","summary":"Elektri\u010dni avtomobili v Evropi prvi\u010d po ve\u010d letih postajajo cenej\u0161i. Nova analiza ka\u017ee, da stro\u017eji emisijski cilji EU proizvajalce silijo k lansiranju dostopnej\u0161ih modelov, kar bi lahko do konca desetletja izena\u010dilo ceno z avtomobili na bencin.","thumbnail_small":"https:\/\/racunalniske-novice.com\/wp-content\/uploads\/2026\/03\/eldo-rafael-iLrMw5v4afE-unsplash-560x315.jpg","thumbnail_large":"https:\/\/racunalniske-novice.com\/wp-content\/uploads\/2026\/03\/eldo-rafael-iLrMw5v4afE-unsplash-1024x576.jpg","thumbnail_caption":"","gallery":"","video_gallery":null,"author":"","links":null,"sources":[{"title":"Transport Environment","url":"https:\/\/www.transportenvironment.org\/articles\/electric-car-average-price-falls-by-eur1-800-as-carmakers-release-affordable-models-to-meet-eu-target-analysis"},{"title":"Unsplash","url":"https:\/\/unsplash.com\/photos\/a-group-of-gas-pumps-sitting-next-to-each-other-iLrMw5v4afE"}],"skip_language":[]},"yoast_head":"<!-- This site is optimized with the Yoast SEO plugin v22.8 - https:\/\/yoast.com\/wordpress\/plugins\/seo\/ -->\n<title>Cene elektri\u010dnih avtomobilov v EU prvi\u010d padajo \u2013 ali bo to pospe\u0161ilo prehod na EV? - Ra\u010dunalni\u0161ke novice<\/title>\n<meta name=\"description\" content=\"Elektri\u010dni avtomobili v Evropi prvi\u010d po ve\u010d letih postajajo cenej\u0161i. Nova analiza ka\u017ee, da stro\u017eji emisijski cilji EU proizvajalce silijo k lansiranju dostopnej\u0161ih modelov, kar bi lahko do konca deset\" \/>\n<meta name=\"robots\" content=\"index, follow, max-snippet:-1, max-image-preview:large, max-video-preview:-1\" \/>\n<link rel=\"canonical\" href=\"https:\/\/viva.racunalniske-novice.com\/de\/wp-json\/wp\/v2\/posts\/7267\" \/>\n<meta property=\"og:locale\" content=\"de_DE\" \/>\n<meta property=\"og:type\" content=\"article\" \/>\n<meta property=\"og:title\" content=\"Cene elektri\u010dnih avtomobilov v EU prvi\u010d padajo \u2013 ali bo to pospe\u0161ilo prehod na EV? - Ra\u010dunalni\u0161ke novice\" \/>\n<meta property=\"og:description\" content=\"Po ve\u010d letih rasti so se cene elektri\u010dnih avtomobilov v Evropski uniji za\u010dele zni\u017eevati. Novi podatki ka\u017eejo, da je povpre\u010dna cena elektri\u010dnega vozila lani padla za pribli\u017eno 1.800 evrov, kar nakazuje, da bi elektri\u010dni avtomobili lahko kmalu postali cenovno primerljivi z vozili na bencin ali dizel. Cene prvi\u010d padajo po letu 2020 Po analizi organizacije [&hellip;]\" \/>\n<meta property=\"og:url\" content=\"https:\/\/viva.racunalniske-novice.com\/de\/die-preise-fur-elektroautos-in-der-eu-sinken-erstmals-wird-dies-den-ubergang-zu-elektrofahrzeugen-beschleunigen\/\" \/>\n<meta property=\"og:site_name\" content=\"Ra\u010dunalni\u0161ke novice\" \/>\n<meta property=\"article:published_time\" content=\"2026-03-14T09:00:00+00:00\" \/>\n<meta property=\"og:image\" content=\"https:\/\/transforms.transportenvironment.org\/production\/images\/PR-2024-25-cost-allocation-BEV-price@2x.png?w=1024&amp;q=75&amp;fm=webp&amp;fit=crop&amp;dm=1773237094&amp;s=574dbdc55d6143382ceb513f01b8a363\" \/>\n<meta name=\"author\" content=\"sinusiks\" \/>\n<meta name=\"twitter:card\" content=\"summary_large_image\" \/>\n<meta name=\"twitter:label1\" content=\"Verfasst von\" \/>\n\t<meta name=\"twitter:data1\" content=\"sinusiks\" \/>\n\t<meta name=\"twitter:label2\" content=\"Gesch\u00e4tzte Lesezeit\" \/>\n\t<meta name=\"twitter:data2\" content=\"3\u00a0Minuten\" \/>\n<script type=\"application\/ld+json\" class=\"yoast-schema-graph\">{\"@context\":\"https:\/\/schema.org\",\"@graph\":[{\"@type\":\"WebPage\",\"@id\":\"https:\/\/viva.racunalniske-novice.com\/cene-elektricnih-avtomobilov-v-eu-prvic-padajo-ali-bo-to-pospesilo-prehod-na-ev\/\",\"url\":\"https:\/\/viva.racunalniske-novice.com\/cene-elektricnih-avtomobilov-v-eu-prvic-padajo-ali-bo-to-pospesilo-prehod-na-ev\/\",\"name\":\"Cene elektri\u010dnih avtomobilov v EU prvi\u010d padajo \u2013 ali bo to pospe\u0161ilo prehod na EV? - Ra\u010dunalni\u0161ke novice\",\"isPartOf\":{\"@id\":\"https:\/\/viva.racunalniske-novice.com\/en\/#website\"},\"primaryImageOfPage\":{\"@id\":\"https:\/\/viva.racunalniske-novice.com\/cene-elektricnih-avtomobilov-v-eu-prvic-padajo-ali-bo-to-pospesilo-prehod-na-ev\/#primaryimage\"},\"image\":{\"@id\":\"https:\/\/viva.racunalniske-novice.com\/cene-elektricnih-avtomobilov-v-eu-prvic-padajo-ali-bo-to-pospesilo-prehod-na-ev\/#primaryimage\"},\"thumbnailUrl\":\"https:\/\/transforms.transportenvironment.org\/production\/images\/PR-2024-25-cost-allocation-BEV-price@2x.png?w=1024&amp;q=75&amp;fm=webp&amp;fit=crop&amp;dm=1773237094&amp;s=574dbdc55d6143382ceb513f01b8a363\",\"datePublished\":\"2026-03-14T09:00:00+00:00\",\"dateModified\":\"2026-03-14T09:00:00+00:00\",\"author\":{\"@id\":\"https:\/\/viva.racunalniske-novice.com\/en\/#\/schema\/person\/afb62e36efa34516d50249517e4cdbb4\"},\"breadcrumb\":{\"@id\":\"https:\/\/viva.racunalniske-novice.com\/cene-elektricnih-avtomobilov-v-eu-prvic-padajo-ali-bo-to-pospesilo-prehod-na-ev\/#breadcrumb\"},\"inLanguage\":\"de\",\"potentialAction\":[{\"@type\":\"ReadAction\",\"target\":[\"https:\/\/viva.racunalniske-novice.com\/cene-elektricnih-avtomobilov-v-eu-prvic-padajo-ali-bo-to-pospesilo-prehod-na-ev\/\"]}]},{\"@type\":\"ImageObject\",\"inLanguage\":\"de\",\"@id\":\"https:\/\/viva.racunalniske-novice.com\/cene-elektricnih-avtomobilov-v-eu-prvic-padajo-ali-bo-to-pospesilo-prehod-na-ev\/#primaryimage\",\"url\":\"https:\/\/transforms.transportenvironment.org\/production\/images\/PR-2024-25-cost-allocation-BEV-price@2x.png?w=1024&amp;q=75&amp;fm=webp&amp;fit=crop&amp;dm=1773237094&amp;s=574dbdc55d6143382ceb513f01b8a363\",\"contentUrl\":\"https:\/\/transforms.transportenvironment.org\/production\/images\/PR-2024-25-cost-allocation-BEV-price@2x.png?w=1024&amp;q=75&amp;fm=webp&amp;fit=crop&amp;dm=1773237094&amp;s=574dbdc55d6143382ceb513f01b8a363\"},{\"@type\":\"BreadcrumbList\",\"@id\":\"https:\/\/viva.racunalniske-novice.com\/cene-elektricnih-avtomobilov-v-eu-prvic-padajo-ali-bo-to-pospesilo-prehod-na-ev\/#breadcrumb\",\"itemListElement\":[{\"@type\":\"ListItem\",\"position\":1,\"name\":\"Home\",\"item\":\"https:\/\/viva.racunalniske-novice.com\/en\/\"},{\"@type\":\"ListItem\",\"position\":2,\"name\":\"Cene elektri\u010dnih avtomobilov v EU prvi\u010d padajo \u2013 ali bo to pospe\u0161ilo prehod na EV?\"}]},{\"@type\":\"WebSite\",\"@id\":\"https:\/\/viva.racunalniske-novice.com\/en\/#website\",\"url\":\"https:\/\/viva.racunalniske-novice.com\/en\/\",\"name\":\"Ra\u010dunalni\u0161ke novice\",\"description\":\"\",\"potentialAction\":[{\"@type\":\"SearchAction\",\"target\":{\"@type\":\"EntryPoint\",\"urlTemplate\":\"https:\/\/viva.racunalniske-novice.com\/en\/?s={search_term_string}\"},\"query-input\":\"required name=search_term_string\"}],\"inLanguage\":\"de\"},{\"@type\":\"Person\",\"@id\":\"https:\/\/viva.racunalniske-novice.com\/en\/#\/schema\/person\/afb62e36efa34516d50249517e4cdbb4\",\"name\":\"sinusiks\",\"sameAs\":[\"https:\/\/ml.racunalniske-novice.com\"],\"url\":\"https:\/\/viva.racunalniske-novice.com\/de\/author\/sinusiks\/\"}]}<\/script>\n<!-- \/ Yoast SEO plugin. -->","yoast_head_json":{"title":"Cene elektri\u010dnih avtomobilov v EU prvi\u010d padajo \u2013 ali bo to pospe\u0161ilo prehod na EV? - Ra\u010dunalni\u0161ke novice","description":"Elektri\u010dni avtomobili v Evropi prvi\u010d po ve\u010d letih postajajo cenej\u0161i. Nova analiza ka\u017ee, da stro\u017eji emisijski cilji EU proizvajalce silijo k lansiranju dostopnej\u0161ih modelov, kar bi lahko do konca deset","robots":{"index":"index","follow":"follow","max-snippet":"max-snippet:-1","max-image-preview":"max-image-preview:large","max-video-preview":"max-video-preview:-1"},"canonical":"https:\/\/viva.racunalniske-novice.com\/de\/wp-json\/wp\/v2\/posts\/7267","og_locale":"de_DE","og_type":"article","og_title":"Cene elektri\u010dnih avtomobilov v EU prvi\u010d padajo \u2013 ali bo to pospe\u0161ilo prehod na EV? - Ra\u010dunalni\u0161ke novice","og_description":"Po ve\u010d letih rasti so se cene elektri\u010dnih avtomobilov v Evropski uniji za\u010dele zni\u017eevati. Novi podatki ka\u017eejo, da je povpre\u010dna cena elektri\u010dnega vozila lani padla za pribli\u017eno 1.800 evrov, kar nakazuje, da bi elektri\u010dni avtomobili lahko kmalu postali cenovno primerljivi z vozili na bencin ali dizel. Cene prvi\u010d padajo po letu 2020 Po analizi organizacije [&hellip;]","og_url":"https:\/\/viva.racunalniske-novice.com\/de\/die-preise-fur-elektroautos-in-der-eu-sinken-erstmals-wird-dies-den-ubergang-zu-elektrofahrzeugen-beschleunigen\/","og_site_name":"Ra\u010dunalni\u0161ke novice","article_published_time":"2026-03-14T09:00:00+00:00","og_image":[{"url":"https:\/\/transforms.transportenvironment.org\/production\/images\/PR-2024-25-cost-allocation-BEV-price@2x.png?w=1024&amp;q=75&amp;fm=webp&amp;fit=crop&amp;dm=1773237094&amp;s=574dbdc55d6143382ceb513f01b8a363"}],"author":"sinusiks","twitter_card":"summary_large_image","twitter_misc":{"Verfasst von":"sinusiks","Gesch\u00e4tzte Lesezeit":"3\u00a0Minuten"},"schema":{"@context":"https:\/\/schema.org","@graph":[{"@type":"WebPage","@id":"https:\/\/viva.racunalniske-novice.com\/cene-elektricnih-avtomobilov-v-eu-prvic-padajo-ali-bo-to-pospesilo-prehod-na-ev\/","url":"https:\/\/viva.racunalniske-novice.com\/cene-elektricnih-avtomobilov-v-eu-prvic-padajo-ali-bo-to-pospesilo-prehod-na-ev\/","name":"Cene elektri\u010dnih avtomobilov v EU prvi\u010d padajo \u2013 ali bo to pospe\u0161ilo prehod na EV? - Ra\u010dunalni\u0161ke novice","isPartOf":{"@id":"https:\/\/viva.racunalniske-novice.com\/en\/#website"},"primaryImageOfPage":{"@id":"https:\/\/viva.racunalniske-novice.com\/cene-elektricnih-avtomobilov-v-eu-prvic-padajo-ali-bo-to-pospesilo-prehod-na-ev\/#primaryimage"},"image":{"@id":"https:\/\/viva.racunalniske-novice.com\/cene-elektricnih-avtomobilov-v-eu-prvic-padajo-ali-bo-to-pospesilo-prehod-na-ev\/#primaryimage"},"thumbnailUrl":"https:\/\/transforms.transportenvironment.org\/production\/images\/PR-2024-25-cost-allocation-BEV-price@2x.png?w=1024&amp;q=75&amp;fm=webp&amp;fit=crop&amp;dm=1773237094&amp;s=574dbdc55d6143382ceb513f01b8a363","datePublished":"2026-03-14T09:00:00+00:00","dateModified":"2026-03-14T09:00:00+00:00","author":{"@id":"https:\/\/viva.racunalniske-novice.com\/en\/#\/schema\/person\/afb62e36efa34516d50249517e4cdbb4"},"breadcrumb":{"@id":"https:\/\/viva.racunalniske-novice.com\/cene-elektricnih-avtomobilov-v-eu-prvic-padajo-ali-bo-to-pospesilo-prehod-na-ev\/#breadcrumb"},"inLanguage":"de","potentialAction":[{"@type":"ReadAction","target":["https:\/\/viva.racunalniske-novice.com\/cene-elektricnih-avtomobilov-v-eu-prvic-padajo-ali-bo-to-pospesilo-prehod-na-ev\/"]}]},{"@type":"ImageObject","inLanguage":"de","@id":"https:\/\/viva.racunalniske-novice.com\/cene-elektricnih-avtomobilov-v-eu-prvic-padajo-ali-bo-to-pospesilo-prehod-na-ev\/#primaryimage","url":"https:\/\/transforms.transportenvironment.org\/production\/images\/PR-2024-25-cost-allocation-BEV-price@2x.png?w=1024&amp;q=75&amp;fm=webp&amp;fit=crop&amp;dm=1773237094&amp;s=574dbdc55d6143382ceb513f01b8a363","contentUrl":"https:\/\/transforms.transportenvironment.org\/production\/images\/PR-2024-25-cost-allocation-BEV-price@2x.png?w=1024&amp;q=75&amp;fm=webp&amp;fit=crop&amp;dm=1773237094&amp;s=574dbdc55d6143382ceb513f01b8a363"},{"@type":"BreadcrumbList","@id":"https:\/\/viva.racunalniske-novice.com\/cene-elektricnih-avtomobilov-v-eu-prvic-padajo-ali-bo-to-pospesilo-prehod-na-ev\/#breadcrumb","itemListElement":[{"@type":"ListItem","position":1,"name":"Home","item":"https:\/\/viva.racunalniske-novice.com\/en\/"},{"@type":"ListItem","position":2,"name":"Cene elektri\u010dnih avtomobilov v EU prvi\u010d padajo \u2013 ali bo to pospe\u0161ilo prehod na EV?"}]},{"@type":"WebSite","@id":"https:\/\/viva.racunalniske-novice.com\/en\/#website","url":"https:\/\/viva.racunalniske-novice.com\/en\/","name":"Ra\u010dunalni\u0161ke novice","description":"","potentialAction":[{"@type":"SearchAction","target":{"@type":"EntryPoint","urlTemplate":"https:\/\/viva.racunalniske-novice.com\/en\/?s={search_term_string}"},"query-input":"required name=search_term_string"}],"inLanguage":"de"},{"@type":"Person","@id":"https:\/\/viva.racunalniske-novice.com\/en\/#\/schema\/person\/afb62e36efa34516d50249517e4cdbb4","name":"sinusiks","sameAs":["https:\/\/ml.racunalniske-novice.com"],"url":"https:\/\/viva.racunalniske-novice.com\/de\/author\/sinusiks\/"}]}},"_links":{"self":[{"href":"https:\/\/viva.racunalniske-novice.com\/de\/wp-json\/wp\/v2\/posts\/7267","targetHints":{"allow":["GET"]}}],"collection":[{"href":"https:\/\/viva.racunalniske-novice.com\/de\/wp-json\/wp\/v2\/posts"}],"about":[{"href":"https:\/\/viva.racunalniske-novice.com\/de\/wp-json\/wp\/v2\/types\/post"}],"author":[{"embeddable":true,"href":"https:\/\/viva.racunalniske-novice.com\/de\/wp-json\/wp\/v2\/users\/2"}],"replies":[{"embeddable":true,"href":"https:\/\/viva.racunalniske-novice.com\/de\/wp-json\/wp\/v2\/comments?post=7267"}],"version-history":[{"count":0,"href":"https:\/\/viva.racunalniske-novice.com\/de\/wp-json\/wp\/v2\/posts\/7267\/revisions"}],"wp:attachment":[{"href":"https:\/\/viva.racunalniske-novice.com\/de\/wp-json\/wp\/v2\/media?parent=7267"}],"wp:term":[{"taxonomy":"category","embeddable":true,"href":"https:\/\/viva.racunalniske-novice.com\/de\/wp-json\/wp\/v2\/categories?post=7267"},{"taxonomy":"post_tag","embeddable":true,"href":"https:\/\/viva.racunalniske-novice.com\/de\/wp-json\/wp\/v2\/tags?post=7267"}],"curies":[{"name":"wp","href":"https:\/\/api.w.org\/{rel}","templated":true}]}}