{"id":7493,"date":"2026-04-21T19:22:44","date_gmt":"2026-04-21T17:22:44","guid":{"rendered":"https:\/\/viva.racunalniske-novice.com\/energetska-kriza-spreminja-evropo-vec-dela-od-doma-in-skok-prodaje-elektricnih-vozil\/"},"modified":"2026-04-21T19:22:44","modified_gmt":"2026-04-21T17:22:44","slug":"energetska-kriza-spreminja-evropo-vec-dela-od-doma-in-skok-prodaje-elektricnih-vozil","status":"publish","type":"post","link":"https:\/\/viva.racunalniske-novice.com\/de\/die-energiekrise-verandert-europa-mehr-homeoffice-und-ein-sprunghafter-anstieg-der-verkaufe-von-elektrofahrzeugen\/","title":{"rendered":"Die Energiekrise ver\u00e4ndert Europa: mehr Homeoffice und ein sprunghafter Anstieg der Verk\u00e4ufe von Elektrofahrzeugen."},"content":{"rendered":"<h2 class=\"wp-block-heading\">Br\u00fcssel schl\u00e4gt mehr Homeoffice vor.<\/h2>\n\n\n\n<p>Die Europ\u00e4ische Kommission wird n\u00e4chste Woche ein Ma\u00dfnahmenpaket zur Abmilderung der hohen Energiepreise vorstellen. Zu den Vorschl\u00e4gen geh\u00f6rt die Empfehlung, dass Unternehmen mindestens einen verpflichtenden Telearbeitstag pro Woche einf\u00fchren.<\/p>\n\n\n\n<p>Ziel ist es, den Energieverbrauch, insbesondere in B\u00fcros und im Verkehr, zu senken. Dar\u00fcber hinaus schl\u00e4gt Br\u00fcssel Folgendes vor:<\/p>\n\n\n\n<ul class=\"wp-block-list\"><li>wo immer m\u00f6glich, \u00f6ffentliche Geb\u00e4ude schlie\u00dfen<\/li><li>niedrigere Preise f\u00fcr den \u00f6ffentlichen Nahverkehr oder sogar kostenloser Transport f\u00fcr bestimmte Gruppen<\/li><li>Mehr Flexibilit\u00e4t f\u00fcr die L\u00e4nder bei der Unterst\u00fctzung von Haushalten und der Industrie.<\/li><\/ul>\n\n\n\n<p>Nach Sch\u00e4tzungen der EU hat die Energiekrise bereits zus\u00e4tzliche Kosten von mehr als 22 Milliarden Euro f\u00fcr Importe fossiler Brennstoffe verursacht.<\/p>\n\n\n\n<h2 class=\"wp-block-heading\">Elektroautos auf dem Vormarsch<\/h2>\n\n\n\n<p>W\u00e4hrend die L\u00e4nder auf politischer Ebene nach L\u00f6sungen suchen, reagieren die Verbraucher auf ihre Weise. Der Absatz von Elektrofahrzeugen in Europa w\u00e4chst rasant. Im ersten Quartal 2026 stieg die Zahl der Neuzulassungen von Elektroautos um fast 30.000 Einheiten, im M\u00e4rz sogar um mehr als 50.000 Einheiten. In den gr\u00f6\u00dften europ\u00e4ischen M\u00e4rkten \u2013 Deutschland, Frankreich, Spanien, Italien und Polen \u2013 lag das Wachstum bei \u00fcber 40.000 Einheiten. Elektroautos machten im M\u00e4rz mehr als ein F\u00fcnftel aller Neufahrzeuge aus.<\/p>\n\n\n\n<h2 class=\"wp-block-heading\">Geringere Abh\u00e4ngigkeit vom \u00d6l<\/h2>\n\n\n\n<p>Das Wachstum der Elektromobilit\u00e4t hat auch direkte Auswirkungen auf den Energiesektor. Analysten sch\u00e4tzen, dass die diesj\u00e4hrigen Verk\u00e4ufe von Elektrofahrzeugen den \u00d6lverbrauch um etwa 2 Millionen Barrel pro Jahr reduziert haben. Dies bedeutet, dass die Energiekrise nicht nur kurzfristige Ma\u00dfnahmen f\u00f6rdert, sondern auch langfristige Ver\u00e4nderungen im Energie- und Mobilit\u00e4tsbereich beschleunigt.<\/p>\n\n\n\n<h2 class=\"wp-block-heading\">Zwei Seiten derselben Geschichte<\/h2>\n\n\n\n<p>Die Entwicklungen in Europa zeigen ein interessantes Muster. Regierungen ergreifen Ma\u00dfnahmen zur Reduzierung des Energieverbrauchs, und Verbraucher \u00e4ndern ihre Gewohnheiten und Investitionen. Homeoffice und Elektromobilit\u00e4t sind daher zwei Seiten derselben Medaille \u2013 die Verringerung der Abh\u00e4ngigkeit von fossilen Brennstoffen.<\/p>\n\n\n\n<p>Die Europ\u00e4ische Kommission betont, dass die langfristige L\u00f6sung in einer Energiewende und gr\u00f6\u00dferer Energieunabh\u00e4ngigkeit liegt. Sollten sich die aktuellen Trends fortsetzen, k\u00f6nnte die Krise Ver\u00e4nderungen beschleunigen, die andernfalls Jahre dauern w\u00fcrden.<\/p>","protected":false},"excerpt":{"rendered":"<p>Bruselj predlaga ve\u010d dela od doma Evropska komisija bo prihodnji teden predstavila paket ukrepov za ubla\u017eitev visokih cen energije. Med predlogi izstopa priporo\u010dilo, naj podjetja uvedejo vsaj en obvezen dan dela na daljavo na teden. Cilj je zmanj\u0161ati porabo energije, predvsem v pisarni\u0161kih prostorih in prometu. Poleg tega Bruselj predlaga: zapiranje javnih stavb, kjer je [&hellip;]<\/p>","protected":false},"author":2,"featured_media":0,"comment_status":"","ping_status":"open","sticky":false,"template":"","format":"standard","meta":{"_acf_changed":false,"footnotes":""},"categories":[6,8],"tags":[226],"class_list":["post-7493","post","type-post","status-publish","format-standard","hentry","category-avtomoto","category-zivljenjski-slog","tag-elektricni-avtomobili"],"acf":{"subtitle":"Energetska kriza, ki jo je spro\u017eil konflikt na Bli\u017enjem vzhodu, \u017ee spreminja vsakdanje \u017eivljenje in gospodarstvo v Evropi. Bruselj pripravlja nove ukrepe za zmanj\u0161anje porabe energije, medtem ko potro\u0161niki sami pospe\u0161eno prehajajo na alternative, kot so elektri\u010dna vozila.","heading":"","summary":"Energetska kriza, ki jo je spro\u017eil konflikt na Bli\u017enjem vzhodu, \u017ee spreminja vsakdanje \u017eivljenje in gospodarstvo v Evropi. Bruselj pripravlja nove ukrepe za zmanj\u0161anje porabe energije, medtem ko potro\u0161niki sami pospe\u0161eno prehajajo na alternative, kot so elektri\u010dna vozila.","thumbnail_small":"https:\/\/racunalniske-novice.com\/wp-content\/uploads\/2026\/04\/jack-kleefman-2NfRUWRqGgA-unsplash-560x315.jpg","thumbnail_large":"https:\/\/racunalniske-novice.com\/wp-content\/uploads\/2026\/04\/jack-kleefman-2NfRUWRqGgA-unsplash-1024x678.jpg","thumbnail_caption":"","gallery":"","video_gallery":null,"author":"","links":null,"sources":[{"title":"RTE","url":"https:\/\/www.rte.ie\/news\/business\/2026\/0420\/1569110-european-ev-sales\/#:~:text=New%20battery%2Delectric%20vehicle%20(BEV)%20registrations%2C%20a%20proxy,firm%20New%20Automotive%20showed%20today."},{"title":"ARA","url":"https:\/\/en.ara.cat\/economy\/brussels-studies-proposing-that-companies-that-can-establish-day-of-teleworking-for-the-energy-crisis_1_5708441.html"},{"title":"Unsplash","url":"https:\/\/unsplash.com\/photos\/industrial-factory-with-steam-rising-under-cloudy-sky-2NfRUWRqGgA"}],"skip_language":[]},"yoast_head":"<!-- This site is optimized with the Yoast SEO plugin v22.8 - https:\/\/yoast.com\/wordpress\/plugins\/seo\/ -->\n<title>Energetska kriza spreminja Evropo: ve\u010d dela od doma in skok prodaje elektri\u010dnih vozil - Ra\u010dunalni\u0161ke novice<\/title>\n<meta name=\"description\" content=\"Energetska kriza, ki jo je spro\u017eil konflikt na Bli\u017enjem vzhodu, \u017ee spreminja vsakdanje \u017eivljenje in gospodarstvo v Evropi. Bruselj pripravlja nove ukrepe za zmanj\u0161anje porabe energije, medtem ko potro\" \/>\n<meta name=\"robots\" content=\"index, follow, max-snippet:-1, max-image-preview:large, max-video-preview:-1\" \/>\n<link rel=\"canonical\" href=\"https:\/\/viva.racunalniske-novice.com\/de\/wp-json\/wp\/v2\/posts\/7493\" \/>\n<meta property=\"og:locale\" content=\"de_DE\" \/>\n<meta property=\"og:type\" content=\"article\" \/>\n<meta property=\"og:title\" content=\"Energetska kriza spreminja Evropo: ve\u010d dela od doma in skok prodaje elektri\u010dnih vozil - Ra\u010dunalni\u0161ke novice\" \/>\n<meta property=\"og:description\" content=\"Bruselj predlaga ve\u010d dela od doma Evropska komisija bo prihodnji teden predstavila paket ukrepov za ubla\u017eitev visokih cen energije. Med predlogi izstopa priporo\u010dilo, naj podjetja uvedejo vsaj en obvezen dan dela na daljavo na teden. Cilj je zmanj\u0161ati porabo energije, predvsem v pisarni\u0161kih prostorih in prometu. Poleg tega Bruselj predlaga: zapiranje javnih stavb, kjer je [&hellip;]\" \/>\n<meta property=\"og:url\" content=\"https:\/\/viva.racunalniske-novice.com\/de\/die-energiekrise-verandert-europa-mehr-homeoffice-und-ein-sprunghafter-anstieg-der-verkaufe-von-elektrofahrzeugen\/\" \/>\n<meta property=\"og:site_name\" content=\"Ra\u010dunalni\u0161ke novice\" \/>\n<meta property=\"article:published_time\" content=\"2026-04-21T17:22:44+00:00\" \/>\n<meta name=\"author\" content=\"sinusiks\" \/>\n<meta name=\"twitter:card\" content=\"summary_large_image\" \/>\n<meta name=\"twitter:label1\" content=\"Verfasst von\" \/>\n\t<meta name=\"twitter:data1\" content=\"sinusiks\" \/>\n\t<meta name=\"twitter:label2\" content=\"Gesch\u00e4tzte Lesezeit\" \/>\n\t<meta name=\"twitter:data2\" content=\"2\u00a0Minuten\" \/>\n<script type=\"application\/ld+json\" class=\"yoast-schema-graph\">{\"@context\":\"https:\/\/schema.org\",\"@graph\":[{\"@type\":\"WebPage\",\"@id\":\"https:\/\/viva.racunalniske-novice.com\/energetska-kriza-spreminja-evropo-vec-dela-od-doma-in-skok-prodaje-elektricnih-vozil\/\",\"url\":\"https:\/\/viva.racunalniske-novice.com\/energetska-kriza-spreminja-evropo-vec-dela-od-doma-in-skok-prodaje-elektricnih-vozil\/\",\"name\":\"Energetska kriza spreminja Evropo: ve\u010d dela od doma in skok prodaje elektri\u010dnih vozil - Ra\u010dunalni\u0161ke novice\",\"isPartOf\":{\"@id\":\"https:\/\/viva.racunalniske-novice.com\/en\/#website\"},\"datePublished\":\"2026-04-21T17:22:44+00:00\",\"dateModified\":\"2026-04-21T17:22:44+00:00\",\"author\":{\"@id\":\"https:\/\/viva.racunalniske-novice.com\/en\/#\/schema\/person\/afb62e36efa34516d50249517e4cdbb4\"},\"breadcrumb\":{\"@id\":\"https:\/\/viva.racunalniske-novice.com\/energetska-kriza-spreminja-evropo-vec-dela-od-doma-in-skok-prodaje-elektricnih-vozil\/#breadcrumb\"},\"inLanguage\":\"de\",\"potentialAction\":[{\"@type\":\"ReadAction\",\"target\":[\"https:\/\/viva.racunalniske-novice.com\/energetska-kriza-spreminja-evropo-vec-dela-od-doma-in-skok-prodaje-elektricnih-vozil\/\"]}]},{\"@type\":\"BreadcrumbList\",\"@id\":\"https:\/\/viva.racunalniske-novice.com\/energetska-kriza-spreminja-evropo-vec-dela-od-doma-in-skok-prodaje-elektricnih-vozil\/#breadcrumb\",\"itemListElement\":[{\"@type\":\"ListItem\",\"position\":1,\"name\":\"Home\",\"item\":\"https:\/\/viva.racunalniske-novice.com\/en\/\"},{\"@type\":\"ListItem\",\"position\":2,\"name\":\"Energetska kriza spreminja Evropo: ve\u010d dela od doma in skok prodaje elektri\u010dnih vozil\"}]},{\"@type\":\"WebSite\",\"@id\":\"https:\/\/viva.racunalniske-novice.com\/en\/#website\",\"url\":\"https:\/\/viva.racunalniske-novice.com\/en\/\",\"name\":\"Ra\u010dunalni\u0161ke novice\",\"description\":\"\",\"potentialAction\":[{\"@type\":\"SearchAction\",\"target\":{\"@type\":\"EntryPoint\",\"urlTemplate\":\"https:\/\/viva.racunalniske-novice.com\/en\/?s={search_term_string}\"},\"query-input\":\"required name=search_term_string\"}],\"inLanguage\":\"de\"},{\"@type\":\"Person\",\"@id\":\"https:\/\/viva.racunalniske-novice.com\/en\/#\/schema\/person\/afb62e36efa34516d50249517e4cdbb4\",\"name\":\"sinusiks\",\"sameAs\":[\"https:\/\/ml.racunalniske-novice.com\"],\"url\":\"https:\/\/viva.racunalniske-novice.com\/de\/author\/sinusiks\/\"}]}<\/script>\n<!-- \/ Yoast SEO plugin. -->","yoast_head_json":{"title":"Energetska kriza spreminja Evropo: ve\u010d dela od doma in skok prodaje elektri\u010dnih vozil - Ra\u010dunalni\u0161ke novice","description":"Energetska kriza, ki jo je spro\u017eil konflikt na Bli\u017enjem vzhodu, \u017ee spreminja vsakdanje \u017eivljenje in gospodarstvo v Evropi. Bruselj pripravlja nove ukrepe za zmanj\u0161anje porabe energije, medtem ko potro","robots":{"index":"index","follow":"follow","max-snippet":"max-snippet:-1","max-image-preview":"max-image-preview:large","max-video-preview":"max-video-preview:-1"},"canonical":"https:\/\/viva.racunalniske-novice.com\/de\/wp-json\/wp\/v2\/posts\/7493","og_locale":"de_DE","og_type":"article","og_title":"Energetska kriza spreminja Evropo: ve\u010d dela od doma in skok prodaje elektri\u010dnih vozil - Ra\u010dunalni\u0161ke novice","og_description":"Bruselj predlaga ve\u010d dela od doma Evropska komisija bo prihodnji teden predstavila paket ukrepov za ubla\u017eitev visokih cen energije. Med predlogi izstopa priporo\u010dilo, naj podjetja uvedejo vsaj en obvezen dan dela na daljavo na teden. Cilj je zmanj\u0161ati porabo energije, predvsem v pisarni\u0161kih prostorih in prometu. Poleg tega Bruselj predlaga: zapiranje javnih stavb, kjer je [&hellip;]","og_url":"https:\/\/viva.racunalniske-novice.com\/de\/die-energiekrise-verandert-europa-mehr-homeoffice-und-ein-sprunghafter-anstieg-der-verkaufe-von-elektrofahrzeugen\/","og_site_name":"Ra\u010dunalni\u0161ke novice","article_published_time":"2026-04-21T17:22:44+00:00","author":"sinusiks","twitter_card":"summary_large_image","twitter_misc":{"Verfasst von":"sinusiks","Gesch\u00e4tzte Lesezeit":"2\u00a0Minuten"},"schema":{"@context":"https:\/\/schema.org","@graph":[{"@type":"WebPage","@id":"https:\/\/viva.racunalniske-novice.com\/energetska-kriza-spreminja-evropo-vec-dela-od-doma-in-skok-prodaje-elektricnih-vozil\/","url":"https:\/\/viva.racunalniske-novice.com\/energetska-kriza-spreminja-evropo-vec-dela-od-doma-in-skok-prodaje-elektricnih-vozil\/","name":"Energetska kriza spreminja Evropo: ve\u010d dela od doma in skok prodaje elektri\u010dnih vozil - Ra\u010dunalni\u0161ke novice","isPartOf":{"@id":"https:\/\/viva.racunalniske-novice.com\/en\/#website"},"datePublished":"2026-04-21T17:22:44+00:00","dateModified":"2026-04-21T17:22:44+00:00","author":{"@id":"https:\/\/viva.racunalniske-novice.com\/en\/#\/schema\/person\/afb62e36efa34516d50249517e4cdbb4"},"breadcrumb":{"@id":"https:\/\/viva.racunalniske-novice.com\/energetska-kriza-spreminja-evropo-vec-dela-od-doma-in-skok-prodaje-elektricnih-vozil\/#breadcrumb"},"inLanguage":"de","potentialAction":[{"@type":"ReadAction","target":["https:\/\/viva.racunalniske-novice.com\/energetska-kriza-spreminja-evropo-vec-dela-od-doma-in-skok-prodaje-elektricnih-vozil\/"]}]},{"@type":"BreadcrumbList","@id":"https:\/\/viva.racunalniske-novice.com\/energetska-kriza-spreminja-evropo-vec-dela-od-doma-in-skok-prodaje-elektricnih-vozil\/#breadcrumb","itemListElement":[{"@type":"ListItem","position":1,"name":"Home","item":"https:\/\/viva.racunalniske-novice.com\/en\/"},{"@type":"ListItem","position":2,"name":"Energetska kriza spreminja Evropo: ve\u010d dela od doma in skok prodaje elektri\u010dnih vozil"}]},{"@type":"WebSite","@id":"https:\/\/viva.racunalniske-novice.com\/en\/#website","url":"https:\/\/viva.racunalniske-novice.com\/en\/","name":"Ra\u010dunalni\u0161ke novice","description":"","potentialAction":[{"@type":"SearchAction","target":{"@type":"EntryPoint","urlTemplate":"https:\/\/viva.racunalniske-novice.com\/en\/?s={search_term_string}"},"query-input":"required name=search_term_string"}],"inLanguage":"de"},{"@type":"Person","@id":"https:\/\/viva.racunalniske-novice.com\/en\/#\/schema\/person\/afb62e36efa34516d50249517e4cdbb4","name":"sinusiks","sameAs":["https:\/\/ml.racunalniske-novice.com"],"url":"https:\/\/viva.racunalniske-novice.com\/de\/author\/sinusiks\/"}]}},"_links":{"self":[{"href":"https:\/\/viva.racunalniske-novice.com\/de\/wp-json\/wp\/v2\/posts\/7493","targetHints":{"allow":["GET"]}}],"collection":[{"href":"https:\/\/viva.racunalniske-novice.com\/de\/wp-json\/wp\/v2\/posts"}],"about":[{"href":"https:\/\/viva.racunalniske-novice.com\/de\/wp-json\/wp\/v2\/types\/post"}],"author":[{"embeddable":true,"href":"https:\/\/viva.racunalniske-novice.com\/de\/wp-json\/wp\/v2\/users\/2"}],"replies":[{"embeddable":true,"href":"https:\/\/viva.racunalniske-novice.com\/de\/wp-json\/wp\/v2\/comments?post=7493"}],"version-history":[{"count":0,"href":"https:\/\/viva.racunalniske-novice.com\/de\/wp-json\/wp\/v2\/posts\/7493\/revisions"}],"wp:attachment":[{"href":"https:\/\/viva.racunalniske-novice.com\/de\/wp-json\/wp\/v2\/media?parent=7493"}],"wp:term":[{"taxonomy":"category","embeddable":true,"href":"https:\/\/viva.racunalniske-novice.com\/de\/wp-json\/wp\/v2\/categories?post=7493"},{"taxonomy":"post_tag","embeddable":true,"href":"https:\/\/viva.racunalniske-novice.com\/de\/wp-json\/wp\/v2\/tags?post=7493"}],"curies":[{"name":"wp","href":"https:\/\/api.w.org\/{rel}","templated":true}]}}