{"id":8117,"date":"2026-09-04T10:27:57","date_gmt":"2026-09-04T08:27:57","guid":{"rendered":"https:\/\/viva.racunalniske-novice.com\/ifa-2026-solarni-racunalniki-pomivalni-stroji-s-kamerami-1100-hz-monitorji\/"},"modified":"2026-09-04T10:27:57","modified_gmt":"2026-09-04T08:27:57","slug":"ifa-2026-solarni-racunalniki-pomivalni-stroji-s-kamerami-1100-hz-monitorji","status":"publish","type":"post","link":"https:\/\/viva.racunalniske-novice.com\/de\/ifa-2026-solarcomputer-geschirrspuler-mit-kameras-1100-hz-monitore\/","title":{"rendered":"IFA 2026: Solarcomputer, Geschirrsp\u00fcler mit Kameras, 1100-Hz-Monitore..."},"content":{"rendered":"<p class=\"wp-block-paragraph\">Die Messe wurde heute, am 4. September, auf dem Messegel\u00e4nde Berlin offiziell er\u00f6ffnet und dauert bis zum 8. September. Sie z\u00e4hlt zu den gr\u00f6\u00dften Messen f\u00fcr Unterhaltungselektronik weltweit und findet seit 1924 auf rund 190.000 Quadratmetern in 27 Hallen statt. Das diesj\u00e4hrige Motto lautet \u201eDie Zukunft ist jetzt\u201c. Erwartet werden rund 1.900 Aussteller, 220.000 Besucher und Teilnehmer aus 140 L\u00e4ndern. K\u00fcnstliche Intelligenz ist in diesem Jahr allgegenw\u00e4rtig, selbst in Ger\u00e4ten, die sie eigentlich gar nicht ben\u00f6tigen.<\/p>\n\n\n\n<h3 class=\"wp-block-heading\"><strong>Lenovo Project AeroBlade: Mich interessiert die K\u00fchlung mehr als der Prozessor.<\/strong><\/h3>\n\n\n\n<p class=\"wp-block-paragraph\">Bei Laptops gab es lange Zeit kaum noch wirklich bahnbrechende Neuerungen. Der neue Prozessor ist schneller, das OLED-Display heller, das Geh\u00e4use zwei Millimeter d\u00fcnner \u2013 und das war\u2019s. Lenovos Project AeroBlade k\u00f6nnte diese Eint\u00f6nigkeit durchbrechen.<\/p>\n\n\n\n<p class=\"wp-block-paragraph\">Auf den ersten Blick wirkt es wie ein weiterer ultraleichter 14-Zoll-Computer. Er ist weniger als 10 Millimeter dick und wiegt unter 830 Gramm. Doch das Interessante verbirgt sich im Inneren. Lenovo hat den klassischen L\u00fcfter durch die AirJet-Technologie von Frore Systems ersetzt. Anstelle rotierender L\u00fcfterbl\u00e4tter nutzt sie piezoelektrische Membranen, die durch ihre extrem schnelle Bewegung einen Luftstrom erzeugen. Der Prototyp verf\u00fcgt \u00fcber vier AirJet-Module und kommt ganz ohne herk\u00f6mmlichen L\u00fcfter aus.<\/p>\n\n\n\n<figure class=\"wp-block-gallery has-nested-images columns-default is-cropped wp-block-gallery-1 is-layout-flex wp-block-gallery-is-layout-flex\">\n<figure class=\"wp-block-image size-large\"><img decoding=\"async\" data-id=\"2699815\" src=\"\/wp-content\/uploads\/2026\/09\/AeroBlade-Specialty-04-1024x1024-1.png\" alt=\"\" class=\"wp-image-2699815\"\/><figcaption><strong>Projekt AeroBlade<\/strong><\/figcaption><\/figure>\n\n\n\n<figure class=\"wp-block-image size-large\"><img decoding=\"async\" data-id=\"2699817\" src=\"\/wp-content\/uploads\/2026\/09\/LandscapeRollable-02-1024x1024-1.png\" alt=\"\" class=\"wp-image-2699817\"\/><figcaption><strong>Projekt Schwan<\/strong><\/figcaption><\/figure>\n<\/figure>\n\n\n\n<p class=\"wp-block-paragraph\">Warum ist das wichtig? Weil die K\u00fchlung einer der Hauptgr\u00fcnde f\u00fcr die Dicke leistungsstarker Laptops ist. Ein L\u00fcfter ben\u00f6tigt Platz, L\u00fcftungsschlitze und Luftkan\u00e4le. Wenn man darauf verzichtet, er\u00f6ffnen sich pl\u00f6tzlich neue Designm\u00f6glichkeiten.<\/p>\n\n\n\n<p class=\"wp-block-paragraph\">Das Project AeroBlade verf\u00fcgt \u00fcber einen Intel-Prozessor, ein OLED-Display, Thunderbolt 4 und Wi-Fi 7, doch diese Spezifikationen sind fast nebens\u00e4chlich im Vergleich zum Konzept. Mich interessiert viel mehr, ob der AirJet es in den n\u00e4chsten Jahren in die Massenproduktion schafft. Wenn ja, k\u00f6nnte er das Design von Ultraportables deutlich st\u00e4rker ver\u00e4ndern als eine neue Prozessorgeneration.<\/p>\n\n\n\n<p class=\"wp-block-paragraph\">Im Moment handelt es sich nur um ein Konzept, daher k\u00f6nnen wir weder Preise noch einen m\u00f6glichen Produktionsstarttermin nennen.<\/p>\n\n\n\n<p class=\"wp-block-paragraph\">Lenovo pr\u00e4sentierte ein weiteres Konzept, Project Swan. Es handelt sich um ein 14-Zoll-ThinkBook, dessen flexibles OLED-Display sich seitlich auf 17 Zoll ausdehnen l\u00e4sst. Ich bin nicht zum ersten Mal mit einem solchen Konzept in Ber\u00fchrung gekommen. Ich finde es nach wie vor interessant, warte aber gespannt auf die Serienproduktion.<\/p>\n\n\n\n<h3 class=\"wp-block-heading\"><strong>Acer Vero 16: Die beste Nachricht ist, dass man es \u00f6ffnen kann.<\/strong><\/h3>\n\n\n\n<p class=\"wp-block-paragraph\">Die Branche hat uns im letzten Jahrzehnt davon \u00fcberzeugt, dass ein guter Laptop so geschlossen wie m\u00f6glich sein sollte. Verklebter Akku, verl\u00f6teter Speicher, spezielle Schrauben und Konstruktion\u2026 Der Acer Vero 16 geht einen anderen Weg \u2013 hin zu mehr Freiheit f\u00fcr den Nutzer.<\/p>\n\n\n\n<p class=\"wp-block-paragraph\">Es verf\u00fcgt \u00fcber einen werkzeuglosen Zugriffsmechanismus an der Unterseite. Der Benutzer kann Akku und SSD selbst austauschen, die Anschlussabdeckungen sind abnehmbar, und das Scharnier ist so konstruiert, dass es vom Geh\u00e4use getrennt und ersetzt werden kann. Acer geht sogar so weit, den Computer so zu entwickeln, dass die Prozessorplattform \u00fcber mindestens zwei Generationen aufger\u00fcstet werden kann (das Notebook muss dazu an den Acer-Service gesendet werden).<\/p>\n\n\n\n<figure class=\"wp-block-gallery has-nested-images columns-default is-cropped wp-block-gallery-2 is-layout-flex wp-block-gallery-is-layout-flex\">\n<figure class=\"wp-block-image size-large\"><img decoding=\"async\" data-id=\"2699819\" src=\"\/wp-content\/uploads\/2026\/09\/Acer-Vero-1024x909.png\" alt=\"\" class=\"wp-image-2699819\"\/><\/figure>\n<\/figure>\n\n\n\n<p class=\"wp-block-paragraph\">Das ist kein langsamer \u201e\u00d6ko-Laptop\u201c. Der Vero 16 ist mit einem Intel Core Ultra X9 388H, bis zu 32 GB LPDDR5X-Arbeitsspeicher und einem 16-Zoll-3K-OLED-Display mit 120 Hz Bildwiederholfrequenz ausgestattet. Er wiegt etwa 708 Gramm. Die verwendeten Materialien spielen zwar auch eine Rolle, aber ich w\u00fcrde der Reparierbarkeit deutlich mehr Bedeutung beimessen als dem Anteil an recyceltem Aluminium.<\/p>\n\n\n\n<h3 class=\"wp-block-heading\"><strong>Acer hat mit einem Mini-Laptop das Steam-Deck durchbrochen.<\/strong><\/h3>\n\n\n\n<p class=\"wp-block-paragraph\">Acer hingegen hat etwas Ausgefalleneres im Angebot. Das Project DualPlay Mini ist ein 8-Zoll-Konzeptger\u00e4t, das im einen Moment als tragbare Spielkonsole und im n\u00e4chsten als kleiner Laptop fungieren soll. Der Bildschirm l\u00e4sst sich umklappen, und darunter befindet sich eine physische Tastatur mit Hintergrundbeleuchtung. In der einen Position stehen Spieltasten zur Verf\u00fcgung, in der anderen erh\u00e4lt der Nutzer einen Mini-Laptop. Acer plant sogar, einen externen Monitor anzuschlie\u00dfen und eine Maus zu verwenden.<\/p>\n\n\n\n<p class=\"wp-block-paragraph\">W\u00fcrdest du acht Stunden lang an einem 8-Zoll-Laptop arbeiten wollen? Auf keinen Fall. Verstehe ich, was ich meine? Absolut.<\/p>\n\n\n\n<figure class=\"wp-block-image size-large\"><img decoding=\"async\" src=\"\/wp-content\/uploads\/2026\/09\/predator-project-dualplay-mini-agw-banner-1024x288.jpg\" alt=\"\" class=\"wp-image-2699821\"\/><\/figure>\n\n\n\n<h3 class=\"wp-block-heading\"><strong>1100 Hz\u2026 weil 500 Hz anscheinend langweilig geworden sind.<\/strong><\/h3>\n\n\n\n<p class=\"wp-block-paragraph\">Samsung pr\u00e4sentierte in Berlin den 27-Zoll-Odyssey G60H, der im schnellsten Modus 1100 Hz erreicht. Bei der h\u00f6heren QHD-Aufl\u00f6sung sind es immer noch beeindruckende 600 Hz. Dar\u00fcber hinaus bietet Samsung den 42-Zoll-Curved-OLED-Fernseher Odyssey G75SJ, den 49-Zoll-DQHD-OLED-Fernseher G9 mit 360 Hz und den 32-Zoll-4K-OLED-Fernseher G8 mit 360 Hz an.<\/p>\n\n\n\n<p class=\"wp-block-paragraph\">Acer antwortet mit dem Predator XB253Q U1, einem 24,5-Zoll-IPS-Monitor mit 1000 Hz Bildwiederholfrequenz und Full-HD-Aufl\u00f6sung. Alienware versucht mit dem AW2527HX endlich, den professionellen Gaming-Markt auf OLED umzustellen. Dieser Monitor nutzt ein 24,5-Zoll-QD-OLED-Display mit Full-HD-Aufl\u00f6sung und 560 Hz.<\/p>\n\n\n\n<p class=\"wp-block-paragraph\">Der Durchschnittsnutzer ben\u00f6tigt diese Geschwindigkeiten nat\u00fcrlich nicht. Die meisten Computer sind nicht einmal leistungsstark genug, um 500, geschweige denn 100 fps zu erreichen. Wichtiger als die Geschwindigkeit ist vielleicht die Tatsache, dass OLED-Bildschirme in der Welt des E-Sports immer h\u00e4ufiger zum Einsatz kommen.<\/p>\n\n\n\n<figure class=\"wp-block-gallery has-nested-images columns-default is-cropped wp-block-gallery-3 is-layout-flex wp-block-gallery-is-layout-flex\">\n<figure class=\"wp-block-image size-large\"><img decoding=\"async\" data-id=\"2699823\" src=\"\/wp-content\/uploads\/2026\/09\/Samsung-TVs-and-Displays-New-Odyssey-Lineup-Fast-Paced-Gaming-Gamescom-2026_Main1.jpg\" alt=\"\" class=\"wp-image-2699823\"\/><\/figure>\n<\/figure>\n\n\n\n<h3 class=\"wp-block-heading\"><strong>Das TCL P80 Ultra ist eines der wenigen Handys in diesem Jahr, das ein echtes Problem l\u00f6st.<\/strong><\/h3>\n\n\n\n<p class=\"wp-block-paragraph\">Die IFA ist normalerweise keine Smartphone-Messe, doch das TCL P80 Ultra fiel mir trotzdem ins Auge. Nicht etwa wegen eines neuen Prozessors, sondern wegen des Bildschirms. TCL kombiniert hier erstmals seine NXTPAPER-Technologie mit einem OLED-Display. Das P80 Ultra verf\u00fcgt \u00fcber ein 6,83 Zoll gro\u00dfes 1,5K-OLED-Display mit 120 Hz Bildwiederholfrequenz, entspiegelter Oberfl\u00e4che und einer maximalen Helligkeit von bis zu 3200 Nits. Per Knopfdruck l\u00e4sst sich der Max-Ink-Modus aktivieren, der sich wie ein Schwarzwei\u00df-E-Reader verh\u00e4lt und gleichzeitig st\u00f6rende Elemente der Benutzeroberfl\u00e4che ausblendet.<\/p>\n\n\n\n<p class=\"wp-block-paragraph\">OLED-Displays eignen sich hervorragend f\u00fcr Videos, Spiele und Fotos, sind aber nicht unbedingt die angenehmste Bildschirmdarstellung f\u00fcr stundenlanges Lesen. TCL versucht, beides in einem Ger\u00e4t zu vereinen. Das Smartphone bietet zudem eine solide Basis: einen Dimensity 7400 Elite Prozessor, 8 GB RAM, bis zu 512 GB Speicher, einen 5800-mAh-Akku und 45-Watt-Schnellladefunktion. Das Ultra-Modell verf\u00fcgt \u00fcber eine 50-Megapixel-Hauptkamera und ein 50-Megapixel-Teleobjektiv mit 3-fachem Zoom. Die Preise f\u00fcr die Serie in Europa beginnen bei 349 Euro.<\/p>\n\n\n\n<figure class=\"wp-block-gallery has-nested-images columns-default is-cropped wp-block-gallery-4 is-layout-flex wp-block-gallery-is-layout-flex\">\n<figure class=\"wp-block-image size-large\"><a href=\"\/wp-content\/uploads\/2026\/09\/TCL-2.png\"><img decoding=\"async\" data-id=\"2699825\" src=\"\/wp-content\/uploads\/2026\/09\/TCL-2-1024x709.png\" alt=\"\" class=\"wp-image-2699825\"\/><\/a><\/figure>\n\n\n\n<figure class=\"wp-block-image size-large\"><a href=\"\/wp-content\/uploads\/2026\/09\/TCL.png\"><img decoding=\"async\" data-id=\"2699827\" src=\"\/wp-content\/uploads\/2026\/09\/TCL-1024x689.png\" alt=\"\" class=\"wp-image-2699827\"\/><\/a><\/figure>\n<\/figure>\n\n\n\n<h3 class=\"wp-block-heading\"><strong>Oukitel RG14-P: Ein Laptop, den man absichtlich in der Sonne liegen lassen kann.<\/strong><\/h3>\n\n\n\n<p class=\"wp-block-paragraph\">Oukitel richtet sich vor allem an Industrie, Au\u00dfendienst, Serviceteams und andere Nutzer, f\u00fcr die die Suche nach einer Steckdose nicht immer m\u00f6glich ist. Fast die gesamte Bildschirmoberfl\u00e4che ist mit einem Photovoltaikpanel bedeckt. Laut aktuellen Daten liefert es unter g\u00fcnstigen Bedingungen bis zu 15 W, und der 95-Wh-Akku soll in etwa sechs Stunden Sonnenlicht zur H\u00e4lfte geladen sein. Da die Solarleistung im Vergleich zum Stromverbrauch eines leistungsstarken Laptops gering ist, ist eine Verl\u00e4ngerung der Akkulaufzeit realistischer, als den Computer den ganzen Tag ausschlie\u00dflich mit Sonnenenergie zu betreiben.<\/p>\n\n\n\n<p class=\"wp-block-paragraph\">Das RG14-P ist ein robustes Gel\u00e4ndefahrzeug. Es wiegt 3,7 Kilogramm, verf\u00fcgt \u00fcber ein 14,1-Zoll-Display mit bis zu 1000 Nits Helligkeit, IP69K-Schutz, klassisches Ethernet, HDMI und sogar RS-232. Neben dem fest verbauten Akku besitzt es einen austauschbaren Akku.<\/p>\n\n\n\n<figure class=\"wp-block-gallery has-nested-images columns-default is-cropped wp-block-gallery-5 is-layout-flex wp-block-gallery-is-layout-flex\">\n<figure class=\"wp-block-image size-large\"><img decoding=\"async\" data-id=\"2699829\" src=\"\/wp-content\/uploads\/2026\/09\/Oukitel_RG14-P3-q82-w1476-h-1024x576.webp\" alt=\"\" class=\"wp-image-2699829\"\/><\/figure>\n<\/figure>\n\n\n\n<h3 class=\"wp-block-heading\"><strong>Wi-Fi 8 ist da. Wi-Fi 7 f\u00fchlt sich wahrscheinlich ziemlich ungewohnt an.<\/strong><\/h3>\n\n\n\n<p class=\"wp-block-paragraph\">TP-Link pr\u00e4sentierte auf der Messe den Archer 8 Ultra und den Deco 8 Ultra und l\u00e4utete damit ein neues Kapitel im Bereich Heimnetzwerke ein. Der Archer 8 Ultra ist ein Tri-Band-Router mit einer angegebenen WLAN-Geschwindigkeit von bis zu 19 Gbit\/s, 10 Gigabit-Ethernet-Geschwindigkeit und 18 internen Antennen. Der Deco 8 Ultra ist eine Mesh-Variante mit einer Gesamtgeschwindigkeit von bis zu 22 Gbit\/s. Laut TP-Link deckt das Dreier-Set eine Fl\u00e4che von ca. 910 Quadratmetern ab und kann mehr als 200 Ger\u00e4te umfassen.<\/p>\n\n\n\n<p class=\"wp-block-paragraph\">IEEE 802.11bn, auch bekannt als Wi-Fi 8, legt gro\u00dfen Wert auf Zuverl\u00e4ssigkeit, durchg\u00e4ngige Leistung, Interferenzreduzierung und effizientere Zusammenarbeit einer gro\u00dfen Anzahl von Ger\u00e4ten. TP-Link entwickelt f\u00fcr die neuen Ger\u00e4te eine StabilityEngine, die Technologien wie Enhanced Long Range, Distributed Resource Units und Non-Primary Channel Access integriert.<\/p>\n\n\n\n<p class=\"wp-block-paragraph\">Das ist die Richtung, die Heimnetzwerke tats\u00e4chlich brauchen. Viele Menschen haben heutzutage kein Problem damit, dass das Internet an ihrem Router nicht schnell genug ist. Das Problem liegt vielmehr im Schlafzimmer zwei W\u00e4nde weiter, bei der Smart-Kamera im Garten oder bei zwanzig Ger\u00e4ten, die gleichzeitig um eine Verbindung konkurrieren.<\/p>\n\n\n\n<p class=\"wp-block-paragraph\">Wi-Fi 8 ist noch kein endg\u00fcltiger Standard. Das IEEE rechnet derzeit nicht vor 2028 mit dem Abschluss der Standardisierungsphase.<\/p>\n\n\n\n<figure class=\"wp-block-gallery has-nested-images columns-2 is-cropped wp-block-gallery-6 is-layout-flex wp-block-gallery-is-layout-flex\">\n<figure class=\"wp-block-image size-large\"><a href=\"\/wp-content\/uploads\/2026\/09\/PR_Deco_8_Ultra_1920x1080_20260831203545z.jpg\"><img decoding=\"async\" data-id=\"2699831\" src=\"\/wp-content\/uploads\/2026\/09\/PR_Deco_8_Ultra_1920x1080_20260831203545z-1024x576.jpg\" alt=\"\" class=\"wp-image-2699831\"\/><\/a><\/figure>\n\n\n\n<figure class=\"wp-block-image size-large\"><a href=\"\/wp-content\/uploads\/2026\/09\/PR_Archer_8_Ultra_Lifestyle_20260831203428q.jpg\"><img decoding=\"async\" data-id=\"2699833\" src=\"\/wp-content\/uploads\/2026\/09\/PR_Archer_8_Ultra_Lifestyle_20260831203428q-1024x576.jpg\" alt=\"\" class=\"wp-image-2699833\"\/><\/a><\/figure>\n\n\n\n<figure class=\"wp-block-image size-large\"><a href=\"\/wp-content\/uploads\/2026\/09\/PR_Archer_Deco_Hero_Image_20260831185920x.jpg\"><img decoding=\"async\" data-id=\"2699835\" src=\"\/wp-content\/uploads\/2026\/09\/PR_Archer_Deco_Hero_Image_20260831185920x-1024x576.jpg\" alt=\"\" class=\"wp-image-2699835\"\/><\/a><\/figure>\n<\/figure>\n\n\n\n<h3 class=\"wp-block-heading\"><strong>Miele G8 Diamond: Kamera im Geschirrsp\u00fcler, im Ernst?<\/strong><\/h3>\n\n\n\n<p class=\"wp-block-paragraph\">Ich bin begeistert und frage mich, ob ich wirklich eine Kamera im Geschirrsp\u00fcler brauche. Die AutoVision-Funktion analysiert mithilfe einer Kamera, wie voll der Geschirrsp\u00fcler ist und welches Geschirr sich darin befindet. Erkennt sie T\u00f6pfe, erh\u00f6ht sie die Reinigungsintensit\u00e4t. Werden Flaschen erkannt, passt sie das Programm entsprechend an. Auch der Trocknungsmodus f\u00fcr Kunststoffteile kann ge\u00e4ndert werden. Die automatische Dosierung AutoDos und das neue Trocknungssystem ExcellentDry erledigen dann den Rest.<\/p>\n\n\n\n<p class=\"wp-block-paragraph\">\u00dcber die App k\u00f6nnen auch Regeln festgelegt werden, zum Beispiel, dass der Geschirrsp\u00fcler erst startet, wenn er ausreichend voll ist oder erst nach einer bestimmten Stunde.<\/p>\n\n\n\n<p class=\"wp-block-paragraph\">Ich frage mich nur, ob das Abwaschen dadurch so viel einfacher wird, dass es den h\u00f6heren Preis (der definitiv h\u00f6her sein wird) rechtfertigt? Mein alter Bosch-Geschirrsp\u00fcler hat jahrelang gute Dienste geleistet, auch ohne Kamera.<\/p>\n\n\n\n<p class=\"wp-block-paragraph\">Noch futuristischer ist Mieles Cary-Konzept f\u00fcr eine Waschmaschine. Sie nutzt Sensoren und KI, um die W\u00e4sche zu erkennen und das passende Programm, die Temperatur, die Schleuderdrehzahl und weitere Einstellungen zu bestimmen.<\/p>\n\n\n\n<figure class=\"wp-block-gallery has-nested-images columns-default is-cropped wp-block-gallery-7 is-layout-flex wp-block-gallery-is-layout-flex\">\n<figure class=\"wp-block-image size-large\"><a href=\"\/wp-content\/uploads\/2026\/09\/2026-064_01.png\"><img decoding=\"async\" data-id=\"2699839\" src=\"\/wp-content\/uploads\/2026\/09\/2026-064_01-1024x683.png\" alt=\"\" class=\"wp-image-2699839\"\/><\/a><\/figure>\n\n\n\n<figure class=\"wp-block-image size-large\"><a href=\"\/wp-content\/uploads\/2026\/09\/2026-064_02.png\"><img decoding=\"async\" data-id=\"2699837\" src=\"\/wp-content\/uploads\/2026\/09\/2026-064_02-1024x768.png\" alt=\"\" class=\"wp-image-2699837\"\/><\/a><\/figure>\n\n\n\n<figure class=\"wp-block-image size-large\"><a href=\"\/wp-content\/uploads\/2026\/09\/2026-064_05.png\"><img decoding=\"async\" data-id=\"2699841\" src=\"\/wp-content\/uploads\/2026\/09\/2026-064_05-1024x768.png\" alt=\"\" class=\"wp-image-2699841\"\/><\/a><\/figure>\n<\/figure>\n\n\n\n<h3 class=\"wp-block-heading\"><strong>Roomba ist zur\u00fcck mit einer interessanten Idee<\/strong><\/h3>\n\n\n\n<p class=\"wp-block-paragraph\">Roomba, das nun unter der Schirmherrschaft des neuen Eigent\u00fcmers Picea Robotics firmiert, hat offenbar genug davon, chinesischen Konkurrenten hinterherzujagen, und versucht nun wieder, Innovationen zu entwickeln, genau wie zu Beginn der Kategorie der Saugroboter.<\/p>\n\n\n\n<p class=\"wp-block-paragraph\">Neben den beeindruckenden Saugleistungswerten verf\u00fcgt der Roomba Max 875 Combo \u00fcber eine weitere Besonderheit: SealForce. Beim \u00dcberfahren von Teppichen senkt sich der Rand am Geh\u00e4useboden ab, um einen dichteren Abstand zwischen Staubsauger und Teppich zu schaffen. Dadurch soll die Saugkraft von 35.000 Pa effektiver durch die Teppichfasern geleitet werden, anstatt am Roboter vorbei. Der Roomba Max 875 Combo ist au\u00dferdem mit einem beheizten ThermaMist-Spr\u00fchsystem zur Fleckenentfernung, einem Walzensystem f\u00fcr die Nassreinigung und einer Station zum Waschen und Trocknen des Wischmopps ausgestattet. Die Navigation erfolgt mittels Lidar und Kameras. Der Preis in den USA betr\u00e4gt 1.199 US-Dollar.<\/p>\n\n\n\n<figure class=\"wp-block-gallery has-nested-images columns-default is-cropped wp-block-gallery-8 is-layout-flex wp-block-gallery-is-layout-flex\">\n<figure class=\"wp-block-image size-large\"><a href=\"\/wp-content\/uploads\/2026\/09\/Roomba_Max_875_Combo_AutoWash_Black_Photo_Insitu_Dock_DTC_3000x3000_fr-CA.webp\"><img decoding=\"async\" data-id=\"2699843\" src=\"\/wp-content\/uploads\/2026\/09\/Roomba_Max_875_Combo_AutoWash_Black_Photo_Insitu_Dock_DTC_3000x3000_fr-CA.webp\" alt=\"\" class=\"wp-image-2699843\"\/><\/a><\/figure>\n\n\n\n<figure class=\"wp-block-image size-large\"><a href=\"\/wp-content\/uploads\/2026\/09\/Roomba_Max_875_Combo_AutoWash_Black_Photo_Insitu_Suction_DTC_3000x3000_NA_JA.webp\"><img decoding=\"async\" data-id=\"2699845\" src=\"\/wp-content\/uploads\/2026\/09\/Roomba_Max_875_Combo_AutoWash_Black_Photo_Insitu_Suction_DTC_3000x3000_NA_JA.webp\" alt=\"\" class=\"wp-image-2699845\"\/><\/a><\/figure>\n<\/figure>\n\n\n\n<h3 class=\"wp-block-heading\"><strong>M\u00e4hroboter m\u00e4hen auch entlang der Kante<\/strong><\/h3>\n\n\n\n<p class=\"wp-block-paragraph\">Wer schon einmal einen M\u00e4hroboter benutzt hat, kennt dessen gr\u00f6\u00dfte Ironie: Der Roboter m\u00e4ht fast den gesamten Rasen, aber dann muss man den Rasentrimmer herausholen und die Kanten selbst trimmen.<\/p>\n\n\n\n<p class=\"wp-block-paragraph\">Der Dreame A4 AWD Pro versucht genau dieses Problem mit seinem einziehbaren EdgeMaster-M\u00e4hwerk zu l\u00f6sen. Ich habe etwas \u00c4hnliches schon von Husqvarna gesehen. Das Unternehmen spricht von \u201e0 cm\u201c-Kantenschnitt, wobei es sich hierbei um eine eigene Labormessung handelt und die tats\u00e4chliche Leistung nat\u00fcrlich von der Form des Gartens abh\u00e4ngt. Die Navigation kombiniert Lidar, Satellitenpositionierung und Kameras, w\u00e4hrend zus\u00e4tzliche Sensoren Kanten, Hindernisse, Personen und Tiere erkennen.<\/p>\n\n\n\n<p class=\"wp-block-paragraph\">Eufy und Mammotion zeigten au\u00dferdem Rasenm\u00e4her mit zus\u00e4tzlichen Kantentrimmermechanismen.<\/p>\n\n\n\n<figure class=\"wp-block-gallery has-nested-images columns-default is-cropped wp-block-gallery-9 is-layout-flex wp-block-gallery-is-layout-flex\">\n<figure class=\"wp-block-image size-large\"><a href=\"\/wp-content\/uploads\/2026\/09\/Dreame-A4-AWD-Pro-front.webp\"><img decoding=\"async\" data-id=\"2699847\" src=\"\/wp-content\/uploads\/2026\/09\/Dreame-A4-AWD-Pro-front-1024x683.webp\" alt=\"\" class=\"wp-image-2699847\"\/><\/a><\/figure>\n\n\n\n<figure class=\"wp-block-image size-large\"><a href=\"\/wp-content\/uploads\/2026\/09\/Dreame-A4-AWD-Pro-side-arm-side.webp\"><img decoding=\"async\" data-id=\"2699849\" src=\"\/wp-content\/uploads\/2026\/09\/Dreame-A4-AWD-Pro-side-arm-side-1024x683.webp\" alt=\"\" class=\"wp-image-2699849\"\/><\/a><\/figure>\n<\/figure>\n\n\n\n<h3 class=\"wp-block-heading\"><strong>Projektoren lassen das Argument \u201eJa, aber Fernsehen ist heller\u201c langsam verschwinden.<\/strong><\/h3>\n\n\n\n<p class=\"wp-block-paragraph\">Unter den Heimkino-Ger\u00e4ten sticht der JMGO Iris Ultra Max hervor. Es handelt sich um einen 4K-Projektor mit drei Lasern, 6500 ISO Lumen, einem Dual-Apertur-System und einem Kontrastverh\u00e4ltnis von 10.000:1. Er unterst\u00fctzt 4K mit 120 Hz, VRR, ALLM und Dolby Vision, verf\u00fcgt \u00fcber einen motorisierten Positionsverstellmechanismus, einen optischen Zoom von 0,88-1,7:1 und vieles mehr. Der Preis liegt bei 3499 US-Dollar, und die ersten Auslieferungen werden im Oktober erwartet.<\/p>\n\n\n\n<p class=\"wp-block-paragraph\">Klar, f\u00fcr 3.500 Dollar bekommt man einen sehr guten und sehr gro\u00dfen Fernseher. Aber es ist trotzdem nicht so einfach, einen Fernseher mit 100 Zoll oder mehr ins Wohnzimmer zu integrieren.<\/p>\n\n\n\n<figure class=\"wp-block-gallery has-nested-images columns-default is-cropped wp-block-gallery-10 is-layout-flex wp-block-gallery-is-layout-flex\">\n<figure class=\"wp-block-image size-large\"><a href=\"\/wp-content\/uploads\/2026\/09\/3.3-IRIS_Ultra_Max_pc_d7c7ffde-3972-47ed-b7f0-b6b14e6e4676.webp\"><img decoding=\"async\" data-id=\"2699851\" src=\"\/wp-content\/uploads\/2026\/09\/3.3-IRIS_Ultra_Max_pc_d7c7ffde-3972-47ed-b7f0-b6b14e6e4676-1024x420.webp\" alt=\"\" class=\"wp-image-2699851\"\/><\/a><\/figure>\n<\/figure>\n\n\n\n<h3 class=\"wp-block-heading\"><strong>Xiaomi brachte nicht nur ein Produkt mit. Sie brachten fast einen ganzen Laden mit.<\/strong><\/h3>\n\n\n\n<p class=\"wp-block-paragraph\">Dies ist der erste gro\u00dfe Auftritt des Unternehmens auf der IFA, und es m\u00f6chte seine Strategie \u201eMensch \u00d7 Auto \u00d7 Zuhause\u201c auf unkonventionelle Weise pr\u00e4sentieren. Mehr als 380 Produkte werden auf der Messe ausgestellt, von Smartphones und Wearables bis hin zu Haushaltsger\u00e4ten und Autos.<\/p>\n\n\n\n<figure class=\"wp-block-gallery has-nested-images columns-default is-cropped wp-block-gallery-11 is-layout-flex wp-block-gallery-is-layout-flex\">\n<figure class=\"wp-block-image size-large\"><a href=\"\/wp-content\/uploads\/2026\/09\/ZYS_0832-scaled.jpg\"><img decoding=\"async\" data-id=\"2699563\" src=\"\/wp-content\/uploads\/2026\/09\/ZYS_0832-scaled.jpg\" alt=\"\" class=\"wp-image-2699563\"\/><\/a><\/figure>\n\n\n\n<figure class=\"wp-block-image size-large\"><a href=\"\/wp-content\/uploads\/2026\/09\/ZYS_1021-scaled.jpg\"><img decoding=\"async\" data-id=\"2699565\" src=\"\/wp-content\/uploads\/2026\/09\/ZYS_1021-scaled.jpg\" alt=\"\" class=\"wp-image-2699565\"\/><\/a><\/figure>\n\n\n\n<figure class=\"wp-block-image size-large\"><a href=\"\/wp-content\/uploads\/2026\/09\/ZYS_0937-scaled.jpg\"><img decoding=\"async\" data-id=\"2699561\" src=\"\/wp-content\/uploads\/2026\/09\/ZYS_0937-scaled.jpg\" alt=\"\" class=\"wp-image-2699561\"\/><\/a><\/figure>\n<\/figure>\n\n\n\n<p class=\"wp-block-paragraph\">Die Besucher konnten einen ersten Blick auf das faltbare Smartphone Xiaomi 18 Fold werfen, das ein breiteres Seitenverh\u00e4ltnis (\u00e4hnlich dem Huawei Pura X und dem Galaxy Z Fold8), den neuen 3-Nanometer-Prozessor XRING O3 und LPDDR6-Speicher bietet. Au\u00dferdem konnten sie den humanoiden Roboter CyberOne besichtigen, der den Besuchern mit seinen Fingern eine Herzgeste zeigt und derzeit in Elektrofahrzeugfabriken an Montagelinien zum Festziehen von Muttern getestet wird.<\/p>\n\n\n\n<p class=\"wp-block-paragraph\">Die IFA 2026 hat gerade erst begonnen, daher werden wir diese Liste in den kommenden Tagen erg\u00e4nzen.<\/p>","protected":false},"excerpt":{"rendered":"<p>Sejem se je danes, 4. septembra, uradno odprl v berlinskem razstavi\u0161\u010du Messe Berlin in bo trajal do 8. septembra. Gre za enega najve\u010djih sejmov potro\u0161ni\u0161ke elektronike na svetu, ki na pribli\u017eno 190.000 kvadratnih metrih v 27 dvoranah poteka \u017ee od leta 1924. Leto\u0161nja tema je The Future Is Now, pri\u010dakuje pa se okoli 1900 razstavljavcev, [&hellip;]<\/p>","protected":false},"author":2,"featured_media":0,"comment_status":"","ping_status":"open","sticky":false,"template":"","format":"standard","meta":{"_acf_changed":false,"footnotes":""},"categories":[48,24,30,18,98,32,4,56,16,52,50,96,12,8],"tags":[340],"class_list":["post-8117","post","type-post","status-publish","format-standard","hentry","category-dodatki","category-monitorji","category-mrezna-oprema","category-prenosni-racunalniki","category-projektorji","category-komponente","category-racunalnistvo-telefonija","category-slusalke","category-oprema","category-telefoni","category-telefonija","category-televizorji","category-triki-nasveti","category-zivljenjski-slog","tag-ifa"],"acf":{"subtitle":"","heading":"","summary":"IFA 2026 je postregla z drzno me\u0161anico novih prenosnikov, 1100-Hz monitorjev, Wi-Fi 8, robotskih pomo\u010dnikov, pametnega doma in vse bolj uporabne UI. Izbrali smo izdelke in trende, ki so letos najbolj izstopali.","thumbnail_small":"https:\/\/racunalniske-novice.com\/wp-content\/uploads\/2026\/09\/IFA-2026-kolaz-produktov-560x315.png","thumbnail_large":"https:\/\/racunalniske-novice.com\/wp-content\/uploads\/2026\/09\/IFA-2026-kolaz-produktov-1024x576.png","thumbnail_caption":"","gallery":"","video_gallery":null,"author":"Avtor: Peter \u010cebron","links":null,"sources":null,"skip_language":[]},"yoast_head":"<!-- This site is optimized with the Yoast SEO plugin v22.8 - https:\/\/yoast.com\/wordpress\/plugins\/seo\/ -->\n<title>IFA 2026: solarni ra\u010dunalniki, pomivalni stroji s kamerami, 1100-Hz monitorji \u2026 - Ra\u010dunalni\u0161ke novice<\/title>\n<meta name=\"description\" content=\"IFA 2026 je postregla z drzno me\u0161anico novih prenosnikov, 1100-Hz monitorjev, Wi-Fi 8, robotskih pomo\u010dnikov, pametnega doma in vse bolj uporabne UI. Izbrali smo izdelke in trende, ki so letos najbolj\" \/>\n<meta name=\"robots\" content=\"index, follow, max-snippet:-1, max-image-preview:large, max-video-preview:-1\" \/>\n<link rel=\"canonical\" href=\"https:\/\/viva.racunalniske-novice.com\/de\/wp-json\/wp\/v2\/posts\/8117\" \/>\n<meta property=\"og:locale\" content=\"de_DE\" \/>\n<meta property=\"og:type\" content=\"article\" \/>\n<meta property=\"og:title\" content=\"IFA 2026: solarni ra\u010dunalniki, pomivalni stroji s kamerami, 1100-Hz monitorji \u2026 - Ra\u010dunalni\u0161ke novice\" \/>\n<meta property=\"og:description\" content=\"Sejem se je danes, 4. septembra, uradno odprl v berlinskem razstavi\u0161\u010du Messe Berlin in bo trajal do 8. septembra. Gre za enega najve\u010djih sejmov potro\u0161ni\u0161ke elektronike na svetu, ki na pribli\u017eno 190.000 kvadratnih metrih v 27 dvoranah poteka \u017ee od leta 1924. Leto\u0161nja tema je The Future Is Now, pri\u010dakuje pa se okoli 1900 razstavljavcev, [&hellip;]\" \/>\n<meta property=\"og:url\" content=\"https:\/\/viva.racunalniske-novice.com\/de\/ifa-2026-solarcomputer-geschirrspuler-mit-kameras-1100-hz-monitore\/\" \/>\n<meta property=\"og:site_name\" content=\"Ra\u010dunalni\u0161ke novice\" \/>\n<meta property=\"article:published_time\" content=\"2026-09-04T08:27:57+00:00\" \/>\n<meta name=\"author\" content=\"sinusiks\" \/>\n<meta name=\"twitter:card\" content=\"summary_large_image\" \/>\n<meta name=\"twitter:label1\" content=\"Verfasst von\" \/>\n\t<meta name=\"twitter:data1\" content=\"sinusiks\" \/>\n\t<meta name=\"twitter:label2\" content=\"Gesch\u00e4tzte Lesezeit\" \/>\n\t<meta name=\"twitter:data2\" content=\"10\u00a0Minuten\" \/>\n<script type=\"application\/ld+json\" class=\"yoast-schema-graph\">{\"@context\":\"https:\/\/schema.org\",\"@graph\":[{\"@type\":\"WebPage\",\"@id\":\"https:\/\/viva.racunalniske-novice.com\/ifa-2026-solarni-racunalniki-pomivalni-stroji-s-kamerami-1100-hz-monitorji\/\",\"url\":\"https:\/\/viva.racunalniske-novice.com\/ifa-2026-solarni-racunalniki-pomivalni-stroji-s-kamerami-1100-hz-monitorji\/\",\"name\":\"IFA 2026: solarni ra\u010dunalniki, pomivalni stroji s kamerami, 1100-Hz monitorji \u2026 - Ra\u010dunalni\u0161ke novice\",\"isPartOf\":{\"@id\":\"https:\/\/viva.racunalniske-novice.com\/en\/#website\"},\"datePublished\":\"2026-09-04T08:27:57+00:00\",\"dateModified\":\"2026-09-04T08:27:57+00:00\",\"author\":{\"@id\":\"https:\/\/viva.racunalniske-novice.com\/en\/#\/schema\/person\/afb62e36efa34516d50249517e4cdbb4\"},\"breadcrumb\":{\"@id\":\"https:\/\/viva.racunalniske-novice.com\/ifa-2026-solarni-racunalniki-pomivalni-stroji-s-kamerami-1100-hz-monitorji\/#breadcrumb\"},\"inLanguage\":\"de\",\"potentialAction\":[{\"@type\":\"ReadAction\",\"target\":[\"https:\/\/viva.racunalniske-novice.com\/ifa-2026-solarni-racunalniki-pomivalni-stroji-s-kamerami-1100-hz-monitorji\/\"]}]},{\"@type\":\"BreadcrumbList\",\"@id\":\"https:\/\/viva.racunalniske-novice.com\/ifa-2026-solarni-racunalniki-pomivalni-stroji-s-kamerami-1100-hz-monitorji\/#breadcrumb\",\"itemListElement\":[{\"@type\":\"ListItem\",\"position\":1,\"name\":\"Home\",\"item\":\"https:\/\/viva.racunalniske-novice.com\/en\/\"},{\"@type\":\"ListItem\",\"position\":2,\"name\":\"IFA 2026: solarni ra\u010dunalniki, pomivalni stroji s kamerami, 1100-Hz monitorji \u2026\"}]},{\"@type\":\"WebSite\",\"@id\":\"https:\/\/viva.racunalniske-novice.com\/en\/#website\",\"url\":\"https:\/\/viva.racunalniske-novice.com\/en\/\",\"name\":\"Ra\u010dunalni\u0161ke novice\",\"description\":\"\",\"potentialAction\":[{\"@type\":\"SearchAction\",\"target\":{\"@type\":\"EntryPoint\",\"urlTemplate\":\"https:\/\/viva.racunalniske-novice.com\/en\/?s={search_term_string}\"},\"query-input\":\"required name=search_term_string\"}],\"inLanguage\":\"de\"},{\"@type\":\"Person\",\"@id\":\"https:\/\/viva.racunalniske-novice.com\/en\/#\/schema\/person\/afb62e36efa34516d50249517e4cdbb4\",\"name\":\"sinusiks\",\"sameAs\":[\"https:\/\/ml.racunalniske-novice.com\"],\"url\":\"https:\/\/viva.racunalniske-novice.com\/de\/author\/sinusiks\/\"}]}<\/script>\n<!-- \/ Yoast SEO plugin. -->","yoast_head_json":{"title":"IFA 2026: solarni ra\u010dunalniki, pomivalni stroji s kamerami, 1100-Hz monitorji \u2026 - Ra\u010dunalni\u0161ke novice","description":"IFA 2026 je postregla z drzno me\u0161anico novih prenosnikov, 1100-Hz monitorjev, Wi-Fi 8, robotskih pomo\u010dnikov, pametnega doma in vse bolj uporabne UI. Izbrali smo izdelke in trende, ki so letos najbolj","robots":{"index":"index","follow":"follow","max-snippet":"max-snippet:-1","max-image-preview":"max-image-preview:large","max-video-preview":"max-video-preview:-1"},"canonical":"https:\/\/viva.racunalniske-novice.com\/de\/wp-json\/wp\/v2\/posts\/8117","og_locale":"de_DE","og_type":"article","og_title":"IFA 2026: solarni ra\u010dunalniki, pomivalni stroji s kamerami, 1100-Hz monitorji \u2026 - Ra\u010dunalni\u0161ke novice","og_description":"Sejem se je danes, 4. septembra, uradno odprl v berlinskem razstavi\u0161\u010du Messe Berlin in bo trajal do 8. septembra. Gre za enega najve\u010djih sejmov potro\u0161ni\u0161ke elektronike na svetu, ki na pribli\u017eno 190.000 kvadratnih metrih v 27 dvoranah poteka \u017ee od leta 1924. Leto\u0161nja tema je The Future Is Now, pri\u010dakuje pa se okoli 1900 razstavljavcev, [&hellip;]","og_url":"https:\/\/viva.racunalniske-novice.com\/de\/ifa-2026-solarcomputer-geschirrspuler-mit-kameras-1100-hz-monitore\/","og_site_name":"Ra\u010dunalni\u0161ke novice","article_published_time":"2026-09-04T08:27:57+00:00","author":"sinusiks","twitter_card":"summary_large_image","twitter_misc":{"Verfasst von":"sinusiks","Gesch\u00e4tzte Lesezeit":"10\u00a0Minuten"},"schema":{"@context":"https:\/\/schema.org","@graph":[{"@type":"WebPage","@id":"https:\/\/viva.racunalniske-novice.com\/ifa-2026-solarni-racunalniki-pomivalni-stroji-s-kamerami-1100-hz-monitorji\/","url":"https:\/\/viva.racunalniske-novice.com\/ifa-2026-solarni-racunalniki-pomivalni-stroji-s-kamerami-1100-hz-monitorji\/","name":"IFA 2026: solarni ra\u010dunalniki, pomivalni stroji s kamerami, 1100-Hz monitorji \u2026 - Ra\u010dunalni\u0161ke novice","isPartOf":{"@id":"https:\/\/viva.racunalniske-novice.com\/en\/#website"},"datePublished":"2026-09-04T08:27:57+00:00","dateModified":"2026-09-04T08:27:57+00:00","author":{"@id":"https:\/\/viva.racunalniske-novice.com\/en\/#\/schema\/person\/afb62e36efa34516d50249517e4cdbb4"},"breadcrumb":{"@id":"https:\/\/viva.racunalniske-novice.com\/ifa-2026-solarni-racunalniki-pomivalni-stroji-s-kamerami-1100-hz-monitorji\/#breadcrumb"},"inLanguage":"de","potentialAction":[{"@type":"ReadAction","target":["https:\/\/viva.racunalniske-novice.com\/ifa-2026-solarni-racunalniki-pomivalni-stroji-s-kamerami-1100-hz-monitorji\/"]}]},{"@type":"BreadcrumbList","@id":"https:\/\/viva.racunalniske-novice.com\/ifa-2026-solarni-racunalniki-pomivalni-stroji-s-kamerami-1100-hz-monitorji\/#breadcrumb","itemListElement":[{"@type":"ListItem","position":1,"name":"Home","item":"https:\/\/viva.racunalniske-novice.com\/en\/"},{"@type":"ListItem","position":2,"name":"IFA 2026: solarni ra\u010dunalniki, pomivalni stroji s kamerami, 1100-Hz monitorji \u2026"}]},{"@type":"WebSite","@id":"https:\/\/viva.racunalniske-novice.com\/en\/#website","url":"https:\/\/viva.racunalniske-novice.com\/en\/","name":"Ra\u010dunalni\u0161ke novice","description":"","potentialAction":[{"@type":"SearchAction","target":{"@type":"EntryPoint","urlTemplate":"https:\/\/viva.racunalniske-novice.com\/en\/?s={search_term_string}"},"query-input":"required name=search_term_string"}],"inLanguage":"de"},{"@type":"Person","@id":"https:\/\/viva.racunalniske-novice.com\/en\/#\/schema\/person\/afb62e36efa34516d50249517e4cdbb4","name":"sinusiks","sameAs":["https:\/\/ml.racunalniske-novice.com"],"url":"https:\/\/viva.racunalniske-novice.com\/de\/author\/sinusiks\/"}]}},"_links":{"self":[{"href":"https:\/\/viva.racunalniske-novice.com\/de\/wp-json\/wp\/v2\/posts\/8117","targetHints":{"allow":["GET"]}}],"collection":[{"href":"https:\/\/viva.racunalniske-novice.com\/de\/wp-json\/wp\/v2\/posts"}],"about":[{"href":"https:\/\/viva.racunalniske-novice.com\/de\/wp-json\/wp\/v2\/types\/post"}],"author":[{"embeddable":true,"href":"https:\/\/viva.racunalniske-novice.com\/de\/wp-json\/wp\/v2\/users\/2"}],"replies":[{"embeddable":true,"href":"https:\/\/viva.racunalniske-novice.com\/de\/wp-json\/wp\/v2\/comments?post=8117"}],"version-history":[{"count":0,"href":"https:\/\/viva.racunalniske-novice.com\/de\/wp-json\/wp\/v2\/posts\/8117\/revisions"}],"wp:attachment":[{"href":"https:\/\/viva.racunalniske-novice.com\/de\/wp-json\/wp\/v2\/media?parent=8117"}],"wp:term":[{"taxonomy":"category","embeddable":true,"href":"https:\/\/viva.racunalniske-novice.com\/de\/wp-json\/wp\/v2\/categories?post=8117"},{"taxonomy":"post_tag","embeddable":true,"href":"https:\/\/viva.racunalniske-novice.com\/de\/wp-json\/wp\/v2\/tags?post=8117"}],"curies":[{"name":"wp","href":"https:\/\/api.w.org\/{rel}","templated":true}]}}