{"id":8121,"date":"2026-09-04T09:45:00","date_gmt":"2026-09-04T07:45:00","guid":{"rendered":"https:\/\/viva.racunalniske-novice.com\/bodo-prenosniki-brez-ventilatorjev-postali-del-nase-prihodnosti\/"},"modified":"2026-09-04T09:45:00","modified_gmt":"2026-09-04T07:45:00","slug":"bodo-prenosniki-brez-ventilatorjev-postali-del-nase-prihodnosti","status":"publish","type":"post","link":"https:\/\/viva.racunalniske-novice.com\/de\/werden-lufterlose-laptops-teil-unserer-zukunft-sein\/","title":{"rendered":"Werden l\u00fcfterlose Laptops Teil unserer Zukunft sein?"},"content":{"rendered":"<p class=\"wp-block-paragraph\">Laptop-Hersteller suchen seit Jahren nach M\u00f6glichkeiten, Ger\u00e4te d\u00fcnner und leichter zu gestalten, ohne dabei die Prozessorleistung zu beeintr\u00e4chtigen. Das gr\u00f6\u00dfte Hindernis stellen dabei herk\u00f6mmliche K\u00fchlsysteme dar, da L\u00fcfter, Heatpipes und L\u00fcftungsschlitze viel Platz im Geh\u00e4use ben\u00f6tigen. Auf der IFA 2026 pr\u00e4sentierte Lenovo mit dem Konzept-Laptop Lenovo ThinkBook Project AeroBlade seine Vision einer L\u00f6sung, die anstelle herk\u00f6mmlicher L\u00fcfter eine v\u00f6llig neue aktive K\u00fchltechnologie nutzt.<\/p>\n\n\n\n<p class=\"wp-block-paragraph\">Das Geh\u00e4use dieses 35,56 cm (14 Zoll) gro\u00dfen Laptops besteht aus einer Magnesium-Aluminium-Legierung. Im geschlossenen Zustand ist es weniger als 10 Millimeter dick, und das gesamte Ger\u00e4t wiegt weniger als 830 Gramm. Es gibt keine herk\u00f6mmlichen L\u00fcfter\u00f6ffnungen. Stattdessen hat Lenovo in Zusammenarbeit mit Frore Systems vier Frore Systems AirJet-K\u00fchlmodule verbaut. Diese Module arbeiten mit kleinen piezoelektrischen Membranen, die mit Ultraschallfrequenzen vibrieren. Dadurch entstehen Hochgeschwindigkeits-Luftstrahlen, die Luft ansaugen und durch das System bef\u00f6rdern \u2013 ganz ohne bewegliche Teile eines klassischen L\u00fcfters.<\/p>\n\n\n\n<p class=\"wp-block-paragraph\">Durch den Einsatz von nur 2,65 Millimeter d\u00fcnnen AirJet-Modulen von Free Systems konnte Lenovo die Gr\u00f6\u00dfe des Motherboards deutlich reduzieren. Laut Herstellerangaben arbeitet das System trotz des extrem schlanken Designs mit einer thermischen Verlustleistung von bis zu 20 Watt. Dadurch kann das Ger\u00e4t anspruchsvollere Aufgaben ohne die \u00fcblicherweise durch \u00fcberlastete L\u00fcfter verursachten Ger\u00e4usche bew\u00e4ltigen. Das Lenovo ThinkBook Project AeroBlade ist mit einem hochaufl\u00f6senden OLED-Display ausgestattet, dessen flexibles Scharnier ein b\u00fcndiges Schlie\u00dfen mit der Oberfl\u00e4che erm\u00f6glicht. Dank des schmalen Geh\u00e4userahmens befinden sich die USB-Typ-C-Anschl\u00fcsse mit Thunderbolt-4-Unterst\u00fctzung und der Ein-\/Ausschalter an einer speziellen Kante.<\/p>\n\n\n\n<p class=\"wp-block-paragraph\">Da es sich hierbei um ein Konzept handelt, hat Lenovo noch nicht alle genauen Spezifikationen bekannt gegeben, und es war nicht m\u00f6glich, das Ger\u00e4t auf der Messe unter Volllast zu testen, um die Behauptungen \u00fcber einen v\u00f6llig ger\u00e4uschlosen Betrieb bei h\u00f6heren Leistungsstufen in der Praxis zu best\u00e4tigen. <\/p>","protected":false},"excerpt":{"rendered":"<p>Proizvajalci prenosnih ra\u010dunalnikov \u017ee leta i\u0161\u010dejo na\u010dine, kako naprave narediti tanj\u0161e in la\u017eje, ne da bi ob tem trpela zmogljivost procesorja. Najve\u010djo oviro pri tem predstavljajo klasi\u010dni hladilni sistemi, saj ventilatorji, toplotne cevi ter zra\u010dne odprtine zahtevajo precej prostora znotraj ohi\u0161ja. Podjetje Lenovo pa je na sejmu IFA 2026 ponudilo svojo vizijo re\u0161itve s konceptnim [&hellip;]<\/p>","protected":false},"author":2,"featured_media":0,"comment_status":"","ping_status":"open","sticky":false,"template":"","format":"standard","meta":{"_acf_changed":false,"footnotes":""},"categories":[18],"tags":[354],"class_list":["post-8121","post","type-post","status-publish","format-standard","hentry","category-prenosni-racunalniki","tag-lenovo-prenosni-racunalniki"],"acf":{"subtitle":"","heading":"","summary":"Lenovo je na sejmu IFA 2026 predstavil 35,56 cm konceptni prenosnik ThinkBook Project AeroBlade. Naprava tehta pod 830 g, meri manj kot 10 mm v debelino ter uporablja ultrazvo\u010dne module AirJet za tiho hlajenje brez ventilatorjev.","thumbnail_small":"https:\/\/racunalniske-novice.com\/wp-content\/uploads\/2026\/09\/75333402_o-560x315.jpg","thumbnail_large":"https:\/\/racunalniske-novice.com\/wp-content\/uploads\/2026\/09\/75333402_o.jpg","thumbnail_caption":"Foto: Lenovo","gallery":"","video_gallery":null,"author":"","links":null,"sources":null,"skip_language":[]},"yoast_head":"<!-- This site is optimized with the Yoast SEO plugin v22.8 - https:\/\/yoast.com\/wordpress\/plugins\/seo\/ -->\n<title>Bodo prenosniki brez ventilatorjev postali del na\u0161e prihodnosti? - Ra\u010dunalni\u0161ke novice<\/title>\n<meta name=\"description\" content=\"Lenovo je na sejmu IFA 2026 predstavil 35,56 cm konceptni prenosnik ThinkBook Project AeroBlade. Naprava tehta pod 830 g, meri manj kot 10 mm v debelino ter uporablja ultrazvo\u010dne module AirJet za tiho\" \/>\n<meta name=\"robots\" content=\"index, follow, max-snippet:-1, max-image-preview:large, max-video-preview:-1\" \/>\n<link rel=\"canonical\" href=\"https:\/\/viva.racunalniske-novice.com\/de\/wp-json\/wp\/v2\/posts\/8121\" \/>\n<meta property=\"og:locale\" content=\"de_DE\" \/>\n<meta property=\"og:type\" content=\"article\" \/>\n<meta property=\"og:title\" content=\"Bodo prenosniki brez ventilatorjev postali del na\u0161e prihodnosti? - Ra\u010dunalni\u0161ke novice\" \/>\n<meta property=\"og:description\" content=\"Proizvajalci prenosnih ra\u010dunalnikov \u017ee leta i\u0161\u010dejo na\u010dine, kako naprave narediti tanj\u0161e in la\u017eje, ne da bi ob tem trpela zmogljivost procesorja. Najve\u010djo oviro pri tem predstavljajo klasi\u010dni hladilni sistemi, saj ventilatorji, toplotne cevi ter zra\u010dne odprtine zahtevajo precej prostora znotraj ohi\u0161ja. Podjetje Lenovo pa je na sejmu IFA 2026 ponudilo svojo vizijo re\u0161itve s konceptnim [&hellip;]\" \/>\n<meta property=\"og:url\" content=\"https:\/\/viva.racunalniske-novice.com\/de\/werden-lufterlose-laptops-teil-unserer-zukunft-sein\/\" \/>\n<meta property=\"og:site_name\" content=\"Ra\u010dunalni\u0161ke novice\" \/>\n<meta property=\"article:published_time\" content=\"2026-09-04T07:45:00+00:00\" \/>\n<meta name=\"author\" content=\"sinusiks\" \/>\n<meta name=\"twitter:card\" content=\"summary_large_image\" \/>\n<meta name=\"twitter:label1\" content=\"Verfasst von\" \/>\n\t<meta name=\"twitter:data1\" content=\"sinusiks\" \/>\n\t<meta name=\"twitter:label2\" content=\"Gesch\u00e4tzte Lesezeit\" \/>\n\t<meta name=\"twitter:data2\" content=\"2\u00a0Minuten\" \/>\n<script type=\"application\/ld+json\" class=\"yoast-schema-graph\">{\"@context\":\"https:\/\/schema.org\",\"@graph\":[{\"@type\":\"WebPage\",\"@id\":\"https:\/\/viva.racunalniske-novice.com\/bodo-prenosniki-brez-ventilatorjev-postali-del-nase-prihodnosti\/\",\"url\":\"https:\/\/viva.racunalniske-novice.com\/bodo-prenosniki-brez-ventilatorjev-postali-del-nase-prihodnosti\/\",\"name\":\"Bodo prenosniki brez ventilatorjev postali del na\u0161e prihodnosti? - Ra\u010dunalni\u0161ke novice\",\"isPartOf\":{\"@id\":\"https:\/\/viva.racunalniske-novice.com\/en\/#website\"},\"datePublished\":\"2026-09-04T07:45:00+00:00\",\"dateModified\":\"2026-09-04T07:45:00+00:00\",\"author\":{\"@id\":\"https:\/\/viva.racunalniske-novice.com\/en\/#\/schema\/person\/afb62e36efa34516d50249517e4cdbb4\"},\"breadcrumb\":{\"@id\":\"https:\/\/viva.racunalniske-novice.com\/bodo-prenosniki-brez-ventilatorjev-postali-del-nase-prihodnosti\/#breadcrumb\"},\"inLanguage\":\"de\",\"potentialAction\":[{\"@type\":\"ReadAction\",\"target\":[\"https:\/\/viva.racunalniske-novice.com\/bodo-prenosniki-brez-ventilatorjev-postali-del-nase-prihodnosti\/\"]}]},{\"@type\":\"BreadcrumbList\",\"@id\":\"https:\/\/viva.racunalniske-novice.com\/bodo-prenosniki-brez-ventilatorjev-postali-del-nase-prihodnosti\/#breadcrumb\",\"itemListElement\":[{\"@type\":\"ListItem\",\"position\":1,\"name\":\"Home\",\"item\":\"https:\/\/viva.racunalniske-novice.com\/en\/\"},{\"@type\":\"ListItem\",\"position\":2,\"name\":\"Bodo prenosniki brez ventilatorjev postali del na\u0161e prihodnosti?\"}]},{\"@type\":\"WebSite\",\"@id\":\"https:\/\/viva.racunalniske-novice.com\/en\/#website\",\"url\":\"https:\/\/viva.racunalniske-novice.com\/en\/\",\"name\":\"Ra\u010dunalni\u0161ke novice\",\"description\":\"\",\"potentialAction\":[{\"@type\":\"SearchAction\",\"target\":{\"@type\":\"EntryPoint\",\"urlTemplate\":\"https:\/\/viva.racunalniske-novice.com\/en\/?s={search_term_string}\"},\"query-input\":\"required name=search_term_string\"}],\"inLanguage\":\"de\"},{\"@type\":\"Person\",\"@id\":\"https:\/\/viva.racunalniske-novice.com\/en\/#\/schema\/person\/afb62e36efa34516d50249517e4cdbb4\",\"name\":\"sinusiks\",\"sameAs\":[\"https:\/\/ml.racunalniske-novice.com\"],\"url\":\"https:\/\/viva.racunalniske-novice.com\/de\/author\/sinusiks\/\"}]}<\/script>\n<!-- \/ Yoast SEO plugin. -->","yoast_head_json":{"title":"Bodo prenosniki brez ventilatorjev postali del na\u0161e prihodnosti? - Ra\u010dunalni\u0161ke novice","description":"Lenovo je na sejmu IFA 2026 predstavil 35,56 cm konceptni prenosnik ThinkBook Project AeroBlade. Naprava tehta pod 830 g, meri manj kot 10 mm v debelino ter uporablja ultrazvo\u010dne module AirJet za tiho","robots":{"index":"index","follow":"follow","max-snippet":"max-snippet:-1","max-image-preview":"max-image-preview:large","max-video-preview":"max-video-preview:-1"},"canonical":"https:\/\/viva.racunalniske-novice.com\/de\/wp-json\/wp\/v2\/posts\/8121","og_locale":"de_DE","og_type":"article","og_title":"Bodo prenosniki brez ventilatorjev postali del na\u0161e prihodnosti? - Ra\u010dunalni\u0161ke novice","og_description":"Proizvajalci prenosnih ra\u010dunalnikov \u017ee leta i\u0161\u010dejo na\u010dine, kako naprave narediti tanj\u0161e in la\u017eje, ne da bi ob tem trpela zmogljivost procesorja. Najve\u010djo oviro pri tem predstavljajo klasi\u010dni hladilni sistemi, saj ventilatorji, toplotne cevi ter zra\u010dne odprtine zahtevajo precej prostora znotraj ohi\u0161ja. Podjetje Lenovo pa je na sejmu IFA 2026 ponudilo svojo vizijo re\u0161itve s konceptnim [&hellip;]","og_url":"https:\/\/viva.racunalniske-novice.com\/de\/werden-lufterlose-laptops-teil-unserer-zukunft-sein\/","og_site_name":"Ra\u010dunalni\u0161ke novice","article_published_time":"2026-09-04T07:45:00+00:00","author":"sinusiks","twitter_card":"summary_large_image","twitter_misc":{"Verfasst von":"sinusiks","Gesch\u00e4tzte Lesezeit":"2\u00a0Minuten"},"schema":{"@context":"https:\/\/schema.org","@graph":[{"@type":"WebPage","@id":"https:\/\/viva.racunalniske-novice.com\/bodo-prenosniki-brez-ventilatorjev-postali-del-nase-prihodnosti\/","url":"https:\/\/viva.racunalniske-novice.com\/bodo-prenosniki-brez-ventilatorjev-postali-del-nase-prihodnosti\/","name":"Bodo prenosniki brez ventilatorjev postali del na\u0161e prihodnosti? - Ra\u010dunalni\u0161ke novice","isPartOf":{"@id":"https:\/\/viva.racunalniske-novice.com\/en\/#website"},"datePublished":"2026-09-04T07:45:00+00:00","dateModified":"2026-09-04T07:45:00+00:00","author":{"@id":"https:\/\/viva.racunalniske-novice.com\/en\/#\/schema\/person\/afb62e36efa34516d50249517e4cdbb4"},"breadcrumb":{"@id":"https:\/\/viva.racunalniske-novice.com\/bodo-prenosniki-brez-ventilatorjev-postali-del-nase-prihodnosti\/#breadcrumb"},"inLanguage":"de","potentialAction":[{"@type":"ReadAction","target":["https:\/\/viva.racunalniske-novice.com\/bodo-prenosniki-brez-ventilatorjev-postali-del-nase-prihodnosti\/"]}]},{"@type":"BreadcrumbList","@id":"https:\/\/viva.racunalniske-novice.com\/bodo-prenosniki-brez-ventilatorjev-postali-del-nase-prihodnosti\/#breadcrumb","itemListElement":[{"@type":"ListItem","position":1,"name":"Home","item":"https:\/\/viva.racunalniske-novice.com\/en\/"},{"@type":"ListItem","position":2,"name":"Bodo prenosniki brez ventilatorjev postali del na\u0161e prihodnosti?"}]},{"@type":"WebSite","@id":"https:\/\/viva.racunalniske-novice.com\/en\/#website","url":"https:\/\/viva.racunalniske-novice.com\/en\/","name":"Ra\u010dunalni\u0161ke novice","description":"","potentialAction":[{"@type":"SearchAction","target":{"@type":"EntryPoint","urlTemplate":"https:\/\/viva.racunalniske-novice.com\/en\/?s={search_term_string}"},"query-input":"required name=search_term_string"}],"inLanguage":"de"},{"@type":"Person","@id":"https:\/\/viva.racunalniske-novice.com\/en\/#\/schema\/person\/afb62e36efa34516d50249517e4cdbb4","name":"sinusiks","sameAs":["https:\/\/ml.racunalniske-novice.com"],"url":"https:\/\/viva.racunalniske-novice.com\/de\/author\/sinusiks\/"}]}},"_links":{"self":[{"href":"https:\/\/viva.racunalniske-novice.com\/de\/wp-json\/wp\/v2\/posts\/8121","targetHints":{"allow":["GET"]}}],"collection":[{"href":"https:\/\/viva.racunalniske-novice.com\/de\/wp-json\/wp\/v2\/posts"}],"about":[{"href":"https:\/\/viva.racunalniske-novice.com\/de\/wp-json\/wp\/v2\/types\/post"}],"author":[{"embeddable":true,"href":"https:\/\/viva.racunalniske-novice.com\/de\/wp-json\/wp\/v2\/users\/2"}],"replies":[{"embeddable":true,"href":"https:\/\/viva.racunalniske-novice.com\/de\/wp-json\/wp\/v2\/comments?post=8121"}],"version-history":[{"count":0,"href":"https:\/\/viva.racunalniske-novice.com\/de\/wp-json\/wp\/v2\/posts\/8121\/revisions"}],"wp:attachment":[{"href":"https:\/\/viva.racunalniske-novice.com\/de\/wp-json\/wp\/v2\/media?parent=8121"}],"wp:term":[{"taxonomy":"category","embeddable":true,"href":"https:\/\/viva.racunalniske-novice.com\/de\/wp-json\/wp\/v2\/categories?post=8121"},{"taxonomy":"post_tag","embeddable":true,"href":"https:\/\/viva.racunalniske-novice.com\/de\/wp-json\/wp\/v2\/tags?post=8121"}],"curies":[{"name":"wp","href":"https:\/\/api.w.org\/{rel}","templated":true}]}}