{"id":2771,"date":"2024-03-01T15:45:00","date_gmt":"2024-03-01T14:45:00","guid":{"rendered":"https:\/\/vivalainfo.com\/en\/apple-omogocil-popravila-v-lastni-reziji-tudi-za-novejse-naprave\/"},"modified":"2024-03-01T15:45:00","modified_gmt":"2024-03-01T14:45:00","slug":"apple-omogocil-popravila-v-lastni-reziji-tudi-za-novejse-naprave","status":"publish","type":"post","link":"https:\/\/viva.racunalniske-novice.com\/en\/apple-has-enabled-repairs-in-its-own-workshop-for-newer-devices-as-well\/","title":{"rendered":"Apple has made in-house repairs possible even for newer devices"},"content":{"rendered":"<p>You probably still remember that for a long time Apple made it fairly difficult to repair devices in-house, while repairs in licensed service centers were usually not exactly cheap. Large amounts of glue, non-standard screws and the complex internal structure of the device often made it difficult to replace batteries, screens or other parts of the device. In addition, users began to see various error messages on the device&#039;s screen, and certain functions simply stopped working.<\/p>\n\n\n\n<p>But 2022 saw an incredible turnaround, at least when it comes to newer Apple devices. The computer giant made a statement announcing the launch of a self-service repair program. This program allowed customers who felt they could do it, to rent all the necessary tools and purchase original replacement parts to perform a DIY repair at home.<\/p>\n\n\n\n<p>It appears that Apple will continue its in-house repair policy. This program was recently extended to the latest computer systems of the computer giant, which are equipped with the M3 processor. These are the 14-inch MacBook Pro, 16-inch MacBook Pro, and \u200ciMac\u200c that use M3, M3 Pro, and\/or M3 Max processors for computing data.<\/p>\n\n\n\n<p>The do-it-yourself repair program is available in both the United States and select European countries. Slovenia is among them. Spare parts for our Apple devices can be ordered online <a href=\"https:\/\/selfservicerepair.eu\/sl-SI\/order\">https:\/\/selfservicerepair.eu\/sl-SI\/order<\/a><\/p>\n<div class=\"embed-container\"><iframe src=\"https:\/\/www.youtube.com\/embed\/mdYzVaC6HSQ\" frameborder=\"0\" allowfullscreen><\/iframe><\/div><br\/>","protected":false},"excerpt":{"rendered":"<p>You probably remember that Apple has long made it difficult to repair its devices on its own, while repairs at licensed repair shops have usually been expensive. Large amounts of glue, non-standard screws, and the device&#039;s complex internal structure often made it difficult to replace batteries, screens, or other parts of the device. In addition, the device&#039;s screen has been [\u2026]<\/p>","protected":false},"author":2,"featured_media":0,"comment_status":"","ping_status":"open","sticky":false,"template":"","format":"standard","meta":{"_acf_changed":false,"footnotes":""},"categories":[16],"tags":[154],"class_list":["post-2771","post","type-post","status-publish","format-standard","hentry","category-oprema","tag-apple"],"acf":{"subtitle":"Apple je nedavno omogo\u010dil popravila v lastni re\u017eiji za njegove najnovej\u0161e ra\u010dunalni\u0161ke sisteme. Tu gre za naprave opremljene s procesorji M3.","heading":"","summary":"Kot vse ka\u017ee bo podjetje Apple nadaljevalo s politiko popravil v lastni re\u017eiji. Ta program je bil namre\u010d nedavno raz\u0161irjen tudi na najnovej\u0161e ra\u010dunalni\u0161ke sisteme ra\u010dunalni\u0161kega giganta, ki so opremljeni s procesorjem M3. Tu gre za 14-pal\u010dni MacBook Pro, 16-pal\u010dni MacBook Pro in iMac, ki za prera\u010dun","thumbnail_small":"https:\/\/racunalniske-novice.com\/wp-content\/uploads\/2024\/03\/Apple-EU-Self-Service-repair-iPhone_big.jpg.large_2x-1024x670-1-560x315.jpg","thumbnail_large":"https:\/\/racunalniske-novice.com\/wp-content\/uploads\/2024\/03\/Apple-EU-Self-Service-repair-iPhone_big.jpg.large_2x-1024x670-1.jpg","thumbnail_caption":"","gallery":"","video_gallery":[{"youtube_url":"https:\/\/www.youtube.com\/watch?v=mdYzVaC6HSQ"}],"author":"","links":[{"title":"Apple","url":""}],"sources":null,"skip_language":[]},"yoast_head":"<!-- This site is optimized with the Yoast SEO plugin v22.8 - https:\/\/yoast.com\/wordpress\/plugins\/seo\/ -->\n<title>Apple omogo\u010dil popravila v lastni re\u017eiji tudi za novej\u0161e naprave - Ra\u010dunalni\u0161ke novice<\/title>\n<meta name=\"description\" content=\"Kot vse ka\u017ee bo podjetje Apple nadaljevalo s politiko popravil v lastni re\u017eiji. Ta program je bil namre\u010d nedavno raz\u0161irjen tudi na najnovej\u0161e ra\u010dunalni\u0161ke sisteme ra\u010dunalni\u0161kega giganta, ki so opremlj\" \/>\n<meta name=\"robots\" content=\"index, follow, max-snippet:-1, max-image-preview:large, max-video-preview:-1\" \/>\n<link rel=\"canonical\" href=\"https:\/\/viva.racunalniske-novice.com\/en\/wp-json\/wp\/v2\/posts\/2771\" \/>\n<meta property=\"og:locale\" content=\"en_US\" \/>\n<meta property=\"og:type\" content=\"article\" \/>\n<meta property=\"og:title\" content=\"Apple omogo\u010dil popravila v lastni re\u017eiji tudi za novej\u0161e naprave - Ra\u010dunalni\u0161ke novice\" \/>\n<meta property=\"og:description\" content=\"Verjetno se \u0161e spomnite, da je Apple dalj \u010dasa po\u0161teno ote\u017eeval popravilo naprav v lastni re\u017eiji, medtem ko popravilo v licen\u010dnih servisih navadno ni bilo ravno poceni. Velike koli\u010dine lepila, nestandardni vijaki in zapletena notranja zgradba naprave so pogosto ote\u017eevale zamenjavo baterij, zaslonov ali drugih delov naprave. Poleg tega so se na zaslonu naprave uporabnikom [&hellip;]\" \/>\n<meta property=\"og:url\" content=\"https:\/\/viva.racunalniske-novice.com\/en\/apple-ha-consentito-la-riparazione-nel-proprio-laboratorio-anche-per-i-dispositivi-piu-recenti\/\" \/>\n<meta property=\"og:site_name\" content=\"Ra\u010dunalni\u0161ke novice\" \/>\n<meta property=\"article:published_time\" content=\"2024-03-01T14:45:00+00:00\" \/>\n<meta name=\"author\" content=\"sinusiks\" \/>\n<meta name=\"twitter:card\" content=\"summary_large_image\" \/>\n<meta name=\"twitter:label1\" content=\"Written by\" \/>\n\t<meta name=\"twitter:data1\" content=\"sinusiks\" \/>\n\t<meta name=\"twitter:label2\" content=\"Est. reading time\" \/>\n\t<meta name=\"twitter:data2\" content=\"1 minute\" \/>\n<script type=\"application\/ld+json\" class=\"yoast-schema-graph\">{\"@context\":\"https:\/\/schema.org\",\"@graph\":[{\"@type\":\"WebPage\",\"@id\":\"https:\/\/viva.racunalniske-novice.com\/it\/apple-ha-consentito-la-riparazione-nel-proprio-laboratorio-anche-per-i-dispositivi-piu-recenti\/\",\"url\":\"https:\/\/viva.racunalniske-novice.com\/it\/apple-ha-consentito-la-riparazione-nel-proprio-laboratorio-anche-per-i-dispositivi-piu-recenti\/\",\"name\":\"Apple omogo\u010dil popravila v lastni re\u017eiji tudi za novej\u0161e naprave - Ra\u010dunalni\u0161ke novice\",\"isPartOf\":{\"@id\":\"https:\/\/viva.racunalniske-novice.com\/en\/#website\"},\"datePublished\":\"2024-03-01T14:45:00+00:00\",\"dateModified\":\"2024-03-01T14:45:00+00:00\",\"author\":{\"@id\":\"https:\/\/viva.racunalniske-novice.com\/en\/#\/schema\/person\/afb62e36efa34516d50249517e4cdbb4\"},\"breadcrumb\":{\"@id\":\"https:\/\/viva.racunalniske-novice.com\/it\/apple-ha-consentito-la-riparazione-nel-proprio-laboratorio-anche-per-i-dispositivi-piu-recenti\/#breadcrumb\"},\"inLanguage\":\"en-US\",\"potentialAction\":[{\"@type\":\"ReadAction\",\"target\":[\"https:\/\/viva.racunalniske-novice.com\/it\/apple-ha-consentito-la-riparazione-nel-proprio-laboratorio-anche-per-i-dispositivi-piu-recenti\/\"]}]},{\"@type\":\"BreadcrumbList\",\"@id\":\"https:\/\/viva.racunalniske-novice.com\/it\/apple-ha-consentito-la-riparazione-nel-proprio-laboratorio-anche-per-i-dispositivi-piu-recenti\/#breadcrumb\",\"itemListElement\":[{\"@type\":\"ListItem\",\"position\":1,\"name\":\"Home\",\"item\":\"https:\/\/viva.racunalniske-novice.com\/en\/\"},{\"@type\":\"ListItem\",\"position\":2,\"name\":\"Apple omogo\u010dil popravila v lastni re\u017eiji tudi za novej\u0161e naprave\"}]},{\"@type\":\"WebSite\",\"@id\":\"https:\/\/viva.racunalniske-novice.com\/en\/#website\",\"url\":\"https:\/\/viva.racunalniske-novice.com\/en\/\",\"name\":\"Ra\u010dunalni\u0161ke novice\",\"description\":\"\",\"potentialAction\":[{\"@type\":\"SearchAction\",\"target\":{\"@type\":\"EntryPoint\",\"urlTemplate\":\"https:\/\/viva.racunalniske-novice.com\/en\/?s={search_term_string}\"},\"query-input\":\"required name=search_term_string\"}],\"inLanguage\":\"en-US\"},{\"@type\":\"Person\",\"@id\":\"https:\/\/viva.racunalniske-novice.com\/en\/#\/schema\/person\/afb62e36efa34516d50249517e4cdbb4\",\"name\":\"sinusiks\",\"sameAs\":[\"https:\/\/ml.racunalniske-novice.com\"],\"url\":\"https:\/\/viva.racunalniske-novice.com\/en\/author\/sinusiks\/\"}]}<\/script>\n<!-- \/ Yoast SEO plugin. -->","yoast_head_json":{"title":"Apple omogo\u010dil popravila v lastni re\u017eiji tudi za novej\u0161e naprave - Ra\u010dunalni\u0161ke novice","description":"Kot vse ka\u017ee bo podjetje Apple nadaljevalo s politiko popravil v lastni re\u017eiji. Ta program je bil namre\u010d nedavno raz\u0161irjen tudi na najnovej\u0161e ra\u010dunalni\u0161ke sisteme ra\u010dunalni\u0161kega giganta, ki so opremlj","robots":{"index":"index","follow":"follow","max-snippet":"max-snippet:-1","max-image-preview":"max-image-preview:large","max-video-preview":"max-video-preview:-1"},"canonical":"https:\/\/viva.racunalniske-novice.com\/en\/wp-json\/wp\/v2\/posts\/2771","og_locale":"en_US","og_type":"article","og_title":"Apple omogo\u010dil popravila v lastni re\u017eiji tudi za novej\u0161e naprave - Ra\u010dunalni\u0161ke novice","og_description":"Verjetno se \u0161e spomnite, da je Apple dalj \u010dasa po\u0161teno ote\u017eeval popravilo naprav v lastni re\u017eiji, medtem ko popravilo v licen\u010dnih servisih navadno ni bilo ravno poceni. Velike koli\u010dine lepila, nestandardni vijaki in zapletena notranja zgradba naprave so pogosto ote\u017eevale zamenjavo baterij, zaslonov ali drugih delov naprave. Poleg tega so se na zaslonu naprave uporabnikom [&hellip;]","og_url":"https:\/\/viva.racunalniske-novice.com\/en\/apple-ha-consentito-la-riparazione-nel-proprio-laboratorio-anche-per-i-dispositivi-piu-recenti\/","og_site_name":"Ra\u010dunalni\u0161ke novice","article_published_time":"2024-03-01T14:45:00+00:00","author":"sinusiks","twitter_card":"summary_large_image","twitter_misc":{"Written by":"sinusiks","Est. reading time":"1 minute"},"schema":{"@context":"https:\/\/schema.org","@graph":[{"@type":"WebPage","@id":"https:\/\/viva.racunalniske-novice.com\/it\/apple-ha-consentito-la-riparazione-nel-proprio-laboratorio-anche-per-i-dispositivi-piu-recenti\/","url":"https:\/\/viva.racunalniske-novice.com\/it\/apple-ha-consentito-la-riparazione-nel-proprio-laboratorio-anche-per-i-dispositivi-piu-recenti\/","name":"Apple omogo\u010dil popravila v lastni re\u017eiji tudi za novej\u0161e naprave - Ra\u010dunalni\u0161ke novice","isPartOf":{"@id":"https:\/\/viva.racunalniske-novice.com\/en\/#website"},"datePublished":"2024-03-01T14:45:00+00:00","dateModified":"2024-03-01T14:45:00+00:00","author":{"@id":"https:\/\/viva.racunalniske-novice.com\/en\/#\/schema\/person\/afb62e36efa34516d50249517e4cdbb4"},"breadcrumb":{"@id":"https:\/\/viva.racunalniske-novice.com\/it\/apple-ha-consentito-la-riparazione-nel-proprio-laboratorio-anche-per-i-dispositivi-piu-recenti\/#breadcrumb"},"inLanguage":"en-US","potentialAction":[{"@type":"ReadAction","target":["https:\/\/viva.racunalniske-novice.com\/it\/apple-ha-consentito-la-riparazione-nel-proprio-laboratorio-anche-per-i-dispositivi-piu-recenti\/"]}]},{"@type":"BreadcrumbList","@id":"https:\/\/viva.racunalniske-novice.com\/it\/apple-ha-consentito-la-riparazione-nel-proprio-laboratorio-anche-per-i-dispositivi-piu-recenti\/#breadcrumb","itemListElement":[{"@type":"ListItem","position":1,"name":"Home","item":"https:\/\/viva.racunalniske-novice.com\/en\/"},{"@type":"ListItem","position":2,"name":"Apple omogo\u010dil popravila v lastni re\u017eiji tudi za novej\u0161e naprave"}]},{"@type":"WebSite","@id":"https:\/\/viva.racunalniske-novice.com\/en\/#website","url":"https:\/\/viva.racunalniske-novice.com\/en\/","name":"Ra\u010dunalni\u0161ke novice","description":"","potentialAction":[{"@type":"SearchAction","target":{"@type":"EntryPoint","urlTemplate":"https:\/\/viva.racunalniske-novice.com\/en\/?s={search_term_string}"},"query-input":"required name=search_term_string"}],"inLanguage":"en-US"},{"@type":"Person","@id":"https:\/\/viva.racunalniske-novice.com\/en\/#\/schema\/person\/afb62e36efa34516d50249517e4cdbb4","name":"sinusiks","sameAs":["https:\/\/ml.racunalniske-novice.com"],"url":"https:\/\/viva.racunalniske-novice.com\/en\/author\/sinusiks\/"}]}},"_links":{"self":[{"href":"https:\/\/viva.racunalniske-novice.com\/en\/wp-json\/wp\/v2\/posts\/2771","targetHints":{"allow":["GET"]}}],"collection":[{"href":"https:\/\/viva.racunalniske-novice.com\/en\/wp-json\/wp\/v2\/posts"}],"about":[{"href":"https:\/\/viva.racunalniske-novice.com\/en\/wp-json\/wp\/v2\/types\/post"}],"author":[{"embeddable":true,"href":"https:\/\/viva.racunalniske-novice.com\/en\/wp-json\/wp\/v2\/users\/2"}],"replies":[{"embeddable":true,"href":"https:\/\/viva.racunalniske-novice.com\/en\/wp-json\/wp\/v2\/comments?post=2771"}],"version-history":[{"count":0,"href":"https:\/\/viva.racunalniske-novice.com\/en\/wp-json\/wp\/v2\/posts\/2771\/revisions"}],"wp:attachment":[{"href":"https:\/\/viva.racunalniske-novice.com\/en\/wp-json\/wp\/v2\/media?parent=2771"}],"wp:term":[{"taxonomy":"category","embeddable":true,"href":"https:\/\/viva.racunalniske-novice.com\/en\/wp-json\/wp\/v2\/categories?post=2771"},{"taxonomy":"post_tag","embeddable":true,"href":"https:\/\/viva.racunalniske-novice.com\/en\/wp-json\/wp\/v2\/tags?post=2771"}],"curies":[{"name":"wp","href":"https:\/\/api.w.org\/{rel}","templated":true}]}}