{"id":4976,"date":"2024-07-17T15:15:00","date_gmt":"2024-07-17T13:15:00","guid":{"rendered":"https:\/\/viva.racunalniske-novice.com\/apple-vision-pro-koncno-na-voljo-tudi-v-evropi\/"},"modified":"2024-07-17T15:15:00","modified_gmt":"2024-07-17T13:15:00","slug":"apple-vision-pro-koncno-na-voljo-tudi-v-evropi","status":"publish","type":"post","link":"https:\/\/viva.racunalniske-novice.com\/en\/apple-vision-pro-is-finally-available-in-europe\/","title":{"rendered":"Apple Vision Pro finally available in Europe"},"content":{"rendered":"<p>Remember the days when people would camp out in front of Apple stores to be the first to get their hands on new iPhones, tablets and other products from the \u201cBig Apple\u201d? Judging by what happened outside one of Apple\u2019s stores in London when the Apple Vision Pro was released, those days are over. Apple\u2019s very \u201chigh-tech\u201d computer in a visor that you put on your head is finally available in Europe and the UK. It\u2019s true that there are convenient pre-order options available today, but the fact that there wasn\u2019t much interest at the time of its release also shows that there is still doubt about the future of VR devices. Will the technology in question manage to escape the world of tech fanatics and make its way to the mass market?<\/p>\n\n\n\n<p>Apple wants to position the Vision Pro in such a way that customers believe they can do what they&#039;ve been doing up until now, but better. Home videos become 3D videos, panoramic photos suddenly stretch across the entire wall and 360 degrees around us. It seems that the price of the device is the most problematic, namely in Europe it is \u00a33,500 or \u20ac3,999.<\/p>\n\n\n\n<p>Just for comparison, let&#039;s look at how Meta sees this same VR technology. A recent demo of the Meta Quest 3, which will be available in the UK from 2023, puts multitasking at the forefront. It was recently released <a href=\"https:\/\/www.youtube.com\/watch?v=34-DDtOmuJE\" target=\"_blank\" rel=\"noreferrer noopener\">Meta Quest 3 device advertisement<\/a>, in which a man builds a cradle while looking at the instructions. Certainly not the most exciting concept of use, we can still see how Meta wants to showcase its technology. We are not at a loss for words about the price, which is no higher than 600 euros.<\/p>\n\n\n\n<h2 class=\"wp-block-heading\" style=\"font-size:21px\">Apple vs. Meta: Who will win the VR match?<\/h2>\n\n\n\n<p>Apple and Meta are the biggest VR players, but the market is much more saturated than it might seem. Today, we can choose from tens or even hundreds of different VR devices. What they all have in common is that none of the devices has yet managed to become a mass product. <\/p>\n\n\n\n<p>Until recently, the Vision Pro was only available in the US \u2013 analyst firm IDC predicts that no more than 500,000 devices will be sold this year. Meta, which does not disclose unit sales figures for the Quest, is estimated to have sold around 20 million devices.<\/p>\n\n\n\n<p>VR devices are nowhere near as indispensable as tablets, let alone smartphones. George Jijiashvili, an analyst at market research firm Omdia, says that users soon stop using and throw away many of the devices they buy.<em>This happens mainly at the expense of a limited influx of useful and interesting content that would keep the user chained to the device<\/em>&quot;, he adds. Of course, the lack of content leads to less interest from both users and developers, who are the ones responsible for developing the content. &quot;<em>It&#039;s a chicken and egg situation<\/em>&quot;, says Jijiashvili.<\/p>\n\n\n\n<p>Alan Boyce, founder of mixed reality studio DragonfiAR, pointed out that the first buyers of the Vision Pro device will have to be patient until they get more content. In this area, the Quest 3 is ahead of Apple&#039;s product, as it already offers a robust game library, and also allows you to do the same things as the Vision Pro.<\/p>\n\n\n\n<p>IDC analyst Francisco Jeronimo adds that Apple should not be written off despite its somewhat slower start.<em>Apple is always expected to sell millions of products immediately. All the time, products are compared to the iPhone<\/em>m\u201d, says Jeronimo. The fact is, however, that even the iPhone needed time to gain a sufficient number of customers and start experiencing rapid sales growth. <\/p>\n\n\n\n<p>Melissa Otto of S&amp;P Global Market Intelligence argues that the iPhone only became a mass product when the App Store \u201cexploded\u201d with the addition of an enormous amount of applications.<em>When people feel that their lives are getting better and easier, then they are ready to take a step forward<\/em>&quot;, says Otto.<\/p>","protected":false},"excerpt":{"rendered":"<p>Se \u0161e spomnite \u010dasov, ko so ljudje kampirali pred Applovimi trgovinami, da bi prvi pri\u0161li do novih iPhonov, tablic in ostalih produktov &#8220;velikega jabolka&#8221;? \u010ce sklepamo po tem, kaj se je dogajalo pred eno od Applovih trgovin v Londonu ob izidu Apple Vision Pro, potem lahko zaklju\u010dimo, da so ti \u010dasi minili. Applov zelo &#8220;high-tech&#8221; [&hellip;]<\/p>","protected":false},"author":2,"featured_media":0,"comment_status":"","ping_status":"open","sticky":false,"template":"","format":"standard","meta":{"_acf_changed":false,"footnotes":""},"categories":[64],"tags":[154,258,551],"class_list":["post-4976","post","type-post","status-publish","format-standard","hentry","category-vr","tag-apple","tag-meta","tag-vr-ocala"],"acf":{"subtitle":"Applov VR produkt je prej\u0161nji teden iz\u0161el v Evropi in pri\u010dakovanja od naprave so pribli\u017eno tako visoka kot cena.","heading":"","summary":"Applov VR produkt je prej\u0161nji teden iz\u0161el v Evropi in pri\u010dakovanja od naprave so pribli\u017eno tako visoka kot cena.","thumbnail_small":"https:\/\/racunalniske-novice.com\/wp-content\/uploads\/2024\/07\/hero_us_startframe__bj4ciwxazquq_large-560x315.jpg","thumbnail_large":"https:\/\/racunalniske-novice.com\/wp-content\/uploads\/2024\/07\/hero_us_startframe__bj4ciwxazquq_large-1024x1024.jpg","thumbnail_caption":"","gallery":"","video_gallery":null,"author":"","links":null,"sources":[{"title":"BBC","url":"https:\/\/www.bbc.com\/news\/articles\/c51yl7q8z42o"},{"title":"Apple ","url":"https:\/\/www.apple.com\/apple-vision-pro\/"}],"skip_language":[]},"yoast_head":"<!-- This site is optimized with the Yoast SEO plugin v22.8 - https:\/\/yoast.com\/wordpress\/plugins\/seo\/ -->\n<title>Apple Vision Pro kon\u010dno na voljo tudi v Evropi - Ra\u010dunalni\u0161ke novice<\/title>\n<meta name=\"description\" content=\"Applov VR produkt je prej\u0161nji teden iz\u0161el v Evropi in pri\u010dakovanja od naprave so pribli\u017eno tako visoka kot cena.\" \/>\n<meta name=\"robots\" content=\"index, follow, max-snippet:-1, max-image-preview:large, max-video-preview:-1\" \/>\n<link rel=\"canonical\" href=\"https:\/\/viva.racunalniske-novice.com\/en\/wp-json\/wp\/v2\/posts\/4976\" \/>\n<meta property=\"og:locale\" content=\"en_US\" \/>\n<meta property=\"og:type\" content=\"article\" \/>\n<meta property=\"og:title\" content=\"Apple Vision Pro kon\u010dno na voljo tudi v Evropi - Ra\u010dunalni\u0161ke novice\" \/>\n<meta property=\"og:description\" content=\"Se \u0161e spomnite \u010dasov, ko so ljudje kampirali pred Applovimi trgovinami, da bi prvi pri\u0161li do novih iPhonov, tablic in ostalih produktov &#8220;velikega jabolka&#8221;? \u010ce sklepamo po tem, kaj se je dogajalo pred eno od Applovih trgovin v Londonu ob izidu Apple Vision Pro, potem lahko zaklju\u010dimo, da so ti \u010dasi minili. Applov zelo &#8220;high-tech&#8221; [&hellip;]\" \/>\n<meta property=\"og:url\" content=\"https:\/\/viva.racunalniske-novice.com\/en\/apple-vision-pro-is-finally-available-in-europe\/\" \/>\n<meta property=\"og:site_name\" content=\"Ra\u010dunalni\u0161ke novice\" \/>\n<meta property=\"article:published_time\" content=\"2024-07-17T13:15:00+00:00\" \/>\n<meta name=\"author\" content=\"sinusiks\" \/>\n<meta name=\"twitter:card\" content=\"summary_large_image\" \/>\n<meta name=\"twitter:label1\" content=\"Written by\" \/>\n\t<meta name=\"twitter:data1\" content=\"sinusiks\" \/>\n\t<meta name=\"twitter:label2\" content=\"Est. reading time\" \/>\n\t<meta name=\"twitter:data2\" content=\"3 minutes\" \/>\n<script type=\"application\/ld+json\" class=\"yoast-schema-graph\">{\"@context\":\"https:\/\/schema.org\",\"@graph\":[{\"@type\":\"WebPage\",\"@id\":\"https:\/\/viva.racunalniske-novice.com\/apple-vision-pro-koncno-na-voljo-tudi-v-evropi\/\",\"url\":\"https:\/\/viva.racunalniske-novice.com\/apple-vision-pro-koncno-na-voljo-tudi-v-evropi\/\",\"name\":\"Apple Vision Pro kon\u010dno na voljo tudi v Evropi - Ra\u010dunalni\u0161ke novice\",\"isPartOf\":{\"@id\":\"https:\/\/viva.racunalniske-novice.com\/en\/#website\"},\"datePublished\":\"2024-07-17T13:15:00+00:00\",\"dateModified\":\"2024-07-17T13:15:00+00:00\",\"author\":{\"@id\":\"https:\/\/viva.racunalniske-novice.com\/en\/#\/schema\/person\/afb62e36efa34516d50249517e4cdbb4\"},\"breadcrumb\":{\"@id\":\"https:\/\/viva.racunalniske-novice.com\/apple-vision-pro-koncno-na-voljo-tudi-v-evropi\/#breadcrumb\"},\"inLanguage\":\"en-US\",\"potentialAction\":[{\"@type\":\"ReadAction\",\"target\":[\"https:\/\/viva.racunalniske-novice.com\/apple-vision-pro-koncno-na-voljo-tudi-v-evropi\/\"]}]},{\"@type\":\"BreadcrumbList\",\"@id\":\"https:\/\/viva.racunalniske-novice.com\/apple-vision-pro-koncno-na-voljo-tudi-v-evropi\/#breadcrumb\",\"itemListElement\":[{\"@type\":\"ListItem\",\"position\":1,\"name\":\"Home\",\"item\":\"https:\/\/viva.racunalniske-novice.com\/en\/\"},{\"@type\":\"ListItem\",\"position\":2,\"name\":\"Apple Vision Pro kon\u010dno na voljo tudi v Evropi\"}]},{\"@type\":\"WebSite\",\"@id\":\"https:\/\/viva.racunalniske-novice.com\/en\/#website\",\"url\":\"https:\/\/viva.racunalniske-novice.com\/en\/\",\"name\":\"Ra\u010dunalni\u0161ke novice\",\"description\":\"\",\"potentialAction\":[{\"@type\":\"SearchAction\",\"target\":{\"@type\":\"EntryPoint\",\"urlTemplate\":\"https:\/\/viva.racunalniske-novice.com\/en\/?s={search_term_string}\"},\"query-input\":\"required name=search_term_string\"}],\"inLanguage\":\"en-US\"},{\"@type\":\"Person\",\"@id\":\"https:\/\/viva.racunalniske-novice.com\/en\/#\/schema\/person\/afb62e36efa34516d50249517e4cdbb4\",\"name\":\"sinusiks\",\"sameAs\":[\"https:\/\/ml.racunalniske-novice.com\"],\"url\":\"https:\/\/viva.racunalniske-novice.com\/en\/author\/sinusiks\/\"}]}<\/script>\n<!-- \/ Yoast SEO plugin. -->","yoast_head_json":{"title":"Apple Vision Pro kon\u010dno na voljo tudi v Evropi - Ra\u010dunalni\u0161ke novice","description":"Applov VR produkt je prej\u0161nji teden iz\u0161el v Evropi in pri\u010dakovanja od naprave so pribli\u017eno tako visoka kot cena.","robots":{"index":"index","follow":"follow","max-snippet":"max-snippet:-1","max-image-preview":"max-image-preview:large","max-video-preview":"max-video-preview:-1"},"canonical":"https:\/\/viva.racunalniske-novice.com\/en\/wp-json\/wp\/v2\/posts\/4976","og_locale":"en_US","og_type":"article","og_title":"Apple Vision Pro kon\u010dno na voljo tudi v Evropi - Ra\u010dunalni\u0161ke novice","og_description":"Se \u0161e spomnite \u010dasov, ko so ljudje kampirali pred Applovimi trgovinami, da bi prvi pri\u0161li do novih iPhonov, tablic in ostalih produktov &#8220;velikega jabolka&#8221;? \u010ce sklepamo po tem, kaj se je dogajalo pred eno od Applovih trgovin v Londonu ob izidu Apple Vision Pro, potem lahko zaklju\u010dimo, da so ti \u010dasi minili. Applov zelo &#8220;high-tech&#8221; [&hellip;]","og_url":"https:\/\/viva.racunalniske-novice.com\/en\/apple-vision-pro-is-finally-available-in-europe\/","og_site_name":"Ra\u010dunalni\u0161ke novice","article_published_time":"2024-07-17T13:15:00+00:00","author":"sinusiks","twitter_card":"summary_large_image","twitter_misc":{"Written by":"sinusiks","Est. reading time":"3 minutes"},"schema":{"@context":"https:\/\/schema.org","@graph":[{"@type":"WebPage","@id":"https:\/\/viva.racunalniske-novice.com\/apple-vision-pro-koncno-na-voljo-tudi-v-evropi\/","url":"https:\/\/viva.racunalniske-novice.com\/apple-vision-pro-koncno-na-voljo-tudi-v-evropi\/","name":"Apple Vision Pro kon\u010dno na voljo tudi v Evropi - Ra\u010dunalni\u0161ke novice","isPartOf":{"@id":"https:\/\/viva.racunalniske-novice.com\/en\/#website"},"datePublished":"2024-07-17T13:15:00+00:00","dateModified":"2024-07-17T13:15:00+00:00","author":{"@id":"https:\/\/viva.racunalniske-novice.com\/en\/#\/schema\/person\/afb62e36efa34516d50249517e4cdbb4"},"breadcrumb":{"@id":"https:\/\/viva.racunalniske-novice.com\/apple-vision-pro-koncno-na-voljo-tudi-v-evropi\/#breadcrumb"},"inLanguage":"en-US","potentialAction":[{"@type":"ReadAction","target":["https:\/\/viva.racunalniske-novice.com\/apple-vision-pro-koncno-na-voljo-tudi-v-evropi\/"]}]},{"@type":"BreadcrumbList","@id":"https:\/\/viva.racunalniske-novice.com\/apple-vision-pro-koncno-na-voljo-tudi-v-evropi\/#breadcrumb","itemListElement":[{"@type":"ListItem","position":1,"name":"Home","item":"https:\/\/viva.racunalniske-novice.com\/en\/"},{"@type":"ListItem","position":2,"name":"Apple Vision Pro kon\u010dno na voljo tudi v Evropi"}]},{"@type":"WebSite","@id":"https:\/\/viva.racunalniske-novice.com\/en\/#website","url":"https:\/\/viva.racunalniske-novice.com\/en\/","name":"Ra\u010dunalni\u0161ke novice","description":"","potentialAction":[{"@type":"SearchAction","target":{"@type":"EntryPoint","urlTemplate":"https:\/\/viva.racunalniske-novice.com\/en\/?s={search_term_string}"},"query-input":"required name=search_term_string"}],"inLanguage":"en-US"},{"@type":"Person","@id":"https:\/\/viva.racunalniske-novice.com\/en\/#\/schema\/person\/afb62e36efa34516d50249517e4cdbb4","name":"sinusiks","sameAs":["https:\/\/ml.racunalniske-novice.com"],"url":"https:\/\/viva.racunalniske-novice.com\/en\/author\/sinusiks\/"}]}},"_links":{"self":[{"href":"https:\/\/viva.racunalniske-novice.com\/en\/wp-json\/wp\/v2\/posts\/4976","targetHints":{"allow":["GET"]}}],"collection":[{"href":"https:\/\/viva.racunalniske-novice.com\/en\/wp-json\/wp\/v2\/posts"}],"about":[{"href":"https:\/\/viva.racunalniske-novice.com\/en\/wp-json\/wp\/v2\/types\/post"}],"author":[{"embeddable":true,"href":"https:\/\/viva.racunalniske-novice.com\/en\/wp-json\/wp\/v2\/users\/2"}],"replies":[{"embeddable":true,"href":"https:\/\/viva.racunalniske-novice.com\/en\/wp-json\/wp\/v2\/comments?post=4976"}],"version-history":[{"count":0,"href":"https:\/\/viva.racunalniske-novice.com\/en\/wp-json\/wp\/v2\/posts\/4976\/revisions"}],"wp:attachment":[{"href":"https:\/\/viva.racunalniske-novice.com\/en\/wp-json\/wp\/v2\/media?parent=4976"}],"wp:term":[{"taxonomy":"category","embeddable":true,"href":"https:\/\/viva.racunalniske-novice.com\/en\/wp-json\/wp\/v2\/categories?post=4976"},{"taxonomy":"post_tag","embeddable":true,"href":"https:\/\/viva.racunalniske-novice.com\/en\/wp-json\/wp\/v2\/tags?post=4976"}],"curies":[{"name":"wp","href":"https:\/\/api.w.org\/{rel}","templated":true}]}}