{"id":7267,"date":"2026-03-14T10:00:00","date_gmt":"2026-03-14T09:00:00","guid":{"rendered":"https:\/\/viva.racunalniske-novice.com\/cene-elektricnih-avtomobilov-v-eu-prvic-padajo-ali-bo-to-pospesilo-prehod-na-ev\/"},"modified":"2026-03-14T10:00:00","modified_gmt":"2026-03-14T09:00:00","slug":"cene-elektricnih-avtomobilov-v-eu-prvic-padajo-ali-bo-to-pospesilo-prehod-na-ev","status":"publish","type":"post","link":"https:\/\/viva.racunalniske-novice.com\/en\/electric-car-prices-in-the-eu-are-falling-for-the-first-time-will-this-accelerate-the-transition-to-evs\/","title":{"rendered":"Electric car prices in the EU are falling for the first time \u2013 will this accelerate the transition to EVs?"},"content":{"rendered":"<p>After years of rising prices, electric car prices in the European Union have started to fall. New data shows that the average price of an electric vehicle fell by around \u20ac1,800 last year, suggesting that electric cars could soon become comparable in price to petrol or diesel vehicles.<\/p>\n\n\n\n<p>Prices fall for the first time since 2020<\/p>\n\n\n\n<p>According to an analysis by Transport &amp; Environment (T&amp;E), the average price of an electric car in the EU will fall by around 4% to \u20ac42,700 in 2025. This is the first price drop since 2020.<\/p>\n\n\n\n<p>The main reason for the change is the introduction of new, more affordable models in smaller vehicle segments. In the B segment, which includes smaller city cars, average prices fell by around 13 %. Models that contributed to this include the Citro\u00ebn \u00eb\u2011C3 and the new Renault 5.<\/p>\n\n\n\n<p>These models have come to market just as manufacturers need to meet stricter European CO\u2082 emissions targets for the period 2025-2027.<\/p>\n\n\n\n<figure class=\"wp-block-image is-resized\"><img decoding=\"async\" src=\"https:\/\/transforms.transportenvironment.org\/production\/images\/PR-2024-25-cost-allocation-BEV-price@2x.png?w=1024&amp;q=75&amp;fm=webp&amp;fit=crop&amp;dm=1773237094&amp;s=574dbdc55d6143382ceb513f01b8a363\" alt=\"\" width=\"840\" height=\"732\"\/><figcaption>Source: T&amp;E<\/figcaption><\/figure>\n\n\n\n<h2 class=\"wp-block-heading\">The role of European emissions targets<\/h2>\n\n\n\n<p>Analysts say European emissions targets are forcing manufacturers to bring more affordable electric cars to market. In previous years, when targets were less stringent, many manufacturers focused primarily on larger, more expensive electric models with higher margins.<\/p>\n\n\n\n<p>Between 2020 and 2024, the average price of electric cars in the EU even increased by around \u20ac5,000, despite battery and production costs gradually decreasing.<\/p>\n\n\n\n<p><strong>Lucien Mathieu<\/strong> from T&amp;E emphasizes that the current targets are already delivering concrete results: \u201cEuropean CO\u2082 targets are actually making electric cars cheaper. If we don\u2019t lower the 2030 targets, buying an electric vehicle will soon be cheaper than buying a petrol car.\u201d<\/p>\n\n\n\n<figure class=\"wp-block-image is-resized\"><img decoding=\"async\" src=\"https:\/\/transforms.transportenvironment.org\/production\/images\/image1_2026-03-06-133039_ryee.png?w=1024&amp;q=75&amp;fm=webp&amp;fit=crop&amp;dm=1772803839&amp;s=6059e264a942195139ba37a06d6ffd1e\" alt=\"\" width=\"840\" height=\"606\"\/><figcaption>Source: T&amp;E<\/figcaption><\/figure>\n\n\n\n<h2 class=\"wp-block-heading\">Manufacturers are already achieving their goals<\/h2>\n\n\n\n<p>The analysis also shows that manufacturers representing around half of the European market have already achieved their emissions targets for the period 2025-2027 \u2013 two years ahead of schedule.<\/p>\n\n\n\n<p>Renault and Volkswagen are currently slightly behind, but are also expected to reach their targets by 2027.<\/p>\n\n\n\n<h2 class=\"wp-block-heading\">When will electric cars be cheaper than conventional cars?<\/h2>\n\n\n\n<p>According to the analysis, electric cars have already reached price parity with internal combustion vehicles in the larger segments D and E. In the smaller segments A, B and C, this could happen by 2030 if savings in production are passed on to consumers.<\/p>\n\n\n\n<p>But this scenario is not guaranteed. The European Commission is considering relaxing the 2030 targets, which would give manufacturers more room to maneuver in meeting emissions requirements.<\/p>\n\n\n\n<figure class=\"wp-block-image\"><img decoding=\"async\" src=\"https:\/\/transforms.transportenvironment.org\/production\/images\/image2_2026-03-06-133126_fzci.png?w=1024&amp;q=75&amp;fm=webp&amp;fit=crop&amp;dm=1772803886&amp;s=19b7b5fba5fc178190fa4ab9b7245afe\" alt=\"\"\/><figcaption>Source: T&amp;E<\/figcaption><\/figure>\n\n\n\n<h2 class=\"wp-block-heading\">Risk of slower transition<\/h2>\n\n\n\n<p>If the 2030 targets are weakened, the transition to electric vehicles could slow significantly. According to T&amp;E estimates, this could mean that electric cars would account for around 47% of % sales in 2030 instead of the expected 57% %. In the event of even greater relaxation of requirements, the share could even fall to around 32% %.<\/p>\n\n\n\n<p>According to analysts, such a development would slow down the electrification of the European automotive market and weaken the EU&#039;s competitiveness in the global race for electric vehicles.<\/p>\n\n\n\n<p>Current trends show that electric cars in Europe are gradually becoming affordable for a wider range of buyers. However, the speed of this transition will largely depend on political decisions in Brussels \u2013 in particular whether emissions targets remain ambitious enough to continue to incentivise manufacturers to develop affordable electric models.<\/p>","protected":false},"excerpt":{"rendered":"<p>Po ve\u010d letih rasti so se cene elektri\u010dnih avtomobilov v Evropski uniji za\u010dele zni\u017eevati. Novi podatki ka\u017eejo, da je povpre\u010dna cena elektri\u010dnega vozila lani padla za pribli\u017eno 1.800 evrov, kar nakazuje, da bi elektri\u010dni avtomobili lahko kmalu postali cenovno primerljivi z vozili na bencin ali dizel. Cene prvi\u010d padajo po letu 2020 Po analizi organizacije [&hellip;]<\/p>","protected":false},"author":2,"featured_media":0,"comment_status":"","ping_status":"open","sticky":false,"template":"","format":"standard","meta":{"_acf_changed":false,"footnotes":""},"categories":[6],"tags":[226],"class_list":["post-7267","post","type-post","status-publish","format-standard","hentry","category-avtomoto","tag-elektricni-avtomobili"],"acf":{"subtitle":"Elektri\u010dni avtomobili v Evropi prvi\u010d po ve\u010d letih postajajo cenej\u0161i. Nova analiza ka\u017ee, da stro\u017eji emisijski cilji EU proizvajalce silijo k lansiranju dostopnej\u0161ih modelov, kar bi lahko do konca desetletja izena\u010dilo ceno z avtomobili na bencin.","heading":"","summary":"Elektri\u010dni avtomobili v Evropi prvi\u010d po ve\u010d letih postajajo cenej\u0161i. Nova analiza ka\u017ee, da stro\u017eji emisijski cilji EU proizvajalce silijo k lansiranju dostopnej\u0161ih modelov, kar bi lahko do konca desetletja izena\u010dilo ceno z avtomobili na bencin.","thumbnail_small":"https:\/\/racunalniske-novice.com\/wp-content\/uploads\/2026\/03\/eldo-rafael-iLrMw5v4afE-unsplash-560x315.jpg","thumbnail_large":"https:\/\/racunalniske-novice.com\/wp-content\/uploads\/2026\/03\/eldo-rafael-iLrMw5v4afE-unsplash-1024x576.jpg","thumbnail_caption":"","gallery":"","video_gallery":null,"author":"","links":null,"sources":[{"title":"Transport Environment","url":"https:\/\/www.transportenvironment.org\/articles\/electric-car-average-price-falls-by-eur1-800-as-carmakers-release-affordable-models-to-meet-eu-target-analysis"},{"title":"Unsplash","url":"https:\/\/unsplash.com\/photos\/a-group-of-gas-pumps-sitting-next-to-each-other-iLrMw5v4afE"}],"skip_language":[]},"yoast_head":"<!-- This site is optimized with the Yoast SEO plugin v22.8 - https:\/\/yoast.com\/wordpress\/plugins\/seo\/ -->\n<title>Cene elektri\u010dnih avtomobilov v EU prvi\u010d padajo \u2013 ali bo to pospe\u0161ilo prehod na EV? - Ra\u010dunalni\u0161ke novice<\/title>\n<meta name=\"description\" content=\"Elektri\u010dni avtomobili v Evropi prvi\u010d po ve\u010d letih postajajo cenej\u0161i. Nova analiza ka\u017ee, da stro\u017eji emisijski cilji EU proizvajalce silijo k lansiranju dostopnej\u0161ih modelov, kar bi lahko do konca deset\" \/>\n<meta name=\"robots\" content=\"index, follow, max-snippet:-1, max-image-preview:large, max-video-preview:-1\" \/>\n<link rel=\"canonical\" href=\"https:\/\/viva.racunalniske-novice.com\/en\/wp-json\/wp\/v2\/posts\/7267\" \/>\n<meta property=\"og:locale\" content=\"en_US\" \/>\n<meta property=\"og:type\" content=\"article\" \/>\n<meta property=\"og:title\" content=\"Cene elektri\u010dnih avtomobilov v EU prvi\u010d padajo \u2013 ali bo to pospe\u0161ilo prehod na EV? - Ra\u010dunalni\u0161ke novice\" \/>\n<meta property=\"og:description\" content=\"Po ve\u010d letih rasti so se cene elektri\u010dnih avtomobilov v Evropski uniji za\u010dele zni\u017eevati. Novi podatki ka\u017eejo, da je povpre\u010dna cena elektri\u010dnega vozila lani padla za pribli\u017eno 1.800 evrov, kar nakazuje, da bi elektri\u010dni avtomobili lahko kmalu postali cenovno primerljivi z vozili na bencin ali dizel. Cene prvi\u010d padajo po letu 2020 Po analizi organizacije [&hellip;]\" \/>\n<meta property=\"og:url\" content=\"https:\/\/viva.racunalniske-novice.com\/en\/electric-car-prices-in-the-eu-are-falling-for-the-first-time-will-this-accelerate-the-transition-to-evs\/\" \/>\n<meta property=\"og:site_name\" content=\"Ra\u010dunalni\u0161ke novice\" \/>\n<meta property=\"article:published_time\" content=\"2026-03-14T09:00:00+00:00\" \/>\n<meta property=\"og:image\" content=\"https:\/\/transforms.transportenvironment.org\/production\/images\/PR-2024-25-cost-allocation-BEV-price@2x.png?w=1024&amp;q=75&amp;fm=webp&amp;fit=crop&amp;dm=1773237094&amp;s=574dbdc55d6143382ceb513f01b8a363\" \/>\n<meta name=\"author\" content=\"sinusiks\" \/>\n<meta name=\"twitter:card\" content=\"summary_large_image\" \/>\n<meta name=\"twitter:label1\" content=\"Written by\" \/>\n\t<meta name=\"twitter:data1\" content=\"sinusiks\" \/>\n\t<meta name=\"twitter:label2\" content=\"Est. reading time\" \/>\n\t<meta name=\"twitter:data2\" content=\"3 minutes\" \/>\n<script type=\"application\/ld+json\" class=\"yoast-schema-graph\">{\"@context\":\"https:\/\/schema.org\",\"@graph\":[{\"@type\":\"WebPage\",\"@id\":\"https:\/\/viva.racunalniske-novice.com\/cene-elektricnih-avtomobilov-v-eu-prvic-padajo-ali-bo-to-pospesilo-prehod-na-ev\/\",\"url\":\"https:\/\/viva.racunalniske-novice.com\/cene-elektricnih-avtomobilov-v-eu-prvic-padajo-ali-bo-to-pospesilo-prehod-na-ev\/\",\"name\":\"Cene elektri\u010dnih avtomobilov v EU prvi\u010d padajo \u2013 ali bo to pospe\u0161ilo prehod na EV? - Ra\u010dunalni\u0161ke novice\",\"isPartOf\":{\"@id\":\"https:\/\/viva.racunalniske-novice.com\/en\/#website\"},\"primaryImageOfPage\":{\"@id\":\"https:\/\/viva.racunalniske-novice.com\/cene-elektricnih-avtomobilov-v-eu-prvic-padajo-ali-bo-to-pospesilo-prehod-na-ev\/#primaryimage\"},\"image\":{\"@id\":\"https:\/\/viva.racunalniske-novice.com\/cene-elektricnih-avtomobilov-v-eu-prvic-padajo-ali-bo-to-pospesilo-prehod-na-ev\/#primaryimage\"},\"thumbnailUrl\":\"https:\/\/transforms.transportenvironment.org\/production\/images\/PR-2024-25-cost-allocation-BEV-price@2x.png?w=1024&amp;q=75&amp;fm=webp&amp;fit=crop&amp;dm=1773237094&amp;s=574dbdc55d6143382ceb513f01b8a363\",\"datePublished\":\"2026-03-14T09:00:00+00:00\",\"dateModified\":\"2026-03-14T09:00:00+00:00\",\"author\":{\"@id\":\"https:\/\/viva.racunalniske-novice.com\/en\/#\/schema\/person\/afb62e36efa34516d50249517e4cdbb4\"},\"breadcrumb\":{\"@id\":\"https:\/\/viva.racunalniske-novice.com\/cene-elektricnih-avtomobilov-v-eu-prvic-padajo-ali-bo-to-pospesilo-prehod-na-ev\/#breadcrumb\"},\"inLanguage\":\"en-US\",\"potentialAction\":[{\"@type\":\"ReadAction\",\"target\":[\"https:\/\/viva.racunalniske-novice.com\/cene-elektricnih-avtomobilov-v-eu-prvic-padajo-ali-bo-to-pospesilo-prehod-na-ev\/\"]}]},{\"@type\":\"ImageObject\",\"inLanguage\":\"en-US\",\"@id\":\"https:\/\/viva.racunalniske-novice.com\/cene-elektricnih-avtomobilov-v-eu-prvic-padajo-ali-bo-to-pospesilo-prehod-na-ev\/#primaryimage\",\"url\":\"https:\/\/transforms.transportenvironment.org\/production\/images\/PR-2024-25-cost-allocation-BEV-price@2x.png?w=1024&amp;q=75&amp;fm=webp&amp;fit=crop&amp;dm=1773237094&amp;s=574dbdc55d6143382ceb513f01b8a363\",\"contentUrl\":\"https:\/\/transforms.transportenvironment.org\/production\/images\/PR-2024-25-cost-allocation-BEV-price@2x.png?w=1024&amp;q=75&amp;fm=webp&amp;fit=crop&amp;dm=1773237094&amp;s=574dbdc55d6143382ceb513f01b8a363\"},{\"@type\":\"BreadcrumbList\",\"@id\":\"https:\/\/viva.racunalniske-novice.com\/cene-elektricnih-avtomobilov-v-eu-prvic-padajo-ali-bo-to-pospesilo-prehod-na-ev\/#breadcrumb\",\"itemListElement\":[{\"@type\":\"ListItem\",\"position\":1,\"name\":\"Home\",\"item\":\"https:\/\/viva.racunalniske-novice.com\/en\/\"},{\"@type\":\"ListItem\",\"position\":2,\"name\":\"Cene elektri\u010dnih avtomobilov v EU prvi\u010d padajo \u2013 ali bo to pospe\u0161ilo prehod na EV?\"}]},{\"@type\":\"WebSite\",\"@id\":\"https:\/\/viva.racunalniske-novice.com\/en\/#website\",\"url\":\"https:\/\/viva.racunalniske-novice.com\/en\/\",\"name\":\"Ra\u010dunalni\u0161ke novice\",\"description\":\"\",\"potentialAction\":[{\"@type\":\"SearchAction\",\"target\":{\"@type\":\"EntryPoint\",\"urlTemplate\":\"https:\/\/viva.racunalniske-novice.com\/en\/?s={search_term_string}\"},\"query-input\":\"required name=search_term_string\"}],\"inLanguage\":\"en-US\"},{\"@type\":\"Person\",\"@id\":\"https:\/\/viva.racunalniske-novice.com\/en\/#\/schema\/person\/afb62e36efa34516d50249517e4cdbb4\",\"name\":\"sinusiks\",\"sameAs\":[\"https:\/\/ml.racunalniske-novice.com\"],\"url\":\"https:\/\/viva.racunalniske-novice.com\/en\/author\/sinusiks\/\"}]}<\/script>\n<!-- \/ Yoast SEO plugin. -->","yoast_head_json":{"title":"Cene elektri\u010dnih avtomobilov v EU prvi\u010d padajo \u2013 ali bo to pospe\u0161ilo prehod na EV? - Ra\u010dunalni\u0161ke novice","description":"Elektri\u010dni avtomobili v Evropi prvi\u010d po ve\u010d letih postajajo cenej\u0161i. Nova analiza ka\u017ee, da stro\u017eji emisijski cilji EU proizvajalce silijo k lansiranju dostopnej\u0161ih modelov, kar bi lahko do konca deset","robots":{"index":"index","follow":"follow","max-snippet":"max-snippet:-1","max-image-preview":"max-image-preview:large","max-video-preview":"max-video-preview:-1"},"canonical":"https:\/\/viva.racunalniske-novice.com\/en\/wp-json\/wp\/v2\/posts\/7267","og_locale":"en_US","og_type":"article","og_title":"Cene elektri\u010dnih avtomobilov v EU prvi\u010d padajo \u2013 ali bo to pospe\u0161ilo prehod na EV? - Ra\u010dunalni\u0161ke novice","og_description":"Po ve\u010d letih rasti so se cene elektri\u010dnih avtomobilov v Evropski uniji za\u010dele zni\u017eevati. Novi podatki ka\u017eejo, da je povpre\u010dna cena elektri\u010dnega vozila lani padla za pribli\u017eno 1.800 evrov, kar nakazuje, da bi elektri\u010dni avtomobili lahko kmalu postali cenovno primerljivi z vozili na bencin ali dizel. Cene prvi\u010d padajo po letu 2020 Po analizi organizacije [&hellip;]","og_url":"https:\/\/viva.racunalniske-novice.com\/en\/electric-car-prices-in-the-eu-are-falling-for-the-first-time-will-this-accelerate-the-transition-to-evs\/","og_site_name":"Ra\u010dunalni\u0161ke novice","article_published_time":"2026-03-14T09:00:00+00:00","og_image":[{"url":"https:\/\/transforms.transportenvironment.org\/production\/images\/PR-2024-25-cost-allocation-BEV-price@2x.png?w=1024&amp;q=75&amp;fm=webp&amp;fit=crop&amp;dm=1773237094&amp;s=574dbdc55d6143382ceb513f01b8a363"}],"author":"sinusiks","twitter_card":"summary_large_image","twitter_misc":{"Written by":"sinusiks","Est. reading time":"3 minutes"},"schema":{"@context":"https:\/\/schema.org","@graph":[{"@type":"WebPage","@id":"https:\/\/viva.racunalniske-novice.com\/cene-elektricnih-avtomobilov-v-eu-prvic-padajo-ali-bo-to-pospesilo-prehod-na-ev\/","url":"https:\/\/viva.racunalniske-novice.com\/cene-elektricnih-avtomobilov-v-eu-prvic-padajo-ali-bo-to-pospesilo-prehod-na-ev\/","name":"Cene elektri\u010dnih avtomobilov v EU prvi\u010d padajo \u2013 ali bo to pospe\u0161ilo prehod na EV? - Ra\u010dunalni\u0161ke novice","isPartOf":{"@id":"https:\/\/viva.racunalniske-novice.com\/en\/#website"},"primaryImageOfPage":{"@id":"https:\/\/viva.racunalniske-novice.com\/cene-elektricnih-avtomobilov-v-eu-prvic-padajo-ali-bo-to-pospesilo-prehod-na-ev\/#primaryimage"},"image":{"@id":"https:\/\/viva.racunalniske-novice.com\/cene-elektricnih-avtomobilov-v-eu-prvic-padajo-ali-bo-to-pospesilo-prehod-na-ev\/#primaryimage"},"thumbnailUrl":"https:\/\/transforms.transportenvironment.org\/production\/images\/PR-2024-25-cost-allocation-BEV-price@2x.png?w=1024&amp;q=75&amp;fm=webp&amp;fit=crop&amp;dm=1773237094&amp;s=574dbdc55d6143382ceb513f01b8a363","datePublished":"2026-03-14T09:00:00+00:00","dateModified":"2026-03-14T09:00:00+00:00","author":{"@id":"https:\/\/viva.racunalniske-novice.com\/en\/#\/schema\/person\/afb62e36efa34516d50249517e4cdbb4"},"breadcrumb":{"@id":"https:\/\/viva.racunalniske-novice.com\/cene-elektricnih-avtomobilov-v-eu-prvic-padajo-ali-bo-to-pospesilo-prehod-na-ev\/#breadcrumb"},"inLanguage":"en-US","potentialAction":[{"@type":"ReadAction","target":["https:\/\/viva.racunalniske-novice.com\/cene-elektricnih-avtomobilov-v-eu-prvic-padajo-ali-bo-to-pospesilo-prehod-na-ev\/"]}]},{"@type":"ImageObject","inLanguage":"en-US","@id":"https:\/\/viva.racunalniske-novice.com\/cene-elektricnih-avtomobilov-v-eu-prvic-padajo-ali-bo-to-pospesilo-prehod-na-ev\/#primaryimage","url":"https:\/\/transforms.transportenvironment.org\/production\/images\/PR-2024-25-cost-allocation-BEV-price@2x.png?w=1024&amp;q=75&amp;fm=webp&amp;fit=crop&amp;dm=1773237094&amp;s=574dbdc55d6143382ceb513f01b8a363","contentUrl":"https:\/\/transforms.transportenvironment.org\/production\/images\/PR-2024-25-cost-allocation-BEV-price@2x.png?w=1024&amp;q=75&amp;fm=webp&amp;fit=crop&amp;dm=1773237094&amp;s=574dbdc55d6143382ceb513f01b8a363"},{"@type":"BreadcrumbList","@id":"https:\/\/viva.racunalniske-novice.com\/cene-elektricnih-avtomobilov-v-eu-prvic-padajo-ali-bo-to-pospesilo-prehod-na-ev\/#breadcrumb","itemListElement":[{"@type":"ListItem","position":1,"name":"Home","item":"https:\/\/viva.racunalniske-novice.com\/en\/"},{"@type":"ListItem","position":2,"name":"Cene elektri\u010dnih avtomobilov v EU prvi\u010d padajo \u2013 ali bo to pospe\u0161ilo prehod na EV?"}]},{"@type":"WebSite","@id":"https:\/\/viva.racunalniske-novice.com\/en\/#website","url":"https:\/\/viva.racunalniske-novice.com\/en\/","name":"Ra\u010dunalni\u0161ke novice","description":"","potentialAction":[{"@type":"SearchAction","target":{"@type":"EntryPoint","urlTemplate":"https:\/\/viva.racunalniske-novice.com\/en\/?s={search_term_string}"},"query-input":"required name=search_term_string"}],"inLanguage":"en-US"},{"@type":"Person","@id":"https:\/\/viva.racunalniske-novice.com\/en\/#\/schema\/person\/afb62e36efa34516d50249517e4cdbb4","name":"sinusiks","sameAs":["https:\/\/ml.racunalniske-novice.com"],"url":"https:\/\/viva.racunalniske-novice.com\/en\/author\/sinusiks\/"}]}},"_links":{"self":[{"href":"https:\/\/viva.racunalniske-novice.com\/en\/wp-json\/wp\/v2\/posts\/7267","targetHints":{"allow":["GET"]}}],"collection":[{"href":"https:\/\/viva.racunalniske-novice.com\/en\/wp-json\/wp\/v2\/posts"}],"about":[{"href":"https:\/\/viva.racunalniske-novice.com\/en\/wp-json\/wp\/v2\/types\/post"}],"author":[{"embeddable":true,"href":"https:\/\/viva.racunalniske-novice.com\/en\/wp-json\/wp\/v2\/users\/2"}],"replies":[{"embeddable":true,"href":"https:\/\/viva.racunalniske-novice.com\/en\/wp-json\/wp\/v2\/comments?post=7267"}],"version-history":[{"count":0,"href":"https:\/\/viva.racunalniske-novice.com\/en\/wp-json\/wp\/v2\/posts\/7267\/revisions"}],"wp:attachment":[{"href":"https:\/\/viva.racunalniske-novice.com\/en\/wp-json\/wp\/v2\/media?parent=7267"}],"wp:term":[{"taxonomy":"category","embeddable":true,"href":"https:\/\/viva.racunalniske-novice.com\/en\/wp-json\/wp\/v2\/categories?post=7267"},{"taxonomy":"post_tag","embeddable":true,"href":"https:\/\/viva.racunalniske-novice.com\/en\/wp-json\/wp\/v2\/tags?post=7267"}],"curies":[{"name":"wp","href":"https:\/\/api.w.org\/{rel}","templated":true}]}}