{"id":7493,"date":"2026-04-21T19:22:44","date_gmt":"2026-04-21T17:22:44","guid":{"rendered":"https:\/\/viva.racunalniske-novice.com\/energetska-kriza-spreminja-evropo-vec-dela-od-doma-in-skok-prodaje-elektricnih-vozil\/"},"modified":"2026-04-21T19:22:44","modified_gmt":"2026-04-21T17:22:44","slug":"energetska-kriza-spreminja-evropo-vec-dela-od-doma-in-skok-prodaje-elektricnih-vozil","status":"publish","type":"post","link":"https:\/\/viva.racunalniske-novice.com\/en\/the-energy-crisis-is-changing-europe-more-work-from-home-and-a-surge-in-electric-vehicle-sales\/","title":{"rendered":"The energy crisis is changing Europe: more work from home and a surge in electric vehicle sales"},"content":{"rendered":"<h2 class=\"wp-block-heading\">Brussels proposes more work from home<\/h2>\n\n\n\n<p>The European Commission will present a package of measures to mitigate high energy prices next week. Among the proposals is a recommendation that companies introduce at least one mandatory day of teleworking per week.<\/p>\n\n\n\n<p>The aim is to reduce energy consumption, especially in offices and transport. In addition, Brussels proposes:<\/p>\n\n\n\n<ul class=\"wp-block-list\"><li>closing public buildings where possible,<\/li><li>lower public transport prices or even free transport for certain groups,<\/li><li>greater flexibility for countries in helping households and industry.<\/li><\/ul>\n\n\n\n<p>According to EU estimates, the energy crisis has already caused more than \u20ac22 billion in additional costs for fossil fuel imports.<\/p>\n\n\n\n<h2 class=\"wp-block-heading\">Electric cars on the rise<\/h2>\n\n\n\n<p>While countries are looking for solutions at the policy level, consumers are responding in their own way. Sales of electric vehicles in Europe are growing rapidly. In the first quarter of 2026, the number of electric car registrations increased by almost 30 %, and in March by more than 50 %. In the largest European markets \u2013 Germany, France, Spain, Italy and Poland \u2013 growth exceeded 40 %. Electric cars accounted for more than a fifth of all new vehicles in March.<\/p>\n\n\n\n<h2 class=\"wp-block-heading\">Less dependence on oil<\/h2>\n\n\n\n<p>The growth of electric vehicles also has a direct impact on energy. Analysts estimate that this year&#039;s sales of electric vehicles have reduced oil consumption by about 2 million barrels per year. This means that the energy crisis is not only encouraging short-term measures, but also accelerating long-term changes in energy and mobility.<\/p>\n\n\n\n<h2 class=\"wp-block-heading\">Two sides of the same story<\/h2>\n\n\n\n<p>What is happening in Europe shows an interesting pattern. Governments are introducing measures to reduce energy consumption and consumers are changing their habits and investments. Working from home and electric mobility are therefore two sides of the same process \u2013 reducing dependence on fossil fuels.<\/p>\n\n\n\n<p>The European Commission stresses that the long-term solution is an energy transition and greater energy independence. If current trends continue, the crisis could accelerate changes that would otherwise take years.<\/p>","protected":false},"excerpt":{"rendered":"<p>Bruselj predlaga ve\u010d dela od doma Evropska komisija bo prihodnji teden predstavila paket ukrepov za ubla\u017eitev visokih cen energije. Med predlogi izstopa priporo\u010dilo, naj podjetja uvedejo vsaj en obvezen dan dela na daljavo na teden. Cilj je zmanj\u0161ati porabo energije, predvsem v pisarni\u0161kih prostorih in prometu. Poleg tega Bruselj predlaga: zapiranje javnih stavb, kjer je [&hellip;]<\/p>","protected":false},"author":2,"featured_media":0,"comment_status":"","ping_status":"open","sticky":false,"template":"","format":"standard","meta":{"_acf_changed":false,"footnotes":""},"categories":[6,8],"tags":[226],"class_list":["post-7493","post","type-post","status-publish","format-standard","hentry","category-avtomoto","category-zivljenjski-slog","tag-elektricni-avtomobili"],"acf":{"subtitle":"Energetska kriza, ki jo je spro\u017eil konflikt na Bli\u017enjem vzhodu, \u017ee spreminja vsakdanje \u017eivljenje in gospodarstvo v Evropi. Bruselj pripravlja nove ukrepe za zmanj\u0161anje porabe energije, medtem ko potro\u0161niki sami pospe\u0161eno prehajajo na alternative, kot so elektri\u010dna vozila.","heading":"","summary":"Energetska kriza, ki jo je spro\u017eil konflikt na Bli\u017enjem vzhodu, \u017ee spreminja vsakdanje \u017eivljenje in gospodarstvo v Evropi. Bruselj pripravlja nove ukrepe za zmanj\u0161anje porabe energije, medtem ko potro\u0161niki sami pospe\u0161eno prehajajo na alternative, kot so elektri\u010dna vozila.","thumbnail_small":"https:\/\/racunalniske-novice.com\/wp-content\/uploads\/2026\/04\/jack-kleefman-2NfRUWRqGgA-unsplash-560x315.jpg","thumbnail_large":"https:\/\/racunalniske-novice.com\/wp-content\/uploads\/2026\/04\/jack-kleefman-2NfRUWRqGgA-unsplash-1024x678.jpg","thumbnail_caption":"","gallery":"","video_gallery":null,"author":"","links":null,"sources":[{"title":"RTE","url":"https:\/\/www.rte.ie\/news\/business\/2026\/0420\/1569110-european-ev-sales\/#:~:text=New%20battery%2Delectric%20vehicle%20(BEV)%20registrations%2C%20a%20proxy,firm%20New%20Automotive%20showed%20today."},{"title":"ARA","url":"https:\/\/en.ara.cat\/economy\/brussels-studies-proposing-that-companies-that-can-establish-day-of-teleworking-for-the-energy-crisis_1_5708441.html"},{"title":"Unsplash","url":"https:\/\/unsplash.com\/photos\/industrial-factory-with-steam-rising-under-cloudy-sky-2NfRUWRqGgA"}],"skip_language":[]},"yoast_head":"<!-- This site is optimized with the Yoast SEO plugin v22.8 - https:\/\/yoast.com\/wordpress\/plugins\/seo\/ -->\n<title>Energetska kriza spreminja Evropo: ve\u010d dela od doma in skok prodaje elektri\u010dnih vozil - Ra\u010dunalni\u0161ke novice<\/title>\n<meta name=\"description\" content=\"Energetska kriza, ki jo je spro\u017eil konflikt na Bli\u017enjem vzhodu, \u017ee spreminja vsakdanje \u017eivljenje in gospodarstvo v Evropi. Bruselj pripravlja nove ukrepe za zmanj\u0161anje porabe energije, medtem ko potro\" \/>\n<meta name=\"robots\" content=\"index, follow, max-snippet:-1, max-image-preview:large, max-video-preview:-1\" \/>\n<link rel=\"canonical\" href=\"https:\/\/viva.racunalniske-novice.com\/en\/wp-json\/wp\/v2\/posts\/7493\" \/>\n<meta property=\"og:locale\" content=\"en_US\" \/>\n<meta property=\"og:type\" content=\"article\" \/>\n<meta property=\"og:title\" content=\"Energetska kriza spreminja Evropo: ve\u010d dela od doma in skok prodaje elektri\u010dnih vozil - Ra\u010dunalni\u0161ke novice\" \/>\n<meta property=\"og:description\" content=\"Bruselj predlaga ve\u010d dela od doma Evropska komisija bo prihodnji teden predstavila paket ukrepov za ubla\u017eitev visokih cen energije. Med predlogi izstopa priporo\u010dilo, naj podjetja uvedejo vsaj en obvezen dan dela na daljavo na teden. Cilj je zmanj\u0161ati porabo energije, predvsem v pisarni\u0161kih prostorih in prometu. Poleg tega Bruselj predlaga: zapiranje javnih stavb, kjer je [&hellip;]\" \/>\n<meta property=\"og:url\" content=\"https:\/\/viva.racunalniske-novice.com\/en\/the-energy-crisis-is-changing-europe-more-work-from-home-and-a-surge-in-electric-vehicle-sales\/\" \/>\n<meta property=\"og:site_name\" content=\"Ra\u010dunalni\u0161ke novice\" \/>\n<meta property=\"article:published_time\" content=\"2026-04-21T17:22:44+00:00\" \/>\n<meta name=\"author\" content=\"sinusiks\" \/>\n<meta name=\"twitter:card\" content=\"summary_large_image\" \/>\n<meta name=\"twitter:label1\" content=\"Written by\" \/>\n\t<meta name=\"twitter:data1\" content=\"sinusiks\" \/>\n\t<meta name=\"twitter:label2\" content=\"Est. reading time\" \/>\n\t<meta name=\"twitter:data2\" content=\"2 minutes\" \/>\n<script type=\"application\/ld+json\" class=\"yoast-schema-graph\">{\"@context\":\"https:\/\/schema.org\",\"@graph\":[{\"@type\":\"WebPage\",\"@id\":\"https:\/\/viva.racunalniske-novice.com\/energetska-kriza-spreminja-evropo-vec-dela-od-doma-in-skok-prodaje-elektricnih-vozil\/\",\"url\":\"https:\/\/viva.racunalniske-novice.com\/energetska-kriza-spreminja-evropo-vec-dela-od-doma-in-skok-prodaje-elektricnih-vozil\/\",\"name\":\"Energetska kriza spreminja Evropo: ve\u010d dela od doma in skok prodaje elektri\u010dnih vozil - Ra\u010dunalni\u0161ke novice\",\"isPartOf\":{\"@id\":\"https:\/\/viva.racunalniske-novice.com\/en\/#website\"},\"datePublished\":\"2026-04-21T17:22:44+00:00\",\"dateModified\":\"2026-04-21T17:22:44+00:00\",\"author\":{\"@id\":\"https:\/\/viva.racunalniske-novice.com\/en\/#\/schema\/person\/afb62e36efa34516d50249517e4cdbb4\"},\"breadcrumb\":{\"@id\":\"https:\/\/viva.racunalniske-novice.com\/energetska-kriza-spreminja-evropo-vec-dela-od-doma-in-skok-prodaje-elektricnih-vozil\/#breadcrumb\"},\"inLanguage\":\"en-US\",\"potentialAction\":[{\"@type\":\"ReadAction\",\"target\":[\"https:\/\/viva.racunalniske-novice.com\/energetska-kriza-spreminja-evropo-vec-dela-od-doma-in-skok-prodaje-elektricnih-vozil\/\"]}]},{\"@type\":\"BreadcrumbList\",\"@id\":\"https:\/\/viva.racunalniske-novice.com\/energetska-kriza-spreminja-evropo-vec-dela-od-doma-in-skok-prodaje-elektricnih-vozil\/#breadcrumb\",\"itemListElement\":[{\"@type\":\"ListItem\",\"position\":1,\"name\":\"Home\",\"item\":\"https:\/\/viva.racunalniske-novice.com\/en\/\"},{\"@type\":\"ListItem\",\"position\":2,\"name\":\"Energetska kriza spreminja Evropo: ve\u010d dela od doma in skok prodaje elektri\u010dnih vozil\"}]},{\"@type\":\"WebSite\",\"@id\":\"https:\/\/viva.racunalniske-novice.com\/en\/#website\",\"url\":\"https:\/\/viva.racunalniske-novice.com\/en\/\",\"name\":\"Ra\u010dunalni\u0161ke novice\",\"description\":\"\",\"potentialAction\":[{\"@type\":\"SearchAction\",\"target\":{\"@type\":\"EntryPoint\",\"urlTemplate\":\"https:\/\/viva.racunalniske-novice.com\/en\/?s={search_term_string}\"},\"query-input\":\"required name=search_term_string\"}],\"inLanguage\":\"en-US\"},{\"@type\":\"Person\",\"@id\":\"https:\/\/viva.racunalniske-novice.com\/en\/#\/schema\/person\/afb62e36efa34516d50249517e4cdbb4\",\"name\":\"sinusiks\",\"sameAs\":[\"https:\/\/ml.racunalniske-novice.com\"],\"url\":\"https:\/\/viva.racunalniske-novice.com\/en\/author\/sinusiks\/\"}]}<\/script>\n<!-- \/ Yoast SEO plugin. -->","yoast_head_json":{"title":"Energetska kriza spreminja Evropo: ve\u010d dela od doma in skok prodaje elektri\u010dnih vozil - Ra\u010dunalni\u0161ke novice","description":"Energetska kriza, ki jo je spro\u017eil konflikt na Bli\u017enjem vzhodu, \u017ee spreminja vsakdanje \u017eivljenje in gospodarstvo v Evropi. Bruselj pripravlja nove ukrepe za zmanj\u0161anje porabe energije, medtem ko potro","robots":{"index":"index","follow":"follow","max-snippet":"max-snippet:-1","max-image-preview":"max-image-preview:large","max-video-preview":"max-video-preview:-1"},"canonical":"https:\/\/viva.racunalniske-novice.com\/en\/wp-json\/wp\/v2\/posts\/7493","og_locale":"en_US","og_type":"article","og_title":"Energetska kriza spreminja Evropo: ve\u010d dela od doma in skok prodaje elektri\u010dnih vozil - Ra\u010dunalni\u0161ke novice","og_description":"Bruselj predlaga ve\u010d dela od doma Evropska komisija bo prihodnji teden predstavila paket ukrepov za ubla\u017eitev visokih cen energije. Med predlogi izstopa priporo\u010dilo, naj podjetja uvedejo vsaj en obvezen dan dela na daljavo na teden. Cilj je zmanj\u0161ati porabo energije, predvsem v pisarni\u0161kih prostorih in prometu. Poleg tega Bruselj predlaga: zapiranje javnih stavb, kjer je [&hellip;]","og_url":"https:\/\/viva.racunalniske-novice.com\/en\/the-energy-crisis-is-changing-europe-more-work-from-home-and-a-surge-in-electric-vehicle-sales\/","og_site_name":"Ra\u010dunalni\u0161ke novice","article_published_time":"2026-04-21T17:22:44+00:00","author":"sinusiks","twitter_card":"summary_large_image","twitter_misc":{"Written by":"sinusiks","Est. reading time":"2 minutes"},"schema":{"@context":"https:\/\/schema.org","@graph":[{"@type":"WebPage","@id":"https:\/\/viva.racunalniske-novice.com\/energetska-kriza-spreminja-evropo-vec-dela-od-doma-in-skok-prodaje-elektricnih-vozil\/","url":"https:\/\/viva.racunalniske-novice.com\/energetska-kriza-spreminja-evropo-vec-dela-od-doma-in-skok-prodaje-elektricnih-vozil\/","name":"Energetska kriza spreminja Evropo: ve\u010d dela od doma in skok prodaje elektri\u010dnih vozil - Ra\u010dunalni\u0161ke novice","isPartOf":{"@id":"https:\/\/viva.racunalniske-novice.com\/en\/#website"},"datePublished":"2026-04-21T17:22:44+00:00","dateModified":"2026-04-21T17:22:44+00:00","author":{"@id":"https:\/\/viva.racunalniske-novice.com\/en\/#\/schema\/person\/afb62e36efa34516d50249517e4cdbb4"},"breadcrumb":{"@id":"https:\/\/viva.racunalniske-novice.com\/energetska-kriza-spreminja-evropo-vec-dela-od-doma-in-skok-prodaje-elektricnih-vozil\/#breadcrumb"},"inLanguage":"en-US","potentialAction":[{"@type":"ReadAction","target":["https:\/\/viva.racunalniske-novice.com\/energetska-kriza-spreminja-evropo-vec-dela-od-doma-in-skok-prodaje-elektricnih-vozil\/"]}]},{"@type":"BreadcrumbList","@id":"https:\/\/viva.racunalniske-novice.com\/energetska-kriza-spreminja-evropo-vec-dela-od-doma-in-skok-prodaje-elektricnih-vozil\/#breadcrumb","itemListElement":[{"@type":"ListItem","position":1,"name":"Home","item":"https:\/\/viva.racunalniske-novice.com\/en\/"},{"@type":"ListItem","position":2,"name":"Energetska kriza spreminja Evropo: ve\u010d dela od doma in skok prodaje elektri\u010dnih vozil"}]},{"@type":"WebSite","@id":"https:\/\/viva.racunalniske-novice.com\/en\/#website","url":"https:\/\/viva.racunalniske-novice.com\/en\/","name":"Ra\u010dunalni\u0161ke novice","description":"","potentialAction":[{"@type":"SearchAction","target":{"@type":"EntryPoint","urlTemplate":"https:\/\/viva.racunalniske-novice.com\/en\/?s={search_term_string}"},"query-input":"required name=search_term_string"}],"inLanguage":"en-US"},{"@type":"Person","@id":"https:\/\/viva.racunalniske-novice.com\/en\/#\/schema\/person\/afb62e36efa34516d50249517e4cdbb4","name":"sinusiks","sameAs":["https:\/\/ml.racunalniske-novice.com"],"url":"https:\/\/viva.racunalniske-novice.com\/en\/author\/sinusiks\/"}]}},"_links":{"self":[{"href":"https:\/\/viva.racunalniske-novice.com\/en\/wp-json\/wp\/v2\/posts\/7493","targetHints":{"allow":["GET"]}}],"collection":[{"href":"https:\/\/viva.racunalniske-novice.com\/en\/wp-json\/wp\/v2\/posts"}],"about":[{"href":"https:\/\/viva.racunalniske-novice.com\/en\/wp-json\/wp\/v2\/types\/post"}],"author":[{"embeddable":true,"href":"https:\/\/viva.racunalniske-novice.com\/en\/wp-json\/wp\/v2\/users\/2"}],"replies":[{"embeddable":true,"href":"https:\/\/viva.racunalniske-novice.com\/en\/wp-json\/wp\/v2\/comments?post=7493"}],"version-history":[{"count":0,"href":"https:\/\/viva.racunalniske-novice.com\/en\/wp-json\/wp\/v2\/posts\/7493\/revisions"}],"wp:attachment":[{"href":"https:\/\/viva.racunalniske-novice.com\/en\/wp-json\/wp\/v2\/media?parent=7493"}],"wp:term":[{"taxonomy":"category","embeddable":true,"href":"https:\/\/viva.racunalniske-novice.com\/en\/wp-json\/wp\/v2\/categories?post=7493"},{"taxonomy":"post_tag","embeddable":true,"href":"https:\/\/viva.racunalniske-novice.com\/en\/wp-json\/wp\/v2\/tags?post=7493"}],"curies":[{"name":"wp","href":"https:\/\/api.w.org\/{rel}","templated":true}]}}