{"id":7525,"date":"2026-04-28T15:06:00","date_gmt":"2026-04-28T13:06:00","guid":{"rendered":"https:\/\/viva.racunalniske-novice.com\/novi-mini-paradni-konj-prihaja-v-evropo\/"},"modified":"2026-04-28T15:06:00","modified_gmt":"2026-04-28T13:06:00","slug":"novi-mini-paradni-konj-prihaja-v-evropo","status":"publish","type":"post","link":"https:\/\/viva.racunalniske-novice.com\/en\/the-new-mini-showpiece-is-coming-to-europe\/","title":{"rendered":"A new mini showpiece is coming to Europe"},"content":{"rendered":"<p>The \u201cmini\u201d flagship market has been neglected in recent years, with most manufacturers focusing on screens above 6.7 inches. The Infinix 15 Compact enters this niche with an AMOLED screen measuring just 6.1 inches. Despite its compact size, the display makes no compromises, offering a 120 Hz refresh rate and a top brightness of up to 2500 nits, ensuring excellent visibility even in bright sunlight.<br><br>Under the hood is the latest MediaTek Dimensity 9400 processor, which, combined with 12 GB of RAM, provides performance comparable to the largest competitors on the market. Special emphasis is placed on the camera. The Infinix 15 Compact uses a 50 MP main sensor with optical stabilization (OIS), which promises superb shots in poor lighting conditions. The device&#039;s housing is water and dust resistant according to the IP68 standard, which is a real rarity in this size class.<br><br>Infinix has confirmed a strategic move for the European market. A pre-sale discount that will reduce the price of the device by about 15 percent in the first week of sales. The estimated retail price will be around 550 euros, which puts it in direct competition with models such as the Samsung Galaxy S26 or the Xiaomi 16. A 4,800 mAh battery and 65 W fast charging ensure that the device will last a whole day despite intensive use.<br><br>The new Infinix 15 Compact is a refresh for all those who missed a device with a length of about 14.5 cm that easily slips into a pocket. With the promised four years of support for Android operating system updates and five years of security support, Infinix wants to gain the trust of more demanding users looking for a long-term investment in compact technology.<\/p>\n<div class=\"embed-container\"><iframe src=\"https:\/\/www.youtube.com\/embed\/z5_DnkL1l4A\" frameborder=\"0\" allowfullscreen><\/iframe><\/div><br\/>","protected":false},"excerpt":{"rendered":"<p>Trg &#8220;mini&#8221; paradnih konjev je bil v zadnjih letih precej zapostavljen, saj se ve\u010dina proizvajalcev osredoto\u010da na zaslone nad 6,7 palcev. Infinix 15 Compact pa vstopa v to ni\u0161o z zaslonom AMOLED velikosti le 6,1 palcev. Kljub kompaktni velikosti zaslon ne sklepa kompromisov, saj ponuja 120 Hz osve\u017eevanje in vrhunsko svetilnost do 2500 niti, kar [&hellip;]<\/p>","protected":false},"author":2,"featured_media":0,"comment_status":"","ping_status":"open","sticky":false,"template":"","format":"standard","meta":{"_acf_changed":false,"footnotes":""},"categories":[50],"tags":[264],"class_list":["post-7525","post","type-post","status-publish","format-standard","hentry","category-telefonija","tag-vivo-pametni-telefoni"],"acf":{"subtitle":"Ljubitelji manj\u0161ih, a zmogljivih pametnih telefonov imajo razlog za veselje. Podjetje Infinix je uradno potrdilo, da bo aprila 2026 na mednarodne trge poslalo svoj novi model Infinix 15 Compact. Gre za napravo, ki kljubuje trendu ogromnih zaslonov in ponuja vrhunsko strojno opremo v ohi\u0161ju, ki je prijazno za uporabo z eno roko. Ob izidu je proizvajalec potrdil tudi posebne ugodnosti za prve kupce.","heading":"","summary":"Infinix 15 Compact prihaja na evropski trg s 6,1-pal\u010dnim AMOLED zaslonom, procesorjem Dimensity 9400 in ceno okoli 550 evrov. S predprodajnim popustom in vrhunsko kamero predstavlja resno alternativo uveljavljenim znamkam v segmentu kompaktnih paradnih konjev.","thumbnail_small":"https:\/\/racunalniske-novice.com\/wp-content\/uploads\/2026\/04\/vivo-x300-fe-euro-launch-kv-560x315.jpg","thumbnail_large":"https:\/\/racunalniske-novice.com\/wp-content\/uploads\/2026\/04\/vivo-x300-fe-euro-launch-kv-1024x768.jpg","thumbnail_caption":"Foto: Vivo","gallery":"","video_gallery":[{"youtube_url":"https:\/\/www.youtube.com\/watch?v=z5_DnkL1l4A"}],"author":"","links":[{"title":"Infinix","url":""}],"sources":null,"skip_language":[]},"yoast_head":"<!-- This site is optimized with the Yoast SEO plugin v22.8 - https:\/\/yoast.com\/wordpress\/plugins\/seo\/ -->\n<title>Novi mini paradni konj prihaja v Evropo - Ra\u010dunalni\u0161ke novice<\/title>\n<meta name=\"description\" content=\"Infinix 15 Compact prihaja na evropski trg s 6,1-pal\u010dnim AMOLED zaslonom, procesorjem Dimensity 9400 in ceno okoli 550 evrov. S predprodajnim popustom in vrhunsko kamero predstavlja resno alternativo\" \/>\n<meta name=\"robots\" content=\"index, follow, max-snippet:-1, max-image-preview:large, max-video-preview:-1\" \/>\n<link rel=\"canonical\" href=\"https:\/\/viva.racunalniske-novice.com\/en\/wp-json\/wp\/v2\/posts\/7525\" \/>\n<meta property=\"og:locale\" content=\"en_US\" \/>\n<meta property=\"og:type\" content=\"article\" \/>\n<meta property=\"og:title\" content=\"Novi mini paradni konj prihaja v Evropo - Ra\u010dunalni\u0161ke novice\" \/>\n<meta property=\"og:description\" content=\"Trg &#8220;mini&#8221; paradnih konjev je bil v zadnjih letih precej zapostavljen, saj se ve\u010dina proizvajalcev osredoto\u010da na zaslone nad 6,7 palcev. Infinix 15 Compact pa vstopa v to ni\u0161o z zaslonom AMOLED velikosti le 6,1 palcev. Kljub kompaktni velikosti zaslon ne sklepa kompromisov, saj ponuja 120 Hz osve\u017eevanje in vrhunsko svetilnost do 2500 niti, kar [&hellip;]\" \/>\n<meta property=\"og:url\" content=\"https:\/\/viva.racunalniske-novice.com\/en\/the-new-mini-showpiece-is-coming-to-europe\/\" \/>\n<meta property=\"og:site_name\" content=\"Ra\u010dunalni\u0161ke novice\" \/>\n<meta property=\"article:published_time\" content=\"2026-04-28T13:06:00+00:00\" \/>\n<meta name=\"author\" content=\"sinusiks\" \/>\n<meta name=\"twitter:card\" content=\"summary_large_image\" \/>\n<meta name=\"twitter:label1\" content=\"Written by\" \/>\n\t<meta name=\"twitter:data1\" content=\"sinusiks\" \/>\n\t<meta name=\"twitter:label2\" content=\"Est. reading time\" \/>\n\t<meta name=\"twitter:data2\" content=\"1 minute\" \/>\n<script type=\"application\/ld+json\" class=\"yoast-schema-graph\">{\"@context\":\"https:\/\/schema.org\",\"@graph\":[{\"@type\":\"WebPage\",\"@id\":\"https:\/\/viva.racunalniske-novice.com\/novi-mini-paradni-konj-prihaja-v-evropo\/\",\"url\":\"https:\/\/viva.racunalniske-novice.com\/novi-mini-paradni-konj-prihaja-v-evropo\/\",\"name\":\"Novi mini paradni konj prihaja v Evropo - Ra\u010dunalni\u0161ke novice\",\"isPartOf\":{\"@id\":\"https:\/\/viva.racunalniske-novice.com\/en\/#website\"},\"datePublished\":\"2026-04-28T13:06:00+00:00\",\"dateModified\":\"2026-04-28T13:06:00+00:00\",\"author\":{\"@id\":\"https:\/\/viva.racunalniske-novice.com\/en\/#\/schema\/person\/afb62e36efa34516d50249517e4cdbb4\"},\"breadcrumb\":{\"@id\":\"https:\/\/viva.racunalniske-novice.com\/novi-mini-paradni-konj-prihaja-v-evropo\/#breadcrumb\"},\"inLanguage\":\"en-US\",\"potentialAction\":[{\"@type\":\"ReadAction\",\"target\":[\"https:\/\/viva.racunalniske-novice.com\/novi-mini-paradni-konj-prihaja-v-evropo\/\"]}]},{\"@type\":\"BreadcrumbList\",\"@id\":\"https:\/\/viva.racunalniske-novice.com\/novi-mini-paradni-konj-prihaja-v-evropo\/#breadcrumb\",\"itemListElement\":[{\"@type\":\"ListItem\",\"position\":1,\"name\":\"Home\",\"item\":\"https:\/\/viva.racunalniske-novice.com\/en\/\"},{\"@type\":\"ListItem\",\"position\":2,\"name\":\"Novi mini paradni konj prihaja v Evropo\"}]},{\"@type\":\"WebSite\",\"@id\":\"https:\/\/viva.racunalniske-novice.com\/en\/#website\",\"url\":\"https:\/\/viva.racunalniske-novice.com\/en\/\",\"name\":\"Ra\u010dunalni\u0161ke novice\",\"description\":\"\",\"potentialAction\":[{\"@type\":\"SearchAction\",\"target\":{\"@type\":\"EntryPoint\",\"urlTemplate\":\"https:\/\/viva.racunalniske-novice.com\/en\/?s={search_term_string}\"},\"query-input\":\"required name=search_term_string\"}],\"inLanguage\":\"en-US\"},{\"@type\":\"Person\",\"@id\":\"https:\/\/viva.racunalniske-novice.com\/en\/#\/schema\/person\/afb62e36efa34516d50249517e4cdbb4\",\"name\":\"sinusiks\",\"sameAs\":[\"https:\/\/ml.racunalniske-novice.com\"],\"url\":\"https:\/\/viva.racunalniske-novice.com\/en\/author\/sinusiks\/\"}]}<\/script>\n<!-- \/ Yoast SEO plugin. -->","yoast_head_json":{"title":"Novi mini paradni konj prihaja v Evropo - Ra\u010dunalni\u0161ke novice","description":"Infinix 15 Compact prihaja na evropski trg s 6,1-pal\u010dnim AMOLED zaslonom, procesorjem Dimensity 9400 in ceno okoli 550 evrov. S predprodajnim popustom in vrhunsko kamero predstavlja resno alternativo","robots":{"index":"index","follow":"follow","max-snippet":"max-snippet:-1","max-image-preview":"max-image-preview:large","max-video-preview":"max-video-preview:-1"},"canonical":"https:\/\/viva.racunalniske-novice.com\/en\/wp-json\/wp\/v2\/posts\/7525","og_locale":"en_US","og_type":"article","og_title":"Novi mini paradni konj prihaja v Evropo - Ra\u010dunalni\u0161ke novice","og_description":"Trg &#8220;mini&#8221; paradnih konjev je bil v zadnjih letih precej zapostavljen, saj se ve\u010dina proizvajalcev osredoto\u010da na zaslone nad 6,7 palcev. Infinix 15 Compact pa vstopa v to ni\u0161o z zaslonom AMOLED velikosti le 6,1 palcev. Kljub kompaktni velikosti zaslon ne sklepa kompromisov, saj ponuja 120 Hz osve\u017eevanje in vrhunsko svetilnost do 2500 niti, kar [&hellip;]","og_url":"https:\/\/viva.racunalniske-novice.com\/en\/the-new-mini-showpiece-is-coming-to-europe\/","og_site_name":"Ra\u010dunalni\u0161ke novice","article_published_time":"2026-04-28T13:06:00+00:00","author":"sinusiks","twitter_card":"summary_large_image","twitter_misc":{"Written by":"sinusiks","Est. reading time":"1 minute"},"schema":{"@context":"https:\/\/schema.org","@graph":[{"@type":"WebPage","@id":"https:\/\/viva.racunalniske-novice.com\/novi-mini-paradni-konj-prihaja-v-evropo\/","url":"https:\/\/viva.racunalniske-novice.com\/novi-mini-paradni-konj-prihaja-v-evropo\/","name":"Novi mini paradni konj prihaja v Evropo - Ra\u010dunalni\u0161ke novice","isPartOf":{"@id":"https:\/\/viva.racunalniske-novice.com\/en\/#website"},"datePublished":"2026-04-28T13:06:00+00:00","dateModified":"2026-04-28T13:06:00+00:00","author":{"@id":"https:\/\/viva.racunalniske-novice.com\/en\/#\/schema\/person\/afb62e36efa34516d50249517e4cdbb4"},"breadcrumb":{"@id":"https:\/\/viva.racunalniske-novice.com\/novi-mini-paradni-konj-prihaja-v-evropo\/#breadcrumb"},"inLanguage":"en-US","potentialAction":[{"@type":"ReadAction","target":["https:\/\/viva.racunalniske-novice.com\/novi-mini-paradni-konj-prihaja-v-evropo\/"]}]},{"@type":"BreadcrumbList","@id":"https:\/\/viva.racunalniske-novice.com\/novi-mini-paradni-konj-prihaja-v-evropo\/#breadcrumb","itemListElement":[{"@type":"ListItem","position":1,"name":"Home","item":"https:\/\/viva.racunalniske-novice.com\/en\/"},{"@type":"ListItem","position":2,"name":"Novi mini paradni konj prihaja v Evropo"}]},{"@type":"WebSite","@id":"https:\/\/viva.racunalniske-novice.com\/en\/#website","url":"https:\/\/viva.racunalniske-novice.com\/en\/","name":"Ra\u010dunalni\u0161ke novice","description":"","potentialAction":[{"@type":"SearchAction","target":{"@type":"EntryPoint","urlTemplate":"https:\/\/viva.racunalniske-novice.com\/en\/?s={search_term_string}"},"query-input":"required name=search_term_string"}],"inLanguage":"en-US"},{"@type":"Person","@id":"https:\/\/viva.racunalniske-novice.com\/en\/#\/schema\/person\/afb62e36efa34516d50249517e4cdbb4","name":"sinusiks","sameAs":["https:\/\/ml.racunalniske-novice.com"],"url":"https:\/\/viva.racunalniske-novice.com\/en\/author\/sinusiks\/"}]}},"_links":{"self":[{"href":"https:\/\/viva.racunalniske-novice.com\/en\/wp-json\/wp\/v2\/posts\/7525","targetHints":{"allow":["GET"]}}],"collection":[{"href":"https:\/\/viva.racunalniske-novice.com\/en\/wp-json\/wp\/v2\/posts"}],"about":[{"href":"https:\/\/viva.racunalniske-novice.com\/en\/wp-json\/wp\/v2\/types\/post"}],"author":[{"embeddable":true,"href":"https:\/\/viva.racunalniske-novice.com\/en\/wp-json\/wp\/v2\/users\/2"}],"replies":[{"embeddable":true,"href":"https:\/\/viva.racunalniske-novice.com\/en\/wp-json\/wp\/v2\/comments?post=7525"}],"version-history":[{"count":0,"href":"https:\/\/viva.racunalniske-novice.com\/en\/wp-json\/wp\/v2\/posts\/7525\/revisions"}],"wp:attachment":[{"href":"https:\/\/viva.racunalniske-novice.com\/en\/wp-json\/wp\/v2\/media?parent=7525"}],"wp:term":[{"taxonomy":"category","embeddable":true,"href":"https:\/\/viva.racunalniske-novice.com\/en\/wp-json\/wp\/v2\/categories?post=7525"},{"taxonomy":"post_tag","embeddable":true,"href":"https:\/\/viva.racunalniske-novice.com\/en\/wp-json\/wp\/v2\/tags?post=7525"}],"curies":[{"name":"wp","href":"https:\/\/api.w.org\/{rel}","templated":true}]}}