{"id":2181,"date":"2024-01-18T06:02:00","date_gmt":"2024-01-18T05:02:00","guid":{"rendered":"https:\/\/vivalainfo.com\/en\/prvi-uporabniki-povsem-razocarani-nad-ocali-apple-vision-pro\/"},"modified":"2024-01-18T06:02:00","modified_gmt":"2024-01-18T05:02:00","slug":"prvi-uporabniki-povsem-razocarani-nad-ocali-apple-vision-pro","status":"publish","type":"post","link":"https:\/\/viva.racunalniske-novice.com\/es\/los-primeros-usuarios-estan-completamente-decepcionados-con-las-gafas-apple-vision-pro\/","title":{"rendered":"\u00bfPor qu\u00e9 algunos usuarios est\u00e1n decepcionados con las gafas Apple Vision Pro?"},"content":{"rendered":"<p class=\"wp-block-paragraph\">El pasado mes de junio, Apple present\u00f3 sus primeras gafas de realidad virtual, llamadas Apple Vision Pro, durante la conferencia tecnol\u00f3gica WWDC 2023. La novedad tambi\u00e9n es muy interesante debido a la innovadora tecnolog\u00eda avanzada EyeSight. Esto garantiza que los ojos del usuario se proyecten sobre las gafas, de modo que quienes lo rodean tengan la sensaci\u00f3n de que \u00e9l est\u00e1 siempre &quot;presente&quot;.<\/p>\n\n\n\n<p class=\"wp-block-paragraph\">Las gafas de realidad virtual Apple Vision Pro se basan en su propio sistema operativo visionOS. Esto es bastante diferente en comparaci\u00f3n con los sistemas operativos de las soluciones de la competencia. Tan pronto como el usuario se pone las gafas, ve el entorno exterior y luego se cargan las aplicaciones instaladas. Las innovadoras gafas utilizan pantallas OLED curvas en miniatura para mostrar im\u00e1genes.<\/p>\n\n\n\n<p class=\"wp-block-paragraph\">Se prepararon unas interesantes gafas de realidad virtual Apple Vision Pro en colaboraci\u00f3n con la empresa asociada Zeiss. La bater\u00eda, que deber\u00e1s llevar en el bolsillo, proporciona una autonom\u00eda de unas dos horas. El procesador m\u00f3vil Apple M2, junto con un chip especial llamado R1, se encarga del buen funcionamiento de los contenidos. Este se encarga de la gesti\u00f3n impecable de las se\u00f1ales recibidas de hasta 12 c\u00e1maras, seis micr\u00f3fonos y cinco sensores, lo que sin duda es digno de elogio.<\/p>\n\n\n\n<p class=\"wp-block-paragraph\">Pero los primeros destinatarios de las gafas de realidad virtual Apple Vision Pro no est\u00e1n del todo satisfechos con ellas. Reportan problemas con el peso excesivo del dispositivo, inc\u00f3modo uso e incluso dolores de cabeza provocados por las gafas. Los primeros problemas aparecen despu\u00e9s de s\u00f3lo 15 minutos de uso, y problemas bastante graves se notan despu\u00e9s de s\u00f3lo 30 minutos de uso.<\/p>\n\n\n\n<p class=\"wp-block-paragraph\">Actualmente no se sabe si los problemas antes mencionados afectar\u00e1n las ventas de las gafas de realidad virtual Apple Vision Pro. La preventa comenzar\u00e1 ya el 19 de enero de este a\u00f1o. Para la compra de nuevos productos en Estados Unidos habr\u00e1 que pagar la vertiginosa cifra de 3.220 euros.<\/p>\n<div class=\"embed-container\"><iframe src=\"https:\/\/www.youtube.com\/embed\/TX9qSaGXFyg\" frameborder=\"0\" allowfullscreen><\/iframe><\/div><br\/>","protected":false},"excerpt":{"rendered":"<p>El pasado mes de junio, Apple present\u00f3 sus primeras gafas de realidad virtual, llamadas Apple Vision Pro, durante la conferencia tecnol\u00f3gica WWDC 2023. La novedad tambi\u00e9n es muy interesante debido a la innovadora tecnolog\u00eda avanzada EyeSight. \u00c9ste se encarga de proyectar los ojos del usuario sobre las gafas, de modo que quienes lo rodean tengan la sensaci\u00f3n de que \u00e9l est\u00e1 siempre &quot;presente&quot;. Gafas de realidad virtual [\u2026]<\/p>","protected":false},"author":2,"featured_media":0,"comment_status":"","ping_status":"open","sticky":false,"template":"","format":"standard","meta":{"_acf_changed":false,"footnotes":""},"categories":[64],"tags":[154],"class_list":["post-2181","post","type-post","status-publish","format-standard","hentry","category-vr","tag-apple"],"acf":{"subtitle":"","heading":"","summary":"O\u010dala za navidezno resni\u010dnost Apple Vision Pro temeljijo na osnovi lastnega operacijskega sistema visionOS. Ta se precej razlikuje v primerjavi z operacijskimi sistemi konkuren\u010dnih re\u0161itev.","thumbnail_small":"https:\/\/racunalniske-novice.com\/wp-content\/uploads\/2024\/01\/around_you__bfdlxkwczahe_large-1024x593-1-560x315.jpg","thumbnail_large":"https:\/\/racunalniske-novice.com\/wp-content\/uploads\/2024\/01\/around_you__bfdlxkwczahe_large-1024x593-1.jpg","thumbnail_caption":"","gallery":"","video_gallery":[{"youtube_url":"https:\/\/www.youtube.com\/watch?v=TX9qSaGXFyg"}],"author":"","links":[{"title":"Apple","url":""}],"sources":null,"skip_language":[]},"yoast_head":"<!-- This site is optimized with the Yoast SEO plugin v22.8 - https:\/\/yoast.com\/wordpress\/plugins\/seo\/ -->\n<title>Zakaj so nekateri uporabniki razo\u010darani nad o\u010dali Apple Vision Pro? - Ra\u010dunalni\u0161ke novice<\/title>\n<meta name=\"description\" content=\"O\u010dala za navidezno resni\u010dnost Apple Vision Pro temeljijo na osnovi lastnega operacijskega sistema visionOS. Ta se precej razlikuje v primerjavi z operacijskimi sistemi konkuren\u010dnih re\u0161itev.\" \/>\n<meta name=\"robots\" content=\"index, follow, max-snippet:-1, max-image-preview:large, max-video-preview:-1\" \/>\n<link rel=\"canonical\" href=\"https:\/\/viva.racunalniske-novice.com\/es\/wp-json\/wp\/v2\/posts\/2181\" \/>\n<meta property=\"og:locale\" content=\"es_ES\" \/>\n<meta property=\"og:type\" content=\"article\" \/>\n<meta property=\"og:title\" content=\"Zakaj so nekateri uporabniki razo\u010darani nad o\u010dali Apple Vision Pro? - Ra\u010dunalni\u0161ke novice\" \/>\n<meta property=\"og:description\" content=\"Podjetje Apple je junija lani v okviru tehnolo\u0161ke konference WWDC 2023 predstavilo svoja prva o\u010dala za navidezno resni\u010dnost, imenovana Apple Vision Pro. Novost je izredno zanimiva tudi zaradi inovativne napredne tehnologije EyeSight. Ta poskrbi za projiciranje uporabnikovih o\u010di na o\u010dalih, tako da imajo ljudje okoli njega ob\u010dutek, da je vedno \u201cprisoten\u201d. O\u010dala za navidezno resni\u010dnost [&hellip;]\" \/>\n<meta property=\"og:url\" content=\"https:\/\/viva.racunalniske-novice.com\/es\/los-primeros-usuarios-estan-completamente-decepcionados-con-las-gafas-apple-vision-pro\/\" \/>\n<meta property=\"og:site_name\" content=\"Ra\u010dunalni\u0161ke novice\" \/>\n<meta property=\"article:published_time\" content=\"2024-01-18T05:02:00+00:00\" \/>\n<meta name=\"author\" content=\"sinusiks\" \/>\n<meta name=\"twitter:card\" content=\"summary_large_image\" \/>\n<meta name=\"twitter:label1\" content=\"Escrito por\" \/>\n\t<meta name=\"twitter:data1\" content=\"sinusiks\" \/>\n\t<meta name=\"twitter:label2\" content=\"Tiempo de lectura\" \/>\n\t<meta name=\"twitter:data2\" content=\"2 minutos\" \/>\n<script type=\"application\/ld+json\" class=\"yoast-schema-graph\">{\"@context\":\"https:\/\/schema.org\",\"@graph\":[{\"@type\":\"WebPage\",\"@id\":\"https:\/\/viva.racunalniske-novice.com\/es\/los-primeros-usuarios-estan-completamente-decepcionados-con-las-gafas-apple-vision-pro\/\",\"url\":\"https:\/\/viva.racunalniske-novice.com\/es\/los-primeros-usuarios-estan-completamente-decepcionados-con-las-gafas-apple-vision-pro\/\",\"name\":\"Zakaj so nekateri uporabniki razo\u010darani nad o\u010dali Apple Vision Pro? - Ra\u010dunalni\u0161ke novice\",\"isPartOf\":{\"@id\":\"https:\/\/viva.racunalniske-novice.com\/en\/#website\"},\"datePublished\":\"2024-01-18T05:02:00+00:00\",\"dateModified\":\"2024-01-18T05:02:00+00:00\",\"author\":{\"@id\":\"https:\/\/viva.racunalniske-novice.com\/en\/#\/schema\/person\/afb62e36efa34516d50249517e4cdbb4\"},\"breadcrumb\":{\"@id\":\"https:\/\/viva.racunalniske-novice.com\/es\/los-primeros-usuarios-estan-completamente-decepcionados-con-las-gafas-apple-vision-pro\/#breadcrumb\"},\"inLanguage\":\"es\",\"potentialAction\":[{\"@type\":\"ReadAction\",\"target\":[\"https:\/\/viva.racunalniske-novice.com\/es\/los-primeros-usuarios-estan-completamente-decepcionados-con-las-gafas-apple-vision-pro\/\"]}]},{\"@type\":\"BreadcrumbList\",\"@id\":\"https:\/\/viva.racunalniske-novice.com\/es\/los-primeros-usuarios-estan-completamente-decepcionados-con-las-gafas-apple-vision-pro\/#breadcrumb\",\"itemListElement\":[{\"@type\":\"ListItem\",\"position\":1,\"name\":\"Home\",\"item\":\"https:\/\/viva.racunalniske-novice.com\/en\/\"},{\"@type\":\"ListItem\",\"position\":2,\"name\":\"Zakaj so nekateri uporabniki razo\u010darani nad o\u010dali Apple Vision Pro?\"}]},{\"@type\":\"WebSite\",\"@id\":\"https:\/\/viva.racunalniske-novice.com\/en\/#website\",\"url\":\"https:\/\/viva.racunalniske-novice.com\/en\/\",\"name\":\"Ra\u010dunalni\u0161ke novice\",\"description\":\"\",\"potentialAction\":[{\"@type\":\"SearchAction\",\"target\":{\"@type\":\"EntryPoint\",\"urlTemplate\":\"https:\/\/viva.racunalniske-novice.com\/en\/?s={search_term_string}\"},\"query-input\":\"required name=search_term_string\"}],\"inLanguage\":\"es\"},{\"@type\":\"Person\",\"@id\":\"https:\/\/viva.racunalniske-novice.com\/en\/#\/schema\/person\/afb62e36efa34516d50249517e4cdbb4\",\"name\":\"sinusiks\",\"sameAs\":[\"https:\/\/ml.racunalniske-novice.com\"],\"url\":\"https:\/\/viva.racunalniske-novice.com\/es\/author\/sinusiks\/\"}]}<\/script>\n<!-- \/ Yoast SEO plugin. -->","yoast_head_json":{"title":"Zakaj so nekateri uporabniki razo\u010darani nad o\u010dali Apple Vision Pro? - Ra\u010dunalni\u0161ke novice","description":"O\u010dala za navidezno resni\u010dnost Apple Vision Pro temeljijo na osnovi lastnega operacijskega sistema visionOS. Ta se precej razlikuje v primerjavi z operacijskimi sistemi konkuren\u010dnih re\u0161itev.","robots":{"index":"index","follow":"follow","max-snippet":"max-snippet:-1","max-image-preview":"max-image-preview:large","max-video-preview":"max-video-preview:-1"},"canonical":"https:\/\/viva.racunalniske-novice.com\/es\/wp-json\/wp\/v2\/posts\/2181","og_locale":"es_ES","og_type":"article","og_title":"Zakaj so nekateri uporabniki razo\u010darani nad o\u010dali Apple Vision Pro? - Ra\u010dunalni\u0161ke novice","og_description":"Podjetje Apple je junija lani v okviru tehnolo\u0161ke konference WWDC 2023 predstavilo svoja prva o\u010dala za navidezno resni\u010dnost, imenovana Apple Vision Pro. Novost je izredno zanimiva tudi zaradi inovativne napredne tehnologije EyeSight. Ta poskrbi za projiciranje uporabnikovih o\u010di na o\u010dalih, tako da imajo ljudje okoli njega ob\u010dutek, da je vedno \u201cprisoten\u201d. O\u010dala za navidezno resni\u010dnost [&hellip;]","og_url":"https:\/\/viva.racunalniske-novice.com\/es\/los-primeros-usuarios-estan-completamente-decepcionados-con-las-gafas-apple-vision-pro\/","og_site_name":"Ra\u010dunalni\u0161ke novice","article_published_time":"2024-01-18T05:02:00+00:00","author":"sinusiks","twitter_card":"summary_large_image","twitter_misc":{"Escrito por":"sinusiks","Tiempo de lectura":"2 minutos"},"schema":{"@context":"https:\/\/schema.org","@graph":[{"@type":"WebPage","@id":"https:\/\/viva.racunalniske-novice.com\/es\/los-primeros-usuarios-estan-completamente-decepcionados-con-las-gafas-apple-vision-pro\/","url":"https:\/\/viva.racunalniske-novice.com\/es\/los-primeros-usuarios-estan-completamente-decepcionados-con-las-gafas-apple-vision-pro\/","name":"Zakaj so nekateri uporabniki razo\u010darani nad o\u010dali Apple Vision Pro? - Ra\u010dunalni\u0161ke novice","isPartOf":{"@id":"https:\/\/viva.racunalniske-novice.com\/en\/#website"},"datePublished":"2024-01-18T05:02:00+00:00","dateModified":"2024-01-18T05:02:00+00:00","author":{"@id":"https:\/\/viva.racunalniske-novice.com\/en\/#\/schema\/person\/afb62e36efa34516d50249517e4cdbb4"},"breadcrumb":{"@id":"https:\/\/viva.racunalniske-novice.com\/es\/los-primeros-usuarios-estan-completamente-decepcionados-con-las-gafas-apple-vision-pro\/#breadcrumb"},"inLanguage":"es","potentialAction":[{"@type":"ReadAction","target":["https:\/\/viva.racunalniske-novice.com\/es\/los-primeros-usuarios-estan-completamente-decepcionados-con-las-gafas-apple-vision-pro\/"]}]},{"@type":"BreadcrumbList","@id":"https:\/\/viva.racunalniske-novice.com\/es\/los-primeros-usuarios-estan-completamente-decepcionados-con-las-gafas-apple-vision-pro\/#breadcrumb","itemListElement":[{"@type":"ListItem","position":1,"name":"Home","item":"https:\/\/viva.racunalniske-novice.com\/en\/"},{"@type":"ListItem","position":2,"name":"Zakaj so nekateri uporabniki razo\u010darani nad o\u010dali Apple Vision Pro?"}]},{"@type":"WebSite","@id":"https:\/\/viva.racunalniske-novice.com\/en\/#website","url":"https:\/\/viva.racunalniske-novice.com\/en\/","name":"Ra\u010dunalni\u0161ke novice","description":"","potentialAction":[{"@type":"SearchAction","target":{"@type":"EntryPoint","urlTemplate":"https:\/\/viva.racunalniske-novice.com\/en\/?s={search_term_string}"},"query-input":"required name=search_term_string"}],"inLanguage":"es"},{"@type":"Person","@id":"https:\/\/viva.racunalniske-novice.com\/en\/#\/schema\/person\/afb62e36efa34516d50249517e4cdbb4","name":"sinusiks","sameAs":["https:\/\/ml.racunalniske-novice.com"],"url":"https:\/\/viva.racunalniske-novice.com\/es\/author\/sinusiks\/"}]}},"_links":{"self":[{"href":"https:\/\/viva.racunalniske-novice.com\/es\/wp-json\/wp\/v2\/posts\/2181","targetHints":{"allow":["GET"]}}],"collection":[{"href":"https:\/\/viva.racunalniske-novice.com\/es\/wp-json\/wp\/v2\/posts"}],"about":[{"href":"https:\/\/viva.racunalniske-novice.com\/es\/wp-json\/wp\/v2\/types\/post"}],"author":[{"embeddable":true,"href":"https:\/\/viva.racunalniske-novice.com\/es\/wp-json\/wp\/v2\/users\/2"}],"replies":[{"embeddable":true,"href":"https:\/\/viva.racunalniske-novice.com\/es\/wp-json\/wp\/v2\/comments?post=2181"}],"version-history":[{"count":0,"href":"https:\/\/viva.racunalniske-novice.com\/es\/wp-json\/wp\/v2\/posts\/2181\/revisions"}],"wp:attachment":[{"href":"https:\/\/viva.racunalniske-novice.com\/es\/wp-json\/wp\/v2\/media?parent=2181"}],"wp:term":[{"taxonomy":"category","embeddable":true,"href":"https:\/\/viva.racunalniske-novice.com\/es\/wp-json\/wp\/v2\/categories?post=2181"},{"taxonomy":"post_tag","embeddable":true,"href":"https:\/\/viva.racunalniske-novice.com\/es\/wp-json\/wp\/v2\/tags?post=2181"}],"curies":[{"name":"wp","href":"https:\/\/api.w.org\/{rel}","templated":true}]}}