{"id":4884,"date":"2024-07-03T07:00:00","date_gmt":"2024-07-03T05:00:00","guid":{"rendered":"https:\/\/viva.racunalniske-novice.com\/slusalke-airpods-z-ir-kamerami\/"},"modified":"2024-07-03T07:00:00","modified_gmt":"2024-07-03T05:00:00","slug":"slusalke-airpods-z-ir-kamerami","status":"publish","type":"post","link":"https:\/\/viva.racunalniske-novice.com\/es\/airpods-con-camaras-de-infrarrojos\/","title":{"rendered":"\u00bfAirPods con c\u00e1maras de infrarrojos?"},"content":{"rendered":"<p class=\"wp-block-paragraph\">Se rumorea que Apple planea agregar un nuevo modelo a la serie AirPods, a saber, AirPods con c\u00e1maras infrarrojas incorporadas que se pueden combinar con gafas Vision Pro VR\/AR\/XR para crear una experiencia de sonido envolvente que cambia seg\u00fan el movimiento de los cabezales.<\/p>\n\n\n\n<p class=\"wp-block-paragraph\">La informaci\u00f3n fue revelada por el analista de Apple Ming-Chi Kuo, quien ha acertado en sus predicciones varias veces en el pasado. Sin embargo, los AirPods con c\u00e1maras de infrarrojos no estar\u00e1n disponibles pronto, ya que no se espera que la producci\u00f3n en masa comience hasta 2026.<\/p>\n\n\n\n<p class=\"wp-block-paragraph\">Bloomberg tambi\u00e9n inform\u00f3 que Apple est\u00e1 coqueteando con este tipo de auriculares. Estas son ahora dos fuentes confiables, pero, por supuesto, Apple puede decidir descartar la idea.<\/p>\n\n\n\n<p class=\"wp-block-paragraph\">Seg\u00fan Kuo, el sistema de c\u00e1mara de los AirPods ser\u00e1 similar a la tecnolog\u00eda utilizada para Face ID en el iPhone. Con ellos ser\u00e1 posible detectar cuando alguien gira la cabeza, de modo que determinados sonidos podr\u00e1n amplificarse o reducirse en consecuencia. Si se encuentra en un entorno virtual 3D, un paisaje sonoro de este tipo puede resultar muy eficaz.<\/p>\n\n\n\n<p class=\"wp-block-paragraph\">Otra cosa que las c\u00e1maras podr\u00edan detectar son los gestos con las manos, dice Kuo. Los gestos ya se pueden utilizar para acciones en el dispositivo Vision Pro, pero ning\u00fan usuario se opondr\u00eda si se pudiera mejorar el uso de los gestos.<\/p>\n\n\n\n<p class=\"wp-block-paragraph\">Los nuevos auriculares podr\u00edan presentarse en el mismo evento que una versi\u00f3n m\u00e1s econ\u00f3mica de las gafas Vision Pro, que tambi\u00e9n se rumorea que estar\u00e1n listas para 2026.<\/p>","protected":false},"excerpt":{"rendered":"<p>Se rumorea que Apple planea agregar un nuevo modelo a la serie AirPods, a saber, AirPods con c\u00e1maras infrarrojas incorporadas que se pueden combinar con gafas Vision Pro VR\/AR\/XR para crear una experiencia de sonido envolvente que cambia a medida que mueves la cabeza. La informaci\u00f3n fue revelada por el analista de Apple Ming-Chi Kuo, quien en el pasado ya [\u2026]<\/p>","protected":false},"author":2,"featured_media":0,"comment_status":"","ping_status":"open","sticky":false,"template":"","format":"standard","meta":{"_acf_changed":false,"footnotes":""},"categories":[4,56],"tags":[154],"class_list":["post-4884","post","type-post","status-publish","format-standard","hentry","category-racunalnistvo-telefonija","category-slusalke","tag-apple"],"acf":{"subtitle":"","heading":"","summary":"Govori se, da Apple na\u010drtuje, da bo seriji AirPods dodal nov model.","thumbnail_small":"https:\/\/racunalniske-novice.com\/wp-content\/uploads\/2024\/07\/omid-armin-gSZCLsE7ysc-unsplash-560x315.jpg","thumbnail_large":"https:\/\/racunalniske-novice.com\/wp-content\/uploads\/2024\/07\/omid-armin-gSZCLsE7ysc-unsplash-1024x683.jpg","thumbnail_caption":"","gallery":"","video_gallery":null,"author":"","links":null,"sources":null,"skip_language":[]},"yoast_head":"<!-- This site is optimized with the Yoast SEO plugin v22.8 - https:\/\/yoast.com\/wordpress\/plugins\/seo\/ -->\n<title>Slu\u0161alke AirPods z IR kamerami? - Ra\u010dunalni\u0161ke novice<\/title>\n<meta name=\"description\" content=\"Govori se, da Apple na\u010drtuje, da bo seriji AirPods dodal nov model.\" \/>\n<meta name=\"robots\" content=\"index, follow, max-snippet:-1, max-image-preview:large, max-video-preview:-1\" \/>\n<link rel=\"canonical\" href=\"https:\/\/viva.racunalniske-novice.com\/es\/wp-json\/wp\/v2\/posts\/4884\" \/>\n<meta property=\"og:locale\" content=\"es_ES\" \/>\n<meta property=\"og:type\" content=\"article\" \/>\n<meta property=\"og:title\" content=\"Slu\u0161alke AirPods z IR kamerami? - Ra\u010dunalni\u0161ke novice\" \/>\n<meta property=\"og:description\" content=\"Govori se, da Apple na\u010drtuje, da bo seriji AirPods dodal nov model, in sicer slu\u0161alke AirPods z vgrajenimi infrarde\u010dimi kamerami, ki jih je mogo\u010de povezati z VR\/AR\/XR o\u010dali Vision Pro in ustvariti prostorsko zvo\u010dno izku\u0161njo, ki se spreminja glede na premikanje glave. Podatek je razkril Applov analitik Ming-Chi Kuo, ki je bil v preteklosti \u017ee [&hellip;]\" \/>\n<meta property=\"og:url\" content=\"https:\/\/viva.racunalniske-novice.com\/es\/airpods-con-camaras-de-infrarrojos\/\" \/>\n<meta property=\"og:site_name\" content=\"Ra\u010dunalni\u0161ke novice\" \/>\n<meta property=\"article:published_time\" content=\"2024-07-03T05:00:00+00:00\" \/>\n<meta name=\"author\" content=\"sinusiks\" \/>\n<meta name=\"twitter:card\" content=\"summary_large_image\" \/>\n<meta name=\"twitter:label1\" content=\"Escrito por\" \/>\n\t<meta name=\"twitter:data1\" content=\"sinusiks\" \/>\n\t<meta name=\"twitter:label2\" content=\"Tiempo de lectura\" \/>\n\t<meta name=\"twitter:data2\" content=\"1 minuto\" \/>\n<script type=\"application\/ld+json\" class=\"yoast-schema-graph\">{\"@context\":\"https:\/\/schema.org\",\"@graph\":[{\"@type\":\"WebPage\",\"@id\":\"https:\/\/viva.racunalniske-novice.com\/slusalke-airpods-z-ir-kamerami\/\",\"url\":\"https:\/\/viva.racunalniske-novice.com\/slusalke-airpods-z-ir-kamerami\/\",\"name\":\"Slu\u0161alke AirPods z IR kamerami? - Ra\u010dunalni\u0161ke novice\",\"isPartOf\":{\"@id\":\"https:\/\/viva.racunalniske-novice.com\/en\/#website\"},\"datePublished\":\"2024-07-03T05:00:00+00:00\",\"dateModified\":\"2024-07-03T05:00:00+00:00\",\"author\":{\"@id\":\"https:\/\/viva.racunalniske-novice.com\/en\/#\/schema\/person\/afb62e36efa34516d50249517e4cdbb4\"},\"breadcrumb\":{\"@id\":\"https:\/\/viva.racunalniske-novice.com\/slusalke-airpods-z-ir-kamerami\/#breadcrumb\"},\"inLanguage\":\"es\",\"potentialAction\":[{\"@type\":\"ReadAction\",\"target\":[\"https:\/\/viva.racunalniske-novice.com\/slusalke-airpods-z-ir-kamerami\/\"]}]},{\"@type\":\"BreadcrumbList\",\"@id\":\"https:\/\/viva.racunalniske-novice.com\/slusalke-airpods-z-ir-kamerami\/#breadcrumb\",\"itemListElement\":[{\"@type\":\"ListItem\",\"position\":1,\"name\":\"Home\",\"item\":\"https:\/\/viva.racunalniske-novice.com\/en\/\"},{\"@type\":\"ListItem\",\"position\":2,\"name\":\"Slu\u0161alke AirPods z IR kamerami?\"}]},{\"@type\":\"WebSite\",\"@id\":\"https:\/\/viva.racunalniske-novice.com\/en\/#website\",\"url\":\"https:\/\/viva.racunalniske-novice.com\/en\/\",\"name\":\"Ra\u010dunalni\u0161ke novice\",\"description\":\"\",\"potentialAction\":[{\"@type\":\"SearchAction\",\"target\":{\"@type\":\"EntryPoint\",\"urlTemplate\":\"https:\/\/viva.racunalniske-novice.com\/en\/?s={search_term_string}\"},\"query-input\":\"required name=search_term_string\"}],\"inLanguage\":\"es\"},{\"@type\":\"Person\",\"@id\":\"https:\/\/viva.racunalniske-novice.com\/en\/#\/schema\/person\/afb62e36efa34516d50249517e4cdbb4\",\"name\":\"sinusiks\",\"sameAs\":[\"https:\/\/ml.racunalniske-novice.com\"],\"url\":\"https:\/\/viva.racunalniske-novice.com\/es\/author\/sinusiks\/\"}]}<\/script>\n<!-- \/ Yoast SEO plugin. -->","yoast_head_json":{"title":"Slu\u0161alke AirPods z IR kamerami? - Ra\u010dunalni\u0161ke novice","description":"Govori se, da Apple na\u010drtuje, da bo seriji AirPods dodal nov model.","robots":{"index":"index","follow":"follow","max-snippet":"max-snippet:-1","max-image-preview":"max-image-preview:large","max-video-preview":"max-video-preview:-1"},"canonical":"https:\/\/viva.racunalniske-novice.com\/es\/wp-json\/wp\/v2\/posts\/4884","og_locale":"es_ES","og_type":"article","og_title":"Slu\u0161alke AirPods z IR kamerami? - Ra\u010dunalni\u0161ke novice","og_description":"Govori se, da Apple na\u010drtuje, da bo seriji AirPods dodal nov model, in sicer slu\u0161alke AirPods z vgrajenimi infrarde\u010dimi kamerami, ki jih je mogo\u010de povezati z VR\/AR\/XR o\u010dali Vision Pro in ustvariti prostorsko zvo\u010dno izku\u0161njo, ki se spreminja glede na premikanje glave. Podatek je razkril Applov analitik Ming-Chi Kuo, ki je bil v preteklosti \u017ee [&hellip;]","og_url":"https:\/\/viva.racunalniske-novice.com\/es\/airpods-con-camaras-de-infrarrojos\/","og_site_name":"Ra\u010dunalni\u0161ke novice","article_published_time":"2024-07-03T05:00:00+00:00","author":"sinusiks","twitter_card":"summary_large_image","twitter_misc":{"Escrito por":"sinusiks","Tiempo de lectura":"1 minuto"},"schema":{"@context":"https:\/\/schema.org","@graph":[{"@type":"WebPage","@id":"https:\/\/viva.racunalniske-novice.com\/slusalke-airpods-z-ir-kamerami\/","url":"https:\/\/viva.racunalniske-novice.com\/slusalke-airpods-z-ir-kamerami\/","name":"Slu\u0161alke AirPods z IR kamerami? - Ra\u010dunalni\u0161ke novice","isPartOf":{"@id":"https:\/\/viva.racunalniske-novice.com\/en\/#website"},"datePublished":"2024-07-03T05:00:00+00:00","dateModified":"2024-07-03T05:00:00+00:00","author":{"@id":"https:\/\/viva.racunalniske-novice.com\/en\/#\/schema\/person\/afb62e36efa34516d50249517e4cdbb4"},"breadcrumb":{"@id":"https:\/\/viva.racunalniske-novice.com\/slusalke-airpods-z-ir-kamerami\/#breadcrumb"},"inLanguage":"es","potentialAction":[{"@type":"ReadAction","target":["https:\/\/viva.racunalniske-novice.com\/slusalke-airpods-z-ir-kamerami\/"]}]},{"@type":"BreadcrumbList","@id":"https:\/\/viva.racunalniske-novice.com\/slusalke-airpods-z-ir-kamerami\/#breadcrumb","itemListElement":[{"@type":"ListItem","position":1,"name":"Home","item":"https:\/\/viva.racunalniske-novice.com\/en\/"},{"@type":"ListItem","position":2,"name":"Slu\u0161alke AirPods z IR kamerami?"}]},{"@type":"WebSite","@id":"https:\/\/viva.racunalniske-novice.com\/en\/#website","url":"https:\/\/viva.racunalniske-novice.com\/en\/","name":"Ra\u010dunalni\u0161ke novice","description":"","potentialAction":[{"@type":"SearchAction","target":{"@type":"EntryPoint","urlTemplate":"https:\/\/viva.racunalniske-novice.com\/en\/?s={search_term_string}"},"query-input":"required name=search_term_string"}],"inLanguage":"es"},{"@type":"Person","@id":"https:\/\/viva.racunalniske-novice.com\/en\/#\/schema\/person\/afb62e36efa34516d50249517e4cdbb4","name":"sinusiks","sameAs":["https:\/\/ml.racunalniske-novice.com"],"url":"https:\/\/viva.racunalniske-novice.com\/es\/author\/sinusiks\/"}]}},"_links":{"self":[{"href":"https:\/\/viva.racunalniske-novice.com\/es\/wp-json\/wp\/v2\/posts\/4884","targetHints":{"allow":["GET"]}}],"collection":[{"href":"https:\/\/viva.racunalniske-novice.com\/es\/wp-json\/wp\/v2\/posts"}],"about":[{"href":"https:\/\/viva.racunalniske-novice.com\/es\/wp-json\/wp\/v2\/types\/post"}],"author":[{"embeddable":true,"href":"https:\/\/viva.racunalniske-novice.com\/es\/wp-json\/wp\/v2\/users\/2"}],"replies":[{"embeddable":true,"href":"https:\/\/viva.racunalniske-novice.com\/es\/wp-json\/wp\/v2\/comments?post=4884"}],"version-history":[{"count":0,"href":"https:\/\/viva.racunalniske-novice.com\/es\/wp-json\/wp\/v2\/posts\/4884\/revisions"}],"wp:attachment":[{"href":"https:\/\/viva.racunalniske-novice.com\/es\/wp-json\/wp\/v2\/media?parent=4884"}],"wp:term":[{"taxonomy":"category","embeddable":true,"href":"https:\/\/viva.racunalniske-novice.com\/es\/wp-json\/wp\/v2\/categories?post=4884"},{"taxonomy":"post_tag","embeddable":true,"href":"https:\/\/viva.racunalniske-novice.com\/es\/wp-json\/wp\/v2\/tags?post=4884"}],"curies":[{"name":"wp","href":"https:\/\/api.w.org\/{rel}","templated":true}]}}