{"id":5232,"date":"2024-08-08T13:15:00","date_gmt":"2024-08-08T11:15:00","guid":{"rendered":"https:\/\/viva.racunalniske-novice.com\/amd-z-dokaj-drzno-cenovno-politiko\/"},"modified":"2024-08-08T13:15:00","modified_gmt":"2024-08-08T11:15:00","slug":"amd-z-dokaj-drzno-cenovno-politiko","status":"publish","type":"post","link":"https:\/\/viva.racunalniske-novice.com\/es\/amd-con-una-politica-de-precios-bastante-audaz\/","title":{"rendered":"AMD con una pol\u00edtica de precios bastante audaz"},"content":{"rendered":"<p>AMD ha confirmado que el precio de los procesadores de escritorio Ryzen 9000 de pr\u00f3xima generaci\u00f3n es realmente exacto. Esto coincide con las cifras publicadas anteriormente por Best Buy, que los entusiastas de la tecnolog\u00eda de todo el mundo esperaban con impaciencia. \u00a1Esta es una gran noticia! AMD parece estar cambiando las cosas al bajar los precios en comparaci\u00f3n con la generaci\u00f3n anterior. Este es un cambio bienvenido con respecto a la tendencia habitual de aumento de los costos asociados con los avances tecnol\u00f3gicos.<\/p>\n\n\n\n<p>La serie Ryzen 9000, que se incluye en la tan esperada arquitectura Zen 5, ha sido muy especulada y anticipada en la comunidad tecnol\u00f3gica. Con la estructura de precios confirmada oficialmente, ahora finalmente podemos obtener una idea del enfoque estrat\u00e9gico de AMD hacia el competitivo mercado de procesadores, donde los precios juegan un papel clave en la elecci\u00f3n del consumidor y la din\u00e1mica de la participaci\u00f3n de mercado.<\/p>\n\n\n\n<figure class=\"wp-block-image size-large\"><img decoding=\"async\" src=\"\/wp-content\/uploads\/2024\/08\/Zen5_AI_Gaming-1024x485.jpg\" alt=\"\" class=\"wp-image-2536912\"\/><figcaption>Foto de : AMD<\/figcaption><\/figure>\n\n\n\n<h2 class=\"wp-block-heading\" style=\"font-size:21px\">Obtenga m\u00e1s informaci\u00f3n sobre la arquitectura Zen 5<\/h2>\n\n\n\n<p>\u00a1La serie Ryzen 9000 cambia las reglas del juego! Su innovadora arquitectura Zen 5 se basa en un proceso de fabricaci\u00f3n de 6 nm de \u00faltima generaci\u00f3n, lo que lo distingue de sus predecesores. \u00a1La arquitectura Zen 5 cambia las reglas del juego! Gracias a mejoras innovadoras y un dise\u00f1o superior, ofrece un gran salto en rendimiento, eficiencia energ\u00e9tica y escalabilidad.<\/p>\n\n\n\n<p>La arquitectura Zen 5 trae algunas mejoras realmente impresionantes, que incluyen:<\/p>\n\n\n\n<ul class=\"wp-block-list\"><li>\u00a1Prep\u00e1rese para un nuevo dise\u00f1o de n\u00facleos que aumenta la cantidad de n\u00facleos por chiplet de 8 a 10! Esto significa que podr\u00e1s disfrutar de un m\u00e1ximo de 20 n\u00facleos con el Ryzen 9 9950X y 40 n\u00facleos con el Threadripper 9970WX.<\/li><li>Una incre\u00edble nueva jerarqu\u00eda de cach\u00e9 que proporciona a cada n\u00facleo hasta 64 MB de cach\u00e9 L3, duplicando la cantidad de cach\u00e9 disponible y aumentando la latencia y el ancho de banda de acceso a datos.<\/li><li>Conectividad Infinity Fabric incre\u00edblemente sofisticada que permite una comunicaci\u00f3n ultrarr\u00e1pida y extremadamente eficiente entre chips, controlador de memoria e interfaz PCIe. Adem\u00e1s, admite memoria DDR5 y dispositivos PCIe 5.0.<\/li><li>Un conjunto de instrucciones mejorado que admite nuevas extensiones como AVX-512 y BFloat16, lo que permite un mayor rendimiento y compatibilidad para cargas de trabajo complejas como la inteligencia artificial y el aprendizaje autom\u00e1tico.<\/li><\/ul>\n\n\n\n<p>Se dice que la arquitectura Zen 5 supera el promedio de la generaci\u00f3n anterior con enormes aumentos en IPC (instrucciones por ciclo) y relojes, sin mencionar un mejor rendimiento t\u00e9rmico y capacidades de overclocking. \u00a1La serie Ryzen 9000 ser\u00e1 la serie de procesadores m\u00e1s potente y vers\u00e1til de AMD hasta la fecha! Tiene una combinaci\u00f3n inmejorable de rendimiento, eficiencia y valor.<\/p>\n\n\n\n<figure class=\"wp-block-image size-large\"><img decoding=\"async\" src=\"\/wp-content\/uploads\/2024\/08\/Zen5_Skus-1024x577.png\" alt=\"\" class=\"wp-image-2536914\"\/><figcaption>Foto de : AMD<\/figcaption><\/figure>\n\n\n\n<h2 class=\"wp-block-heading\" style=\"font-size:21px\">El precio de estos procesadores<\/h2>\n\n\n\n<p>\u00a1La \u00faltima serie Ryzen 9000 ya est\u00e1 aqu\u00ed y revolucionar\u00e1 el mercado! Esta serie ofrece una incre\u00edble relaci\u00f3n calidad-precio, desde $279 para el modelo Ryzen 5 9600X. Y para aquellos que buscan lo \u00faltimo en rendimiento, el Ryzen 9 9950X de primera l\u00ednea por $649 est\u00e1 listo para liberar su potencial inform\u00e1tico. \u00a1Prep\u00e1rate para el siguiente nivel de inform\u00e1tica! Esta estrategia de precios es un movimiento audaz que no solo reduce los precios iniciales de los modelos anteriores de la serie Ryzen 7000, sino que tambi\u00e9n coloca a AMD en una posici\u00f3n competitiva frente a sus rivales.<\/p>\n\n\n\n<p>La decisi\u00f3n de AMD de bajar los precios es una medida audaz que env\u00eda un mensaje claro: la serie Ryzen 9000 est\u00e1 aqu\u00ed para ofrecer un rendimiento incre\u00edble a un precio inmejorable. AMD apuesta por el atractivo del alto rendimiento a un precio m\u00e1s asequible, ofreciendo m\u00e1s por menos dinero. Esto podr\u00eda cambiar las reglas del juego para la empresa y aumentar su atractivo para una gama m\u00e1s amplia de consumidores, desde jugadores ac\u00e9rrimos hasta creadores de contenido profesionales.<\/p>\n\n\n\n<figure class=\"wp-block-image size-large\"><img decoding=\"async\" src=\"\/wp-content\/uploads\/2024\/08\/Zen5_Perf-1024x577.png\" alt=\"\" class=\"wp-image-2536916\"\/><figcaption>Foto de : AMD<\/figcaption><\/figure>\n\n\n\n<p>Adem\u00e1s, \u00a1este lanzamiento est\u00e1 perfectamente sincronizado! Esto dar\u00e1 a AMD una ventaja sobre sus competidores, especialmente los procesadores Core Ultra 200 de pr\u00f3xima generaci\u00f3n de Intel. Al fijar un precio competitivo antes de que los productos de sus rivales lleguen al mercado, AMD est\u00e1 preparada para captar la atenci\u00f3n de compradores potenciales, que seguramente quedar\u00e1n convencidos. \u00a1La incre\u00edble propuesta de valor de la serie Ryzen 9000!<\/p>\n\n\n\n<p>Tambi\u00e9n vale la pena se\u00f1alar que estas estrategias de fijaci\u00f3n de precios a menudo tienen un efecto domin\u00f3 en la industria tecnol\u00f3gica, \u00a1lo cual es realmente emocionante! \u00a1Bajar el precio de los procesadores de alta gama podr\u00eda conducir a construcciones de sistemas m\u00e1s asequibles, lo que podr\u00eda democratizar el acceso a computadoras potentes! Esto estimular\u00eda la innovaci\u00f3n y el crecimiento en diversos sectores que dependen de la potencia inform\u00e1tica.<\/p>\n\n\n\n<figure class=\"wp-block-image size-large\"><img decoding=\"async\" src=\"\/wp-content\/uploads\/2024\/08\/AM5Socket-1024x577.jpg\" alt=\"\" class=\"wp-image-2536924\"\/><figcaption>Foto de : AMD<\/figcaption><\/figure>\n\n\n\n<p>Podemos concluir que la estrategia de precios de AMD para la serie Ryzen 9000 es un movimiento sorprendente que revolucionar\u00e1 enormemente el mercado de procesadores de escritorio. \u00a1Es un movimiento audaz que refleja un cambio hacia la relaci\u00f3n calidad-precio y podr\u00eda sentar un nuevo precedente para futuros lanzamientos de productos! A medida que se acercan las fechas de lanzamiento, la comunidad tecnol\u00f3gica est\u00e1 llena de entusiasmo y espera ansiosamente las revisiones de rendimiento que, en \u00faltima instancia, determinar\u00e1n el \u00e9xito de la pol\u00edtica estrat\u00e9gica de precios de AMD en la feroz competencia.<\/p>\n<div class=\"embed-container\"><iframe src=\"https:\/\/www.youtube.com\/embed\/OEt26ukI1Po\" frameborder=\"0\" allowfullscreen><\/iframe><\/div><br\/>","protected":false},"excerpt":{"rendered":"<p>AMD ha confirmado que el precio de los procesadores de escritorio Ryzen 9000 de pr\u00f3xima generaci\u00f3n es realmente exacto. Esto coincide con las cifras publicadas anteriormente por Best Buy, que los entusiastas de la tecnolog\u00eda de todo el mundo esperaban con impaciencia. \u00a1Esta es una gran noticia! AMD parece estar cambiando las cosas con recortes de precios en comparaci\u00f3n con la generaci\u00f3n anterior [\u2026]<\/p>","protected":false},"author":2,"featured_media":0,"comment_status":"","ping_status":"open","sticky":false,"template":"","format":"standard","meta":{"_acf_changed":false,"footnotes":""},"categories":[36,32],"tags":[],"class_list":["post-5232","post","type-post","status-publish","format-standard","hentry","category-procesorji","category-komponente"],"acf":{"subtitle":"","heading":"","summary":"","thumbnail_small":"https:\/\/racunalniske-novice.com\/wp-content\/uploads\/2024\/08\/Ryzen_9000_4-560x315.jpg","thumbnail_large":"https:\/\/racunalniske-novice.com\/wp-content\/uploads\/2024\/08\/Ryzen_9000_4-1024x576.jpg","thumbnail_caption":"","gallery":"","video_gallery":[{"youtube_url":"https:\/\/youtu.be\/OEt26ukI1Po?si=mGM6ZtlXqIPWbABu"}],"author":"","links":null,"sources":[{"title":"PC world","url":"https:\/\/www.pcworld.com\/article\/2419979\/rejoice-amds-ryzen-9000-cpus-are-cheaper-than-last-generation.html"}],"skip_language":[]},"yoast_head":"<!-- This site is optimized with the Yoast SEO plugin v22.8 - https:\/\/yoast.com\/wordpress\/plugins\/seo\/ -->\n<title>AMD z dokaj drzno cenovno politiko - Ra\u010dunalni\u0161ke novice<\/title>\n<meta name=\"description\" content=\"AMD je potrdil, da so cene naslednje generacije procesorjev Ryzen 9000 za namizne ra\u010dunalnike dejansko to\u010dne! To se ujema s \u0161tevilkami, ki jih je pred tem objavil Best Buy, kar so nestrpno pri\u010dakoval\" \/>\n<meta name=\"robots\" content=\"index, follow, max-snippet:-1, max-image-preview:large, max-video-preview:-1\" \/>\n<link rel=\"canonical\" href=\"https:\/\/viva.racunalniske-novice.com\/es\/wp-json\/wp\/v2\/posts\/5232\" \/>\n<meta property=\"og:locale\" content=\"es_ES\" \/>\n<meta property=\"og:type\" content=\"article\" \/>\n<meta property=\"og:title\" content=\"AMD z dokaj drzno cenovno politiko - Ra\u010dunalni\u0161ke novice\" \/>\n<meta property=\"og:description\" content=\"AMD je potrdil, da so cene naslednje generacije procesorjev Ryzen 9000 za namizne ra\u010dunalnike dejansko to\u010dne! To se ujema s \u0161tevilkami, ki jih je pred tem objavil Best Buy, kar so nestrpno pri\u010dakovali tehnolo\u0161ki navdu\u0161enci po vsem svetu. To je velika novica! Zdi se, da AMD z zni\u017eanjem cen v primerjavi s prej\u0161njo generacijo pretresa [&hellip;]\" \/>\n<meta property=\"og:url\" content=\"https:\/\/viva.racunalniske-novice.com\/es\/amd-con-una-politica-de-precios-bastante-audaz\/\" \/>\n<meta property=\"og:site_name\" content=\"Ra\u010dunalni\u0161ke novice\" \/>\n<meta property=\"article:published_time\" content=\"2024-08-08T11:15:00+00:00\" \/>\n<meta name=\"author\" content=\"sinusiks\" \/>\n<meta name=\"twitter:card\" content=\"summary_large_image\" \/>\n<meta name=\"twitter:label1\" content=\"Escrito por\" \/>\n\t<meta name=\"twitter:data1\" content=\"sinusiks\" \/>\n\t<meta name=\"twitter:label2\" content=\"Tiempo de lectura\" \/>\n\t<meta name=\"twitter:data2\" content=\"4 minutos\" \/>\n<script type=\"application\/ld+json\" class=\"yoast-schema-graph\">{\"@context\":\"https:\/\/schema.org\",\"@graph\":[{\"@type\":\"WebPage\",\"@id\":\"https:\/\/viva.racunalniske-novice.com\/amd-z-dokaj-drzno-cenovno-politiko\/\",\"url\":\"https:\/\/viva.racunalniske-novice.com\/amd-z-dokaj-drzno-cenovno-politiko\/\",\"name\":\"AMD z dokaj drzno cenovno politiko - Ra\u010dunalni\u0161ke novice\",\"isPartOf\":{\"@id\":\"https:\/\/viva.racunalniske-novice.com\/en\/#website\"},\"datePublished\":\"2024-08-08T11:15:00+00:00\",\"dateModified\":\"2024-08-08T11:15:00+00:00\",\"author\":{\"@id\":\"https:\/\/viva.racunalniske-novice.com\/en\/#\/schema\/person\/afb62e36efa34516d50249517e4cdbb4\"},\"breadcrumb\":{\"@id\":\"https:\/\/viva.racunalniske-novice.com\/amd-z-dokaj-drzno-cenovno-politiko\/#breadcrumb\"},\"inLanguage\":\"es\",\"potentialAction\":[{\"@type\":\"ReadAction\",\"target\":[\"https:\/\/viva.racunalniske-novice.com\/amd-z-dokaj-drzno-cenovno-politiko\/\"]}]},{\"@type\":\"BreadcrumbList\",\"@id\":\"https:\/\/viva.racunalniske-novice.com\/amd-z-dokaj-drzno-cenovno-politiko\/#breadcrumb\",\"itemListElement\":[{\"@type\":\"ListItem\",\"position\":1,\"name\":\"Home\",\"item\":\"https:\/\/viva.racunalniske-novice.com\/en\/\"},{\"@type\":\"ListItem\",\"position\":2,\"name\":\"AMD z dokaj drzno cenovno politiko\"}]},{\"@type\":\"WebSite\",\"@id\":\"https:\/\/viva.racunalniske-novice.com\/en\/#website\",\"url\":\"https:\/\/viva.racunalniske-novice.com\/en\/\",\"name\":\"Ra\u010dunalni\u0161ke novice\",\"description\":\"\",\"potentialAction\":[{\"@type\":\"SearchAction\",\"target\":{\"@type\":\"EntryPoint\",\"urlTemplate\":\"https:\/\/viva.racunalniske-novice.com\/en\/?s={search_term_string}\"},\"query-input\":\"required name=search_term_string\"}],\"inLanguage\":\"es\"},{\"@type\":\"Person\",\"@id\":\"https:\/\/viva.racunalniske-novice.com\/en\/#\/schema\/person\/afb62e36efa34516d50249517e4cdbb4\",\"name\":\"sinusiks\",\"sameAs\":[\"https:\/\/ml.racunalniske-novice.com\"],\"url\":\"https:\/\/viva.racunalniske-novice.com\/es\/author\/sinusiks\/\"}]}<\/script>\n<!-- \/ Yoast SEO plugin. -->","yoast_head_json":{"title":"AMD z dokaj drzno cenovno politiko - Ra\u010dunalni\u0161ke novice","description":"AMD je potrdil, da so cene naslednje generacije procesorjev Ryzen 9000 za namizne ra\u010dunalnike dejansko to\u010dne! To se ujema s \u0161tevilkami, ki jih je pred tem objavil Best Buy, kar so nestrpno pri\u010dakoval","robots":{"index":"index","follow":"follow","max-snippet":"max-snippet:-1","max-image-preview":"max-image-preview:large","max-video-preview":"max-video-preview:-1"},"canonical":"https:\/\/viva.racunalniske-novice.com\/es\/wp-json\/wp\/v2\/posts\/5232","og_locale":"es_ES","og_type":"article","og_title":"AMD z dokaj drzno cenovno politiko - Ra\u010dunalni\u0161ke novice","og_description":"AMD je potrdil, da so cene naslednje generacije procesorjev Ryzen 9000 za namizne ra\u010dunalnike dejansko to\u010dne! To se ujema s \u0161tevilkami, ki jih je pred tem objavil Best Buy, kar so nestrpno pri\u010dakovali tehnolo\u0161ki navdu\u0161enci po vsem svetu. To je velika novica! Zdi se, da AMD z zni\u017eanjem cen v primerjavi s prej\u0161njo generacijo pretresa [&hellip;]","og_url":"https:\/\/viva.racunalniske-novice.com\/es\/amd-con-una-politica-de-precios-bastante-audaz\/","og_site_name":"Ra\u010dunalni\u0161ke novice","article_published_time":"2024-08-08T11:15:00+00:00","author":"sinusiks","twitter_card":"summary_large_image","twitter_misc":{"Escrito por":"sinusiks","Tiempo de lectura":"4 minutos"},"schema":{"@context":"https:\/\/schema.org","@graph":[{"@type":"WebPage","@id":"https:\/\/viva.racunalniske-novice.com\/amd-z-dokaj-drzno-cenovno-politiko\/","url":"https:\/\/viva.racunalniske-novice.com\/amd-z-dokaj-drzno-cenovno-politiko\/","name":"AMD z dokaj drzno cenovno politiko - Ra\u010dunalni\u0161ke novice","isPartOf":{"@id":"https:\/\/viva.racunalniske-novice.com\/en\/#website"},"datePublished":"2024-08-08T11:15:00+00:00","dateModified":"2024-08-08T11:15:00+00:00","author":{"@id":"https:\/\/viva.racunalniske-novice.com\/en\/#\/schema\/person\/afb62e36efa34516d50249517e4cdbb4"},"breadcrumb":{"@id":"https:\/\/viva.racunalniske-novice.com\/amd-z-dokaj-drzno-cenovno-politiko\/#breadcrumb"},"inLanguage":"es","potentialAction":[{"@type":"ReadAction","target":["https:\/\/viva.racunalniske-novice.com\/amd-z-dokaj-drzno-cenovno-politiko\/"]}]},{"@type":"BreadcrumbList","@id":"https:\/\/viva.racunalniske-novice.com\/amd-z-dokaj-drzno-cenovno-politiko\/#breadcrumb","itemListElement":[{"@type":"ListItem","position":1,"name":"Home","item":"https:\/\/viva.racunalniske-novice.com\/en\/"},{"@type":"ListItem","position":2,"name":"AMD z dokaj drzno cenovno politiko"}]},{"@type":"WebSite","@id":"https:\/\/viva.racunalniske-novice.com\/en\/#website","url":"https:\/\/viva.racunalniske-novice.com\/en\/","name":"Ra\u010dunalni\u0161ke novice","description":"","potentialAction":[{"@type":"SearchAction","target":{"@type":"EntryPoint","urlTemplate":"https:\/\/viva.racunalniske-novice.com\/en\/?s={search_term_string}"},"query-input":"required name=search_term_string"}],"inLanguage":"es"},{"@type":"Person","@id":"https:\/\/viva.racunalniske-novice.com\/en\/#\/schema\/person\/afb62e36efa34516d50249517e4cdbb4","name":"sinusiks","sameAs":["https:\/\/ml.racunalniske-novice.com"],"url":"https:\/\/viva.racunalniske-novice.com\/es\/author\/sinusiks\/"}]}},"_links":{"self":[{"href":"https:\/\/viva.racunalniske-novice.com\/es\/wp-json\/wp\/v2\/posts\/5232","targetHints":{"allow":["GET"]}}],"collection":[{"href":"https:\/\/viva.racunalniske-novice.com\/es\/wp-json\/wp\/v2\/posts"}],"about":[{"href":"https:\/\/viva.racunalniske-novice.com\/es\/wp-json\/wp\/v2\/types\/post"}],"author":[{"embeddable":true,"href":"https:\/\/viva.racunalniske-novice.com\/es\/wp-json\/wp\/v2\/users\/2"}],"replies":[{"embeddable":true,"href":"https:\/\/viva.racunalniske-novice.com\/es\/wp-json\/wp\/v2\/comments?post=5232"}],"version-history":[{"count":0,"href":"https:\/\/viva.racunalniske-novice.com\/es\/wp-json\/wp\/v2\/posts\/5232\/revisions"}],"wp:attachment":[{"href":"https:\/\/viva.racunalniske-novice.com\/es\/wp-json\/wp\/v2\/media?parent=5232"}],"wp:term":[{"taxonomy":"category","embeddable":true,"href":"https:\/\/viva.racunalniske-novice.com\/es\/wp-json\/wp\/v2\/categories?post=5232"},{"taxonomy":"post_tag","embeddable":true,"href":"https:\/\/viva.racunalniske-novice.com\/es\/wp-json\/wp\/v2\/tags?post=5232"}],"curies":[{"name":"wp","href":"https:\/\/api.w.org\/{rel}","templated":true}]}}