{"id":5376,"date":"2024-09-03T09:00:00","date_gmt":"2024-09-03T07:00:00","guid":{"rendered":"https:\/\/viva.racunalniske-novice.com\/crowdstrike-vodja-bo-prical-pred-kongresom\/"},"modified":"2024-09-03T09:00:00","modified_gmt":"2024-09-03T07:00:00","slug":"crowdstrike-vodja-bo-prical-pred-kongresom","status":"publish","type":"post","link":"https:\/\/viva.racunalniske-novice.com\/es\/lider-de-huelga-testificara-ante-el-congreso\/","title":{"rendered":"El jefe de CrowdStrike testificar\u00e1 ante el Congreso"},"content":{"rendered":"<p>Un ejecutivo de CrowdStrike testificar\u00e1 ante el Comit\u00e9 de Seguridad Nacional de la C\u00e1mara de Representantes a finales de este mes sobre la interrupci\u00f3n de la tecnolog\u00eda de la informaci\u00f3n que dej\u00f3 en tierra aviones y empleos en todo el mundo el 19 de julio.<\/p>\n\n\n\n<p>Adam Meyers, vicepresidente senior de contraterrorismo de la divisi\u00f3n, acept\u00f3 comparecer ante el Comit\u00e9 de Seguridad Nacional el 24 de septiembre. El director ejecutivo George Kurtz hab\u00eda sido llamado previamente a testificar por los l\u00edderes del comit\u00e9, pero actualmente no est\u00e1 en la lista de testigos.<\/p>\n\n\n\n<p>El presidente de la junta, Mark Green, dijo en un comunicado que esperaba que Kurtz pudiera asistir, \u201cpero espero con inter\u00e9s el testimonio del se\u00f1or Meyers, de quien CrowdStrike ha asegurado que es un testigo adecuado para discutir los detalles del apag\u00f3n. El pueblo estadounidense merece saber en detalle c\u00f3mo ocurri\u00f3 este incidente y qu\u00e9 medidas est\u00e1 tomando CrowdStrike para evitar las consecuencias de tales cortes en varios sectores\u201d.<\/p>\n\n\n\n<p>En una declaraci\u00f3n separada, Green dijo que la actualizaci\u00f3n de software defectuosa, que afect\u00f3 a 8,5 millones de PC con Windows, &quot;destaca la urgencia de promover la ciberhigiene y la resiliencia en una \u00e9poca de crecientes amenazas&quot;.<\/p>\n\n\n\n<p>Andrew Garbarino, quien preside el Subcomit\u00e9 de Ciberseguridad y Protecci\u00f3n de Infraestructura, dijo en un comunicado que la audiencia ser\u00e1 &quot;una oportunidad importante para aprender m\u00e1s sobre las medidas que la compa\u00f1\u00eda ha tomado desde la interrupci\u00f3n para evitar que esto vuelva a suceder&quot;. Aunque la interrupci\u00f3n no fue el resultado de un ataque cibern\u00e9tico, Garbarino dijo que los actores maliciosos ciertamente aprendieron mucho del incidente y comenzaron a pensar &quot;c\u00f3mo una actualizaci\u00f3n de software fallida puede desencadenar efectos domin\u00f3 en nuestra infraestructura cr\u00edtica&quot;.<\/p>","protected":false},"excerpt":{"rendered":"<p>Un ejecutivo de CrowdStrike testificar\u00e1 ante el Comit\u00e9 de Seguridad Nacional de la C\u00e1mara de Representantes a finales de este mes sobre la interrupci\u00f3n de la tecnolog\u00eda de la informaci\u00f3n que dej\u00f3 en tierra aviones y empleos en todo el mundo el 19 de julio. Adam Meyers, vicepresidente senior de contraterrorismo de la divisi\u00f3n, acept\u00f3 comparecer ante el Comit\u00e9 de Seguridad Nacional el 24 de septiembre. L\u00edderes de la junta [\u2026]<\/p>","protected":false},"author":2,"featured_media":0,"comment_status":"","ping_status":"open","sticky":false,"template":"","format":"standard","meta":{"_acf_changed":false,"footnotes":""},"categories":[4,76],"tags":[478,482,254],"class_list":["post-5376","post","type-post","status-publish","format-standard","hentry","category-racunalnistvo-telefonija","category-varnost","tag-informacijska-varnost","tag-kibernetska-varnost","tag-varnost-na-spletu"],"acf":{"subtitle":"","heading":"","summary":"","thumbnail_small":"https:\/\/racunalniske-novice.com\/wp-content\/uploads\/2024\/09\/crowdstrike-560x315.png","thumbnail_large":"https:\/\/racunalniske-novice.com\/wp-content\/uploads\/2024\/09\/crowdstrike.png","thumbnail_caption":"","gallery":"","video_gallery":null,"author":"","links":null,"sources":null,"skip_language":[]},"yoast_head":"<!-- This site is optimized with the Yoast SEO plugin v22.8 - https:\/\/yoast.com\/wordpress\/plugins\/seo\/ -->\n<title>CrowdStrike vodja bo pri\u010dal pred kongresom - Ra\u010dunalni\u0161ke novice<\/title>\n<meta name=\"description\" content=\"Vodja v podjetju CrowdStrike bo konec meseca pred odborom za domovinsko varnost predstavni\u0161kega doma pri\u010dal o izpadu informacijske tehnologije, zaradi katerega so 19. julija po vsem svetu zastala let\" \/>\n<meta name=\"robots\" content=\"index, follow, max-snippet:-1, max-image-preview:large, max-video-preview:-1\" \/>\n<link rel=\"canonical\" href=\"https:\/\/viva.racunalniske-novice.com\/es\/wp-json\/wp\/v2\/posts\/5376\" \/>\n<meta property=\"og:locale\" content=\"es_ES\" \/>\n<meta property=\"og:type\" content=\"article\" \/>\n<meta property=\"og:title\" content=\"CrowdStrike vodja bo pri\u010dal pred kongresom - Ra\u010dunalni\u0161ke novice\" \/>\n<meta property=\"og:description\" content=\"Vodja v podjetju CrowdStrike bo konec meseca pred odborom za domovinsko varnost predstavni\u0161kega doma pri\u010dal o izpadu informacijske tehnologije, zaradi katerega so 19. julija po vsem svetu zastala letala in delovna mesta. Adam Meyers, vi\u0161ji podpredsednik oddelka za boj proti nasprotnikom, je privolil, da bo 24. septembra nastopil pred odborom za domovinsko varnost. Vodje odbora [&hellip;]\" \/>\n<meta property=\"og:url\" content=\"https:\/\/viva.racunalniske-novice.com\/es\/lider-de-huelga-testificara-ante-el-congreso\/\" \/>\n<meta property=\"og:site_name\" content=\"Ra\u010dunalni\u0161ke novice\" \/>\n<meta property=\"article:published_time\" content=\"2024-09-03T07:00:00+00:00\" \/>\n<meta name=\"author\" content=\"sinusiks\" \/>\n<meta name=\"twitter:card\" content=\"summary_large_image\" \/>\n<meta name=\"twitter:label1\" content=\"Escrito por\" \/>\n\t<meta name=\"twitter:data1\" content=\"sinusiks\" \/>\n\t<meta name=\"twitter:label2\" content=\"Tiempo de lectura\" \/>\n\t<meta name=\"twitter:data2\" content=\"1 minuto\" \/>\n<script type=\"application\/ld+json\" class=\"yoast-schema-graph\">{\"@context\":\"https:\/\/schema.org\",\"@graph\":[{\"@type\":\"WebPage\",\"@id\":\"https:\/\/viva.racunalniske-novice.com\/crowdstrike-vodja-bo-prical-pred-kongresom\/\",\"url\":\"https:\/\/viva.racunalniske-novice.com\/crowdstrike-vodja-bo-prical-pred-kongresom\/\",\"name\":\"CrowdStrike vodja bo pri\u010dal pred kongresom - Ra\u010dunalni\u0161ke novice\",\"isPartOf\":{\"@id\":\"https:\/\/viva.racunalniske-novice.com\/en\/#website\"},\"datePublished\":\"2024-09-03T07:00:00+00:00\",\"dateModified\":\"2024-09-03T07:00:00+00:00\",\"author\":{\"@id\":\"https:\/\/viva.racunalniske-novice.com\/en\/#\/schema\/person\/afb62e36efa34516d50249517e4cdbb4\"},\"breadcrumb\":{\"@id\":\"https:\/\/viva.racunalniske-novice.com\/crowdstrike-vodja-bo-prical-pred-kongresom\/#breadcrumb\"},\"inLanguage\":\"es\",\"potentialAction\":[{\"@type\":\"ReadAction\",\"target\":[\"https:\/\/viva.racunalniske-novice.com\/crowdstrike-vodja-bo-prical-pred-kongresom\/\"]}]},{\"@type\":\"BreadcrumbList\",\"@id\":\"https:\/\/viva.racunalniske-novice.com\/crowdstrike-vodja-bo-prical-pred-kongresom\/#breadcrumb\",\"itemListElement\":[{\"@type\":\"ListItem\",\"position\":1,\"name\":\"Home\",\"item\":\"https:\/\/viva.racunalniske-novice.com\/en\/\"},{\"@type\":\"ListItem\",\"position\":2,\"name\":\"CrowdStrike vodja bo pri\u010dal pred kongresom\"}]},{\"@type\":\"WebSite\",\"@id\":\"https:\/\/viva.racunalniske-novice.com\/en\/#website\",\"url\":\"https:\/\/viva.racunalniske-novice.com\/en\/\",\"name\":\"Ra\u010dunalni\u0161ke novice\",\"description\":\"\",\"potentialAction\":[{\"@type\":\"SearchAction\",\"target\":{\"@type\":\"EntryPoint\",\"urlTemplate\":\"https:\/\/viva.racunalniske-novice.com\/en\/?s={search_term_string}\"},\"query-input\":\"required name=search_term_string\"}],\"inLanguage\":\"es\"},{\"@type\":\"Person\",\"@id\":\"https:\/\/viva.racunalniske-novice.com\/en\/#\/schema\/person\/afb62e36efa34516d50249517e4cdbb4\",\"name\":\"sinusiks\",\"sameAs\":[\"https:\/\/ml.racunalniske-novice.com\"],\"url\":\"https:\/\/viva.racunalniske-novice.com\/es\/author\/sinusiks\/\"}]}<\/script>\n<!-- \/ Yoast SEO plugin. -->","yoast_head_json":{"title":"CrowdStrike vodja bo pri\u010dal pred kongresom - Ra\u010dunalni\u0161ke novice","description":"Vodja v podjetju CrowdStrike bo konec meseca pred odborom za domovinsko varnost predstavni\u0161kega doma pri\u010dal o izpadu informacijske tehnologije, zaradi katerega so 19. julija po vsem svetu zastala let","robots":{"index":"index","follow":"follow","max-snippet":"max-snippet:-1","max-image-preview":"max-image-preview:large","max-video-preview":"max-video-preview:-1"},"canonical":"https:\/\/viva.racunalniske-novice.com\/es\/wp-json\/wp\/v2\/posts\/5376","og_locale":"es_ES","og_type":"article","og_title":"CrowdStrike vodja bo pri\u010dal pred kongresom - Ra\u010dunalni\u0161ke novice","og_description":"Vodja v podjetju CrowdStrike bo konec meseca pred odborom za domovinsko varnost predstavni\u0161kega doma pri\u010dal o izpadu informacijske tehnologije, zaradi katerega so 19. julija po vsem svetu zastala letala in delovna mesta. Adam Meyers, vi\u0161ji podpredsednik oddelka za boj proti nasprotnikom, je privolil, da bo 24. septembra nastopil pred odborom za domovinsko varnost. Vodje odbora [&hellip;]","og_url":"https:\/\/viva.racunalniske-novice.com\/es\/lider-de-huelga-testificara-ante-el-congreso\/","og_site_name":"Ra\u010dunalni\u0161ke novice","article_published_time":"2024-09-03T07:00:00+00:00","author":"sinusiks","twitter_card":"summary_large_image","twitter_misc":{"Escrito por":"sinusiks","Tiempo de lectura":"1 minuto"},"schema":{"@context":"https:\/\/schema.org","@graph":[{"@type":"WebPage","@id":"https:\/\/viva.racunalniske-novice.com\/crowdstrike-vodja-bo-prical-pred-kongresom\/","url":"https:\/\/viva.racunalniske-novice.com\/crowdstrike-vodja-bo-prical-pred-kongresom\/","name":"CrowdStrike vodja bo pri\u010dal pred kongresom - Ra\u010dunalni\u0161ke novice","isPartOf":{"@id":"https:\/\/viva.racunalniske-novice.com\/en\/#website"},"datePublished":"2024-09-03T07:00:00+00:00","dateModified":"2024-09-03T07:00:00+00:00","author":{"@id":"https:\/\/viva.racunalniske-novice.com\/en\/#\/schema\/person\/afb62e36efa34516d50249517e4cdbb4"},"breadcrumb":{"@id":"https:\/\/viva.racunalniske-novice.com\/crowdstrike-vodja-bo-prical-pred-kongresom\/#breadcrumb"},"inLanguage":"es","potentialAction":[{"@type":"ReadAction","target":["https:\/\/viva.racunalniske-novice.com\/crowdstrike-vodja-bo-prical-pred-kongresom\/"]}]},{"@type":"BreadcrumbList","@id":"https:\/\/viva.racunalniske-novice.com\/crowdstrike-vodja-bo-prical-pred-kongresom\/#breadcrumb","itemListElement":[{"@type":"ListItem","position":1,"name":"Home","item":"https:\/\/viva.racunalniske-novice.com\/en\/"},{"@type":"ListItem","position":2,"name":"CrowdStrike vodja bo pri\u010dal pred kongresom"}]},{"@type":"WebSite","@id":"https:\/\/viva.racunalniske-novice.com\/en\/#website","url":"https:\/\/viva.racunalniske-novice.com\/en\/","name":"Ra\u010dunalni\u0161ke novice","description":"","potentialAction":[{"@type":"SearchAction","target":{"@type":"EntryPoint","urlTemplate":"https:\/\/viva.racunalniske-novice.com\/en\/?s={search_term_string}"},"query-input":"required name=search_term_string"}],"inLanguage":"es"},{"@type":"Person","@id":"https:\/\/viva.racunalniske-novice.com\/en\/#\/schema\/person\/afb62e36efa34516d50249517e4cdbb4","name":"sinusiks","sameAs":["https:\/\/ml.racunalniske-novice.com"],"url":"https:\/\/viva.racunalniske-novice.com\/es\/author\/sinusiks\/"}]}},"_links":{"self":[{"href":"https:\/\/viva.racunalniske-novice.com\/es\/wp-json\/wp\/v2\/posts\/5376","targetHints":{"allow":["GET"]}}],"collection":[{"href":"https:\/\/viva.racunalniske-novice.com\/es\/wp-json\/wp\/v2\/posts"}],"about":[{"href":"https:\/\/viva.racunalniske-novice.com\/es\/wp-json\/wp\/v2\/types\/post"}],"author":[{"embeddable":true,"href":"https:\/\/viva.racunalniske-novice.com\/es\/wp-json\/wp\/v2\/users\/2"}],"replies":[{"embeddable":true,"href":"https:\/\/viva.racunalniske-novice.com\/es\/wp-json\/wp\/v2\/comments?post=5376"}],"version-history":[{"count":0,"href":"https:\/\/viva.racunalniske-novice.com\/es\/wp-json\/wp\/v2\/posts\/5376\/revisions"}],"wp:attachment":[{"href":"https:\/\/viva.racunalniske-novice.com\/es\/wp-json\/wp\/v2\/media?parent=5376"}],"wp:term":[{"taxonomy":"category","embeddable":true,"href":"https:\/\/viva.racunalniske-novice.com\/es\/wp-json\/wp\/v2\/categories?post=5376"},{"taxonomy":"post_tag","embeddable":true,"href":"https:\/\/viva.racunalniske-novice.com\/es\/wp-json\/wp\/v2\/tags?post=5376"}],"curies":[{"name":"wp","href":"https:\/\/api.w.org\/{rel}","templated":true}]}}