{"id":7089,"date":"2026-01-20T07:52:00","date_gmt":"2026-01-20T06:52:00","guid":{"rendered":"https:\/\/viva.racunalniske-novice.com\/bomo-zaradi-pomanjkanja-sistemskega-pomnilnika-kmalu-racunalnike-le-se-najemali-iz-oblaka\/"},"modified":"2026-01-20T07:52:00","modified_gmt":"2026-01-20T06:52:00","slug":"bomo-zaradi-pomanjkanja-sistemskega-pomnilnika-kmalu-racunalnike-le-se-najemali-iz-oblaka","status":"publish","type":"post","link":"https:\/\/viva.racunalniske-novice.com\/es\/debido-a-la-falta-de-memoria-del-sistema-pronto-alquilaremos-computadoras-de-la-nube\/","title":{"rendered":"\u00bfPronto alquilaremos computadoras en la nube debido a la falta de memoria del sistema?"},"content":{"rendered":"<p>El futuro de la inform\u00e1tica personal se est\u00e1 alejando del hardware local y avanzando hacia la nube. Jeff Bezos advierte que los modelos de IA de pr\u00f3xima generaci\u00f3n requerir\u00e1n tanta potencia de procesamiento y memoria que el ordenador dom\u00e9stico promedio pronto ser\u00e1 incapaz de ejecutarlos. En lugar de comprar componentes costosos cada pocos a\u00f1os, la visi\u00f3n de Bezos es que simplemente pagaremos una suscripci\u00f3n mensual para acceder a una &quot;supercomputadora virtual&quot; a trav\u00e9s de un dispositivo de cliente ligero.<br><br>Esta transici\u00f3n se ve agravada por la llamada crisis de memoria de 2026. Los precios de los m\u00f3dulos RAM (especialmente los est\u00e1ndares DDR5 y GDDR7) se han disparado, ya que fabricantes como Samsung y Micron centran toda su capacidad en sistemas de servidores para empresas como OpenAI y Nvidia. Para el consumidor medio, esto significa que equipar un ordenador de sobremesa con suficiente memoria para ejecutar IA avanzada localmente costar\u00eda miles de euros. En un entorno as\u00ed, la computaci\u00f3n en la nube se convierte en la \u00fanica opci\u00f3n econ\u00f3micamente viable para la mayor\u00eda de las personas.<br><br>Amazon, Google y Microsoft ya est\u00e1n preparando la infraestructura para esta revoluci\u00f3n. En lugar de un sistema operativo ejecut\u00e1ndose en tu disco duro, acceder\u00e1s a un sistema en la nube mediante una conexi\u00f3n r\u00e1pida a internet que se adaptar\u00e1 a tus necesidades sobre la marcha. Si quieres jugar a un juego exigente o editar un v\u00eddeo en resoluci\u00f3n 8K, puedes aumentar la cantidad de n\u00facleos y la cantidad de RAM con solo pulsar un bot\u00f3n (y por un coste adicional). Mientras los puristas temen la p\u00e9rdida de control y privacidad, Bezos cree que este modelo es inevitable. Los ordenadores f\u00edsicos bajo nuestros escritorios pronto se convertir\u00e1n en meras &quot;m\u00e1quinas de escribir&quot; costosas, mientras que el verdadero poder digital se esconder\u00e1 en las nubes de las grandes empresas tecnol\u00f3gicas.<\/p>\n<div class=\"embed-container\"><iframe src=\"https:\/\/www.youtube.com\/embed\/I3xYHYuMqZU\" frameborder=\"0\" allowfullscreen><\/iframe><\/div><br\/>","protected":false},"excerpt":{"rendered":"<p>El futuro de la inform\u00e1tica personal se est\u00e1 alejando del hardware local y avanzando hacia la nube. Jeff Bezos advierte que los modelos de inteligencia artificial de pr\u00f3xima generaci\u00f3n requerir\u00e1n tanta potencia de procesamiento y memoria que el ordenador dom\u00e9stico promedio pronto ser\u00e1 incapaz de ejecutarlos. En lugar de comprar componentes costosos cada pocos a\u00f1os, la visi\u00f3n de Bezos es que simplemente pagaremos mensualmente [\u2026]<\/p>","protected":false},"author":2,"featured_media":0,"comment_status":"","ping_status":"open","sticky":false,"template":"","format":"standard","meta":{"_acf_changed":false,"footnotes":""},"categories":[22],"tags":[927],"class_list":["post-7089","post","type-post","status-publish","format-standard","hentry","category-namizni-racunalniki","tag-poceni-pc"],"acf":{"subtitle":"Si predstavljate, da pod va\u0161o mizo ne bi ve\u010d brnela zmogljiva \u0161katla, temve\u010d bi vse procesiranje potekalo v oddaljenem podatkovnem centru? Jeff Bezos, ustanovitelj Amazona, napoveduje prav to. Po njegovem mnenju bodo neustavljiva lakota umetne inteligence po virih in astronomske cene komponent, predvsem pomnilnika, povzro\u010dile, da bo nakup lastnega zmogljivega ra\u010dunalnika postal stvar preteklosti.","heading":"","summary":"Jeff Bezos verjame, da bo umetna inteligenca prisilila uporabnike v najem ra\u010dunalni\u0161ke mo\u010di iz oblaka. Kriza s pomanjkanjem RAM-a ta prehod le \u0161e pospe\u0161uje, kar pomeni konec fizi\u010dnih PC-jev, kot jih poznamo.","thumbnail_small":"https:\/\/racunalniske-novice.com\/wp-content\/uploads\/2025\/05\/Bosgame-M5-Pro-Strix-Halo-mini-PC-1-560x315.png","thumbnail_large":"https:\/\/racunalniske-novice.com\/wp-content\/uploads\/2025\/05\/Bosgame-M5-Pro-Strix-Halo-mini-PC-1-1024x730.png","thumbnail_caption":"Foto: Bosgame","gallery":"","video_gallery":[{"youtube_url":"https:\/\/www.youtube.com\/watch?v=I3xYHYuMqZU"}],"author":"","links":[{"title":"Amazon","url":""}],"sources":null,"skip_language":[]},"yoast_head":"<!-- This site is optimized with the Yoast SEO plugin v22.8 - https:\/\/yoast.com\/wordpress\/plugins\/seo\/ -->\n<title>Bomo zaradi pomanjkanja sistemskega pomnilnika kmalu ra\u010dunalnike le \u0161e najemali iz oblaka? - Ra\u010dunalni\u0161ke novice<\/title>\n<meta name=\"description\" content=\"Jeff Bezos verjame, da bo umetna inteligenca prisilila uporabnike v najem ra\u010dunalni\u0161ke mo\u010di iz oblaka. Kriza s pomanjkanjem RAM-a ta prehod le \u0161e pospe\u0161uje, kar pomeni konec fizi\u010dnih PC-jev, kot jih p\" \/>\n<meta name=\"robots\" content=\"index, follow, max-snippet:-1, max-image-preview:large, max-video-preview:-1\" \/>\n<link rel=\"canonical\" href=\"https:\/\/viva.racunalniske-novice.com\/es\/wp-json\/wp\/v2\/posts\/7089\" \/>\n<meta property=\"og:locale\" content=\"es_ES\" \/>\n<meta property=\"og:type\" content=\"article\" \/>\n<meta property=\"og:title\" content=\"Bomo zaradi pomanjkanja sistemskega pomnilnika kmalu ra\u010dunalnike le \u0161e najemali iz oblaka? - Ra\u010dunalni\u0161ke novice\" \/>\n<meta property=\"og:description\" content=\"Prihodnost osebnega ra\u010dunalni\u0161tva se odmika od lokalne strojne opreme in seli v oblak. Jeff Bezos opozarja, da modeli umetne inteligence naslednje generacije zahtevajo toliko ra\u010dunske mo\u010di in pomnilnika, da jih povpre\u010den doma\u010di PC kmalu ne bo ve\u010d sposoben poganjati. Namesto da bi vsakih nekaj let kupovali drage komponente, bomo po Bezosovi viziji preprosto pla\u010devali mese\u010dno [&hellip;]\" \/>\n<meta property=\"og:url\" content=\"https:\/\/viva.racunalniske-novice.com\/es\/debido-a-la-falta-de-memoria-del-sistema-pronto-alquilaremos-computadoras-de-la-nube\/\" \/>\n<meta property=\"og:site_name\" content=\"Ra\u010dunalni\u0161ke novice\" \/>\n<meta property=\"article:published_time\" content=\"2026-01-20T06:52:00+00:00\" \/>\n<meta name=\"author\" content=\"sinusiks\" \/>\n<meta name=\"twitter:card\" content=\"summary_large_image\" \/>\n<meta name=\"twitter:label1\" content=\"Escrito por\" \/>\n\t<meta name=\"twitter:data1\" content=\"sinusiks\" \/>\n\t<meta name=\"twitter:label2\" content=\"Tiempo de lectura\" \/>\n\t<meta name=\"twitter:data2\" content=\"1 minuto\" \/>\n<script type=\"application\/ld+json\" class=\"yoast-schema-graph\">{\"@context\":\"https:\/\/schema.org\",\"@graph\":[{\"@type\":\"WebPage\",\"@id\":\"https:\/\/viva.racunalniske-novice.com\/bomo-zaradi-pomanjkanja-sistemskega-pomnilnika-kmalu-racunalnike-le-se-najemali-iz-oblaka\/\",\"url\":\"https:\/\/viva.racunalniske-novice.com\/bomo-zaradi-pomanjkanja-sistemskega-pomnilnika-kmalu-racunalnike-le-se-najemali-iz-oblaka\/\",\"name\":\"Bomo zaradi pomanjkanja sistemskega pomnilnika kmalu ra\u010dunalnike le \u0161e najemali iz oblaka? - Ra\u010dunalni\u0161ke novice\",\"isPartOf\":{\"@id\":\"https:\/\/viva.racunalniske-novice.com\/en\/#website\"},\"datePublished\":\"2026-01-20T06:52:00+00:00\",\"dateModified\":\"2026-01-20T06:52:00+00:00\",\"author\":{\"@id\":\"https:\/\/viva.racunalniske-novice.com\/en\/#\/schema\/person\/afb62e36efa34516d50249517e4cdbb4\"},\"breadcrumb\":{\"@id\":\"https:\/\/viva.racunalniske-novice.com\/bomo-zaradi-pomanjkanja-sistemskega-pomnilnika-kmalu-racunalnike-le-se-najemali-iz-oblaka\/#breadcrumb\"},\"inLanguage\":\"es\",\"potentialAction\":[{\"@type\":\"ReadAction\",\"target\":[\"https:\/\/viva.racunalniske-novice.com\/bomo-zaradi-pomanjkanja-sistemskega-pomnilnika-kmalu-racunalnike-le-se-najemali-iz-oblaka\/\"]}]},{\"@type\":\"BreadcrumbList\",\"@id\":\"https:\/\/viva.racunalniske-novice.com\/bomo-zaradi-pomanjkanja-sistemskega-pomnilnika-kmalu-racunalnike-le-se-najemali-iz-oblaka\/#breadcrumb\",\"itemListElement\":[{\"@type\":\"ListItem\",\"position\":1,\"name\":\"Home\",\"item\":\"https:\/\/viva.racunalniske-novice.com\/en\/\"},{\"@type\":\"ListItem\",\"position\":2,\"name\":\"Bomo zaradi pomanjkanja sistemskega pomnilnika kmalu ra\u010dunalnike le \u0161e najemali iz oblaka?\"}]},{\"@type\":\"WebSite\",\"@id\":\"https:\/\/viva.racunalniske-novice.com\/en\/#website\",\"url\":\"https:\/\/viva.racunalniske-novice.com\/en\/\",\"name\":\"Ra\u010dunalni\u0161ke novice\",\"description\":\"\",\"potentialAction\":[{\"@type\":\"SearchAction\",\"target\":{\"@type\":\"EntryPoint\",\"urlTemplate\":\"https:\/\/viva.racunalniske-novice.com\/en\/?s={search_term_string}\"},\"query-input\":\"required name=search_term_string\"}],\"inLanguage\":\"es\"},{\"@type\":\"Person\",\"@id\":\"https:\/\/viva.racunalniske-novice.com\/en\/#\/schema\/person\/afb62e36efa34516d50249517e4cdbb4\",\"name\":\"sinusiks\",\"sameAs\":[\"https:\/\/ml.racunalniske-novice.com\"],\"url\":\"https:\/\/viva.racunalniske-novice.com\/es\/author\/sinusiks\/\"}]}<\/script>\n<!-- \/ Yoast SEO plugin. -->","yoast_head_json":{"title":"Bomo zaradi pomanjkanja sistemskega pomnilnika kmalu ra\u010dunalnike le \u0161e najemali iz oblaka? - Ra\u010dunalni\u0161ke novice","description":"Jeff Bezos verjame, da bo umetna inteligenca prisilila uporabnike v najem ra\u010dunalni\u0161ke mo\u010di iz oblaka. Kriza s pomanjkanjem RAM-a ta prehod le \u0161e pospe\u0161uje, kar pomeni konec fizi\u010dnih PC-jev, kot jih p","robots":{"index":"index","follow":"follow","max-snippet":"max-snippet:-1","max-image-preview":"max-image-preview:large","max-video-preview":"max-video-preview:-1"},"canonical":"https:\/\/viva.racunalniske-novice.com\/es\/wp-json\/wp\/v2\/posts\/7089","og_locale":"es_ES","og_type":"article","og_title":"Bomo zaradi pomanjkanja sistemskega pomnilnika kmalu ra\u010dunalnike le \u0161e najemali iz oblaka? - Ra\u010dunalni\u0161ke novice","og_description":"Prihodnost osebnega ra\u010dunalni\u0161tva se odmika od lokalne strojne opreme in seli v oblak. Jeff Bezos opozarja, da modeli umetne inteligence naslednje generacije zahtevajo toliko ra\u010dunske mo\u010di in pomnilnika, da jih povpre\u010den doma\u010di PC kmalu ne bo ve\u010d sposoben poganjati. Namesto da bi vsakih nekaj let kupovali drage komponente, bomo po Bezosovi viziji preprosto pla\u010devali mese\u010dno [&hellip;]","og_url":"https:\/\/viva.racunalniske-novice.com\/es\/debido-a-la-falta-de-memoria-del-sistema-pronto-alquilaremos-computadoras-de-la-nube\/","og_site_name":"Ra\u010dunalni\u0161ke novice","article_published_time":"2026-01-20T06:52:00+00:00","author":"sinusiks","twitter_card":"summary_large_image","twitter_misc":{"Escrito por":"sinusiks","Tiempo de lectura":"1 minuto"},"schema":{"@context":"https:\/\/schema.org","@graph":[{"@type":"WebPage","@id":"https:\/\/viva.racunalniske-novice.com\/bomo-zaradi-pomanjkanja-sistemskega-pomnilnika-kmalu-racunalnike-le-se-najemali-iz-oblaka\/","url":"https:\/\/viva.racunalniske-novice.com\/bomo-zaradi-pomanjkanja-sistemskega-pomnilnika-kmalu-racunalnike-le-se-najemali-iz-oblaka\/","name":"Bomo zaradi pomanjkanja sistemskega pomnilnika kmalu ra\u010dunalnike le \u0161e najemali iz oblaka? - Ra\u010dunalni\u0161ke novice","isPartOf":{"@id":"https:\/\/viva.racunalniske-novice.com\/en\/#website"},"datePublished":"2026-01-20T06:52:00+00:00","dateModified":"2026-01-20T06:52:00+00:00","author":{"@id":"https:\/\/viva.racunalniske-novice.com\/en\/#\/schema\/person\/afb62e36efa34516d50249517e4cdbb4"},"breadcrumb":{"@id":"https:\/\/viva.racunalniske-novice.com\/bomo-zaradi-pomanjkanja-sistemskega-pomnilnika-kmalu-racunalnike-le-se-najemali-iz-oblaka\/#breadcrumb"},"inLanguage":"es","potentialAction":[{"@type":"ReadAction","target":["https:\/\/viva.racunalniske-novice.com\/bomo-zaradi-pomanjkanja-sistemskega-pomnilnika-kmalu-racunalnike-le-se-najemali-iz-oblaka\/"]}]},{"@type":"BreadcrumbList","@id":"https:\/\/viva.racunalniske-novice.com\/bomo-zaradi-pomanjkanja-sistemskega-pomnilnika-kmalu-racunalnike-le-se-najemali-iz-oblaka\/#breadcrumb","itemListElement":[{"@type":"ListItem","position":1,"name":"Home","item":"https:\/\/viva.racunalniske-novice.com\/en\/"},{"@type":"ListItem","position":2,"name":"Bomo zaradi pomanjkanja sistemskega pomnilnika kmalu ra\u010dunalnike le \u0161e najemali iz oblaka?"}]},{"@type":"WebSite","@id":"https:\/\/viva.racunalniske-novice.com\/en\/#website","url":"https:\/\/viva.racunalniske-novice.com\/en\/","name":"Ra\u010dunalni\u0161ke novice","description":"","potentialAction":[{"@type":"SearchAction","target":{"@type":"EntryPoint","urlTemplate":"https:\/\/viva.racunalniske-novice.com\/en\/?s={search_term_string}"},"query-input":"required name=search_term_string"}],"inLanguage":"es"},{"@type":"Person","@id":"https:\/\/viva.racunalniske-novice.com\/en\/#\/schema\/person\/afb62e36efa34516d50249517e4cdbb4","name":"sinusiks","sameAs":["https:\/\/ml.racunalniske-novice.com"],"url":"https:\/\/viva.racunalniske-novice.com\/es\/author\/sinusiks\/"}]}},"_links":{"self":[{"href":"https:\/\/viva.racunalniske-novice.com\/es\/wp-json\/wp\/v2\/posts\/7089","targetHints":{"allow":["GET"]}}],"collection":[{"href":"https:\/\/viva.racunalniske-novice.com\/es\/wp-json\/wp\/v2\/posts"}],"about":[{"href":"https:\/\/viva.racunalniske-novice.com\/es\/wp-json\/wp\/v2\/types\/post"}],"author":[{"embeddable":true,"href":"https:\/\/viva.racunalniske-novice.com\/es\/wp-json\/wp\/v2\/users\/2"}],"replies":[{"embeddable":true,"href":"https:\/\/viva.racunalniske-novice.com\/es\/wp-json\/wp\/v2\/comments?post=7089"}],"version-history":[{"count":0,"href":"https:\/\/viva.racunalniske-novice.com\/es\/wp-json\/wp\/v2\/posts\/7089\/revisions"}],"wp:attachment":[{"href":"https:\/\/viva.racunalniske-novice.com\/es\/wp-json\/wp\/v2\/media?parent=7089"}],"wp:term":[{"taxonomy":"category","embeddable":true,"href":"https:\/\/viva.racunalniske-novice.com\/es\/wp-json\/wp\/v2\/categories?post=7089"},{"taxonomy":"post_tag","embeddable":true,"href":"https:\/\/viva.racunalniske-novice.com\/es\/wp-json\/wp\/v2\/tags?post=7089"}],"curies":[{"name":"wp","href":"https:\/\/api.w.org\/{rel}","templated":true}]}}