{"id":7493,"date":"2026-04-21T19:22:44","date_gmt":"2026-04-21T17:22:44","guid":{"rendered":"https:\/\/viva.racunalniske-novice.com\/energetska-kriza-spreminja-evropo-vec-dela-od-doma-in-skok-prodaje-elektricnih-vozil\/"},"modified":"2026-04-21T19:22:44","modified_gmt":"2026-04-21T17:22:44","slug":"energetska-kriza-spreminja-evropo-vec-dela-od-doma-in-skok-prodaje-elektricnih-vozil","status":"publish","type":"post","link":"https:\/\/viva.racunalniske-novice.com\/es\/la-crisis-energetica-esta-cambiando-europa-aumenta-el-teletrabajo-y-se-observa-un-auge-en-las-ventas-de-vehiculos-electricos\/","title":{"rendered":"La crisis energ\u00e9tica est\u00e1 cambiando Europa: m\u00e1s teletrabajo y un aumento vertiginoso de las ventas de veh\u00edculos el\u00e9ctricos."},"content":{"rendered":"<h2 class=\"wp-block-heading\">Bruselas propone m\u00e1s teletrabajo.<\/h2>\n\n\n\n<p>La Comisi\u00f3n Europea presentar\u00e1 la pr\u00f3xima semana un paquete de medidas para mitigar los altos precios de la energ\u00eda. Entre las propuestas se incluye la recomendaci\u00f3n de que las empresas introduzcan al menos un d\u00eda obligatorio de teletrabajo a la semana.<\/p>\n\n\n\n<p>El objetivo es reducir el consumo de energ\u00eda, especialmente en oficinas y transporte. Adem\u00e1s, Bruselas propone:<\/p>\n\n\n\n<ul class=\"wp-block-list\"><li>cerrar edificios p\u00fablicos en la medida de lo posible,<\/li><li>precios m\u00e1s bajos en el transporte p\u00fablico o incluso transporte gratuito para ciertos grupos,<\/li><li>Mayor flexibilidad para que los pa\u00edses ayuden a los hogares y a la industria.<\/li><\/ul>\n\n\n\n<p>Seg\u00fan estimaciones de la UE, la crisis energ\u00e9tica ya ha provocado costes adicionales de m\u00e1s de 22.000 millones de euros en importaciones de combustibles f\u00f3siles.<\/p>\n\n\n\n<h2 class=\"wp-block-heading\">Los coches el\u00e9ctricos est\u00e1n en auge.<\/h2>\n\n\n\n<p>Mientras los pa\u00edses buscan soluciones a nivel pol\u00edtico, los consumidores responden a su manera. Las ventas de veh\u00edculos el\u00e9ctricos en Europa est\u00e1n creciendo r\u00e1pidamente. En el primer trimestre de 2026, el n\u00famero de matriculaciones de coches el\u00e9ctricos aument\u00f3 en casi 30 %, y en marzo en m\u00e1s de 50 %. En los principales mercados europeos (Alemania, Francia, Espa\u00f1a, Italia y Polonia), el crecimiento super\u00f3 los 40 %. Los coches el\u00e9ctricos representaron m\u00e1s de una quinta parte de todos los veh\u00edculos nuevos en marzo.<\/p>\n\n\n\n<h2 class=\"wp-block-heading\">Menor dependencia del petr\u00f3leo<\/h2>\n\n\n\n<p>El auge de los veh\u00edculos el\u00e9ctricos tambi\u00e9n tiene un impacto directo en el sector energ\u00e9tico. Los analistas estiman que las ventas de veh\u00edculos el\u00e9ctricos de este a\u00f1o han reducido el consumo de petr\u00f3leo en aproximadamente 2 millones de barriles anuales. Esto significa que la crisis energ\u00e9tica no solo impulsa medidas a corto plazo, sino que tambi\u00e9n acelera cambios a largo plazo en la energ\u00eda y la movilidad.<\/p>\n\n\n\n<h2 class=\"wp-block-heading\">Dos caras de la misma moneda<\/h2>\n\n\n\n<p>Lo que est\u00e1 ocurriendo en Europa muestra un patr\u00f3n interesante. Los gobiernos est\u00e1n implementando medidas para reducir el consumo de energ\u00eda y los consumidores est\u00e1n cambiando sus h\u00e1bitos e inversiones. El teletrabajo y la movilidad el\u00e9ctrica son, por lo tanto, dos caras de un mismo proceso: la reducci\u00f3n de la dependencia de los combustibles f\u00f3siles.<\/p>\n\n\n\n<p>La Comisi\u00f3n Europea subraya que la soluci\u00f3n a largo plazo reside en una transici\u00f3n energ\u00e9tica y una mayor independencia energ\u00e9tica. Si las tendencias actuales persisten, la crisis podr\u00eda acelerar cambios que, de otro modo, tardar\u00edan a\u00f1os.<\/p>","protected":false},"excerpt":{"rendered":"<p>Bruselj predlaga ve\u010d dela od doma Evropska komisija bo prihodnji teden predstavila paket ukrepov za ubla\u017eitev visokih cen energije. Med predlogi izstopa priporo\u010dilo, naj podjetja uvedejo vsaj en obvezen dan dela na daljavo na teden. Cilj je zmanj\u0161ati porabo energije, predvsem v pisarni\u0161kih prostorih in prometu. Poleg tega Bruselj predlaga: zapiranje javnih stavb, kjer je [&hellip;]<\/p>","protected":false},"author":2,"featured_media":0,"comment_status":"","ping_status":"open","sticky":false,"template":"","format":"standard","meta":{"_acf_changed":false,"footnotes":""},"categories":[6,8],"tags":[226],"class_list":["post-7493","post","type-post","status-publish","format-standard","hentry","category-avtomoto","category-zivljenjski-slog","tag-elektricni-avtomobili"],"acf":{"subtitle":"Energetska kriza, ki jo je spro\u017eil konflikt na Bli\u017enjem vzhodu, \u017ee spreminja vsakdanje \u017eivljenje in gospodarstvo v Evropi. Bruselj pripravlja nove ukrepe za zmanj\u0161anje porabe energije, medtem ko potro\u0161niki sami pospe\u0161eno prehajajo na alternative, kot so elektri\u010dna vozila.","heading":"","summary":"Energetska kriza, ki jo je spro\u017eil konflikt na Bli\u017enjem vzhodu, \u017ee spreminja vsakdanje \u017eivljenje in gospodarstvo v Evropi. Bruselj pripravlja nove ukrepe za zmanj\u0161anje porabe energije, medtem ko potro\u0161niki sami pospe\u0161eno prehajajo na alternative, kot so elektri\u010dna vozila.","thumbnail_small":"https:\/\/racunalniske-novice.com\/wp-content\/uploads\/2026\/04\/jack-kleefman-2NfRUWRqGgA-unsplash-560x315.jpg","thumbnail_large":"https:\/\/racunalniske-novice.com\/wp-content\/uploads\/2026\/04\/jack-kleefman-2NfRUWRqGgA-unsplash-1024x678.jpg","thumbnail_caption":"","gallery":"","video_gallery":null,"author":"","links":null,"sources":[{"title":"RTE","url":"https:\/\/www.rte.ie\/news\/business\/2026\/0420\/1569110-european-ev-sales\/#:~:text=New%20battery%2Delectric%20vehicle%20(BEV)%20registrations%2C%20a%20proxy,firm%20New%20Automotive%20showed%20today."},{"title":"ARA","url":"https:\/\/en.ara.cat\/economy\/brussels-studies-proposing-that-companies-that-can-establish-day-of-teleworking-for-the-energy-crisis_1_5708441.html"},{"title":"Unsplash","url":"https:\/\/unsplash.com\/photos\/industrial-factory-with-steam-rising-under-cloudy-sky-2NfRUWRqGgA"}],"skip_language":[]},"yoast_head":"<!-- This site is optimized with the Yoast SEO plugin v22.8 - https:\/\/yoast.com\/wordpress\/plugins\/seo\/ -->\n<title>Energetska kriza spreminja Evropo: ve\u010d dela od doma in skok prodaje elektri\u010dnih vozil - Ra\u010dunalni\u0161ke novice<\/title>\n<meta name=\"description\" content=\"Energetska kriza, ki jo je spro\u017eil konflikt na Bli\u017enjem vzhodu, \u017ee spreminja vsakdanje \u017eivljenje in gospodarstvo v Evropi. Bruselj pripravlja nove ukrepe za zmanj\u0161anje porabe energije, medtem ko potro\" \/>\n<meta name=\"robots\" content=\"index, follow, max-snippet:-1, max-image-preview:large, max-video-preview:-1\" \/>\n<link rel=\"canonical\" href=\"https:\/\/viva.racunalniske-novice.com\/es\/wp-json\/wp\/v2\/posts\/7493\" \/>\n<meta property=\"og:locale\" content=\"es_ES\" \/>\n<meta property=\"og:type\" content=\"article\" \/>\n<meta property=\"og:title\" content=\"Energetska kriza spreminja Evropo: ve\u010d dela od doma in skok prodaje elektri\u010dnih vozil - Ra\u010dunalni\u0161ke novice\" \/>\n<meta property=\"og:description\" content=\"Bruselj predlaga ve\u010d dela od doma Evropska komisija bo prihodnji teden predstavila paket ukrepov za ubla\u017eitev visokih cen energije. Med predlogi izstopa priporo\u010dilo, naj podjetja uvedejo vsaj en obvezen dan dela na daljavo na teden. Cilj je zmanj\u0161ati porabo energije, predvsem v pisarni\u0161kih prostorih in prometu. Poleg tega Bruselj predlaga: zapiranje javnih stavb, kjer je [&hellip;]\" \/>\n<meta property=\"og:url\" content=\"https:\/\/viva.racunalniske-novice.com\/es\/la-crisis-energetica-esta-cambiando-europa-aumenta-el-teletrabajo-y-se-observa-un-auge-en-las-ventas-de-vehiculos-electricos\/\" \/>\n<meta property=\"og:site_name\" content=\"Ra\u010dunalni\u0161ke novice\" \/>\n<meta property=\"article:published_time\" content=\"2026-04-21T17:22:44+00:00\" \/>\n<meta name=\"author\" content=\"sinusiks\" \/>\n<meta name=\"twitter:card\" content=\"summary_large_image\" \/>\n<meta name=\"twitter:label1\" content=\"Escrito por\" \/>\n\t<meta name=\"twitter:data1\" content=\"sinusiks\" \/>\n\t<meta name=\"twitter:label2\" content=\"Tiempo de lectura\" \/>\n\t<meta name=\"twitter:data2\" content=\"2 minutos\" \/>\n<script type=\"application\/ld+json\" class=\"yoast-schema-graph\">{\"@context\":\"https:\/\/schema.org\",\"@graph\":[{\"@type\":\"WebPage\",\"@id\":\"https:\/\/viva.racunalniske-novice.com\/energetska-kriza-spreminja-evropo-vec-dela-od-doma-in-skok-prodaje-elektricnih-vozil\/\",\"url\":\"https:\/\/viva.racunalniske-novice.com\/energetska-kriza-spreminja-evropo-vec-dela-od-doma-in-skok-prodaje-elektricnih-vozil\/\",\"name\":\"Energetska kriza spreminja Evropo: ve\u010d dela od doma in skok prodaje elektri\u010dnih vozil - Ra\u010dunalni\u0161ke novice\",\"isPartOf\":{\"@id\":\"https:\/\/viva.racunalniske-novice.com\/en\/#website\"},\"datePublished\":\"2026-04-21T17:22:44+00:00\",\"dateModified\":\"2026-04-21T17:22:44+00:00\",\"author\":{\"@id\":\"https:\/\/viva.racunalniske-novice.com\/en\/#\/schema\/person\/afb62e36efa34516d50249517e4cdbb4\"},\"breadcrumb\":{\"@id\":\"https:\/\/viva.racunalniske-novice.com\/energetska-kriza-spreminja-evropo-vec-dela-od-doma-in-skok-prodaje-elektricnih-vozil\/#breadcrumb\"},\"inLanguage\":\"es\",\"potentialAction\":[{\"@type\":\"ReadAction\",\"target\":[\"https:\/\/viva.racunalniske-novice.com\/energetska-kriza-spreminja-evropo-vec-dela-od-doma-in-skok-prodaje-elektricnih-vozil\/\"]}]},{\"@type\":\"BreadcrumbList\",\"@id\":\"https:\/\/viva.racunalniske-novice.com\/energetska-kriza-spreminja-evropo-vec-dela-od-doma-in-skok-prodaje-elektricnih-vozil\/#breadcrumb\",\"itemListElement\":[{\"@type\":\"ListItem\",\"position\":1,\"name\":\"Home\",\"item\":\"https:\/\/viva.racunalniske-novice.com\/en\/\"},{\"@type\":\"ListItem\",\"position\":2,\"name\":\"Energetska kriza spreminja Evropo: ve\u010d dela od doma in skok prodaje elektri\u010dnih vozil\"}]},{\"@type\":\"WebSite\",\"@id\":\"https:\/\/viva.racunalniske-novice.com\/en\/#website\",\"url\":\"https:\/\/viva.racunalniske-novice.com\/en\/\",\"name\":\"Ra\u010dunalni\u0161ke novice\",\"description\":\"\",\"potentialAction\":[{\"@type\":\"SearchAction\",\"target\":{\"@type\":\"EntryPoint\",\"urlTemplate\":\"https:\/\/viva.racunalniske-novice.com\/en\/?s={search_term_string}\"},\"query-input\":\"required name=search_term_string\"}],\"inLanguage\":\"es\"},{\"@type\":\"Person\",\"@id\":\"https:\/\/viva.racunalniske-novice.com\/en\/#\/schema\/person\/afb62e36efa34516d50249517e4cdbb4\",\"name\":\"sinusiks\",\"sameAs\":[\"https:\/\/ml.racunalniske-novice.com\"],\"url\":\"https:\/\/viva.racunalniske-novice.com\/es\/author\/sinusiks\/\"}]}<\/script>\n<!-- \/ Yoast SEO plugin. -->","yoast_head_json":{"title":"Energetska kriza spreminja Evropo: ve\u010d dela od doma in skok prodaje elektri\u010dnih vozil - Ra\u010dunalni\u0161ke novice","description":"Energetska kriza, ki jo je spro\u017eil konflikt na Bli\u017enjem vzhodu, \u017ee spreminja vsakdanje \u017eivljenje in gospodarstvo v Evropi. Bruselj pripravlja nove ukrepe za zmanj\u0161anje porabe energije, medtem ko potro","robots":{"index":"index","follow":"follow","max-snippet":"max-snippet:-1","max-image-preview":"max-image-preview:large","max-video-preview":"max-video-preview:-1"},"canonical":"https:\/\/viva.racunalniske-novice.com\/es\/wp-json\/wp\/v2\/posts\/7493","og_locale":"es_ES","og_type":"article","og_title":"Energetska kriza spreminja Evropo: ve\u010d dela od doma in skok prodaje elektri\u010dnih vozil - Ra\u010dunalni\u0161ke novice","og_description":"Bruselj predlaga ve\u010d dela od doma Evropska komisija bo prihodnji teden predstavila paket ukrepov za ubla\u017eitev visokih cen energije. Med predlogi izstopa priporo\u010dilo, naj podjetja uvedejo vsaj en obvezen dan dela na daljavo na teden. Cilj je zmanj\u0161ati porabo energije, predvsem v pisarni\u0161kih prostorih in prometu. Poleg tega Bruselj predlaga: zapiranje javnih stavb, kjer je [&hellip;]","og_url":"https:\/\/viva.racunalniske-novice.com\/es\/la-crisis-energetica-esta-cambiando-europa-aumenta-el-teletrabajo-y-se-observa-un-auge-en-las-ventas-de-vehiculos-electricos\/","og_site_name":"Ra\u010dunalni\u0161ke novice","article_published_time":"2026-04-21T17:22:44+00:00","author":"sinusiks","twitter_card":"summary_large_image","twitter_misc":{"Escrito por":"sinusiks","Tiempo de lectura":"2 minutos"},"schema":{"@context":"https:\/\/schema.org","@graph":[{"@type":"WebPage","@id":"https:\/\/viva.racunalniske-novice.com\/energetska-kriza-spreminja-evropo-vec-dela-od-doma-in-skok-prodaje-elektricnih-vozil\/","url":"https:\/\/viva.racunalniske-novice.com\/energetska-kriza-spreminja-evropo-vec-dela-od-doma-in-skok-prodaje-elektricnih-vozil\/","name":"Energetska kriza spreminja Evropo: ve\u010d dela od doma in skok prodaje elektri\u010dnih vozil - Ra\u010dunalni\u0161ke novice","isPartOf":{"@id":"https:\/\/viva.racunalniske-novice.com\/en\/#website"},"datePublished":"2026-04-21T17:22:44+00:00","dateModified":"2026-04-21T17:22:44+00:00","author":{"@id":"https:\/\/viva.racunalniske-novice.com\/en\/#\/schema\/person\/afb62e36efa34516d50249517e4cdbb4"},"breadcrumb":{"@id":"https:\/\/viva.racunalniske-novice.com\/energetska-kriza-spreminja-evropo-vec-dela-od-doma-in-skok-prodaje-elektricnih-vozil\/#breadcrumb"},"inLanguage":"es","potentialAction":[{"@type":"ReadAction","target":["https:\/\/viva.racunalniske-novice.com\/energetska-kriza-spreminja-evropo-vec-dela-od-doma-in-skok-prodaje-elektricnih-vozil\/"]}]},{"@type":"BreadcrumbList","@id":"https:\/\/viva.racunalniske-novice.com\/energetska-kriza-spreminja-evropo-vec-dela-od-doma-in-skok-prodaje-elektricnih-vozil\/#breadcrumb","itemListElement":[{"@type":"ListItem","position":1,"name":"Home","item":"https:\/\/viva.racunalniske-novice.com\/en\/"},{"@type":"ListItem","position":2,"name":"Energetska kriza spreminja Evropo: ve\u010d dela od doma in skok prodaje elektri\u010dnih vozil"}]},{"@type":"WebSite","@id":"https:\/\/viva.racunalniske-novice.com\/en\/#website","url":"https:\/\/viva.racunalniske-novice.com\/en\/","name":"Ra\u010dunalni\u0161ke novice","description":"","potentialAction":[{"@type":"SearchAction","target":{"@type":"EntryPoint","urlTemplate":"https:\/\/viva.racunalniske-novice.com\/en\/?s={search_term_string}"},"query-input":"required name=search_term_string"}],"inLanguage":"es"},{"@type":"Person","@id":"https:\/\/viva.racunalniske-novice.com\/en\/#\/schema\/person\/afb62e36efa34516d50249517e4cdbb4","name":"sinusiks","sameAs":["https:\/\/ml.racunalniske-novice.com"],"url":"https:\/\/viva.racunalniske-novice.com\/es\/author\/sinusiks\/"}]}},"_links":{"self":[{"href":"https:\/\/viva.racunalniske-novice.com\/es\/wp-json\/wp\/v2\/posts\/7493","targetHints":{"allow":["GET"]}}],"collection":[{"href":"https:\/\/viva.racunalniske-novice.com\/es\/wp-json\/wp\/v2\/posts"}],"about":[{"href":"https:\/\/viva.racunalniske-novice.com\/es\/wp-json\/wp\/v2\/types\/post"}],"author":[{"embeddable":true,"href":"https:\/\/viva.racunalniske-novice.com\/es\/wp-json\/wp\/v2\/users\/2"}],"replies":[{"embeddable":true,"href":"https:\/\/viva.racunalniske-novice.com\/es\/wp-json\/wp\/v2\/comments?post=7493"}],"version-history":[{"count":0,"href":"https:\/\/viva.racunalniske-novice.com\/es\/wp-json\/wp\/v2\/posts\/7493\/revisions"}],"wp:attachment":[{"href":"https:\/\/viva.racunalniske-novice.com\/es\/wp-json\/wp\/v2\/media?parent=7493"}],"wp:term":[{"taxonomy":"category","embeddable":true,"href":"https:\/\/viva.racunalniske-novice.com\/es\/wp-json\/wp\/v2\/categories?post=7493"},{"taxonomy":"post_tag","embeddable":true,"href":"https:\/\/viva.racunalniske-novice.com\/es\/wp-json\/wp\/v2\/tags?post=7493"}],"curies":[{"name":"wp","href":"https:\/\/api.w.org\/{rel}","templated":true}]}}