{"id":7525,"date":"2026-04-28T15:06:00","date_gmt":"2026-04-28T13:06:00","guid":{"rendered":"https:\/\/viva.racunalniske-novice.com\/novi-mini-paradni-konj-prihaja-v-evropo\/"},"modified":"2026-04-28T15:06:00","modified_gmt":"2026-04-28T13:06:00","slug":"novi-mini-paradni-konj-prihaja-v-evropo","status":"publish","type":"post","link":"https:\/\/viva.racunalniske-novice.com\/es\/la-nueva-mini-pieza-de-exhibicion-llegara-a-europa\/","title":{"rendered":"Una nueva mini pieza de exhibici\u00f3n llegar\u00e1 a Europa."},"content":{"rendered":"<p>El mercado de los tel\u00e9fonos insignia compactos ha sido descuidado en los \u00faltimos a\u00f1os, ya que la mayor\u00eda de los fabricantes se han centrado en pantallas de m\u00e1s de 6,7 pulgadas. El Infinix 15 Compact entra en este nicho con una pantalla AMOLED de tan solo 6,1 pulgadas. A pesar de su tama\u00f1o compacto, la pantalla no compromete el rendimiento, ofreciendo una frecuencia de actualizaci\u00f3n de 120 Hz y un brillo m\u00e1ximo de hasta 2500 nits, lo que garantiza una excelente visibilidad incluso bajo la luz del sol.<br><br>En su interior, cuenta con el procesador MediaTek Dimensity 9400 de \u00faltima generaci\u00f3n, que, junto con 12 GB de RAM, ofrece un rendimiento comparable al de sus principales competidores. Se ha puesto especial \u00e9nfasis en la c\u00e1mara. El Infinix 15 Compact incorpora un sensor principal de 50 MP con estabilizaci\u00f3n \u00f3ptica de imagen (OIS), que garantiza excelentes fotograf\u00edas incluso en condiciones de poca luz. Su carcasa es resistente al agua y al polvo seg\u00fan el est\u00e1ndar IP68, algo poco com\u00fan en dispositivos de este tama\u00f1o.<br><br>Infinix ha confirmado una estrategia para el mercado europeo: un descuento de preventa que reducir\u00e1 el precio del dispositivo en aproximadamente un 15 % durante la primera semana de ventas. El precio de venta estimado rondar\u00e1 los 550 euros, lo que lo sit\u00faa en competencia directa con modelos como el Samsung Galaxy S26 o el Xiaomi 16. Su bater\u00eda de 4800 mAh y la carga r\u00e1pida de 65 W garantizan una autonom\u00eda de un d\u00eda completo incluso con un uso intensivo.<br><br>El nuevo Infinix 15 Compact es una renovaci\u00f3n para quienes echaban de menos un dispositivo de tan solo 14,5 cm de largo que cabe f\u00e1cilmente en un bolsillo. Con la promesa de cuatro a\u00f1os de soporte para las actualizaciones del sistema operativo Android y cinco a\u00f1os de soporte de seguridad, Infinix busca ganarse la confianza de los usuarios m\u00e1s exigentes que buscan una inversi\u00f3n a largo plazo en tecnolog\u00eda compacta.<\/p>\n<div class=\"embed-container\"><iframe src=\"https:\/\/www.youtube.com\/embed\/z5_DnkL1l4A\" frameborder=\"0\" allowfullscreen><\/iframe><\/div><br\/>","protected":false},"excerpt":{"rendered":"<p>Trg &#8220;mini&#8221; paradnih konjev je bil v zadnjih letih precej zapostavljen, saj se ve\u010dina proizvajalcev osredoto\u010da na zaslone nad 6,7 palcev. Infinix 15 Compact pa vstopa v to ni\u0161o z zaslonom AMOLED velikosti le 6,1 palcev. Kljub kompaktni velikosti zaslon ne sklepa kompromisov, saj ponuja 120 Hz osve\u017eevanje in vrhunsko svetilnost do 2500 niti, kar [&hellip;]<\/p>","protected":false},"author":2,"featured_media":0,"comment_status":"","ping_status":"open","sticky":false,"template":"","format":"standard","meta":{"_acf_changed":false,"footnotes":""},"categories":[50],"tags":[264],"class_list":["post-7525","post","type-post","status-publish","format-standard","hentry","category-telefonija","tag-vivo-pametni-telefoni"],"acf":{"subtitle":"Ljubitelji manj\u0161ih, a zmogljivih pametnih telefonov imajo razlog za veselje. Podjetje Infinix je uradno potrdilo, da bo aprila 2026 na mednarodne trge poslalo svoj novi model Infinix 15 Compact. Gre za napravo, ki kljubuje trendu ogromnih zaslonov in ponuja vrhunsko strojno opremo v ohi\u0161ju, ki je prijazno za uporabo z eno roko. Ob izidu je proizvajalec potrdil tudi posebne ugodnosti za prve kupce.","heading":"","summary":"Infinix 15 Compact prihaja na evropski trg s 6,1-pal\u010dnim AMOLED zaslonom, procesorjem Dimensity 9400 in ceno okoli 550 evrov. S predprodajnim popustom in vrhunsko kamero predstavlja resno alternativo uveljavljenim znamkam v segmentu kompaktnih paradnih konjev.","thumbnail_small":"https:\/\/racunalniske-novice.com\/wp-content\/uploads\/2026\/04\/vivo-x300-fe-euro-launch-kv-560x315.jpg","thumbnail_large":"https:\/\/racunalniske-novice.com\/wp-content\/uploads\/2026\/04\/vivo-x300-fe-euro-launch-kv-1024x768.jpg","thumbnail_caption":"Foto: Vivo","gallery":"","video_gallery":[{"youtube_url":"https:\/\/www.youtube.com\/watch?v=z5_DnkL1l4A"}],"author":"","links":[{"title":"Infinix","url":""}],"sources":null,"skip_language":[]},"yoast_head":"<!-- This site is optimized with the Yoast SEO plugin v22.8 - https:\/\/yoast.com\/wordpress\/plugins\/seo\/ -->\n<title>Novi mini paradni konj prihaja v Evropo - Ra\u010dunalni\u0161ke novice<\/title>\n<meta name=\"description\" content=\"Infinix 15 Compact prihaja na evropski trg s 6,1-pal\u010dnim AMOLED zaslonom, procesorjem Dimensity 9400 in ceno okoli 550 evrov. S predprodajnim popustom in vrhunsko kamero predstavlja resno alternativo\" \/>\n<meta name=\"robots\" content=\"index, follow, max-snippet:-1, max-image-preview:large, max-video-preview:-1\" \/>\n<link rel=\"canonical\" href=\"https:\/\/viva.racunalniske-novice.com\/es\/wp-json\/wp\/v2\/posts\/7525\" \/>\n<meta property=\"og:locale\" content=\"es_ES\" \/>\n<meta property=\"og:type\" content=\"article\" \/>\n<meta property=\"og:title\" content=\"Novi mini paradni konj prihaja v Evropo - Ra\u010dunalni\u0161ke novice\" \/>\n<meta property=\"og:description\" content=\"Trg &#8220;mini&#8221; paradnih konjev je bil v zadnjih letih precej zapostavljen, saj se ve\u010dina proizvajalcev osredoto\u010da na zaslone nad 6,7 palcev. Infinix 15 Compact pa vstopa v to ni\u0161o z zaslonom AMOLED velikosti le 6,1 palcev. Kljub kompaktni velikosti zaslon ne sklepa kompromisov, saj ponuja 120 Hz osve\u017eevanje in vrhunsko svetilnost do 2500 niti, kar [&hellip;]\" \/>\n<meta property=\"og:url\" content=\"https:\/\/viva.racunalniske-novice.com\/es\/la-nueva-mini-pieza-de-exhibicion-llegara-a-europa\/\" \/>\n<meta property=\"og:site_name\" content=\"Ra\u010dunalni\u0161ke novice\" \/>\n<meta property=\"article:published_time\" content=\"2026-04-28T13:06:00+00:00\" \/>\n<meta name=\"author\" content=\"sinusiks\" \/>\n<meta name=\"twitter:card\" content=\"summary_large_image\" \/>\n<meta name=\"twitter:label1\" content=\"Escrito por\" \/>\n\t<meta name=\"twitter:data1\" content=\"sinusiks\" \/>\n\t<meta name=\"twitter:label2\" content=\"Tiempo de lectura\" \/>\n\t<meta name=\"twitter:data2\" content=\"1 minuto\" \/>\n<script type=\"application\/ld+json\" class=\"yoast-schema-graph\">{\"@context\":\"https:\/\/schema.org\",\"@graph\":[{\"@type\":\"WebPage\",\"@id\":\"https:\/\/viva.racunalniske-novice.com\/novi-mini-paradni-konj-prihaja-v-evropo\/\",\"url\":\"https:\/\/viva.racunalniske-novice.com\/novi-mini-paradni-konj-prihaja-v-evropo\/\",\"name\":\"Novi mini paradni konj prihaja v Evropo - Ra\u010dunalni\u0161ke novice\",\"isPartOf\":{\"@id\":\"https:\/\/viva.racunalniske-novice.com\/en\/#website\"},\"datePublished\":\"2026-04-28T13:06:00+00:00\",\"dateModified\":\"2026-04-28T13:06:00+00:00\",\"author\":{\"@id\":\"https:\/\/viva.racunalniske-novice.com\/en\/#\/schema\/person\/afb62e36efa34516d50249517e4cdbb4\"},\"breadcrumb\":{\"@id\":\"https:\/\/viva.racunalniske-novice.com\/novi-mini-paradni-konj-prihaja-v-evropo\/#breadcrumb\"},\"inLanguage\":\"es\",\"potentialAction\":[{\"@type\":\"ReadAction\",\"target\":[\"https:\/\/viva.racunalniske-novice.com\/novi-mini-paradni-konj-prihaja-v-evropo\/\"]}]},{\"@type\":\"BreadcrumbList\",\"@id\":\"https:\/\/viva.racunalniske-novice.com\/novi-mini-paradni-konj-prihaja-v-evropo\/#breadcrumb\",\"itemListElement\":[{\"@type\":\"ListItem\",\"position\":1,\"name\":\"Home\",\"item\":\"https:\/\/viva.racunalniske-novice.com\/en\/\"},{\"@type\":\"ListItem\",\"position\":2,\"name\":\"Novi mini paradni konj prihaja v Evropo\"}]},{\"@type\":\"WebSite\",\"@id\":\"https:\/\/viva.racunalniske-novice.com\/en\/#website\",\"url\":\"https:\/\/viva.racunalniske-novice.com\/en\/\",\"name\":\"Ra\u010dunalni\u0161ke novice\",\"description\":\"\",\"potentialAction\":[{\"@type\":\"SearchAction\",\"target\":{\"@type\":\"EntryPoint\",\"urlTemplate\":\"https:\/\/viva.racunalniske-novice.com\/en\/?s={search_term_string}\"},\"query-input\":\"required name=search_term_string\"}],\"inLanguage\":\"es\"},{\"@type\":\"Person\",\"@id\":\"https:\/\/viva.racunalniske-novice.com\/en\/#\/schema\/person\/afb62e36efa34516d50249517e4cdbb4\",\"name\":\"sinusiks\",\"sameAs\":[\"https:\/\/ml.racunalniske-novice.com\"],\"url\":\"https:\/\/viva.racunalniske-novice.com\/es\/author\/sinusiks\/\"}]}<\/script>\n<!-- \/ Yoast SEO plugin. -->","yoast_head_json":{"title":"Novi mini paradni konj prihaja v Evropo - Ra\u010dunalni\u0161ke novice","description":"Infinix 15 Compact prihaja na evropski trg s 6,1-pal\u010dnim AMOLED zaslonom, procesorjem Dimensity 9400 in ceno okoli 550 evrov. S predprodajnim popustom in vrhunsko kamero predstavlja resno alternativo","robots":{"index":"index","follow":"follow","max-snippet":"max-snippet:-1","max-image-preview":"max-image-preview:large","max-video-preview":"max-video-preview:-1"},"canonical":"https:\/\/viva.racunalniske-novice.com\/es\/wp-json\/wp\/v2\/posts\/7525","og_locale":"es_ES","og_type":"article","og_title":"Novi mini paradni konj prihaja v Evropo - Ra\u010dunalni\u0161ke novice","og_description":"Trg &#8220;mini&#8221; paradnih konjev je bil v zadnjih letih precej zapostavljen, saj se ve\u010dina proizvajalcev osredoto\u010da na zaslone nad 6,7 palcev. Infinix 15 Compact pa vstopa v to ni\u0161o z zaslonom AMOLED velikosti le 6,1 palcev. Kljub kompaktni velikosti zaslon ne sklepa kompromisov, saj ponuja 120 Hz osve\u017eevanje in vrhunsko svetilnost do 2500 niti, kar [&hellip;]","og_url":"https:\/\/viva.racunalniske-novice.com\/es\/la-nueva-mini-pieza-de-exhibicion-llegara-a-europa\/","og_site_name":"Ra\u010dunalni\u0161ke novice","article_published_time":"2026-04-28T13:06:00+00:00","author":"sinusiks","twitter_card":"summary_large_image","twitter_misc":{"Escrito por":"sinusiks","Tiempo de lectura":"1 minuto"},"schema":{"@context":"https:\/\/schema.org","@graph":[{"@type":"WebPage","@id":"https:\/\/viva.racunalniske-novice.com\/novi-mini-paradni-konj-prihaja-v-evropo\/","url":"https:\/\/viva.racunalniske-novice.com\/novi-mini-paradni-konj-prihaja-v-evropo\/","name":"Novi mini paradni konj prihaja v Evropo - Ra\u010dunalni\u0161ke novice","isPartOf":{"@id":"https:\/\/viva.racunalniske-novice.com\/en\/#website"},"datePublished":"2026-04-28T13:06:00+00:00","dateModified":"2026-04-28T13:06:00+00:00","author":{"@id":"https:\/\/viva.racunalniske-novice.com\/en\/#\/schema\/person\/afb62e36efa34516d50249517e4cdbb4"},"breadcrumb":{"@id":"https:\/\/viva.racunalniske-novice.com\/novi-mini-paradni-konj-prihaja-v-evropo\/#breadcrumb"},"inLanguage":"es","potentialAction":[{"@type":"ReadAction","target":["https:\/\/viva.racunalniske-novice.com\/novi-mini-paradni-konj-prihaja-v-evropo\/"]}]},{"@type":"BreadcrumbList","@id":"https:\/\/viva.racunalniske-novice.com\/novi-mini-paradni-konj-prihaja-v-evropo\/#breadcrumb","itemListElement":[{"@type":"ListItem","position":1,"name":"Home","item":"https:\/\/viva.racunalniske-novice.com\/en\/"},{"@type":"ListItem","position":2,"name":"Novi mini paradni konj prihaja v Evropo"}]},{"@type":"WebSite","@id":"https:\/\/viva.racunalniske-novice.com\/en\/#website","url":"https:\/\/viva.racunalniske-novice.com\/en\/","name":"Ra\u010dunalni\u0161ke novice","description":"","potentialAction":[{"@type":"SearchAction","target":{"@type":"EntryPoint","urlTemplate":"https:\/\/viva.racunalniske-novice.com\/en\/?s={search_term_string}"},"query-input":"required name=search_term_string"}],"inLanguage":"es"},{"@type":"Person","@id":"https:\/\/viva.racunalniske-novice.com\/en\/#\/schema\/person\/afb62e36efa34516d50249517e4cdbb4","name":"sinusiks","sameAs":["https:\/\/ml.racunalniske-novice.com"],"url":"https:\/\/viva.racunalniske-novice.com\/es\/author\/sinusiks\/"}]}},"_links":{"self":[{"href":"https:\/\/viva.racunalniske-novice.com\/es\/wp-json\/wp\/v2\/posts\/7525","targetHints":{"allow":["GET"]}}],"collection":[{"href":"https:\/\/viva.racunalniske-novice.com\/es\/wp-json\/wp\/v2\/posts"}],"about":[{"href":"https:\/\/viva.racunalniske-novice.com\/es\/wp-json\/wp\/v2\/types\/post"}],"author":[{"embeddable":true,"href":"https:\/\/viva.racunalniske-novice.com\/es\/wp-json\/wp\/v2\/users\/2"}],"replies":[{"embeddable":true,"href":"https:\/\/viva.racunalniske-novice.com\/es\/wp-json\/wp\/v2\/comments?post=7525"}],"version-history":[{"count":0,"href":"https:\/\/viva.racunalniske-novice.com\/es\/wp-json\/wp\/v2\/posts\/7525\/revisions"}],"wp:attachment":[{"href":"https:\/\/viva.racunalniske-novice.com\/es\/wp-json\/wp\/v2\/media?parent=7525"}],"wp:term":[{"taxonomy":"category","embeddable":true,"href":"https:\/\/viva.racunalniske-novice.com\/es\/wp-json\/wp\/v2\/categories?post=7525"},{"taxonomy":"post_tag","embeddable":true,"href":"https:\/\/viva.racunalniske-novice.com\/es\/wp-json\/wp\/v2\/tags?post=7525"}],"curies":[{"name":"wp","href":"https:\/\/api.w.org\/{rel}","templated":true}]}}