{"id":8117,"date":"2026-09-04T10:27:57","date_gmt":"2026-09-04T08:27:57","guid":{"rendered":"https:\/\/viva.racunalniske-novice.com\/ifa-2026-solarni-racunalniki-pomivalni-stroji-s-kamerami-1100-hz-monitorji\/"},"modified":"2026-09-04T10:27:57","modified_gmt":"2026-09-04T08:27:57","slug":"ifa-2026-solarni-racunalniki-pomivalni-stroji-s-kamerami-1100-hz-monitorji","status":"publish","type":"post","link":"https:\/\/viva.racunalniske-novice.com\/es\/computadoras-solares-ifa-2026-lavavajillas-con-camaras-monitores-de-1100-hz\/","title":{"rendered":"IFA 2026: ordenadores solares, lavavajillas con c\u00e1mara, monitores de 1100 Hz..."},"content":{"rendered":"<p class=\"wp-block-paragraph\">La feria abri\u00f3 oficialmente hoy, 4 de septiembre, en el centro de exposiciones Messe Berlin de Berl\u00edn y se extender\u00e1 hasta el 8 de septiembre. Se trata de una de las mayores ferias de electr\u00f3nica de consumo del mundo, que se celebra desde 1924 en aproximadamente 190\u00a0000 metros cuadrados distribuidos en 27 pabellones. El lema de este a\u00f1o es \u00abEl futuro es ahora\u00bb y se espera la participaci\u00f3n de unos 1900 expositores y 220\u00a0000 visitantes y participantes de 140 pa\u00edses. La inteligencia artificial est\u00e1 presente en todas partes este a\u00f1o, incluso en dispositivos que no la necesitan.<\/p>\n\n\n\n<h3 class=\"wp-block-heading\"><strong>Proyecto Lenovo AeroBlade: Me interesa m\u00e1s la refrigeraci\u00f3n que el procesador.<\/strong><\/h3>\n\n\n\n<p class=\"wp-block-paragraph\">Desde hace mucho tiempo, es dif\u00edcil encontrar algo realmente sorprendente en el mundo de los port\u00e1tiles. El nuevo procesador es m\u00e1s r\u00e1pido, la pantalla OLED tiene mayor brillo, el chasis es dos mil\u00edmetros m\u00e1s delgado, y eso es todo. El Proyecto AeroBlade de Lenovo podr\u00eda romper con esa monoton\u00eda.<\/p>\n\n\n\n<p class=\"wp-block-paragraph\">A primera vista, parece un ordenador ultraligero de 14 pulgadas m\u00e1s. Tiene menos de 10 mil\u00edmetros de grosor y pesa menos de 830 gramos. Pero lo interesante est\u00e1 en su interior. Lenovo ha sustituido el ventilador cl\u00e1sico por la tecnolog\u00eda AirJet de Frore Systems. En lugar de aspas giratorias, utiliza membranas piezoel\u00e9ctricas que generan una corriente de aire al moverse a gran velocidad. El prototipo cuenta con cuatro m\u00f3dulos AirJet y carece por completo de ventilador tradicional.<\/p>\n\n\n\n<figure class=\"wp-block-gallery has-nested-images columns-default is-cropped wp-block-gallery-1 is-layout-flex wp-block-gallery-is-layout-flex\">\n<figure class=\"wp-block-image size-large\"><img decoding=\"async\" data-id=\"2699815\" src=\"\/wp-content\/uploads\/2026\/09\/AeroBlade-Specialty-04-1024x1024-1.png\" alt=\"\" class=\"wp-image-2699815\"\/><figcaption><strong>Proyecto AeroBlade<\/strong><\/figcaption><\/figure>\n\n\n\n<figure class=\"wp-block-image size-large\"><img decoding=\"async\" data-id=\"2699817\" src=\"\/wp-content\/uploads\/2026\/09\/LandscapeRollable-02-1024x1024-1.png\" alt=\"\" class=\"wp-image-2699817\"\/><figcaption><strong>Proyecto Cisne<\/strong><\/figcaption><\/figure>\n<\/figure>\n\n\n\n<p class=\"wp-block-paragraph\">\u00bfPor qu\u00e9 es importante? Porque la refrigeraci\u00f3n es una de las principales razones por las que los port\u00e1tiles potentes son tan gruesos. Un ventilador necesita espacio, rejillas de ventilaci\u00f3n y conductos. Al eliminarlos, se abren nuevas posibilidades de dise\u00f1o.<\/p>\n\n\n\n<p class=\"wp-block-paragraph\">El proyecto AeroBlade cuenta con un procesador Intel, una pantalla OLED, Thunderbolt 4 y Wi-Fi 7, pero estas especificaciones son casi secundarias en comparaci\u00f3n con el concepto. Me interesa mucho m\u00e1s saber si el AirJet podr\u00e1 producirse en masa en los pr\u00f3ximos a\u00f1os. De ser as\u00ed, podr\u00eda revolucionar el dise\u00f1o de los ultraport\u00e1tiles m\u00e1s que cualquier otra generaci\u00f3n de procesadores.<\/p>\n\n\n\n<p class=\"wp-block-paragraph\">Por ahora, esto es solo un concepto, as\u00ed que no tenemos precios ni una posible fecha de inicio de producci\u00f3n.<\/p>\n\n\n\n<p class=\"wp-block-paragraph\">Lenovo present\u00f3 otro prototipo, el Proyecto Swan. Se trata de un ThinkBook de 14 pulgadas cuya pantalla OLED flexible se extiende lateralmente hasta las 17 pulgadas. No era la primera vez que ve\u00eda un concepto as\u00ed. Me sigue pareciendo interesante, pero estoy esperando a que lo lancen a producci\u00f3n.<\/p>\n\n\n\n<h3 class=\"wp-block-heading\"><strong>Acer Vero 16: la mejor noticia es que puedes abrirlo.<\/strong><\/h3>\n\n\n\n<p class=\"wp-block-paragraph\">Durante la \u00faltima d\u00e9cada, la industria nos ha convencido de que un buen port\u00e1til debe ser lo m\u00e1s cerrado posible. Bater\u00eda pegada, memoria soldada, tornillos especiales y una construcci\u00f3n robusta... El Acer Vero 16 ha optado por un camino diferente, hacia una mayor libertad para el usuario.<\/p>\n\n\n\n<p class=\"wp-block-paragraph\">Cuenta con un mecanismo de acceso sin herramientas en la parte inferior. El usuario puede reemplazar la bater\u00eda y la unidad SSD por s\u00ed mismo, las tapas de los conectores son extra\u00edbles y la bisagra est\u00e1 dise\u00f1ada para poder separarse del chasis y reemplazarse. Acer incluso llega a dise\u00f1ar el equipo con la posibilidad de actualizar la plataforma del procesador al menos dos generaciones (el port\u00e1til deber\u00e1 enviarse al servicio t\u00e9cnico de Acer).<\/p>\n\n\n\n<figure class=\"wp-block-gallery has-nested-images columns-default is-cropped wp-block-gallery-2 is-layout-flex wp-block-gallery-is-layout-flex\">\n<figure class=\"wp-block-image size-large\"><img decoding=\"async\" data-id=\"2699819\" src=\"\/wp-content\/uploads\/2026\/09\/Acer-Vero-1024x909.png\" alt=\"\" class=\"wp-image-2699819\"\/><\/figure>\n<\/figure>\n\n\n\n<p class=\"wp-block-paragraph\">No se trata de una simple &quot;port\u00e1til ecol\u00f3gica&quot; lenta. La Vero 16 incorpora un procesador Intel Core Ultra X9 388H, hasta 32 GB de memoria LPDDR5X y una pantalla OLED 3K de 16 pulgadas con una frecuencia de actualizaci\u00f3n de 120 Hz. Su peso ronda los 715 gramos. Los materiales tambi\u00e9n son importantes, pero yo dar\u00eda mucha m\u00e1s importancia a la facilidad de reparaci\u00f3n que al porcentaje de aluminio reciclado.<\/p>\n\n\n\n<h3 class=\"wp-block-heading\"><strong>Acer combin\u00f3 el Steam Deck con una mini computadora port\u00e1til.<\/strong><\/h3>\n\n\n\n<p class=\"wp-block-paragraph\">Por otro lado, Acer tiene algo un poco m\u00e1s extravagante. El Project DualPlay Mini es un concepto de 8 pulgadas que pretende funcionar como una consola port\u00e1til en un momento y como un mini port\u00e1til al siguiente. La pantalla se puede girar y debajo se encuentra un teclado f\u00edsico retroiluminado. En una posici\u00f3n, est\u00e1n disponibles los botones de juego; en la otra, el usuario dispone de un mini port\u00e1til. Acer incluso contempla la posibilidad de conectar una pantalla externa y usar un rat\u00f3n.<\/p>\n\n\n\n<p class=\"wp-block-paragraph\">\u00bfTe gustar\u00eda trabajar ocho horas seguidas en un port\u00e1til de 8 pulgadas? \u00a1Claro que no! \u00bfEntiendo lo que quiero decir? Por supuesto.<\/p>\n\n\n\n<figure class=\"wp-block-image size-large\"><img decoding=\"async\" src=\"\/wp-content\/uploads\/2026\/09\/predator-project-dualplay-mini-agw-banner-1024x288.jpg\" alt=\"\" class=\"wp-image-2699821\"\/><\/figure>\n\n\n\n<h3 class=\"wp-block-heading\"><strong>1100 Hz\u2026 porque, al parecer, 500 Hz se ha vuelto aburrido.<\/strong><\/h3>\n\n\n\n<p class=\"wp-block-paragraph\">Samsung present\u00f3 en Berl\u00edn el Odyssey G60H de 27 pulgadas, que alcanza los 1100 Hz en su modo m\u00e1s r\u00e1pido. En la resoluci\u00f3n QHD, su frecuencia de actualizaci\u00f3n se limita a unos sorprendentes 600 Hz. Adem\u00e1s, Samsung present\u00f3 el Odyssey G75SJ OLED curvo de 42 pulgadas, el G9 OLED DQHD de 49 pulgadas con 360 Hz y el G8 OLED 4K de 32 pulgadas con 360 Hz.<\/p>\n\n\n\n<p class=\"wp-block-paragraph\">Acer responde con el Predator XB253Q U1, un monitor IPS de 24,5 pulgadas con una frecuencia de actualizaci\u00f3n de 1000 Hz y resoluci\u00f3n Full HD. Alienware, por su parte, intenta llevar la competencia en videojuegos profesionales a la tecnolog\u00eda OLED con el AW2527HX. Este modelo utiliza una pantalla QD-OLED de 24,5 pulgadas con resoluci\u00f3n Full HD y 560 Hz.<\/p>\n\n\n\n<p class=\"wp-block-paragraph\">Por supuesto, el usuario promedio no necesita esas velocidades. La mayor\u00eda de las computadoras ni siquiera son lo suficientemente potentes como para alcanzar los 500, y mucho menos los 100 fps. Quiz\u00e1s m\u00e1s importante que la velocidad sea el hecho de que las pantallas OLED se est\u00e1n convirtiendo en un elemento fundamental en el mundo de los deportes electr\u00f3nicos.<\/p>\n\n\n\n<figure class=\"wp-block-gallery has-nested-images columns-default is-cropped wp-block-gallery-3 is-layout-flex wp-block-gallery-is-layout-flex\">\n<figure class=\"wp-block-image size-large\"><img decoding=\"async\" data-id=\"2699823\" src=\"\/wp-content\/uploads\/2026\/09\/Samsung-TVs-and-Displays-New-Odyssey-Lineup-Fast-Paced-Gaming-Gamescom-2026_Main1.jpg\" alt=\"\" class=\"wp-image-2699823\"\/><\/figure>\n<\/figure>\n\n\n\n<h3 class=\"wp-block-heading\"><strong>El TCL P80 Ultra es uno de los pocos tel\u00e9fonos de este a\u00f1o que resuelve un problema real.<\/strong><\/h3>\n\n\n\n<p class=\"wp-block-paragraph\">La IFA no suele ser una feria de tel\u00e9fonos, pero el TCL P80 Ultra me llam\u00f3 la atenci\u00f3n. No por un nuevo procesador, sino por su pantalla. Por primera vez, TCL ha combinado su tecnolog\u00eda NXTPAPER con una pantalla OLED. El P80 Ultra cuenta con una pantalla OLED de 6,83 pulgadas y resoluci\u00f3n 1.5K, con una frecuencia de actualizaci\u00f3n de 120 Hz, superficie antirreflectante y un brillo m\u00e1ximo de hasta 3200 nits. Mediante un bot\u00f3n especial, se puede activar el modo Max Ink, que se comporta m\u00e1s como un lector de libros electr\u00f3nicos en blanco y negro, minimizando los elementos que distraen en la interfaz de usuario.<\/p>\n\n\n\n<p class=\"wp-block-paragraph\">La tecnolog\u00eda OLED es excelente para v\u00eddeo, juegos y fotos, pero no necesariamente la m\u00e1s c\u00f3moda para leer durante horas. TCL busca combinar lo mejor de ambos mundos en un solo dispositivo. El tel\u00e9fono tambi\u00e9n cuenta con unas especificaciones bastante buenas: un procesador Dimensity 7400 Elite, 8 GB de RAM, hasta 512 GB de almacenamiento, una bater\u00eda de 5800 mAh y carga r\u00e1pida de 45 W. El Ultra incorpora una c\u00e1mara principal de 50 MP y un teleobjetivo de 50 MP con zoom \u00f3ptico de 3 aumentos. Los precios en Europa para esta serie parten de los 349 euros.<\/p>\n\n\n\n<figure class=\"wp-block-gallery has-nested-images columns-default is-cropped wp-block-gallery-4 is-layout-flex wp-block-gallery-is-layout-flex\">\n<figure class=\"wp-block-image size-large\"><a href=\"\/wp-content\/uploads\/2026\/09\/TCL-2.png\"><img decoding=\"async\" data-id=\"2699825\" src=\"\/wp-content\/uploads\/2026\/09\/TCL-2-1024x709.png\" alt=\"\" class=\"wp-image-2699825\"\/><\/a><\/figure>\n\n\n\n<figure class=\"wp-block-image size-large\"><a href=\"\/wp-content\/uploads\/2026\/09\/TCL.png\"><img decoding=\"async\" data-id=\"2699827\" src=\"\/wp-content\/uploads\/2026\/09\/TCL-1024x689.png\" alt=\"\" class=\"wp-image-2699827\"\/><\/a><\/figure>\n<\/figure>\n\n\n\n<h3 class=\"wp-block-heading\"><strong>Oukitel RG14-P: un port\u00e1til que puedes dejar al sol, a prop\u00f3sito.<\/strong><\/h3>\n\n\n\n<p class=\"wp-block-paragraph\">Oukitel se dirige principalmente a la industria, el trabajo de campo, los equipos de servicio y otros usuarios para quienes encontrar una toma de corriente no siempre es una opci\u00f3n viable. Casi toda la pantalla est\u00e1 cubierta con un panel fotovoltaico. Seg\u00fan los \u00faltimos datos, puede proporcionar hasta 15 W en condiciones favorables, y la bater\u00eda de 95 Wh deber\u00eda cargarse a la mitad en aproximadamente seis horas de luz solar. Dado que la energ\u00eda solar es peque\u00f1a en comparaci\u00f3n con el consumo de un port\u00e1til potente, es m\u00e1s realista esperar una mayor autonom\u00eda que alimentar el ordenador exclusivamente con energ\u00eda solar durante todo el d\u00eda.<\/p>\n\n\n\n<p class=\"wp-block-paragraph\">El RG14-P es un robusto veh\u00edculo todoterreno. Pesa 3,7 kilogramos, cuenta con una pantalla de 14,1 pulgadas con hasta 1000 nits, protecci\u00f3n IP69K, Ethernet cl\u00e1sica, HDMI e incluso RS-232. Adem\u00e1s de la bater\u00eda integrada, dispone de una bater\u00eda extra\u00edble que se puede reemplazar.<\/p>\n\n\n\n<figure class=\"wp-block-gallery has-nested-images columns-default is-cropped wp-block-gallery-5 is-layout-flex wp-block-gallery-is-layout-flex\">\n<figure class=\"wp-block-image size-large\"><img decoding=\"async\" data-id=\"2699829\" src=\"\/wp-content\/uploads\/2026\/09\/Oukitel_RG14-P3-q82-w1476-h-1024x576.webp\" alt=\"\" class=\"wp-image-2699829\"\/><\/figure>\n<\/figure>\n\n\n\n<h3 class=\"wp-block-heading\"><strong>Wi-Fi 8 ya est\u00e1 aqu\u00ed. Probablemente Wi-Fi 7 resulte bastante inc\u00f3modo.<\/strong><\/h3>\n\n\n\n<p class=\"wp-block-paragraph\">TP-Link present\u00f3 los routers Archer 8 Ultra y Deco 8 Ultra en la feria, marcando el inicio de una nueva era en las redes dom\u00e9sticas. El Archer 8 Ultra es un router tribanda con un rendimiento inal\u00e1mbrico total de hasta 19 Gbps, 10 Gigabit por cable y 18 antenas internas. El Deco 8 Ultra es una versi\u00f3n de red mallada con velocidades totales de hasta 22 Gbps. TP-Link afirma que el conjunto de tres unidades cubrir\u00e1 aproximadamente 910 metros cuadrados y m\u00e1s de 200 dispositivos.<\/p>\n\n\n\n<p class=\"wp-block-paragraph\">El est\u00e1ndar IEEE 802.11bn, o Wi-Fi 8, hace especial hincapi\u00e9 en la fiabilidad, el rendimiento de extremo a extremo, la reducci\u00f3n de interferencias y una colaboraci\u00f3n m\u00e1s eficiente entre un gran n\u00famero de dispositivos. TP-Link est\u00e1 desarrollando un motor de estabilidad (StabilityEngine) para estos nuevos dispositivos, junto con tecnolog\u00edas como el alcance extendido mejorado (Enhanced Long Range), las unidades de recursos distribuidos (Distributed Resource Units) y el acceso a canales no primarios (Non-Primary Channel Access).<\/p>\n\n\n\n<p class=\"wp-block-paragraph\">Esta es la direcci\u00f3n que realmente necesitan las redes dom\u00e9sticas. Hoy en d\u00eda, a mucha gente no le preocupa que la conexi\u00f3n a internet no sea lo suficientemente r\u00e1pida en su router. El problema est\u00e1 en la habitaci\u00f3n contigua, en la c\u00e1mara inteligente del jard\u00edn o en veinte dispositivos que compiten por la conexi\u00f3n al mismo tiempo.<\/p>\n\n\n\n<p class=\"wp-block-paragraph\">Wi-Fi 8 a\u00fan no es un est\u00e1ndar finalizado. El IEEE no prev\u00e9 que las etapas finales de estandarizaci\u00f3n concluyan hasta 2028.<\/p>\n\n\n\n<figure class=\"wp-block-gallery has-nested-images columns-2 is-cropped wp-block-gallery-6 is-layout-flex wp-block-gallery-is-layout-flex\">\n<figure class=\"wp-block-image size-large\"><a href=\"\/wp-content\/uploads\/2026\/09\/PR_Deco_8_Ultra_1920x1080_20260831203545z.jpg\"><img decoding=\"async\" data-id=\"2699831\" src=\"\/wp-content\/uploads\/2026\/09\/PR_Deco_8_Ultra_1920x1080_20260831203545z-1024x576.jpg\" alt=\"\" class=\"wp-image-2699831\"\/><\/a><\/figure>\n\n\n\n<figure class=\"wp-block-image size-large\"><a href=\"\/wp-content\/uploads\/2026\/09\/PR_Archer_8_Ultra_Lifestyle_20260831203428q.jpg\"><img decoding=\"async\" data-id=\"2699833\" src=\"\/wp-content\/uploads\/2026\/09\/PR_Archer_8_Ultra_Lifestyle_20260831203428q-1024x576.jpg\" alt=\"\" class=\"wp-image-2699833\"\/><\/a><\/figure>\n\n\n\n<figure class=\"wp-block-image size-large\"><a href=\"\/wp-content\/uploads\/2026\/09\/PR_Archer_Deco_Hero_Image_20260831185920x.jpg\"><img decoding=\"async\" data-id=\"2699835\" src=\"\/wp-content\/uploads\/2026\/09\/PR_Archer_Deco_Hero_Image_20260831185920x-1024x576.jpg\" alt=\"\" class=\"wp-image-2699835\"\/><\/a><\/figure>\n<\/figure>\n\n\n\n<h3 class=\"wp-block-heading\"><strong>Miele G8 Diamond: \u00bfc\u00e1mara en el lavavajillas? \u00bfEn serio?<\/strong><\/h3>\n\n\n\n<p class=\"wp-block-paragraph\">Me sorprende y me pregunto si realmente necesito una c\u00e1mara en el lavavajillas. La funci\u00f3n AutoVision utiliza una c\u00e1mara para analizar la cantidad de vajilla que contiene. Si detecta ollas, puede aumentar la intensidad del lavado. Si detecta botellas, adapta el programa para lavarlas. Tambi\u00e9n puede cambiar el modo de secado para art\u00edculos de pl\u00e1stico. El sistema de dosificaci\u00f3n autom\u00e1tica AutoDos y el nuevo sistema de secado ExcellentDry se encargan del resto.<\/p>\n\n\n\n<p class=\"wp-block-paragraph\">Tambi\u00e9n se pueden establecer reglas a trav\u00e9s de la aplicaci\u00f3n; por ejemplo, para que el lavavajillas solo se ponga en marcha cuando est\u00e9 suficientemente lleno o solo despu\u00e9s de una hora determinada.<\/p>\n\n\n\n<p class=\"wp-block-paragraph\">Me pregunto si esto mejorar\u00e1 tanto el lavado de platos que compensar\u00e1 el precio m\u00e1s elevado (que sin duda ser\u00e1 mayor). Mi lavavajillas Bosch normal lleva a\u00f1os funcionando perfectamente sin la c\u00e1mara.<\/p>\n\n\n\n<p class=\"wp-block-paragraph\">A\u00fan m\u00e1s futurista es el concepto Cary de Miele para una lavadora. Utiliza sensores e inteligencia artificial para reconocer la ropa y determinar el programa, la temperatura, la velocidad de centrifugado y otros ajustes adecuados.<\/p>\n\n\n\n<figure class=\"wp-block-gallery has-nested-images columns-default is-cropped wp-block-gallery-7 is-layout-flex wp-block-gallery-is-layout-flex\">\n<figure class=\"wp-block-image size-large\"><a href=\"\/wp-content\/uploads\/2026\/09\/2026-064_01.png\"><img decoding=\"async\" data-id=\"2699839\" src=\"\/wp-content\/uploads\/2026\/09\/2026-064_01-1024x683.png\" alt=\"\" class=\"wp-image-2699839\"\/><\/a><\/figure>\n\n\n\n<figure class=\"wp-block-image size-large\"><a href=\"\/wp-content\/uploads\/2026\/09\/2026-064_02.png\"><img decoding=\"async\" data-id=\"2699837\" src=\"\/wp-content\/uploads\/2026\/09\/2026-064_02-1024x768.png\" alt=\"\" class=\"wp-image-2699837\"\/><\/a><\/figure>\n\n\n\n<figure class=\"wp-block-image size-large\"><a href=\"\/wp-content\/uploads\/2026\/09\/2026-064_05.png\"><img decoding=\"async\" data-id=\"2699841\" src=\"\/wp-content\/uploads\/2026\/09\/2026-064_05-1024x768.png\" alt=\"\" class=\"wp-image-2699841\"\/><\/a><\/figure>\n<\/figure>\n\n\n\n<h3 class=\"wp-block-heading\"><strong>Roomba regresa con una idea interesante.<\/strong><\/h3>\n\n\n\n<p class=\"wp-block-paragraph\">Roomba, que ahora opera bajo la direcci\u00f3n de su nuevo propietario, Picea Robotics, aparentemente se ha cansado de perseguir a sus rivales chinos y ha comenzado a intentar innovar de nuevo, tal como lo hizo al principio en la categor\u00eda de aspiradoras robot.<\/p>\n\n\n\n<p class=\"wp-block-paragraph\">Adem\u00e1s de su gran potencia de succi\u00f3n, el Roomba Max 875 Combo cuenta con una caracter\u00edstica especial: SealForce. Al llegar a la alfombra, el robot baja el borde inferior de la carcasa, creando un espacio m\u00e1s sellado entre la aspiradora y la alfombra. Esto permite que la potencia de succi\u00f3n de 35\u00a0000 Pa se distribuya de forma m\u00e1s eficaz a trav\u00e9s de las fibras, en lugar de rodear el robot. El Roomba Max 875 Combo tambi\u00e9n incluye un sistema de pulverizaci\u00f3n ThermaMist con calefacci\u00f3n para manchas, un sistema de rodillos para limpieza en h\u00famedo y una estaci\u00f3n para lavar y secar el mopa. La navegaci\u00f3n se realiza mediante lidar y c\u00e1maras. Su precio en Estados Unidos es de 1199 d\u00f3lares.<\/p>\n\n\n\n<figure class=\"wp-block-gallery has-nested-images columns-default is-cropped wp-block-gallery-8 is-layout-flex wp-block-gallery-is-layout-flex\">\n<figure class=\"wp-block-image size-large\"><a href=\"\/wp-content\/uploads\/2026\/09\/Roomba_Max_875_Combo_AutoWash_Black_Photo_Insitu_Dock_DTC_3000x3000_fr-CA.webp\"><img decoding=\"async\" data-id=\"2699843\" src=\"\/wp-content\/uploads\/2026\/09\/Roomba_Max_875_Combo_AutoWash_Black_Photo_Insitu_Dock_DTC_3000x3000_fr-CA.webp\" alt=\"\" class=\"wp-image-2699843\"\/><\/a><\/figure>\n\n\n\n<figure class=\"wp-block-image size-large\"><a href=\"\/wp-content\/uploads\/2026\/09\/Roomba_Max_875_Combo_AutoWash_Black_Photo_Insitu_Suction_DTC_3000x3000_NA_JA.webp\"><img decoding=\"async\" data-id=\"2699845\" src=\"\/wp-content\/uploads\/2026\/09\/Roomba_Max_875_Combo_AutoWash_Black_Photo_Insitu_Suction_DTC_3000x3000_NA_JA.webp\" alt=\"\" class=\"wp-image-2699845\"\/><\/a><\/figure>\n<\/figure>\n\n\n\n<h3 class=\"wp-block-heading\"><strong>Los robots cortac\u00e9sped tambi\u00e9n cortar\u00e1n el c\u00e9sped a lo largo del borde.<\/strong><\/h3>\n\n\n\n<p class=\"wp-block-paragraph\">Cualquiera que haya usado un robot cortac\u00e9sped conoce su problema m\u00e1s ir\u00f3nico: el robot corta casi todo el c\u00e9sped, pero luego hay que sacar la desbrozadora y recortar los bordes manualmente.<\/p>\n\n\n\n<p class=\"wp-block-paragraph\">La Dreame A4 AWD Pro intenta solucionar precisamente eso con su mecanismo de corte retr\u00e1ctil EdgeMaster. Ya hab\u00eda visto algo similar de Husqvarna. La compa\u00f1\u00eda habla de un corte de bordes a &quot;0 cm&quot;, aunque se trata de una medici\u00f3n propia de su laboratorio y, por supuesto, la pr\u00e1ctica depender\u00e1 de la forma del jard\u00edn. El sistema de navegaci\u00f3n combina lidar, posicionamiento por sat\u00e9lite y c\u00e1maras, mientras que sensores adicionales se encargan de detectar bordes, obst\u00e1culos, personas y animales.<\/p>\n\n\n\n<p class=\"wp-block-paragraph\">Eufy y Mammotion tambi\u00e9n mostraron cortac\u00e9spedes con mecanismos adicionales para recortar los bordes.<\/p>\n\n\n\n<figure class=\"wp-block-gallery has-nested-images columns-default is-cropped wp-block-gallery-9 is-layout-flex wp-block-gallery-is-layout-flex\">\n<figure class=\"wp-block-image size-large\"><a href=\"\/wp-content\/uploads\/2026\/09\/Dreame-A4-AWD-Pro-front.webp\"><img decoding=\"async\" data-id=\"2699847\" src=\"\/wp-content\/uploads\/2026\/09\/Dreame-A4-AWD-Pro-front-1024x683.webp\" alt=\"\" class=\"wp-image-2699847\"\/><\/a><\/figure>\n\n\n\n<figure class=\"wp-block-image size-large\"><a href=\"\/wp-content\/uploads\/2026\/09\/Dreame-A4-AWD-Pro-side-arm-side.webp\"><img decoding=\"async\" data-id=\"2699849\" src=\"\/wp-content\/uploads\/2026\/09\/Dreame-A4-AWD-Pro-side-arm-side-1024x683.webp\" alt=\"\" class=\"wp-image-2699849\"\/><\/a><\/figure>\n<\/figure>\n\n\n\n<h3 class=\"wp-block-heading\"><strong>Los proyectores est\u00e1n eliminando poco a poco el argumento de &quot;s\u00ed, pero la televisi\u00f3n es m\u00e1s brillante&quot;.<\/strong><\/h3>\n\n\n\n<p class=\"wp-block-paragraph\">Entre los dispositivos de entretenimiento dom\u00e9stico, destaca el JMGO Iris Ultra Max. Se trata de un proyector 4K con tres l\u00e1seres de 6500 l\u00famenes ISO, sistema de doble apertura y una relaci\u00f3n de contraste de 10\u00a0000:1. Es compatible con 4K a 120 Hz, VRR, ALLM y Dolby Vision, cuenta con ajuste de posici\u00f3n motorizado, zoom \u00f3ptico de 0,88-1,7:1 y m\u00e1s. Su precio es de 3499 d\u00f3lares y se prev\u00e9 que las primeras entregas comiencen en octubre.<\/p>\n\n\n\n<p class=\"wp-block-paragraph\">Claro, con 3500 d\u00f3lares puedes comprar un televisor muy bueno y muy grande. Pero aun as\u00ed, no es tan f\u00e1cil colocar un televisor de 100 pulgadas o m\u00e1s en tu sala de estar.<\/p>\n\n\n\n<figure class=\"wp-block-gallery has-nested-images columns-default is-cropped wp-block-gallery-10 is-layout-flex wp-block-gallery-is-layout-flex\">\n<figure class=\"wp-block-image size-large\"><a href=\"\/wp-content\/uploads\/2026\/09\/3.3-IRIS_Ultra_Max_pc_d7c7ffde-3972-47ed-b7f0-b6b14e6e4676.webp\"><img decoding=\"async\" data-id=\"2699851\" src=\"\/wp-content\/uploads\/2026\/09\/3.3-IRIS_Ultra_Max_pc_d7c7ffde-3972-47ed-b7f0-b6b14e6e4676-1024x420.webp\" alt=\"\" class=\"wp-image-2699851\"\/><\/a><\/figure>\n<\/figure>\n\n\n\n<h3 class=\"wp-block-heading\"><strong>Xiaomi no trajo un solo producto. Trajo casi una tienda entera.<\/strong><\/h3>\n\n\n\n<p class=\"wp-block-paragraph\">Esta es su primera participaci\u00f3n importante en la IFA, y busca mostrar su estrategia \u201cHuman \u00d7 Car \u00d7 Home\u201d de una manera innovadora. Exhibir\u00e1 m\u00e1s de 380 productos en la feria, desde tel\u00e9fonos y dispositivos port\u00e1tiles hasta electrodom\u00e9sticos y autom\u00f3viles.<\/p>\n\n\n\n<figure class=\"wp-block-gallery has-nested-images columns-default is-cropped wp-block-gallery-11 is-layout-flex wp-block-gallery-is-layout-flex\">\n<figure class=\"wp-block-image size-large\"><a href=\"\/wp-content\/uploads\/2026\/09\/ZYS_0832-scaled.jpg\"><img decoding=\"async\" data-id=\"2699563\" src=\"\/wp-content\/uploads\/2026\/09\/ZYS_0832-scaled.jpg\" alt=\"\" class=\"wp-image-2699563\"\/><\/a><\/figure>\n\n\n\n<figure class=\"wp-block-image size-large\"><a href=\"\/wp-content\/uploads\/2026\/09\/ZYS_1021-scaled.jpg\"><img decoding=\"async\" data-id=\"2699565\" src=\"\/wp-content\/uploads\/2026\/09\/ZYS_1021-scaled.jpg\" alt=\"\" class=\"wp-image-2699565\"\/><\/a><\/figure>\n\n\n\n<figure class=\"wp-block-image size-large\"><a href=\"\/wp-content\/uploads\/2026\/09\/ZYS_0937-scaled.jpg\"><img decoding=\"async\" data-id=\"2699561\" src=\"\/wp-content\/uploads\/2026\/09\/ZYS_0937-scaled.jpg\" alt=\"\" class=\"wp-image-2699561\"\/><\/a><\/figure>\n<\/figure>\n\n\n\n<p class=\"wp-block-paragraph\">Los visitantes pudieron ver en primicia el tel\u00e9fono plegable Xiaomi 18 Fold, con una relaci\u00f3n de aspecto m\u00e1s amplia (como el Huawei Pura X y el Galaxy Z Fold8), el nuevo procesador XRING O3 de 3 nan\u00f3metros y la memoria LPDDR6, as\u00ed como el robot humanoide CyberOne, que muestra a los visitantes un gesto de coraz\u00f3n en directo con sus dedos y que actualmente se est\u00e1 probando en las l\u00edneas de montaje de las f\u00e1bricas de veh\u00edculos el\u00e9ctricos para el apriete de tuercas.<\/p>\n\n\n\n<p class=\"wp-block-paragraph\">La IFA 2026 acaba de comenzar, as\u00ed que iremos a\u00f1adiendo m\u00e1s elementos a esta lista en los pr\u00f3ximos d\u00edas.<\/p>","protected":false},"excerpt":{"rendered":"<p>Sejem se je danes, 4. septembra, uradno odprl v berlinskem razstavi\u0161\u010du Messe Berlin in bo trajal do 8. septembra. Gre za enega najve\u010djih sejmov potro\u0161ni\u0161ke elektronike na svetu, ki na pribli\u017eno 190.000 kvadratnih metrih v 27 dvoranah poteka \u017ee od leta 1924. Leto\u0161nja tema je The Future Is Now, pri\u010dakuje pa se okoli 1900 razstavljavcev, [&hellip;]<\/p>","protected":false},"author":2,"featured_media":0,"comment_status":"","ping_status":"open","sticky":false,"template":"","format":"standard","meta":{"_acf_changed":false,"footnotes":""},"categories":[48,24,30,18,98,32,4,56,16,52,50,96,12,8],"tags":[340],"class_list":["post-8117","post","type-post","status-publish","format-standard","hentry","category-dodatki","category-monitorji","category-mrezna-oprema","category-prenosni-racunalniki","category-projektorji","category-komponente","category-racunalnistvo-telefonija","category-slusalke","category-oprema","category-telefoni","category-telefonija","category-televizorji","category-triki-nasveti","category-zivljenjski-slog","tag-ifa"],"acf":{"subtitle":"","heading":"","summary":"IFA 2026 je postregla z drzno me\u0161anico novih prenosnikov, 1100-Hz monitorjev, Wi-Fi 8, robotskih pomo\u010dnikov, pametnega doma in vse bolj uporabne UI. Izbrali smo izdelke in trende, ki so letos najbolj izstopali.","thumbnail_small":"https:\/\/racunalniske-novice.com\/wp-content\/uploads\/2026\/09\/IFA-2026-kolaz-produktov-560x315.png","thumbnail_large":"https:\/\/racunalniske-novice.com\/wp-content\/uploads\/2026\/09\/IFA-2026-kolaz-produktov-1024x576.png","thumbnail_caption":"","gallery":"","video_gallery":null,"author":"Avtor: Peter \u010cebron","links":null,"sources":null,"skip_language":[]},"yoast_head":"<!-- This site is optimized with the Yoast SEO plugin v22.8 - https:\/\/yoast.com\/wordpress\/plugins\/seo\/ -->\n<title>IFA 2026: solarni ra\u010dunalniki, pomivalni stroji s kamerami, 1100-Hz monitorji \u2026 - Ra\u010dunalni\u0161ke novice<\/title>\n<meta name=\"description\" content=\"IFA 2026 je postregla z drzno me\u0161anico novih prenosnikov, 1100-Hz monitorjev, Wi-Fi 8, robotskih pomo\u010dnikov, pametnega doma in vse bolj uporabne UI. Izbrali smo izdelke in trende, ki so letos najbolj\" \/>\n<meta name=\"robots\" content=\"index, follow, max-snippet:-1, max-image-preview:large, max-video-preview:-1\" \/>\n<link rel=\"canonical\" href=\"https:\/\/viva.racunalniske-novice.com\/es\/wp-json\/wp\/v2\/posts\/8117\" \/>\n<meta property=\"og:locale\" content=\"es_ES\" \/>\n<meta property=\"og:type\" content=\"article\" \/>\n<meta property=\"og:title\" content=\"IFA 2026: solarni ra\u010dunalniki, pomivalni stroji s kamerami, 1100-Hz monitorji \u2026 - Ra\u010dunalni\u0161ke novice\" \/>\n<meta property=\"og:description\" content=\"Sejem se je danes, 4. septembra, uradno odprl v berlinskem razstavi\u0161\u010du Messe Berlin in bo trajal do 8. septembra. Gre za enega najve\u010djih sejmov potro\u0161ni\u0161ke elektronike na svetu, ki na pribli\u017eno 190.000 kvadratnih metrih v 27 dvoranah poteka \u017ee od leta 1924. Leto\u0161nja tema je The Future Is Now, pri\u010dakuje pa se okoli 1900 razstavljavcev, [&hellip;]\" \/>\n<meta property=\"og:url\" content=\"https:\/\/viva.racunalniske-novice.com\/es\/computadoras-solares-ifa-2026-lavavajillas-con-camaras-monitores-de-1100-hz\/\" \/>\n<meta property=\"og:site_name\" content=\"Ra\u010dunalni\u0161ke novice\" \/>\n<meta property=\"article:published_time\" content=\"2026-09-04T08:27:57+00:00\" \/>\n<meta name=\"author\" content=\"sinusiks\" \/>\n<meta name=\"twitter:card\" content=\"summary_large_image\" \/>\n<meta name=\"twitter:label1\" content=\"Escrito por\" \/>\n\t<meta name=\"twitter:data1\" content=\"sinusiks\" \/>\n\t<meta name=\"twitter:label2\" content=\"Tiempo de lectura\" \/>\n\t<meta name=\"twitter:data2\" content=\"10 minutos\" \/>\n<script type=\"application\/ld+json\" class=\"yoast-schema-graph\">{\"@context\":\"https:\/\/schema.org\",\"@graph\":[{\"@type\":\"WebPage\",\"@id\":\"https:\/\/viva.racunalniske-novice.com\/ifa-2026-solarni-racunalniki-pomivalni-stroji-s-kamerami-1100-hz-monitorji\/\",\"url\":\"https:\/\/viva.racunalniske-novice.com\/ifa-2026-solarni-racunalniki-pomivalni-stroji-s-kamerami-1100-hz-monitorji\/\",\"name\":\"IFA 2026: solarni ra\u010dunalniki, pomivalni stroji s kamerami, 1100-Hz monitorji \u2026 - Ra\u010dunalni\u0161ke novice\",\"isPartOf\":{\"@id\":\"https:\/\/viva.racunalniske-novice.com\/en\/#website\"},\"datePublished\":\"2026-09-04T08:27:57+00:00\",\"dateModified\":\"2026-09-04T08:27:57+00:00\",\"author\":{\"@id\":\"https:\/\/viva.racunalniske-novice.com\/en\/#\/schema\/person\/afb62e36efa34516d50249517e4cdbb4\"},\"breadcrumb\":{\"@id\":\"https:\/\/viva.racunalniske-novice.com\/ifa-2026-solarni-racunalniki-pomivalni-stroji-s-kamerami-1100-hz-monitorji\/#breadcrumb\"},\"inLanguage\":\"es\",\"potentialAction\":[{\"@type\":\"ReadAction\",\"target\":[\"https:\/\/viva.racunalniske-novice.com\/ifa-2026-solarni-racunalniki-pomivalni-stroji-s-kamerami-1100-hz-monitorji\/\"]}]},{\"@type\":\"BreadcrumbList\",\"@id\":\"https:\/\/viva.racunalniske-novice.com\/ifa-2026-solarni-racunalniki-pomivalni-stroji-s-kamerami-1100-hz-monitorji\/#breadcrumb\",\"itemListElement\":[{\"@type\":\"ListItem\",\"position\":1,\"name\":\"Home\",\"item\":\"https:\/\/viva.racunalniske-novice.com\/en\/\"},{\"@type\":\"ListItem\",\"position\":2,\"name\":\"IFA 2026: solarni ra\u010dunalniki, pomivalni stroji s kamerami, 1100-Hz monitorji \u2026\"}]},{\"@type\":\"WebSite\",\"@id\":\"https:\/\/viva.racunalniske-novice.com\/en\/#website\",\"url\":\"https:\/\/viva.racunalniske-novice.com\/en\/\",\"name\":\"Ra\u010dunalni\u0161ke novice\",\"description\":\"\",\"potentialAction\":[{\"@type\":\"SearchAction\",\"target\":{\"@type\":\"EntryPoint\",\"urlTemplate\":\"https:\/\/viva.racunalniske-novice.com\/en\/?s={search_term_string}\"},\"query-input\":\"required name=search_term_string\"}],\"inLanguage\":\"es\"},{\"@type\":\"Person\",\"@id\":\"https:\/\/viva.racunalniske-novice.com\/en\/#\/schema\/person\/afb62e36efa34516d50249517e4cdbb4\",\"name\":\"sinusiks\",\"sameAs\":[\"https:\/\/ml.racunalniske-novice.com\"],\"url\":\"https:\/\/viva.racunalniske-novice.com\/es\/author\/sinusiks\/\"}]}<\/script>\n<!-- \/ Yoast SEO plugin. -->","yoast_head_json":{"title":"IFA 2026: solarni ra\u010dunalniki, pomivalni stroji s kamerami, 1100-Hz monitorji \u2026 - Ra\u010dunalni\u0161ke novice","description":"IFA 2026 je postregla z drzno me\u0161anico novih prenosnikov, 1100-Hz monitorjev, Wi-Fi 8, robotskih pomo\u010dnikov, pametnega doma in vse bolj uporabne UI. Izbrali smo izdelke in trende, ki so letos najbolj","robots":{"index":"index","follow":"follow","max-snippet":"max-snippet:-1","max-image-preview":"max-image-preview:large","max-video-preview":"max-video-preview:-1"},"canonical":"https:\/\/viva.racunalniske-novice.com\/es\/wp-json\/wp\/v2\/posts\/8117","og_locale":"es_ES","og_type":"article","og_title":"IFA 2026: solarni ra\u010dunalniki, pomivalni stroji s kamerami, 1100-Hz monitorji \u2026 - Ra\u010dunalni\u0161ke novice","og_description":"Sejem se je danes, 4. septembra, uradno odprl v berlinskem razstavi\u0161\u010du Messe Berlin in bo trajal do 8. septembra. Gre za enega najve\u010djih sejmov potro\u0161ni\u0161ke elektronike na svetu, ki na pribli\u017eno 190.000 kvadratnih metrih v 27 dvoranah poteka \u017ee od leta 1924. Leto\u0161nja tema je The Future Is Now, pri\u010dakuje pa se okoli 1900 razstavljavcev, [&hellip;]","og_url":"https:\/\/viva.racunalniske-novice.com\/es\/computadoras-solares-ifa-2026-lavavajillas-con-camaras-monitores-de-1100-hz\/","og_site_name":"Ra\u010dunalni\u0161ke novice","article_published_time":"2026-09-04T08:27:57+00:00","author":"sinusiks","twitter_card":"summary_large_image","twitter_misc":{"Escrito por":"sinusiks","Tiempo de lectura":"10 minutos"},"schema":{"@context":"https:\/\/schema.org","@graph":[{"@type":"WebPage","@id":"https:\/\/viva.racunalniske-novice.com\/ifa-2026-solarni-racunalniki-pomivalni-stroji-s-kamerami-1100-hz-monitorji\/","url":"https:\/\/viva.racunalniske-novice.com\/ifa-2026-solarni-racunalniki-pomivalni-stroji-s-kamerami-1100-hz-monitorji\/","name":"IFA 2026: solarni ra\u010dunalniki, pomivalni stroji s kamerami, 1100-Hz monitorji \u2026 - Ra\u010dunalni\u0161ke novice","isPartOf":{"@id":"https:\/\/viva.racunalniske-novice.com\/en\/#website"},"datePublished":"2026-09-04T08:27:57+00:00","dateModified":"2026-09-04T08:27:57+00:00","author":{"@id":"https:\/\/viva.racunalniske-novice.com\/en\/#\/schema\/person\/afb62e36efa34516d50249517e4cdbb4"},"breadcrumb":{"@id":"https:\/\/viva.racunalniske-novice.com\/ifa-2026-solarni-racunalniki-pomivalni-stroji-s-kamerami-1100-hz-monitorji\/#breadcrumb"},"inLanguage":"es","potentialAction":[{"@type":"ReadAction","target":["https:\/\/viva.racunalniske-novice.com\/ifa-2026-solarni-racunalniki-pomivalni-stroji-s-kamerami-1100-hz-monitorji\/"]}]},{"@type":"BreadcrumbList","@id":"https:\/\/viva.racunalniske-novice.com\/ifa-2026-solarni-racunalniki-pomivalni-stroji-s-kamerami-1100-hz-monitorji\/#breadcrumb","itemListElement":[{"@type":"ListItem","position":1,"name":"Home","item":"https:\/\/viva.racunalniske-novice.com\/en\/"},{"@type":"ListItem","position":2,"name":"IFA 2026: solarni ra\u010dunalniki, pomivalni stroji s kamerami, 1100-Hz monitorji \u2026"}]},{"@type":"WebSite","@id":"https:\/\/viva.racunalniske-novice.com\/en\/#website","url":"https:\/\/viva.racunalniske-novice.com\/en\/","name":"Ra\u010dunalni\u0161ke novice","description":"","potentialAction":[{"@type":"SearchAction","target":{"@type":"EntryPoint","urlTemplate":"https:\/\/viva.racunalniske-novice.com\/en\/?s={search_term_string}"},"query-input":"required name=search_term_string"}],"inLanguage":"es"},{"@type":"Person","@id":"https:\/\/viva.racunalniske-novice.com\/en\/#\/schema\/person\/afb62e36efa34516d50249517e4cdbb4","name":"sinusiks","sameAs":["https:\/\/ml.racunalniske-novice.com"],"url":"https:\/\/viva.racunalniske-novice.com\/es\/author\/sinusiks\/"}]}},"_links":{"self":[{"href":"https:\/\/viva.racunalniske-novice.com\/es\/wp-json\/wp\/v2\/posts\/8117","targetHints":{"allow":["GET"]}}],"collection":[{"href":"https:\/\/viva.racunalniske-novice.com\/es\/wp-json\/wp\/v2\/posts"}],"about":[{"href":"https:\/\/viva.racunalniske-novice.com\/es\/wp-json\/wp\/v2\/types\/post"}],"author":[{"embeddable":true,"href":"https:\/\/viva.racunalniske-novice.com\/es\/wp-json\/wp\/v2\/users\/2"}],"replies":[{"embeddable":true,"href":"https:\/\/viva.racunalniske-novice.com\/es\/wp-json\/wp\/v2\/comments?post=8117"}],"version-history":[{"count":0,"href":"https:\/\/viva.racunalniske-novice.com\/es\/wp-json\/wp\/v2\/posts\/8117\/revisions"}],"wp:attachment":[{"href":"https:\/\/viva.racunalniske-novice.com\/es\/wp-json\/wp\/v2\/media?parent=8117"}],"wp:term":[{"taxonomy":"category","embeddable":true,"href":"https:\/\/viva.racunalniske-novice.com\/es\/wp-json\/wp\/v2\/categories?post=8117"},{"taxonomy":"post_tag","embeddable":true,"href":"https:\/\/viva.racunalniske-novice.com\/es\/wp-json\/wp\/v2\/tags?post=8117"}],"curies":[{"name":"wp","href":"https:\/\/api.w.org\/{rel}","templated":true}]}}