{"id":7267,"date":"2026-03-14T10:00:00","date_gmt":"2026-03-14T09:00:00","guid":{"rendered":"https:\/\/viva.racunalniske-novice.com\/cene-elektricnih-avtomobilov-v-eu-prvic-padajo-ali-bo-to-pospesilo-prehod-na-ev\/"},"modified":"2026-03-14T10:00:00","modified_gmt":"2026-03-14T09:00:00","slug":"cene-elektricnih-avtomobilov-v-eu-prvic-padajo-ali-bo-to-pospesilo-prehod-na-ev","status":"publish","type":"post","link":"https:\/\/viva.racunalniske-novice.com\/fr\/pour-la-premiere-fois-les-prix-des-voitures-electriques-baissent-dans-lue-cela-va-t-il-accelerer-la-transition-vers-les-vehicules-electriques\/","title":{"rendered":"Les prix des voitures \u00e9lectriques baissent pour la premi\u00e8re fois dans l&#039;UE \u2013 cela va-t-il acc\u00e9l\u00e9rer la transition vers les v\u00e9hicules \u00e9lectriques\u00a0?"},"content":{"rendered":"<p>Apr\u00e8s des ann\u00e9es de hausse, les prix des voitures \u00e9lectriques dans l&#039;Union europ\u00e9enne ont commenc\u00e9 \u00e0 baisser. De nouvelles donn\u00e9es montrent que le prix moyen d&#039;un v\u00e9hicule \u00e9lectrique a diminu\u00e9 d&#039;environ 1\u00a0800\u00a0\u20ac l&#039;an dernier, ce qui laisse penser que les voitures \u00e9lectriques pourraient bient\u00f4t devenir comparables en termes de prix aux v\u00e9hicules \u00e0 essence ou diesel.<\/p>\n\n\n\n<p>Les prix baissent pour la premi\u00e8re fois depuis 2020.<\/p>\n\n\n\n<p>D&#039;apr\u00e8s une analyse de Transport &amp; Environment (T&amp;E), le prix moyen d&#039;une voiture \u00e9lectrique dans l&#039;UE devrait baisser d&#039;environ 4 % pour atteindre 42\u00a0700 \u20ac en 2025. Il s&#039;agit de la premi\u00e8re baisse de prix depuis 2020.<\/p>\n\n\n\n<p>La principale raison de cette \u00e9volution est l&#039;arriv\u00e9e sur le march\u00e9 de nouveaux mod\u00e8les plus abordables dans les segments inf\u00e9rieurs. Sur le segment B, qui comprend les citadines, les prix moyens ont baiss\u00e9 d&#039;environ 13 %. Parmi les mod\u00e8les ayant contribu\u00e9 \u00e0 cette baisse figurent la Citro\u00ebn C3 et la nouvelle Renault 5.<\/p>\n\n\n\n<p>Ces mod\u00e8les arrivent sur le march\u00e9 au moment m\u00eame o\u00f9 les constructeurs doivent respecter des objectifs europ\u00e9ens plus stricts en mati\u00e8re d&#039;\u00e9missions de CO\u2082 pour la p\u00e9riode 2025-2027.<\/p>\n\n\n\n<figure class=\"wp-block-image is-resized\"><img decoding=\"async\" src=\"https:\/\/transforms.transportenvironment.org\/production\/images\/PR-2024-25-cost-allocation-BEV-price@2x.png?w=1024&amp;q=75&amp;fm=webp&amp;fit=crop&amp;dm=1773237094&amp;s=574dbdc55d6143382ceb513f01b8a363\" alt=\"\" width=\"840\" height=\"732\"\/><figcaption>Source : T&amp;E<\/figcaption><\/figure>\n\n\n\n<h2 class=\"wp-block-heading\">Le r\u00f4le des objectifs europ\u00e9ens en mati\u00e8re d&#039;\u00e9missions<\/h2>\n\n\n\n<p>Selon les analystes, les objectifs europ\u00e9ens en mati\u00e8re d&#039;\u00e9missions contraignent les constructeurs \u00e0 commercialiser davantage de voitures \u00e9lectriques abordables. Auparavant, lorsque les objectifs \u00e9taient moins stricts, de nombreux constructeurs privil\u00e9giaient les mod\u00e8les \u00e9lectriques plus grands et plus chers, offrant des marges plus importantes.<\/p>\n\n\n\n<p>Entre 2020 et 2024, le prix moyen des voitures \u00e9lectriques dans l&#039;UE a m\u00eame augment\u00e9 d&#039;environ 5\u00a0000\u00a0\u20ac, malgr\u00e9 la baisse progressive des co\u00fbts des batteries et de production.<\/p>\n\n\n\n<p><strong>Lucien Mathieu<\/strong> T&amp;E souligne que les objectifs actuels produisent d\u00e9j\u00e0 des r\u00e9sultats concrets\u00a0: \u00ab\u00a0Les objectifs europ\u00e9ens en mati\u00e8re de CO\u2082 rendent les voitures \u00e9lectriques moins ch\u00e8res. Si nous ne revoyons pas \u00e0 la baisse les objectifs pour 2030, l\u2019achat d\u2019un v\u00e9hicule \u00e9lectrique sera bient\u00f4t moins cher que celui d\u2019une voiture \u00e0 essence.\u00a0\u00bb<\/p>\n\n\n\n<figure class=\"wp-block-image is-resized\"><img decoding=\"async\" src=\"https:\/\/transforms.transportenvironment.org\/production\/images\/image1_2026-03-06-133039_ryee.png?w=1024&amp;q=75&amp;fm=webp&amp;fit=crop&amp;dm=1772803839&amp;s=6059e264a942195139ba37a06d6ffd1e\" alt=\"\" width=\"840\" height=\"606\"\/><figcaption>Source : T&amp;E<\/figcaption><\/figure>\n\n\n\n<h2 class=\"wp-block-heading\">Les fabricants atteignent d\u00e9j\u00e0 leurs objectifs.<\/h2>\n\n\n\n<p>L&#039;analyse montre \u00e9galement que les fabricants repr\u00e9sentant environ la moiti\u00e9 du march\u00e9 europ\u00e9en ont d\u00e9j\u00e0 atteint leurs objectifs d&#039;\u00e9missions pour la p\u00e9riode 2025-2027, soit deux ans avant la date pr\u00e9vue.<\/p>\n\n\n\n<p>Renault et Volkswagen sont actuellement l\u00e9g\u00e8rement en retard, mais devraient \u00e9galement atteindre leurs objectifs d&#039;ici 2027.<\/p>\n\n\n\n<h2 class=\"wp-block-heading\">Quand les voitures \u00e9lectriques seront-elles moins ch\u00e8res que les voitures conventionnelles ?<\/h2>\n\n\n\n<p>Selon cette analyse, les voitures \u00e9lectriques ont d\u00e9j\u00e0 atteint la parit\u00e9 de prix avec les v\u00e9hicules \u00e0 combustion interne dans les segments D et E, plus importants. Dans les segments A, B et C, plus petits, cela pourrait se produire d&#039;ici 2030 si les \u00e9conomies r\u00e9alis\u00e9es sur la production sont r\u00e9percut\u00e9es sur les consommateurs.<\/p>\n\n\n\n<p>Mais ce sc\u00e9nario n&#039;est pas garanti. La Commission europ\u00e9enne envisage d&#039;assouplir les objectifs pour 2030, ce qui donnerait aux constructeurs une plus grande marge de man\u0153uvre pour respecter les normes d&#039;\u00e9missions.<\/p>\n\n\n\n<figure class=\"wp-block-image\"><img decoding=\"async\" src=\"https:\/\/transforms.transportenvironment.org\/production\/images\/image2_2026-03-06-133126_fzci.png?w=1024&amp;q=75&amp;fm=webp&amp;fit=crop&amp;dm=1772803886&amp;s=19b7b5fba5fc178190fa4ab9b7245afe\" alt=\"\"\/><figcaption>Source : T&amp;E<\/figcaption><\/figure>\n\n\n\n<h2 class=\"wp-block-heading\">Risque de transition plus lente<\/h2>\n\n\n\n<p>Si les objectifs fix\u00e9s pour 2030 sont revus \u00e0 la baisse, la transition vers les v\u00e9hicules \u00e9lectriques pourrait ralentir consid\u00e9rablement. Selon les estimations de T&amp;E, les voitures \u00e9lectriques pourraient alors repr\u00e9senter environ 47 % des ventes de v\u00e9hicules \u00e9lectriques en 2030, au lieu des 57 % pr\u00e9vus. En cas d&#039;assouplissement encore plus important des exigences, cette part pourrait m\u00eame tomber \u00e0 environ 32 % des ventes de v\u00e9hicules \u00e9lectriques.<\/p>\n\n\n\n<p>Selon les analystes, une telle \u00e9volution ralentirait l&#039;\u00e9lectrification du march\u00e9 automobile europ\u00e9en et affaiblirait la comp\u00e9titivit\u00e9 de l&#039;UE dans la course mondiale aux v\u00e9hicules \u00e9lectriques.<\/p>\n\n\n\n<p>Les tendances actuelles montrent que les voitures \u00e9lectriques en Europe deviennent progressivement abordables pour un plus grand nombre d&#039;acheteurs. Cependant, la rapidit\u00e9 de cette transition d\u00e9pendra largement des d\u00e9cisions politiques prises \u00e0 Bruxelles, et notamment de la question de savoir si les objectifs d&#039;\u00e9missions resteront suffisamment ambitieux pour continuer \u00e0 inciter les constructeurs \u00e0 d\u00e9velopper des mod\u00e8les \u00e9lectriques abordables.<\/p>","protected":false},"excerpt":{"rendered":"<p>Po ve\u010d letih rasti so se cene elektri\u010dnih avtomobilov v Evropski uniji za\u010dele zni\u017eevati. Novi podatki ka\u017eejo, da je povpre\u010dna cena elektri\u010dnega vozila lani padla za pribli\u017eno 1.800 evrov, kar nakazuje, da bi elektri\u010dni avtomobili lahko kmalu postali cenovno primerljivi z vozili na bencin ali dizel. Cene prvi\u010d padajo po letu 2020 Po analizi organizacije [&hellip;]<\/p>","protected":false},"author":2,"featured_media":0,"comment_status":"","ping_status":"open","sticky":false,"template":"","format":"standard","meta":{"_acf_changed":false,"footnotes":""},"categories":[6],"tags":[226],"class_list":["post-7267","post","type-post","status-publish","format-standard","hentry","category-avtomoto","tag-elektricni-avtomobili"],"acf":{"subtitle":"Elektri\u010dni avtomobili v Evropi prvi\u010d po ve\u010d letih postajajo cenej\u0161i. Nova analiza ka\u017ee, da stro\u017eji emisijski cilji EU proizvajalce silijo k lansiranju dostopnej\u0161ih modelov, kar bi lahko do konca desetletja izena\u010dilo ceno z avtomobili na bencin.","heading":"","summary":"Elektri\u010dni avtomobili v Evropi prvi\u010d po ve\u010d letih postajajo cenej\u0161i. Nova analiza ka\u017ee, da stro\u017eji emisijski cilji EU proizvajalce silijo k lansiranju dostopnej\u0161ih modelov, kar bi lahko do konca desetletja izena\u010dilo ceno z avtomobili na bencin.","thumbnail_small":"https:\/\/racunalniske-novice.com\/wp-content\/uploads\/2026\/03\/eldo-rafael-iLrMw5v4afE-unsplash-560x315.jpg","thumbnail_large":"https:\/\/racunalniske-novice.com\/wp-content\/uploads\/2026\/03\/eldo-rafael-iLrMw5v4afE-unsplash-1024x576.jpg","thumbnail_caption":"","gallery":"","video_gallery":null,"author":"","links":null,"sources":[{"title":"Transport Environment","url":"https:\/\/www.transportenvironment.org\/articles\/electric-car-average-price-falls-by-eur1-800-as-carmakers-release-affordable-models-to-meet-eu-target-analysis"},{"title":"Unsplash","url":"https:\/\/unsplash.com\/photos\/a-group-of-gas-pumps-sitting-next-to-each-other-iLrMw5v4afE"}],"skip_language":[]},"yoast_head":"<!-- This site is optimized with the Yoast SEO plugin v22.8 - https:\/\/yoast.com\/wordpress\/plugins\/seo\/ -->\n<title>Cene elektri\u010dnih avtomobilov v EU prvi\u010d padajo \u2013 ali bo to pospe\u0161ilo prehod na EV? - Ra\u010dunalni\u0161ke novice<\/title>\n<meta name=\"description\" content=\"Elektri\u010dni avtomobili v Evropi prvi\u010d po ve\u010d letih postajajo cenej\u0161i. Nova analiza ka\u017ee, da stro\u017eji emisijski cilji EU proizvajalce silijo k lansiranju dostopnej\u0161ih modelov, kar bi lahko do konca deset\" \/>\n<meta name=\"robots\" content=\"index, follow, max-snippet:-1, max-image-preview:large, max-video-preview:-1\" \/>\n<link rel=\"canonical\" href=\"https:\/\/viva.racunalniske-novice.com\/fr\/wp-json\/wp\/v2\/posts\/7267\" \/>\n<meta property=\"og:locale\" content=\"fr_FR\" \/>\n<meta property=\"og:type\" content=\"article\" \/>\n<meta property=\"og:title\" content=\"Cene elektri\u010dnih avtomobilov v EU prvi\u010d padajo \u2013 ali bo to pospe\u0161ilo prehod na EV? - Ra\u010dunalni\u0161ke novice\" \/>\n<meta property=\"og:description\" content=\"Po ve\u010d letih rasti so se cene elektri\u010dnih avtomobilov v Evropski uniji za\u010dele zni\u017eevati. Novi podatki ka\u017eejo, da je povpre\u010dna cena elektri\u010dnega vozila lani padla za pribli\u017eno 1.800 evrov, kar nakazuje, da bi elektri\u010dni avtomobili lahko kmalu postali cenovno primerljivi z vozili na bencin ali dizel. Cene prvi\u010d padajo po letu 2020 Po analizi organizacije [&hellip;]\" \/>\n<meta property=\"og:url\" content=\"https:\/\/viva.racunalniske-novice.com\/fr\/pour-la-premiere-fois-les-prix-des-voitures-electriques-baissent-dans-lue-cela-va-t-il-accelerer-la-transition-vers-les-vehicules-electriques\/\" \/>\n<meta property=\"og:site_name\" content=\"Ra\u010dunalni\u0161ke novice\" \/>\n<meta property=\"article:published_time\" content=\"2026-03-14T09:00:00+00:00\" \/>\n<meta property=\"og:image\" content=\"https:\/\/transforms.transportenvironment.org\/production\/images\/PR-2024-25-cost-allocation-BEV-price@2x.png?w=1024&amp;q=75&amp;fm=webp&amp;fit=crop&amp;dm=1773237094&amp;s=574dbdc55d6143382ceb513f01b8a363\" \/>\n<meta name=\"author\" content=\"sinusiks\" \/>\n<meta name=\"twitter:card\" content=\"summary_large_image\" \/>\n<meta name=\"twitter:label1\" content=\"\u00c9crit par\" \/>\n\t<meta name=\"twitter:data1\" content=\"sinusiks\" \/>\n\t<meta name=\"twitter:label2\" content=\"Dur\u00e9e de lecture estim\u00e9e\" \/>\n\t<meta name=\"twitter:data2\" content=\"3 minutes\" \/>\n<script type=\"application\/ld+json\" class=\"yoast-schema-graph\">{\"@context\":\"https:\/\/schema.org\",\"@graph\":[{\"@type\":\"WebPage\",\"@id\":\"https:\/\/viva.racunalniske-novice.com\/cene-elektricnih-avtomobilov-v-eu-prvic-padajo-ali-bo-to-pospesilo-prehod-na-ev\/\",\"url\":\"https:\/\/viva.racunalniske-novice.com\/cene-elektricnih-avtomobilov-v-eu-prvic-padajo-ali-bo-to-pospesilo-prehod-na-ev\/\",\"name\":\"Cene elektri\u010dnih avtomobilov v EU prvi\u010d padajo \u2013 ali bo to pospe\u0161ilo prehod na EV? - Ra\u010dunalni\u0161ke novice\",\"isPartOf\":{\"@id\":\"https:\/\/viva.racunalniske-novice.com\/en\/#website\"},\"primaryImageOfPage\":{\"@id\":\"https:\/\/viva.racunalniske-novice.com\/cene-elektricnih-avtomobilov-v-eu-prvic-padajo-ali-bo-to-pospesilo-prehod-na-ev\/#primaryimage\"},\"image\":{\"@id\":\"https:\/\/viva.racunalniske-novice.com\/cene-elektricnih-avtomobilov-v-eu-prvic-padajo-ali-bo-to-pospesilo-prehod-na-ev\/#primaryimage\"},\"thumbnailUrl\":\"https:\/\/transforms.transportenvironment.org\/production\/images\/PR-2024-25-cost-allocation-BEV-price@2x.png?w=1024&amp;q=75&amp;fm=webp&amp;fit=crop&amp;dm=1773237094&amp;s=574dbdc55d6143382ceb513f01b8a363\",\"datePublished\":\"2026-03-14T09:00:00+00:00\",\"dateModified\":\"2026-03-14T09:00:00+00:00\",\"author\":{\"@id\":\"https:\/\/viva.racunalniske-novice.com\/en\/#\/schema\/person\/afb62e36efa34516d50249517e4cdbb4\"},\"breadcrumb\":{\"@id\":\"https:\/\/viva.racunalniske-novice.com\/cene-elektricnih-avtomobilov-v-eu-prvic-padajo-ali-bo-to-pospesilo-prehod-na-ev\/#breadcrumb\"},\"inLanguage\":\"fr-FR\",\"potentialAction\":[{\"@type\":\"ReadAction\",\"target\":[\"https:\/\/viva.racunalniske-novice.com\/cene-elektricnih-avtomobilov-v-eu-prvic-padajo-ali-bo-to-pospesilo-prehod-na-ev\/\"]}]},{\"@type\":\"ImageObject\",\"inLanguage\":\"fr-FR\",\"@id\":\"https:\/\/viva.racunalniske-novice.com\/cene-elektricnih-avtomobilov-v-eu-prvic-padajo-ali-bo-to-pospesilo-prehod-na-ev\/#primaryimage\",\"url\":\"https:\/\/transforms.transportenvironment.org\/production\/images\/PR-2024-25-cost-allocation-BEV-price@2x.png?w=1024&amp;q=75&amp;fm=webp&amp;fit=crop&amp;dm=1773237094&amp;s=574dbdc55d6143382ceb513f01b8a363\",\"contentUrl\":\"https:\/\/transforms.transportenvironment.org\/production\/images\/PR-2024-25-cost-allocation-BEV-price@2x.png?w=1024&amp;q=75&amp;fm=webp&amp;fit=crop&amp;dm=1773237094&amp;s=574dbdc55d6143382ceb513f01b8a363\"},{\"@type\":\"BreadcrumbList\",\"@id\":\"https:\/\/viva.racunalniske-novice.com\/cene-elektricnih-avtomobilov-v-eu-prvic-padajo-ali-bo-to-pospesilo-prehod-na-ev\/#breadcrumb\",\"itemListElement\":[{\"@type\":\"ListItem\",\"position\":1,\"name\":\"Home\",\"item\":\"https:\/\/viva.racunalniske-novice.com\/en\/\"},{\"@type\":\"ListItem\",\"position\":2,\"name\":\"Cene elektri\u010dnih avtomobilov v EU prvi\u010d padajo \u2013 ali bo to pospe\u0161ilo prehod na EV?\"}]},{\"@type\":\"WebSite\",\"@id\":\"https:\/\/viva.racunalniske-novice.com\/en\/#website\",\"url\":\"https:\/\/viva.racunalniske-novice.com\/en\/\",\"name\":\"Ra\u010dunalni\u0161ke novice\",\"description\":\"\",\"potentialAction\":[{\"@type\":\"SearchAction\",\"target\":{\"@type\":\"EntryPoint\",\"urlTemplate\":\"https:\/\/viva.racunalniske-novice.com\/en\/?s={search_term_string}\"},\"query-input\":\"required name=search_term_string\"}],\"inLanguage\":\"fr-FR\"},{\"@type\":\"Person\",\"@id\":\"https:\/\/viva.racunalniske-novice.com\/en\/#\/schema\/person\/afb62e36efa34516d50249517e4cdbb4\",\"name\":\"sinusiks\",\"sameAs\":[\"https:\/\/ml.racunalniske-novice.com\"],\"url\":\"https:\/\/viva.racunalniske-novice.com\/fr\/author\/sinusiks\/\"}]}<\/script>\n<!-- \/ Yoast SEO plugin. -->","yoast_head_json":{"title":"Cene elektri\u010dnih avtomobilov v EU prvi\u010d padajo \u2013 ali bo to pospe\u0161ilo prehod na EV? - Ra\u010dunalni\u0161ke novice","description":"Elektri\u010dni avtomobili v Evropi prvi\u010d po ve\u010d letih postajajo cenej\u0161i. Nova analiza ka\u017ee, da stro\u017eji emisijski cilji EU proizvajalce silijo k lansiranju dostopnej\u0161ih modelov, kar bi lahko do konca deset","robots":{"index":"index","follow":"follow","max-snippet":"max-snippet:-1","max-image-preview":"max-image-preview:large","max-video-preview":"max-video-preview:-1"},"canonical":"https:\/\/viva.racunalniske-novice.com\/fr\/wp-json\/wp\/v2\/posts\/7267","og_locale":"fr_FR","og_type":"article","og_title":"Cene elektri\u010dnih avtomobilov v EU prvi\u010d padajo \u2013 ali bo to pospe\u0161ilo prehod na EV? - Ra\u010dunalni\u0161ke novice","og_description":"Po ve\u010d letih rasti so se cene elektri\u010dnih avtomobilov v Evropski uniji za\u010dele zni\u017eevati. Novi podatki ka\u017eejo, da je povpre\u010dna cena elektri\u010dnega vozila lani padla za pribli\u017eno 1.800 evrov, kar nakazuje, da bi elektri\u010dni avtomobili lahko kmalu postali cenovno primerljivi z vozili na bencin ali dizel. Cene prvi\u010d padajo po letu 2020 Po analizi organizacije [&hellip;]","og_url":"https:\/\/viva.racunalniske-novice.com\/fr\/pour-la-premiere-fois-les-prix-des-voitures-electriques-baissent-dans-lue-cela-va-t-il-accelerer-la-transition-vers-les-vehicules-electriques\/","og_site_name":"Ra\u010dunalni\u0161ke novice","article_published_time":"2026-03-14T09:00:00+00:00","og_image":[{"url":"https:\/\/transforms.transportenvironment.org\/production\/images\/PR-2024-25-cost-allocation-BEV-price@2x.png?w=1024&amp;q=75&amp;fm=webp&amp;fit=crop&amp;dm=1773237094&amp;s=574dbdc55d6143382ceb513f01b8a363"}],"author":"sinusiks","twitter_card":"summary_large_image","twitter_misc":{"\u00c9crit par":"sinusiks","Dur\u00e9e de lecture estim\u00e9e":"3 minutes"},"schema":{"@context":"https:\/\/schema.org","@graph":[{"@type":"WebPage","@id":"https:\/\/viva.racunalniske-novice.com\/cene-elektricnih-avtomobilov-v-eu-prvic-padajo-ali-bo-to-pospesilo-prehod-na-ev\/","url":"https:\/\/viva.racunalniske-novice.com\/cene-elektricnih-avtomobilov-v-eu-prvic-padajo-ali-bo-to-pospesilo-prehod-na-ev\/","name":"Cene elektri\u010dnih avtomobilov v EU prvi\u010d padajo \u2013 ali bo to pospe\u0161ilo prehod na EV? - Ra\u010dunalni\u0161ke novice","isPartOf":{"@id":"https:\/\/viva.racunalniske-novice.com\/en\/#website"},"primaryImageOfPage":{"@id":"https:\/\/viva.racunalniske-novice.com\/cene-elektricnih-avtomobilov-v-eu-prvic-padajo-ali-bo-to-pospesilo-prehod-na-ev\/#primaryimage"},"image":{"@id":"https:\/\/viva.racunalniske-novice.com\/cene-elektricnih-avtomobilov-v-eu-prvic-padajo-ali-bo-to-pospesilo-prehod-na-ev\/#primaryimage"},"thumbnailUrl":"https:\/\/transforms.transportenvironment.org\/production\/images\/PR-2024-25-cost-allocation-BEV-price@2x.png?w=1024&amp;q=75&amp;fm=webp&amp;fit=crop&amp;dm=1773237094&amp;s=574dbdc55d6143382ceb513f01b8a363","datePublished":"2026-03-14T09:00:00+00:00","dateModified":"2026-03-14T09:00:00+00:00","author":{"@id":"https:\/\/viva.racunalniske-novice.com\/en\/#\/schema\/person\/afb62e36efa34516d50249517e4cdbb4"},"breadcrumb":{"@id":"https:\/\/viva.racunalniske-novice.com\/cene-elektricnih-avtomobilov-v-eu-prvic-padajo-ali-bo-to-pospesilo-prehod-na-ev\/#breadcrumb"},"inLanguage":"fr-FR","potentialAction":[{"@type":"ReadAction","target":["https:\/\/viva.racunalniske-novice.com\/cene-elektricnih-avtomobilov-v-eu-prvic-padajo-ali-bo-to-pospesilo-prehod-na-ev\/"]}]},{"@type":"ImageObject","inLanguage":"fr-FR","@id":"https:\/\/viva.racunalniske-novice.com\/cene-elektricnih-avtomobilov-v-eu-prvic-padajo-ali-bo-to-pospesilo-prehod-na-ev\/#primaryimage","url":"https:\/\/transforms.transportenvironment.org\/production\/images\/PR-2024-25-cost-allocation-BEV-price@2x.png?w=1024&amp;q=75&amp;fm=webp&amp;fit=crop&amp;dm=1773237094&amp;s=574dbdc55d6143382ceb513f01b8a363","contentUrl":"https:\/\/transforms.transportenvironment.org\/production\/images\/PR-2024-25-cost-allocation-BEV-price@2x.png?w=1024&amp;q=75&amp;fm=webp&amp;fit=crop&amp;dm=1773237094&amp;s=574dbdc55d6143382ceb513f01b8a363"},{"@type":"BreadcrumbList","@id":"https:\/\/viva.racunalniske-novice.com\/cene-elektricnih-avtomobilov-v-eu-prvic-padajo-ali-bo-to-pospesilo-prehod-na-ev\/#breadcrumb","itemListElement":[{"@type":"ListItem","position":1,"name":"Home","item":"https:\/\/viva.racunalniske-novice.com\/en\/"},{"@type":"ListItem","position":2,"name":"Cene elektri\u010dnih avtomobilov v EU prvi\u010d padajo \u2013 ali bo to pospe\u0161ilo prehod na EV?"}]},{"@type":"WebSite","@id":"https:\/\/viva.racunalniske-novice.com\/en\/#website","url":"https:\/\/viva.racunalniske-novice.com\/en\/","name":"Ra\u010dunalni\u0161ke novice","description":"","potentialAction":[{"@type":"SearchAction","target":{"@type":"EntryPoint","urlTemplate":"https:\/\/viva.racunalniske-novice.com\/en\/?s={search_term_string}"},"query-input":"required name=search_term_string"}],"inLanguage":"fr-FR"},{"@type":"Person","@id":"https:\/\/viva.racunalniske-novice.com\/en\/#\/schema\/person\/afb62e36efa34516d50249517e4cdbb4","name":"sinusiks","sameAs":["https:\/\/ml.racunalniske-novice.com"],"url":"https:\/\/viva.racunalniske-novice.com\/fr\/author\/sinusiks\/"}]}},"_links":{"self":[{"href":"https:\/\/viva.racunalniske-novice.com\/fr\/wp-json\/wp\/v2\/posts\/7267","targetHints":{"allow":["GET"]}}],"collection":[{"href":"https:\/\/viva.racunalniske-novice.com\/fr\/wp-json\/wp\/v2\/posts"}],"about":[{"href":"https:\/\/viva.racunalniske-novice.com\/fr\/wp-json\/wp\/v2\/types\/post"}],"author":[{"embeddable":true,"href":"https:\/\/viva.racunalniske-novice.com\/fr\/wp-json\/wp\/v2\/users\/2"}],"replies":[{"embeddable":true,"href":"https:\/\/viva.racunalniske-novice.com\/fr\/wp-json\/wp\/v2\/comments?post=7267"}],"version-history":[{"count":0,"href":"https:\/\/viva.racunalniske-novice.com\/fr\/wp-json\/wp\/v2\/posts\/7267\/revisions"}],"wp:attachment":[{"href":"https:\/\/viva.racunalniske-novice.com\/fr\/wp-json\/wp\/v2\/media?parent=7267"}],"wp:term":[{"taxonomy":"category","embeddable":true,"href":"https:\/\/viva.racunalniske-novice.com\/fr\/wp-json\/wp\/v2\/categories?post=7267"},{"taxonomy":"post_tag","embeddable":true,"href":"https:\/\/viva.racunalniske-novice.com\/fr\/wp-json\/wp\/v2\/tags?post=7267"}],"curies":[{"name":"wp","href":"https:\/\/api.w.org\/{rel}","templated":true}]}}