{"id":7523,"date":"2026-04-28T15:45:00","date_gmt":"2026-04-28T13:45:00","guid":{"rendered":"https:\/\/viva.racunalniske-novice.com\/pametni-polnilnik-anker-nano-z-zaslonom-koncno-na-voljo-v-evropi\/"},"modified":"2026-04-28T15:45:00","modified_gmt":"2026-04-28T13:45:00","slug":"pametni-polnilnik-anker-nano-z-zaslonom-koncno-na-voljo-v-evropi","status":"publish","type":"post","link":"https:\/\/viva.racunalniske-novice.com\/fr\/le-chargeur-intelligent-anker-nano-avec-ecran-est-enfin-disponible-en-europe\/","title":{"rendered":"Le chargeur intelligent Anker Nano avec \u00e9cran est enfin disponible en Europe."},"content":{"rendered":"<p>Les passionn\u00e9s de technologie en Europe peuvent enfin d\u00e9couvrir le nouveau chargeur compact phare d&#039;Anker. Le chargeur Anker Nano est d\u00e9sormais disponible dans plusieurs pays de l&#039;Union europ\u00e9enne au prix de 39,99 \u20ac sur la boutique officielle. Pour ceux qui recherchent une meilleure offre, il est \u00e9galement disponible sur Amazon, o\u00f9 il est actuellement propos\u00e9 \u00e0 un prix avantageux de 29,99 \u20ac dans certaines r\u00e9gions, notamment en Allemagne. Il se d\u00e9cline en quatre coloris \u00e9l\u00e9gants\u00a0: blanc (Aurora White), noir (Black Stone), orange (Cosmic Orange) et bleu (Misty Blue).<br><br>Malgr\u00e9 sa configuration \u00e0 un seul port USB-C, ce chargeur renferme une technologie de pointe. Avec une puissance maximale de 45 W, un appareil comme l&#039;iPhone 17 Pro peut atteindre 50 % de charge en seulement 20 minutes. Son principal atout face \u00e0 la concurrence r\u00e9side dans son \u00e9cran intelligent int\u00e9gr\u00e9. Celui-ci permet \u00e0 l&#039;utilisateur de visualiser en temps r\u00e9el la puissance de sortie, la temp\u00e9rature de l&#039;appareil et le mode de charge s\u00e9lectionn\u00e9.<br><br>Anker a int\u00e9gr\u00e9 deux modes de fonctionnement \u00e0 l&#039;appareil. Le mode \u00ab\u00a0Auto\u00a0\u00bb ajuste intelligemment la puissance en fonction des besoins de l&#039;appareil, en alternant entre charge rapide, stable et lente. Le mode \u00ab\u00a0Care2\u00a0\u00bb est con\u00e7u pour une charge nocturne, ce qui r\u00e9duit l&#039;usure de la batterie et prolonge sa dur\u00e9e de vie.<br><br>Gr\u00e2ce \u00e0 la technologie GaN, le chargeur est extr\u00eamement compact. Selon le fabricant, il est 47 % plus petit que le mod\u00e8le original de 30 W. Ses dimensions sont de seulement 3,4 x 3,5 x 4 cm et il p\u00e8se environ 75 g. On pourra donc l&#039;emporter partout sans probl\u00e8me.<\/p>\n<div class=\"embed-container\"><iframe src=\"https:\/\/www.youtube.com\/embed\/o-gBBe524Fg\" frameborder=\"0\" allowfullscreen><\/iframe><\/div><br\/>","protected":false},"excerpt":{"rendered":"<p>Ljubitelji tehnologije v Evropi smo kon\u010dno do\u010dakali prihod Ankerjevega novega paradnega konja med kompaktnimi polnilniki. Anker Nano Charger je zdaj namre\u010d uradno na voljo v ve\u010d dr\u017eavah Evropske unije, kjer v uradni trgovini stane 39,99 evrov. Za tiste, ki i\u0161\u010dejo bolj\u0161o ponudbo, je polnilnik na voljo tudi preko Amazona, kjer je v nekaterih regijah, denimo [&hellip;]<\/p>","protected":false},"author":2,"featured_media":0,"comment_status":"","ping_status":"open","sticky":false,"template":"","format":"standard","meta":{"_acf_changed":false,"footnotes":""},"categories":[16],"tags":[188],"class_list":["post-7523","post","type-post","status-publish","format-standard","hentry","category-oprema","tag-li-ion-baterija"],"acf":{"subtitle":"Anker je na evropski trg poslal svoj najnovej\u0161i Nano Charger (45W, Smart Display). Po februarskem izidu v ZDA in mar\u010devski napovedi za EU, lahko uporabniki zdaj izbirajo med \u0161tirimi barvami. Napravo odlikujeta kompaktnost in vgrajen zaslon, ki v realnem \u010dasu prikazuje klju\u010dne podatke o polnjenju, kar prina\u0161a novo stopnjo preglednosti v segment kompaktnih stenskih polnilnikov.","heading":"","summary":"Novi Anker Nano Charger s 45 W mo\u010di in pametnim zaslonom je prispel v EU za 39,99 evrov. Ponuja inteligentna na\u010dina \"Auto\" in \"Care\" za za\u0161\u010dito baterije ter izjemno kompaktno ohi\u0161je, ki je skoraj polovico manj\u0161e od starej\u0161ih 30 W modelov.","thumbnail_small":"https:\/\/racunalniske-novice.com\/wp-content\/uploads\/2026\/04\/fqqwfwqfwqqf-560x315.jpg","thumbnail_large":"https:\/\/racunalniske-novice.com\/wp-content\/uploads\/2026\/04\/fqqwfwqfwqqf-1024x768.jpg","thumbnail_caption":"Foto: Anker","gallery":"","video_gallery":[{"youtube_url":"https:\/\/www.youtube.com\/watch?v=o-gBBe524Fg"}],"author":"","links":[{"title":"Anker","url":""}],"sources":null,"skip_language":[]},"yoast_head":"<!-- This site is optimized with the Yoast SEO plugin v22.8 - https:\/\/yoast.com\/wordpress\/plugins\/seo\/ -->\n<title>Pametni polnilnik Anker Nano z zaslonom kon\u010dno na voljo v Evropi - Ra\u010dunalni\u0161ke novice<\/title>\n<meta name=\"description\" content=\"Novi Anker Nano Charger s 45 W mo\u010di in pametnim zaslonom je prispel v EU za 39,99 evrov. Ponuja inteligentna na\u010dina &quot;Auto&quot; in &quot;Care&quot; za za\u0161\u010dito baterije ter izjemno kompaktno ohi\u0161je, ki je skoraj polo\" \/>\n<meta name=\"robots\" content=\"index, follow, max-snippet:-1, max-image-preview:large, max-video-preview:-1\" \/>\n<link rel=\"canonical\" href=\"https:\/\/viva.racunalniske-novice.com\/fr\/wp-json\/wp\/v2\/posts\/7523\" \/>\n<meta property=\"og:locale\" content=\"fr_FR\" \/>\n<meta property=\"og:type\" content=\"article\" \/>\n<meta property=\"og:title\" content=\"Pametni polnilnik Anker Nano z zaslonom kon\u010dno na voljo v Evropi - Ra\u010dunalni\u0161ke novice\" \/>\n<meta property=\"og:description\" content=\"Ljubitelji tehnologije v Evropi smo kon\u010dno do\u010dakali prihod Ankerjevega novega paradnega konja med kompaktnimi polnilniki. Anker Nano Charger je zdaj namre\u010d uradno na voljo v ve\u010d dr\u017eavah Evropske unije, kjer v uradni trgovini stane 39,99 evrov. Za tiste, ki i\u0161\u010dejo bolj\u0161o ponudbo, je polnilnik na voljo tudi preko Amazona, kjer je v nekaterih regijah, denimo [&hellip;]\" \/>\n<meta property=\"og:url\" content=\"https:\/\/viva.racunalniske-novice.com\/fr\/le-chargeur-intelligent-anker-nano-avec-ecran-est-enfin-disponible-en-europe\/\" \/>\n<meta property=\"og:site_name\" content=\"Ra\u010dunalni\u0161ke novice\" \/>\n<meta property=\"article:published_time\" content=\"2026-04-28T13:45:00+00:00\" \/>\n<meta name=\"author\" content=\"sinusiks\" \/>\n<meta name=\"twitter:card\" content=\"summary_large_image\" \/>\n<meta name=\"twitter:label1\" content=\"\u00c9crit par\" \/>\n\t<meta name=\"twitter:data1\" content=\"sinusiks\" \/>\n\t<meta name=\"twitter:label2\" content=\"Dur\u00e9e de lecture estim\u00e9e\" \/>\n\t<meta name=\"twitter:data2\" content=\"1 minute\" \/>\n<script type=\"application\/ld+json\" class=\"yoast-schema-graph\">{\"@context\":\"https:\/\/schema.org\",\"@graph\":[{\"@type\":\"WebPage\",\"@id\":\"https:\/\/viva.racunalniske-novice.com\/pametni-polnilnik-anker-nano-z-zaslonom-koncno-na-voljo-v-evropi\/\",\"url\":\"https:\/\/viva.racunalniske-novice.com\/pametni-polnilnik-anker-nano-z-zaslonom-koncno-na-voljo-v-evropi\/\",\"name\":\"Pametni polnilnik Anker Nano z zaslonom kon\u010dno na voljo v Evropi - Ra\u010dunalni\u0161ke novice\",\"isPartOf\":{\"@id\":\"https:\/\/viva.racunalniske-novice.com\/en\/#website\"},\"datePublished\":\"2026-04-28T13:45:00+00:00\",\"dateModified\":\"2026-04-28T13:45:00+00:00\",\"author\":{\"@id\":\"https:\/\/viva.racunalniske-novice.com\/en\/#\/schema\/person\/afb62e36efa34516d50249517e4cdbb4\"},\"breadcrumb\":{\"@id\":\"https:\/\/viva.racunalniske-novice.com\/pametni-polnilnik-anker-nano-z-zaslonom-koncno-na-voljo-v-evropi\/#breadcrumb\"},\"inLanguage\":\"fr-FR\",\"potentialAction\":[{\"@type\":\"ReadAction\",\"target\":[\"https:\/\/viva.racunalniske-novice.com\/pametni-polnilnik-anker-nano-z-zaslonom-koncno-na-voljo-v-evropi\/\"]}]},{\"@type\":\"BreadcrumbList\",\"@id\":\"https:\/\/viva.racunalniske-novice.com\/pametni-polnilnik-anker-nano-z-zaslonom-koncno-na-voljo-v-evropi\/#breadcrumb\",\"itemListElement\":[{\"@type\":\"ListItem\",\"position\":1,\"name\":\"Home\",\"item\":\"https:\/\/viva.racunalniske-novice.com\/en\/\"},{\"@type\":\"ListItem\",\"position\":2,\"name\":\"Pametni polnilnik Anker Nano z zaslonom kon\u010dno na voljo v Evropi\"}]},{\"@type\":\"WebSite\",\"@id\":\"https:\/\/viva.racunalniske-novice.com\/en\/#website\",\"url\":\"https:\/\/viva.racunalniske-novice.com\/en\/\",\"name\":\"Ra\u010dunalni\u0161ke novice\",\"description\":\"\",\"potentialAction\":[{\"@type\":\"SearchAction\",\"target\":{\"@type\":\"EntryPoint\",\"urlTemplate\":\"https:\/\/viva.racunalniske-novice.com\/en\/?s={search_term_string}\"},\"query-input\":\"required name=search_term_string\"}],\"inLanguage\":\"fr-FR\"},{\"@type\":\"Person\",\"@id\":\"https:\/\/viva.racunalniske-novice.com\/en\/#\/schema\/person\/afb62e36efa34516d50249517e4cdbb4\",\"name\":\"sinusiks\",\"sameAs\":[\"https:\/\/ml.racunalniske-novice.com\"],\"url\":\"https:\/\/viva.racunalniske-novice.com\/fr\/author\/sinusiks\/\"}]}<\/script>\n<!-- \/ Yoast SEO plugin. -->","yoast_head_json":{"title":"Pametni polnilnik Anker Nano z zaslonom kon\u010dno na voljo v Evropi - Ra\u010dunalni\u0161ke novice","description":"Novi Anker Nano Charger s 45 W mo\u010di in pametnim zaslonom je prispel v EU za 39,99 evrov. Ponuja inteligentna na\u010dina \"Auto\" in \"Care\" za za\u0161\u010dito baterije ter izjemno kompaktno ohi\u0161je, ki je skoraj polo","robots":{"index":"index","follow":"follow","max-snippet":"max-snippet:-1","max-image-preview":"max-image-preview:large","max-video-preview":"max-video-preview:-1"},"canonical":"https:\/\/viva.racunalniske-novice.com\/fr\/wp-json\/wp\/v2\/posts\/7523","og_locale":"fr_FR","og_type":"article","og_title":"Pametni polnilnik Anker Nano z zaslonom kon\u010dno na voljo v Evropi - Ra\u010dunalni\u0161ke novice","og_description":"Ljubitelji tehnologije v Evropi smo kon\u010dno do\u010dakali prihod Ankerjevega novega paradnega konja med kompaktnimi polnilniki. Anker Nano Charger je zdaj namre\u010d uradno na voljo v ve\u010d dr\u017eavah Evropske unije, kjer v uradni trgovini stane 39,99 evrov. Za tiste, ki i\u0161\u010dejo bolj\u0161o ponudbo, je polnilnik na voljo tudi preko Amazona, kjer je v nekaterih regijah, denimo [&hellip;]","og_url":"https:\/\/viva.racunalniske-novice.com\/fr\/le-chargeur-intelligent-anker-nano-avec-ecran-est-enfin-disponible-en-europe\/","og_site_name":"Ra\u010dunalni\u0161ke novice","article_published_time":"2026-04-28T13:45:00+00:00","author":"sinusiks","twitter_card":"summary_large_image","twitter_misc":{"\u00c9crit par":"sinusiks","Dur\u00e9e de lecture estim\u00e9e":"1 minute"},"schema":{"@context":"https:\/\/schema.org","@graph":[{"@type":"WebPage","@id":"https:\/\/viva.racunalniske-novice.com\/pametni-polnilnik-anker-nano-z-zaslonom-koncno-na-voljo-v-evropi\/","url":"https:\/\/viva.racunalniske-novice.com\/pametni-polnilnik-anker-nano-z-zaslonom-koncno-na-voljo-v-evropi\/","name":"Pametni polnilnik Anker Nano z zaslonom kon\u010dno na voljo v Evropi - Ra\u010dunalni\u0161ke novice","isPartOf":{"@id":"https:\/\/viva.racunalniske-novice.com\/en\/#website"},"datePublished":"2026-04-28T13:45:00+00:00","dateModified":"2026-04-28T13:45:00+00:00","author":{"@id":"https:\/\/viva.racunalniske-novice.com\/en\/#\/schema\/person\/afb62e36efa34516d50249517e4cdbb4"},"breadcrumb":{"@id":"https:\/\/viva.racunalniske-novice.com\/pametni-polnilnik-anker-nano-z-zaslonom-koncno-na-voljo-v-evropi\/#breadcrumb"},"inLanguage":"fr-FR","potentialAction":[{"@type":"ReadAction","target":["https:\/\/viva.racunalniske-novice.com\/pametni-polnilnik-anker-nano-z-zaslonom-koncno-na-voljo-v-evropi\/"]}]},{"@type":"BreadcrumbList","@id":"https:\/\/viva.racunalniske-novice.com\/pametni-polnilnik-anker-nano-z-zaslonom-koncno-na-voljo-v-evropi\/#breadcrumb","itemListElement":[{"@type":"ListItem","position":1,"name":"Home","item":"https:\/\/viva.racunalniske-novice.com\/en\/"},{"@type":"ListItem","position":2,"name":"Pametni polnilnik Anker Nano z zaslonom kon\u010dno na voljo v Evropi"}]},{"@type":"WebSite","@id":"https:\/\/viva.racunalniske-novice.com\/en\/#website","url":"https:\/\/viva.racunalniske-novice.com\/en\/","name":"Ra\u010dunalni\u0161ke novice","description":"","potentialAction":[{"@type":"SearchAction","target":{"@type":"EntryPoint","urlTemplate":"https:\/\/viva.racunalniske-novice.com\/en\/?s={search_term_string}"},"query-input":"required name=search_term_string"}],"inLanguage":"fr-FR"},{"@type":"Person","@id":"https:\/\/viva.racunalniske-novice.com\/en\/#\/schema\/person\/afb62e36efa34516d50249517e4cdbb4","name":"sinusiks","sameAs":["https:\/\/ml.racunalniske-novice.com"],"url":"https:\/\/viva.racunalniske-novice.com\/fr\/author\/sinusiks\/"}]}},"_links":{"self":[{"href":"https:\/\/viva.racunalniske-novice.com\/fr\/wp-json\/wp\/v2\/posts\/7523","targetHints":{"allow":["GET"]}}],"collection":[{"href":"https:\/\/viva.racunalniske-novice.com\/fr\/wp-json\/wp\/v2\/posts"}],"about":[{"href":"https:\/\/viva.racunalniske-novice.com\/fr\/wp-json\/wp\/v2\/types\/post"}],"author":[{"embeddable":true,"href":"https:\/\/viva.racunalniske-novice.com\/fr\/wp-json\/wp\/v2\/users\/2"}],"replies":[{"embeddable":true,"href":"https:\/\/viva.racunalniske-novice.com\/fr\/wp-json\/wp\/v2\/comments?post=7523"}],"version-history":[{"count":0,"href":"https:\/\/viva.racunalniske-novice.com\/fr\/wp-json\/wp\/v2\/posts\/7523\/revisions"}],"wp:attachment":[{"href":"https:\/\/viva.racunalniske-novice.com\/fr\/wp-json\/wp\/v2\/media?parent=7523"}],"wp:term":[{"taxonomy":"category","embeddable":true,"href":"https:\/\/viva.racunalniske-novice.com\/fr\/wp-json\/wp\/v2\/categories?post=7523"},{"taxonomy":"post_tag","embeddable":true,"href":"https:\/\/viva.racunalniske-novice.com\/fr\/wp-json\/wp\/v2\/tags?post=7523"}],"curies":[{"name":"wp","href":"https:\/\/api.w.org\/{rel}","templated":true}]}}