{"id":8117,"date":"2026-09-04T10:27:57","date_gmt":"2026-09-04T08:27:57","guid":{"rendered":"https:\/\/viva.racunalniske-novice.com\/ifa-2026-solarni-racunalniki-pomivalni-stroji-s-kamerami-1100-hz-monitorji\/"},"modified":"2026-09-04T10:27:57","modified_gmt":"2026-09-04T08:27:57","slug":"ifa-2026-solarni-racunalniki-pomivalni-stroji-s-kamerami-1100-hz-monitorji","status":"publish","type":"post","link":"https:\/\/viva.racunalniske-novice.com\/fr\/ifa-2026-ordinateurs-solaires-lave-vaisselle-avec-cameras-moniteurs-1100-hz\/","title":{"rendered":"IFA 2026\u00a0: ordinateurs solaires, lave-vaisselle avec cam\u00e9ras, moniteurs 1100\u00a0Hz\u2026"},"content":{"rendered":"<p class=\"wp-block-paragraph\">Le salon a ouvert ses portes aujourd&#039;hui, 4 septembre, au parc des expositions Messe Berlin et se poursuivra jusqu&#039;au 8 septembre. Figurant parmi les plus grands salons de l&#039;\u00e9lectronique grand public au monde, il se tient depuis 1924 sur une surface d&#039;environ 190\u00a0000 m\u00e8tres carr\u00e9s r\u00e9partie dans 27 halls. Le th\u00e8me de cette ann\u00e9e est \u00ab\u00a0Le futur, c&#039;est maintenant\u00a0\u00bb, et pr\u00e8s de 1\u00a0900 exposants, 220\u00a0000 visiteurs et participants venus de 140 pays sont attendus. L&#039;intelligence artificielle est omnipr\u00e9sente cette ann\u00e9e, m\u00eame dans des appareils qui n&#039;en ont pas besoin.<\/p>\n\n\n\n<h3 class=\"wp-block-heading\"><strong>Projet Lenovo AeroBlade\u00a0: le refroidissement m\u2019int\u00e9resse plus que le processeur.<\/strong><\/h3>\n\n\n\n<p class=\"wp-block-paragraph\">Il est difficile de proposer depuis longtemps des ordinateurs portables qui sortent vraiment de l&#039;ordinaire. Le nouveau processeur est plus rapide, l&#039;\u00e9cran OLED est plus lumineux, le ch\u00e2ssis est plus fin de deux millim\u00e8tres, et c&#039;est tout. Le projet AeroBlade de Lenovo pourrait bien changer la donne.<\/p>\n\n\n\n<p class=\"wp-block-paragraph\">\u00c0 premi\u00e8re vue, il s&#039;agit d&#039;un simple ordinateur ultral\u00e9ger de 14 pouces. Son \u00e9paisseur est inf\u00e9rieure \u00e0 10 millim\u00e8tres et son poids inf\u00e9rieur \u00e0 830 grammes. Mais la v\u00e9ritable innovation r\u00e9side \u00e0 l&#039;int\u00e9rieur. Lenovo a remplac\u00e9 le ventilateur classique par la technologie AirJet de Frore Systems. Au lieu de pales rotatives, cette technologie utilise des membranes pi\u00e9zo\u00e9lectriques qui, par leur mouvement \u00e0 tr\u00e8s grande vitesse, cr\u00e9ent un flux d&#039;air. Le prototype est \u00e9quip\u00e9 de quatre modules AirJet et ne comporte aucun ventilateur traditionnel.<\/p>\n\n\n\n<figure class=\"wp-block-gallery has-nested-images columns-default is-cropped wp-block-gallery-1 is-layout-flex wp-block-gallery-is-layout-flex\">\n<figure class=\"wp-block-image size-large\"><img decoding=\"async\" data-id=\"2699815\" src=\"\/wp-content\/uploads\/2026\/09\/AeroBlade-Specialty-04-1024x1024-1.png\" alt=\"\" class=\"wp-image-2699815\"\/><figcaption><strong>Projet AeroBlade<\/strong><\/figcaption><\/figure>\n\n\n\n<figure class=\"wp-block-image size-large\"><img decoding=\"async\" data-id=\"2699817\" src=\"\/wp-content\/uploads\/2026\/09\/LandscapeRollable-02-1024x1024-1.png\" alt=\"\" class=\"wp-image-2699817\"\/><figcaption><strong>Projet Swan<\/strong><\/figcaption><\/figure>\n<\/figure>\n\n\n\n<p class=\"wp-block-paragraph\">Pourquoi est-ce important\u00a0? Parce que le refroidissement est l\u2019une des principales raisons de l\u2019\u00e9paisseur des ordinateurs portables puissants. Un ventilateur a besoin d\u2019espace, d\u2019a\u00e9rations et de conduits. En le supprimant, de nouvelles possibilit\u00e9s de conception s\u2019offrent \u00e0 vous.<\/p>\n\n\n\n<p class=\"wp-block-paragraph\">Le projet AeroBlade int\u00e8gre un processeur Intel, un \u00e9cran OLED, le Thunderbolt 4 et le Wi-Fi 7, mais ces caract\u00e9ristiques techniques sont presque secondaires par rapport au concept. Ce qui m&#039;int\u00e9resse bien plus, c&#039;est de savoir si l&#039;AirJet pourra \u00eatre produit en masse dans les prochaines ann\u00e9es. Si tel est le cas, il pourrait r\u00e9volutionner la conception des ultraportables bien plus qu&#039;une nouvelle g\u00e9n\u00e9ration de processeurs.<\/p>\n\n\n\n<p class=\"wp-block-paragraph\">Pour l&#039;instant, il ne s&#039;agit que d&#039;un concept, nous n&#039;avons donc pas de prix ni de date potentielle de d\u00e9but de production.<\/p>\n\n\n\n<p class=\"wp-block-paragraph\">Lenovo a pr\u00e9sent\u00e9 un autre concept, le Projet Swan. Il s&#039;agit d&#039;un ThinkBook de 14 pouces dont l&#039;\u00e9cran OLED flexible s&#039;\u00e9tend lat\u00e9ralement jusqu&#039;\u00e0 17 pouces. Ce n&#039;\u00e9tait pas la premi\u00e8re fois que je voyais un tel concept. Je le trouve toujours int\u00e9ressant, mais j&#039;attends sa commercialisation.<\/p>\n\n\n\n<h3 class=\"wp-block-heading\"><strong>Acer Vero 16\u00a0: la meilleure nouvelle, c\u2019est que vous pouvez l\u2019ouvrir.<\/strong><\/h3>\n\n\n\n<p class=\"wp-block-paragraph\">Depuis dix ans, l&#039;industrie nous persuade qu&#039;un bon ordinateur portable doit \u00eatre le plus ferm\u00e9 possible. Batterie coll\u00e9e, m\u00e9moire soud\u00e9e, vis et construction sp\u00e9ciales\u2026 L&#039;Acer Vero 16 a opt\u00e9 pour une approche diff\u00e9rente, offrant une plus grande libert\u00e9 \u00e0 l&#039;utilisateur.<\/p>\n\n\n\n<p class=\"wp-block-paragraph\">Il est dot\u00e9 d&#039;un m\u00e9canisme d&#039;acc\u00e8s sans outil sur sa partie inf\u00e9rieure. L&#039;utilisateur peut remplacer lui-m\u00eame la batterie et le SSD, les caches des connecteurs sont amovibles et la charni\u00e8re est con\u00e7ue pour \u00eatre d\u00e9tach\u00e9e du ch\u00e2ssis et remplac\u00e9e. Acer va m\u00eame jusqu&#039;\u00e0 concevoir l&#039;ordinateur avec la possibilit\u00e9 de mettre \u00e0 niveau la plateforme du processeur sur au moins deux g\u00e9n\u00e9rations (l&#039;ordinateur portable devra alors \u00eatre envoy\u00e9 au service apr\u00e8s-vente d&#039;Acer).<\/p>\n\n\n\n<figure class=\"wp-block-gallery has-nested-images columns-default is-cropped wp-block-gallery-2 is-layout-flex wp-block-gallery-is-layout-flex\">\n<figure class=\"wp-block-image size-large\"><img decoding=\"async\" data-id=\"2699819\" src=\"\/wp-content\/uploads\/2026\/09\/Acer-Vero-1024x909.png\" alt=\"\" class=\"wp-image-2699819\"\/><\/figure>\n<\/figure>\n\n\n\n<p class=\"wp-block-paragraph\">Ce n&#039;est pas un ordinateur portable \u00ab\u00a0\u00e9cologique\u00a0\u00bb au rabais. Le Vero 16 est \u00e9quip\u00e9 d&#039;un processeur Intel Core Ultra X9 388H, jusqu&#039;\u00e0 32 Go de m\u00e9moire LPDDR5X et d&#039;un \u00e9cran OLED 3K de 16 pouces avec un taux de rafra\u00eechissement de 120 Hz. Il p\u00e8se environ 700 grammes. Les mat\u00e9riaux utilis\u00e9s sont certes importants, mais j&#039;accorderais bien plus d&#039;importance \u00e0 la r\u00e9parabilit\u00e9 qu&#039;au pourcentage d&#039;aluminium recycl\u00e9.<\/p>\n\n\n\n<h3 class=\"wp-block-heading\"><strong>Acer a crois\u00e9 le Steam Deck avec un mini ordinateur portable<\/strong><\/h3>\n\n\n\n<p class=\"wp-block-paragraph\">Acer, de son c\u00f4t\u00e9, propose un concept un peu plus original. Le Project DualPlay Mini est un appareil de 8 pouces qui se transforme tour \u00e0 tour en console de jeu portable et en mini-ordinateur portable. Son \u00e9cran est r\u00e9versible et r\u00e9v\u00e8le un clavier physique r\u00e9tro\u00e9clair\u00e9. Dans une position, il offre des boutons de jeu\u00a0; dans l\u2019autre, il se transforme en mini-ordinateur portable. Acer envisage m\u00eame la possibilit\u00e9 de connecter un \u00e9cran externe et d\u2019utiliser une souris.<\/p>\n\n\n\n<p class=\"wp-block-paragraph\">Auriez-vous envie de travailler huit heures d&#039;affil\u00e9e sur un ordinateur portable de 8 pouces\u00a0? Certainement pas. Vous comprenez\u00a0? Parfaitement.<\/p>\n\n\n\n<figure class=\"wp-block-image size-large\"><img decoding=\"async\" src=\"\/wp-content\/uploads\/2026\/09\/predator-project-dualplay-mini-agw-banner-1024x288.jpg\" alt=\"\" class=\"wp-image-2699821\"\/><\/figure>\n\n\n\n<h3 class=\"wp-block-heading\"><strong>1100 Hz\u2026 car apparemment 500 Hz est devenu ennuyeux<\/strong><\/h3>\n\n\n\n<p class=\"wp-block-paragraph\">Samsung a pr\u00e9sent\u00e9 \u00e0 Berlin l&#039;Odyssey G60H de 27 pouces, capable d&#039;atteindre 1\u00a0100 Hz en mode haute fr\u00e9quence. En r\u00e9solution QHD, la fr\u00e9quence plafonne \u00e0 600 Hz, un chiffre encore surprenant. La gamme comprend \u00e9galement l&#039;Odyssey G75SJ, un \u00e9cran OLED incurv\u00e9 de 42 pouces, le G9, un \u00e9cran OLED DQHD de 49 pouces avec 360 Hz, et le G8, un \u00e9cran OLED 4K de 32 pouces \u00e9galement \u00e0 360 Hz.<\/p>\n\n\n\n<p class=\"wp-block-paragraph\">Acer r\u00e9plique avec le Predator XB253Q U1, un moniteur IPS de 24,5 pouces offrant une fr\u00e9quence de rafra\u00eechissement de 1\u00a0000\u00a0Hz en Full HD. Alienware tente enfin de convaincre les joueurs professionnels de passer \u00e0 l&#039;OLED avec l&#039;AW2527HX. Ce mod\u00e8le est \u00e9quip\u00e9 d&#039;un \u00e9cran QD-OLED de 24,5 pouces en Full HD \u00e0 560\u00a0Hz.<\/p>\n\n\n\n<p class=\"wp-block-paragraph\">L&#039;utilisateur moyen n&#039;a \u00e9videmment pas besoin de telles vitesses. La plupart des ordinateurs ne sont m\u00eame pas assez puissants pour atteindre 500 images par seconde, et encore moins 100. Plus important encore que la vitesse, les \u00e9crans OLED s&#039;imposent de plus en plus dans le monde de l&#039;e-sport.<\/p>\n\n\n\n<figure class=\"wp-block-gallery has-nested-images columns-default is-cropped wp-block-gallery-3 is-layout-flex wp-block-gallery-is-layout-flex\">\n<figure class=\"wp-block-image size-large\"><img decoding=\"async\" data-id=\"2699823\" src=\"\/wp-content\/uploads\/2026\/09\/Samsung-TVs-and-Displays-New-Odyssey-Lineup-Fast-Paced-Gaming-Gamescom-2026_Main1.jpg\" alt=\"\" class=\"wp-image-2699823\"\/><\/figure>\n<\/figure>\n\n\n\n<h3 class=\"wp-block-heading\"><strong>Le TCL P80 Ultra est l&#039;un des rares t\u00e9l\u00e9phones de cette ann\u00e9e \u00e0 r\u00e9soudre un vrai probl\u00e8me.<\/strong><\/h3>\n\n\n\n<p class=\"wp-block-paragraph\">L&#039;IFA n&#039;est g\u00e9n\u00e9ralement pas un salon d\u00e9di\u00e9 aux smartphones, mais le TCL P80 Ultra a tout de m\u00eame attir\u00e9 mon attention. Non pas gr\u00e2ce \u00e0 un nouveau processeur, mais gr\u00e2ce \u00e0 son \u00e9cran. Pour la premi\u00e8re fois, TCL a combin\u00e9 sa technologie NXTPAPER avec un \u00e9cran OLED. Le P80 Ultra est dot\u00e9 d&#039;un \u00e9cran OLED 1,5K de 6,83 pouces avec un taux de rafra\u00eechissement de 120 Hz, une surface antireflet et une luminosit\u00e9 maximale de 3\u00a0200 nits. Un bouton d\u00e9di\u00e9 permet de basculer l&#039;\u00e9cran en mode Max Ink, qui se comporte comme une liseuse en noir et blanc tout en limitant les \u00e9l\u00e9ments distrayants de l&#039;interface utilisateur.<\/p>\n\n\n\n<p class=\"wp-block-paragraph\">L&#039;OLED est id\u00e9al pour la vid\u00e9o, les jeux et les photos, mais n&#039;est pas forc\u00e9ment le plus agr\u00e9able pour lire pendant des heures. TCL tente de combiner ces deux aspects dans un seul appareil. Le t\u00e9l\u00e9phone dispose \u00e9galement d&#039;une configuration de base plut\u00f4t performante\u00a0: un processeur Dimensity 7400 Elite, 8\u00a0Go de RAM, jusqu&#039;\u00e0 512\u00a0Go de stockage, une batterie de 5\u00a0800\u00a0mAh et une charge rapide de 45\u00a0W. La version Ultra est \u00e9quip\u00e9e d&#039;un capteur principal de 50\u00a0MP et d&#039;un t\u00e9l\u00e9objectif de 50\u00a0MP avec zoom\u00a03x. En Europe, les prix de cette gamme d\u00e9butent \u00e0 349\u00a0euros.<\/p>\n\n\n\n<figure class=\"wp-block-gallery has-nested-images columns-default is-cropped wp-block-gallery-4 is-layout-flex wp-block-gallery-is-layout-flex\">\n<figure class=\"wp-block-image size-large\"><a href=\"\/wp-content\/uploads\/2026\/09\/TCL-2.png\"><img decoding=\"async\" data-id=\"2699825\" src=\"\/wp-content\/uploads\/2026\/09\/TCL-2-1024x709.png\" alt=\"\" class=\"wp-image-2699825\"\/><\/a><\/figure>\n\n\n\n<figure class=\"wp-block-image size-large\"><a href=\"\/wp-content\/uploads\/2026\/09\/TCL.png\"><img decoding=\"async\" data-id=\"2699827\" src=\"\/wp-content\/uploads\/2026\/09\/TCL-1024x689.png\" alt=\"\" class=\"wp-image-2699827\"\/><\/a><\/figure>\n<\/figure>\n\n\n\n<h3 class=\"wp-block-heading\"><strong>Oukitel RG14-P\u00a0: un ordinateur portable que vous pouvez laisser au soleil \u2013 volontairement.<\/strong><\/h3>\n\n\n\n<p class=\"wp-block-paragraph\">Oukitel cible principalement l&#039;industrie, les travailleurs de terrain, les \u00e9quipes de maintenance et autres utilisateurs pour qui trouver une prise de courant n&#039;est pas toujours chose ais\u00e9e. La quasi-totalit\u00e9 de l&#039;\u00e9cran est recouverte d&#039;un panneau photovolta\u00efque. D&#039;apr\u00e8s les derni\u00e8res donn\u00e9es, ce panneau peut fournir jusqu&#039;\u00e0 15 W dans des conditions optimales, et la batterie de 95 Wh devrait \u00eatre charg\u00e9e \u00e0 moiti\u00e9 en environ six heures d&#039;ensoleillement. La puissance solaire \u00e9tant faible compar\u00e9e \u00e0 la consommation d&#039;un ordinateur portable puissant, il est plus r\u00e9aliste d&#039;esp\u00e9rer une autonomie accrue que de pouvoir alimenter l&#039;ordinateur exclusivement \u00e0 l&#039;\u00e9nergie solaire toute la journ\u00e9e.<\/p>\n\n\n\n<p class=\"wp-block-paragraph\">Le RG14-P est \u00e9galement un v\u00e9hicule tout-terrain robuste. Il p\u00e8se 3,7 kg, poss\u00e8de un \u00e9cran de 14,1 pouces avec une luminosit\u00e9 jusqu&#039;\u00e0 1\u00a0000 nits, une protection IP69K, un port Ethernet classique, un port HDMI et m\u00eame un port RS-232. Outre sa batterie int\u00e9gr\u00e9e, il dispose d&#039;une batterie amovible et rempla\u00e7able.<\/p>\n\n\n\n<figure class=\"wp-block-gallery has-nested-images columns-default is-cropped wp-block-gallery-5 is-layout-flex wp-block-gallery-is-layout-flex\">\n<figure class=\"wp-block-image size-large\"><img decoding=\"async\" data-id=\"2699829\" src=\"\/wp-content\/uploads\/2026\/09\/Oukitel_RG14-P3-q82-w1476-h-1024x576.webp\" alt=\"\" class=\"wp-image-2699829\"\/><\/figure>\n<\/figure>\n\n\n\n<h3 class=\"wp-block-heading\"><strong>Le Wi-Fi 8 est arriv\u00e9. Le Wi-Fi 7 doit \u00eatre bien inconfortable.<\/strong><\/h3>\n\n\n\n<p class=\"wp-block-paragraph\">TP-Link a pr\u00e9sent\u00e9 les routeurs Archer 8 Ultra et Deco 8 Ultra lors du salon, inaugurant ainsi une nouvelle \u00e8re pour les r\u00e9seaux domestiques. L&#039;Archer 8 Ultra est un routeur tri-bande offrant un d\u00e9bit sans fil total annonc\u00e9 de 19 Gbit\/s, une connectivit\u00e9 filaire de 10 Gbit\/s et 18 antennes internes. Le Deco 8 Ultra est une version mesh avec des vitesses totales allant jusqu&#039;\u00e0 22 Gbit\/s. Selon TP-Link, ce kit de trois unit\u00e9s couvre une surface d&#039;environ 910 m\u00e8tres carr\u00e9s et peut connecter plus de 200 appareils.<\/p>\n\n\n\n<p class=\"wp-block-paragraph\">La norme IEEE 802.11bn, ou Wi-Fi 8, met l&#039;accent sur la fiabilit\u00e9, la couverture de bout en bout, la r\u00e9duction des interf\u00e9rences et une collaboration plus efficace entre un grand nombre d&#039;appareils. TP-Link d\u00e9veloppe un moteur de stabilit\u00e9 (StabilityEngine) pour ces nouveaux appareils, int\u00e9grant des technologies telles que la port\u00e9e \u00e9tendue (Enhanced Long Range), les unit\u00e9s de ressources distribu\u00e9es (Distributed Resource Units) et l&#039;acc\u00e8s aux canaux non primaires (Non-Primary Channel Access).<\/p>\n\n\n\n<p class=\"wp-block-paragraph\">Voil\u00e0 la direction que doivent prendre les r\u00e9seaux domestiques. Aujourd&#039;hui, beaucoup de gens ne se plaignent pas d&#039;une connexion internet trop lente au niveau de leur routeur. Le probl\u00e8me, c&#039;est plut\u00f4t la chambre \u00e0 deux murs de l\u00e0, la cam\u00e9ra connect\u00e9e dans le jardin, ou une vingtaine d&#039;appareils qui se disputent la connexion simultan\u00e9ment.<\/p>\n\n\n\n<p class=\"wp-block-paragraph\">La norme Wi-Fi 8 n&#039;est pas encore finalis\u00e9e. L&#039;IEEE n&#039;envisage pas d&#039;atteindre les derni\u00e8res \u00e9tapes de sa normalisation avant 2028.<\/p>\n\n\n\n<figure class=\"wp-block-gallery has-nested-images columns-2 is-cropped wp-block-gallery-6 is-layout-flex wp-block-gallery-is-layout-flex\">\n<figure class=\"wp-block-image size-large\"><a href=\"\/wp-content\/uploads\/2026\/09\/PR_Deco_8_Ultra_1920x1080_20260831203545z.jpg\"><img decoding=\"async\" data-id=\"2699831\" src=\"\/wp-content\/uploads\/2026\/09\/PR_Deco_8_Ultra_1920x1080_20260831203545z-1024x576.jpg\" alt=\"\" class=\"wp-image-2699831\"\/><\/a><\/figure>\n\n\n\n<figure class=\"wp-block-image size-large\"><a href=\"\/wp-content\/uploads\/2026\/09\/PR_Archer_8_Ultra_Lifestyle_20260831203428q.jpg\"><img decoding=\"async\" data-id=\"2699833\" src=\"\/wp-content\/uploads\/2026\/09\/PR_Archer_8_Ultra_Lifestyle_20260831203428q-1024x576.jpg\" alt=\"\" class=\"wp-image-2699833\"\/><\/a><\/figure>\n\n\n\n<figure class=\"wp-block-image size-large\"><a href=\"\/wp-content\/uploads\/2026\/09\/PR_Archer_Deco_Hero_Image_20260831185920x.jpg\"><img decoding=\"async\" data-id=\"2699835\" src=\"\/wp-content\/uploads\/2026\/09\/PR_Archer_Deco_Hero_Image_20260831185920x-1024x576.jpg\" alt=\"\" class=\"wp-image-2699835\"\/><\/a><\/figure>\n<\/figure>\n\n\n\n<h3 class=\"wp-block-heading\"><strong>Miele G8 Diamond : un appareil photo dans le lave-vaisselle, s\u00e9rieusement ?<\/strong><\/h3>\n\n\n\n<p class=\"wp-block-paragraph\">Je suis stup\u00e9fait et je me demande si une cam\u00e9ra dans le lave-vaisselle est vraiment n\u00e9cessaire. La fonction AutoVision utilise une cam\u00e9ra pour analyser le niveau de remplissage et le type de vaisselle. Si elle d\u00e9tecte des casseroles, elle intensifie le lavage. Si elle rep\u00e8re des bouteilles, elle adapte le programme. Elle modifie \u00e9galement le mode de s\u00e9chage pour les articles en plastique. Le dosage automatique AutoDos et le nouveau syst\u00e8me de s\u00e9chage ExcellentDry font ensuite le reste.<\/p>\n\n\n\n<p class=\"wp-block-paragraph\">Il est \u00e9galement possible de param\u00e9trer des r\u00e8gles via l&#039;application, par exemple pour que le lave-vaisselle ne d\u00e9marre que lorsqu&#039;il est suffisamment plein, ou seulement apr\u00e8s un certain d\u00e9lai.<\/p>\n\n\n\n<p class=\"wp-block-paragraph\">Je me demande si cela am\u00e9liorera tellement le lavage que le prix plus \u00e9lev\u00e9 (qui sera certainement plus \u00e9lev\u00e9) sera justifi\u00e9. Mon lave-vaisselle Bosch classique fonctionne tr\u00e8s bien depuis des ann\u00e9es, sans cam\u00e9ra.<\/p>\n\n\n\n<p class=\"wp-block-paragraph\">Encore plus futuriste, le concept Cary de Miele pour une machine \u00e0 laver utilise des capteurs et l&#039;intelligence artificielle pour reconna\u00eetre le linge et d\u00e9terminer le programme, la temp\u00e9rature, la vitesse d&#039;essorage et les autres r\u00e9glages appropri\u00e9s.<\/p>\n\n\n\n<figure class=\"wp-block-gallery has-nested-images columns-default is-cropped wp-block-gallery-7 is-layout-flex wp-block-gallery-is-layout-flex\">\n<figure class=\"wp-block-image size-large\"><a href=\"\/wp-content\/uploads\/2026\/09\/2026-064_01.png\"><img decoding=\"async\" data-id=\"2699839\" src=\"\/wp-content\/uploads\/2026\/09\/2026-064_01-1024x683.png\" alt=\"\" class=\"wp-image-2699839\"\/><\/a><\/figure>\n\n\n\n<figure class=\"wp-block-image size-large\"><a href=\"\/wp-content\/uploads\/2026\/09\/2026-064_02.png\"><img decoding=\"async\" data-id=\"2699837\" src=\"\/wp-content\/uploads\/2026\/09\/2026-064_02-1024x768.png\" alt=\"\" class=\"wp-image-2699837\"\/><\/a><\/figure>\n\n\n\n<figure class=\"wp-block-image size-large\"><a href=\"\/wp-content\/uploads\/2026\/09\/2026-064_05.png\"><img decoding=\"async\" data-id=\"2699841\" src=\"\/wp-content\/uploads\/2026\/09\/2026-064_05-1024x768.png\" alt=\"\" class=\"wp-image-2699841\"\/><\/a><\/figure>\n<\/figure>\n\n\n\n<h3 class=\"wp-block-heading\"><strong>Roomba est de retour avec une id\u00e9e int\u00e9ressante<\/strong><\/h3>\n\n\n\n<p class=\"wp-block-paragraph\">Roomba, qui op\u00e8re d\u00e9sormais sous l&#039;\u00e9gide de son nouveau propri\u00e9taire Picea Robotics, semble s&#039;\u00eatre lass\u00e9 de courir apr\u00e8s ses concurrents chinois et a recommenc\u00e9 \u00e0 innover, comme \u00e0 ses d\u00e9buts dans le domaine des aspirateurs robots.<\/p>\n\n\n\n<p class=\"wp-block-paragraph\">Outre sa puissance d&#039;aspiration impressionnante, le Roomba Max 875 Combo est dot\u00e9 de la technologie SealForce. Lorsqu&#039;il rencontre un tapis, le rebord inf\u00e9rieur de son bo\u00eetier s&#039;abaisse, cr\u00e9ant ainsi un espace plus \u00e9tanche entre l&#039;aspirateur et le tapis. Ce syst\u00e8me est cens\u00e9 diriger la puissance d&#039;aspiration de 35\u00a0000 Pa plus efficacement \u00e0 travers les fibres plut\u00f4t que de la disperser autour du robot. Le Roomba Max 875 Combo est \u00e9galement \u00e9quip\u00e9 d&#039;un brumisateur chauffant ThermaMist pour les taches, d&#039;un syst\u00e8me de rouleaux pour le nettoyage humide et d&#039;une station de lavage et de s\u00e9chage de la serpilli\u00e8re. La navigation utilise un syst\u00e8me lidar et des cam\u00e9ras. Son prix aux \u00c9tats-Unis est de 1\u00a0199\u00a0$.<\/p>\n\n\n\n<figure class=\"wp-block-gallery has-nested-images columns-default is-cropped wp-block-gallery-8 is-layout-flex wp-block-gallery-is-layout-flex\">\n<figure class=\"wp-block-image size-large\"><a href=\"\/wp-content\/uploads\/2026\/09\/Roomba_Max_875_Combo_AutoWash_Black_Photo_Insitu_Dock_DTC_3000x3000_fr-CA.webp\"><img decoding=\"async\" data-id=\"2699843\" src=\"\/wp-content\/uploads\/2026\/09\/Roomba_Max_875_Combo_AutoWash_Black_Photo_Insitu_Dock_DTC_3000x3000_fr-CA.webp\" alt=\"\" class=\"wp-image-2699843\"\/><\/a><\/figure>\n\n\n\n<figure class=\"wp-block-image size-large\"><a href=\"\/wp-content\/uploads\/2026\/09\/Roomba_Max_875_Combo_AutoWash_Black_Photo_Insitu_Suction_DTC_3000x3000_NA_JA.webp\"><img decoding=\"async\" data-id=\"2699845\" src=\"\/wp-content\/uploads\/2026\/09\/Roomba_Max_875_Combo_AutoWash_Black_Photo_Insitu_Suction_DTC_3000x3000_NA_JA.webp\" alt=\"\" class=\"wp-image-2699845\"\/><\/a><\/figure>\n<\/figure>\n\n\n\n<h3 class=\"wp-block-heading\"><strong>Les tondeuses robotis\u00e9es tondront \u00e9galement le long des bordures.<\/strong><\/h3>\n\n\n\n<p class=\"wp-block-paragraph\">Quiconque a d\u00e9j\u00e0 utilis\u00e9 une tondeuse robotis\u00e9e conna\u00eet son probl\u00e8me le plus ironique\u00a0: le robot tond la quasi-totalit\u00e9 de la pelouse, mais il faut ensuite sortir le coupe-bordures et tailler soi-m\u00eame les bordures.<\/p>\n\n\n\n<p class=\"wp-block-paragraph\">La tondeuse Dreame A4 AWD Pro tente de rem\u00e9dier \u00e0 ce probl\u00e8me gr\u00e2ce \u00e0 son syst\u00e8me de coupe r\u00e9tractable EdgeMaster. J&#039;ai d\u00e9j\u00e0 vu un syst\u00e8me similaire chez Husqvarna. La marque parle d&#039;une coupe au ras des bordures (0 cm), mais il s&#039;agit d&#039;une mesure r\u00e9alis\u00e9e en laboratoire et le r\u00e9sultat d\u00e9pendra bien s\u00fbr de la configuration du jardin. Le syst\u00e8me de navigation combine lidar, positionnement par satellite et cam\u00e9ras, tandis que des capteurs suppl\u00e9mentaires d\u00e9tectent les bordures, les obstacles, les personnes et les animaux.<\/p>\n\n\n\n<p class=\"wp-block-paragraph\">Eufy et Mammotion ont \u00e9galement pr\u00e9sent\u00e9 des tondeuses \u00e0 gazon dot\u00e9es de m\u00e9canismes de coupe des bordures suppl\u00e9mentaires.<\/p>\n\n\n\n<figure class=\"wp-block-gallery has-nested-images columns-default is-cropped wp-block-gallery-9 is-layout-flex wp-block-gallery-is-layout-flex\">\n<figure class=\"wp-block-image size-large\"><a href=\"\/wp-content\/uploads\/2026\/09\/Dreame-A4-AWD-Pro-front.webp\"><img decoding=\"async\" data-id=\"2699847\" src=\"\/wp-content\/uploads\/2026\/09\/Dreame-A4-AWD-Pro-front-1024x683.webp\" alt=\"\" class=\"wp-image-2699847\"\/><\/a><\/figure>\n\n\n\n<figure class=\"wp-block-image size-large\"><a href=\"\/wp-content\/uploads\/2026\/09\/Dreame-A4-AWD-Pro-side-arm-side.webp\"><img decoding=\"async\" data-id=\"2699849\" src=\"\/wp-content\/uploads\/2026\/09\/Dreame-A4-AWD-Pro-side-arm-side-1024x683.webp\" alt=\"\" class=\"wp-image-2699849\"\/><\/a><\/figure>\n<\/figure>\n\n\n\n<h3 class=\"wp-block-heading\"><strong>Les projecteurs font peu \u00e0 peu dispara\u00eetre l&#039;argument \u00ab oui, mais la t\u00e9l\u00e9vision est plus lumineuse \u00bb.<\/strong><\/h3>\n\n\n\n<p class=\"wp-block-paragraph\">Parmi les appareils de divertissement \u00e0 domicile, le JMGO Iris Ultra Max se distingue. Ce vid\u00e9oprojecteur 4K est \u00e9quip\u00e9 de trois lasers offrant une luminosit\u00e9 de 6\u00a0500 lumens ISO, d&#039;un syst\u00e8me \u00e0 double ouverture et d&#039;un taux de contraste de 10\u00a0000:1. Il prend en charge la 4K \u00e0 120 Hz, le VRR, l&#039;ALLM et le Dolby Vision, et dispose d&#039;un m\u00e9canisme de r\u00e9glage motoris\u00e9 de la position, d&#039;un zoom optique de 0,88 \u00e0 1,7:1, et bien plus encore. Son prix est de 3\u00a0499 $ et les premi\u00e8res livraisons sont pr\u00e9vues pour octobre.<\/p>\n\n\n\n<p class=\"wp-block-paragraph\">Certes, avec 3\u00a0500\u00a0$, vous pouvez vous offrir un tr\u00e8s bon t\u00e9l\u00e9viseur, et de tr\u00e8s grande taille. Mais installer un t\u00e9l\u00e9viseur de 100 pouces ou plus dans son salon n&#039;est pas pour autant chose ais\u00e9e.<\/p>\n\n\n\n<figure class=\"wp-block-gallery has-nested-images columns-default is-cropped wp-block-gallery-10 is-layout-flex wp-block-gallery-is-layout-flex\">\n<figure class=\"wp-block-image size-large\"><a href=\"\/wp-content\/uploads\/2026\/09\/3.3-IRIS_Ultra_Max_pc_d7c7ffde-3972-47ed-b7f0-b6b14e6e4676.webp\"><img decoding=\"async\" data-id=\"2699851\" src=\"\/wp-content\/uploads\/2026\/09\/3.3-IRIS_Ultra_Max_pc_d7c7ffde-3972-47ed-b7f0-b6b14e6e4676-1024x420.webp\" alt=\"\" class=\"wp-image-2699851\"\/><\/a><\/figure>\n<\/figure>\n\n\n\n<h3 class=\"wp-block-heading\"><strong>Xiaomi n&#039;a pas apport\u00e9 un seul produit. Elle a apport\u00e9 presque un magasin entier.<\/strong><\/h3>\n\n\n\n<p class=\"wp-block-paragraph\">Il s&#039;agit de sa premi\u00e8re participation majeure \u00e0 l&#039;IFA, et l&#039;entreprise souhaite pr\u00e9senter sa strat\u00e9gie \u00ab\u00a0Humain \u00d7 Voiture \u00d7 Maison\u00a0\u00bb de mani\u00e8re novatrice. Elle expose plus de 380 produits au salon, allant des t\u00e9l\u00e9phones et objets connect\u00e9s aux appareils \u00e9lectrom\u00e9nagers et aux voitures.<\/p>\n\n\n\n<figure class=\"wp-block-gallery has-nested-images columns-default is-cropped wp-block-gallery-11 is-layout-flex wp-block-gallery-is-layout-flex\">\n<figure class=\"wp-block-image size-large\"><a href=\"\/wp-content\/uploads\/2026\/09\/ZYS_0832-scaled.jpg\"><img decoding=\"async\" data-id=\"2699563\" src=\"\/wp-content\/uploads\/2026\/09\/ZYS_0832-scaled.jpg\" alt=\"\" class=\"wp-image-2699563\"\/><\/a><\/figure>\n\n\n\n<figure class=\"wp-block-image size-large\"><a href=\"\/wp-content\/uploads\/2026\/09\/ZYS_1021-scaled.jpg\"><img decoding=\"async\" data-id=\"2699565\" src=\"\/wp-content\/uploads\/2026\/09\/ZYS_1021-scaled.jpg\" alt=\"\" class=\"wp-image-2699565\"\/><\/a><\/figure>\n\n\n\n<figure class=\"wp-block-image size-large\"><a href=\"\/wp-content\/uploads\/2026\/09\/ZYS_0937-scaled.jpg\"><img decoding=\"async\" data-id=\"2699561\" src=\"\/wp-content\/uploads\/2026\/09\/ZYS_0937-scaled.jpg\" alt=\"\" class=\"wp-image-2699561\"\/><\/a><\/figure>\n<\/figure>\n\n\n\n<p class=\"wp-block-paragraph\">Les visiteurs ont pu d\u00e9couvrir en avant-premi\u00e8re le t\u00e9l\u00e9phone pliable Xiaomi 18 Fold, dot\u00e9 d&#039;un format d&#039;image plus large (comme le Huawei Pura X et le Galaxy Z Fold8), du nouveau processeur XRING O3 de 3 nanom\u00e8tres et de la m\u00e9moire LPDDR6, ainsi que du robot humano\u00efde CyberOne, qui montre aux visiteurs un geste de c\u0153ur en direct avec ses doigts et qui est actuellement test\u00e9 sur les cha\u00eenes de montage des usines de v\u00e9hicules \u00e9lectriques pour la fixation des \u00e9crous.<\/p>\n\n\n\n<p class=\"wp-block-paragraph\">L&#039;IFA 2026 vient de commencer, nous compl\u00e9terons donc cette liste dans les prochains jours.<\/p>","protected":false},"excerpt":{"rendered":"<p>Sejem se je danes, 4. septembra, uradno odprl v berlinskem razstavi\u0161\u010du Messe Berlin in bo trajal do 8. septembra. Gre za enega najve\u010djih sejmov potro\u0161ni\u0161ke elektronike na svetu, ki na pribli\u017eno 190.000 kvadratnih metrih v 27 dvoranah poteka \u017ee od leta 1924. Leto\u0161nja tema je The Future Is Now, pri\u010dakuje pa se okoli 1900 razstavljavcev, [&hellip;]<\/p>","protected":false},"author":2,"featured_media":0,"comment_status":"","ping_status":"open","sticky":false,"template":"","format":"standard","meta":{"_acf_changed":false,"footnotes":""},"categories":[48,24,30,18,98,32,4,56,16,52,50,96,12,8],"tags":[340],"class_list":["post-8117","post","type-post","status-publish","format-standard","hentry","category-dodatki","category-monitorji","category-mrezna-oprema","category-prenosni-racunalniki","category-projektorji","category-komponente","category-racunalnistvo-telefonija","category-slusalke","category-oprema","category-telefoni","category-telefonija","category-televizorji","category-triki-nasveti","category-zivljenjski-slog","tag-ifa"],"acf":{"subtitle":"","heading":"","summary":"IFA 2026 je postregla z drzno me\u0161anico novih prenosnikov, 1100-Hz monitorjev, Wi-Fi 8, robotskih pomo\u010dnikov, pametnega doma in vse bolj uporabne UI. Izbrali smo izdelke in trende, ki so letos najbolj izstopali.","thumbnail_small":"https:\/\/racunalniske-novice.com\/wp-content\/uploads\/2026\/09\/IFA-2026-kolaz-produktov-560x315.png","thumbnail_large":"https:\/\/racunalniske-novice.com\/wp-content\/uploads\/2026\/09\/IFA-2026-kolaz-produktov-1024x576.png","thumbnail_caption":"","gallery":"","video_gallery":null,"author":"Avtor: Peter \u010cebron","links":null,"sources":null,"skip_language":[]},"yoast_head":"<!-- This site is optimized with the Yoast SEO plugin v22.8 - https:\/\/yoast.com\/wordpress\/plugins\/seo\/ -->\n<title>IFA 2026: solarni ra\u010dunalniki, pomivalni stroji s kamerami, 1100-Hz monitorji \u2026 - Ra\u010dunalni\u0161ke novice<\/title>\n<meta name=\"description\" content=\"IFA 2026 je postregla z drzno me\u0161anico novih prenosnikov, 1100-Hz monitorjev, Wi-Fi 8, robotskih pomo\u010dnikov, pametnega doma in vse bolj uporabne UI. Izbrali smo izdelke in trende, ki so letos najbolj\" \/>\n<meta name=\"robots\" content=\"index, follow, max-snippet:-1, max-image-preview:large, max-video-preview:-1\" \/>\n<link rel=\"canonical\" href=\"https:\/\/viva.racunalniske-novice.com\/fr\/wp-json\/wp\/v2\/posts\/8117\" \/>\n<meta property=\"og:locale\" content=\"fr_FR\" \/>\n<meta property=\"og:type\" content=\"article\" \/>\n<meta property=\"og:title\" content=\"IFA 2026: solarni ra\u010dunalniki, pomivalni stroji s kamerami, 1100-Hz monitorji \u2026 - Ra\u010dunalni\u0161ke novice\" \/>\n<meta property=\"og:description\" content=\"Sejem se je danes, 4. septembra, uradno odprl v berlinskem razstavi\u0161\u010du Messe Berlin in bo trajal do 8. septembra. Gre za enega najve\u010djih sejmov potro\u0161ni\u0161ke elektronike na svetu, ki na pribli\u017eno 190.000 kvadratnih metrih v 27 dvoranah poteka \u017ee od leta 1924. Leto\u0161nja tema je The Future Is Now, pri\u010dakuje pa se okoli 1900 razstavljavcev, [&hellip;]\" \/>\n<meta property=\"og:url\" content=\"https:\/\/viva.racunalniske-novice.com\/fr\/ifa-2026-ordinateurs-solaires-lave-vaisselle-avec-cameras-moniteurs-1100-hz\/\" \/>\n<meta property=\"og:site_name\" content=\"Ra\u010dunalni\u0161ke novice\" \/>\n<meta property=\"article:published_time\" content=\"2026-09-04T08:27:57+00:00\" \/>\n<meta name=\"author\" content=\"sinusiks\" \/>\n<meta name=\"twitter:card\" content=\"summary_large_image\" \/>\n<meta name=\"twitter:label1\" content=\"\u00c9crit par\" \/>\n\t<meta name=\"twitter:data1\" content=\"sinusiks\" \/>\n\t<meta name=\"twitter:label2\" content=\"Dur\u00e9e de lecture estim\u00e9e\" \/>\n\t<meta name=\"twitter:data2\" content=\"10 minutes\" \/>\n<script type=\"application\/ld+json\" class=\"yoast-schema-graph\">{\"@context\":\"https:\/\/schema.org\",\"@graph\":[{\"@type\":\"WebPage\",\"@id\":\"https:\/\/viva.racunalniske-novice.com\/ifa-2026-solarni-racunalniki-pomivalni-stroji-s-kamerami-1100-hz-monitorji\/\",\"url\":\"https:\/\/viva.racunalniske-novice.com\/ifa-2026-solarni-racunalniki-pomivalni-stroji-s-kamerami-1100-hz-monitorji\/\",\"name\":\"IFA 2026: solarni ra\u010dunalniki, pomivalni stroji s kamerami, 1100-Hz monitorji \u2026 - Ra\u010dunalni\u0161ke novice\",\"isPartOf\":{\"@id\":\"https:\/\/viva.racunalniske-novice.com\/en\/#website\"},\"datePublished\":\"2026-09-04T08:27:57+00:00\",\"dateModified\":\"2026-09-04T08:27:57+00:00\",\"author\":{\"@id\":\"https:\/\/viva.racunalniske-novice.com\/en\/#\/schema\/person\/afb62e36efa34516d50249517e4cdbb4\"},\"breadcrumb\":{\"@id\":\"https:\/\/viva.racunalniske-novice.com\/ifa-2026-solarni-racunalniki-pomivalni-stroji-s-kamerami-1100-hz-monitorji\/#breadcrumb\"},\"inLanguage\":\"fr-FR\",\"potentialAction\":[{\"@type\":\"ReadAction\",\"target\":[\"https:\/\/viva.racunalniske-novice.com\/ifa-2026-solarni-racunalniki-pomivalni-stroji-s-kamerami-1100-hz-monitorji\/\"]}]},{\"@type\":\"BreadcrumbList\",\"@id\":\"https:\/\/viva.racunalniske-novice.com\/ifa-2026-solarni-racunalniki-pomivalni-stroji-s-kamerami-1100-hz-monitorji\/#breadcrumb\",\"itemListElement\":[{\"@type\":\"ListItem\",\"position\":1,\"name\":\"Home\",\"item\":\"https:\/\/viva.racunalniske-novice.com\/en\/\"},{\"@type\":\"ListItem\",\"position\":2,\"name\":\"IFA 2026: solarni ra\u010dunalniki, pomivalni stroji s kamerami, 1100-Hz monitorji \u2026\"}]},{\"@type\":\"WebSite\",\"@id\":\"https:\/\/viva.racunalniske-novice.com\/en\/#website\",\"url\":\"https:\/\/viva.racunalniske-novice.com\/en\/\",\"name\":\"Ra\u010dunalni\u0161ke novice\",\"description\":\"\",\"potentialAction\":[{\"@type\":\"SearchAction\",\"target\":{\"@type\":\"EntryPoint\",\"urlTemplate\":\"https:\/\/viva.racunalniske-novice.com\/en\/?s={search_term_string}\"},\"query-input\":\"required name=search_term_string\"}],\"inLanguage\":\"fr-FR\"},{\"@type\":\"Person\",\"@id\":\"https:\/\/viva.racunalniske-novice.com\/en\/#\/schema\/person\/afb62e36efa34516d50249517e4cdbb4\",\"name\":\"sinusiks\",\"sameAs\":[\"https:\/\/ml.racunalniske-novice.com\"],\"url\":\"https:\/\/viva.racunalniske-novice.com\/fr\/author\/sinusiks\/\"}]}<\/script>\n<!-- \/ Yoast SEO plugin. -->","yoast_head_json":{"title":"IFA 2026: solarni ra\u010dunalniki, pomivalni stroji s kamerami, 1100-Hz monitorji \u2026 - Ra\u010dunalni\u0161ke novice","description":"IFA 2026 je postregla z drzno me\u0161anico novih prenosnikov, 1100-Hz monitorjev, Wi-Fi 8, robotskih pomo\u010dnikov, pametnega doma in vse bolj uporabne UI. Izbrali smo izdelke in trende, ki so letos najbolj","robots":{"index":"index","follow":"follow","max-snippet":"max-snippet:-1","max-image-preview":"max-image-preview:large","max-video-preview":"max-video-preview:-1"},"canonical":"https:\/\/viva.racunalniske-novice.com\/fr\/wp-json\/wp\/v2\/posts\/8117","og_locale":"fr_FR","og_type":"article","og_title":"IFA 2026: solarni ra\u010dunalniki, pomivalni stroji s kamerami, 1100-Hz monitorji \u2026 - Ra\u010dunalni\u0161ke novice","og_description":"Sejem se je danes, 4. septembra, uradno odprl v berlinskem razstavi\u0161\u010du Messe Berlin in bo trajal do 8. septembra. Gre za enega najve\u010djih sejmov potro\u0161ni\u0161ke elektronike na svetu, ki na pribli\u017eno 190.000 kvadratnih metrih v 27 dvoranah poteka \u017ee od leta 1924. Leto\u0161nja tema je The Future Is Now, pri\u010dakuje pa se okoli 1900 razstavljavcev, [&hellip;]","og_url":"https:\/\/viva.racunalniske-novice.com\/fr\/ifa-2026-ordinateurs-solaires-lave-vaisselle-avec-cameras-moniteurs-1100-hz\/","og_site_name":"Ra\u010dunalni\u0161ke novice","article_published_time":"2026-09-04T08:27:57+00:00","author":"sinusiks","twitter_card":"summary_large_image","twitter_misc":{"\u00c9crit par":"sinusiks","Dur\u00e9e de lecture estim\u00e9e":"10 minutes"},"schema":{"@context":"https:\/\/schema.org","@graph":[{"@type":"WebPage","@id":"https:\/\/viva.racunalniske-novice.com\/ifa-2026-solarni-racunalniki-pomivalni-stroji-s-kamerami-1100-hz-monitorji\/","url":"https:\/\/viva.racunalniske-novice.com\/ifa-2026-solarni-racunalniki-pomivalni-stroji-s-kamerami-1100-hz-monitorji\/","name":"IFA 2026: solarni ra\u010dunalniki, pomivalni stroji s kamerami, 1100-Hz monitorji \u2026 - Ra\u010dunalni\u0161ke novice","isPartOf":{"@id":"https:\/\/viva.racunalniske-novice.com\/en\/#website"},"datePublished":"2026-09-04T08:27:57+00:00","dateModified":"2026-09-04T08:27:57+00:00","author":{"@id":"https:\/\/viva.racunalniske-novice.com\/en\/#\/schema\/person\/afb62e36efa34516d50249517e4cdbb4"},"breadcrumb":{"@id":"https:\/\/viva.racunalniske-novice.com\/ifa-2026-solarni-racunalniki-pomivalni-stroji-s-kamerami-1100-hz-monitorji\/#breadcrumb"},"inLanguage":"fr-FR","potentialAction":[{"@type":"ReadAction","target":["https:\/\/viva.racunalniske-novice.com\/ifa-2026-solarni-racunalniki-pomivalni-stroji-s-kamerami-1100-hz-monitorji\/"]}]},{"@type":"BreadcrumbList","@id":"https:\/\/viva.racunalniske-novice.com\/ifa-2026-solarni-racunalniki-pomivalni-stroji-s-kamerami-1100-hz-monitorji\/#breadcrumb","itemListElement":[{"@type":"ListItem","position":1,"name":"Home","item":"https:\/\/viva.racunalniske-novice.com\/en\/"},{"@type":"ListItem","position":2,"name":"IFA 2026: solarni ra\u010dunalniki, pomivalni stroji s kamerami, 1100-Hz monitorji \u2026"}]},{"@type":"WebSite","@id":"https:\/\/viva.racunalniske-novice.com\/en\/#website","url":"https:\/\/viva.racunalniske-novice.com\/en\/","name":"Ra\u010dunalni\u0161ke novice","description":"","potentialAction":[{"@type":"SearchAction","target":{"@type":"EntryPoint","urlTemplate":"https:\/\/viva.racunalniske-novice.com\/en\/?s={search_term_string}"},"query-input":"required name=search_term_string"}],"inLanguage":"fr-FR"},{"@type":"Person","@id":"https:\/\/viva.racunalniske-novice.com\/en\/#\/schema\/person\/afb62e36efa34516d50249517e4cdbb4","name":"sinusiks","sameAs":["https:\/\/ml.racunalniske-novice.com"],"url":"https:\/\/viva.racunalniske-novice.com\/fr\/author\/sinusiks\/"}]}},"_links":{"self":[{"href":"https:\/\/viva.racunalniske-novice.com\/fr\/wp-json\/wp\/v2\/posts\/8117","targetHints":{"allow":["GET"]}}],"collection":[{"href":"https:\/\/viva.racunalniske-novice.com\/fr\/wp-json\/wp\/v2\/posts"}],"about":[{"href":"https:\/\/viva.racunalniske-novice.com\/fr\/wp-json\/wp\/v2\/types\/post"}],"author":[{"embeddable":true,"href":"https:\/\/viva.racunalniske-novice.com\/fr\/wp-json\/wp\/v2\/users\/2"}],"replies":[{"embeddable":true,"href":"https:\/\/viva.racunalniske-novice.com\/fr\/wp-json\/wp\/v2\/comments?post=8117"}],"version-history":[{"count":0,"href":"https:\/\/viva.racunalniske-novice.com\/fr\/wp-json\/wp\/v2\/posts\/8117\/revisions"}],"wp:attachment":[{"href":"https:\/\/viva.racunalniske-novice.com\/fr\/wp-json\/wp\/v2\/media?parent=8117"}],"wp:term":[{"taxonomy":"category","embeddable":true,"href":"https:\/\/viva.racunalniske-novice.com\/fr\/wp-json\/wp\/v2\/categories?post=8117"},{"taxonomy":"post_tag","embeddable":true,"href":"https:\/\/viva.racunalniske-novice.com\/fr\/wp-json\/wp\/v2\/tags?post=8117"}],"curies":[{"name":"wp","href":"https:\/\/api.w.org\/{rel}","templated":true}]}}