{"id":8121,"date":"2026-09-04T09:45:00","date_gmt":"2026-09-04T07:45:00","guid":{"rendered":"https:\/\/viva.racunalniske-novice.com\/bodo-prenosniki-brez-ventilatorjev-postali-del-nase-prihodnosti\/"},"modified":"2026-09-04T09:45:00","modified_gmt":"2026-09-04T07:45:00","slug":"bodo-prenosniki-brez-ventilatorjev-postali-del-nase-prihodnosti","status":"publish","type":"post","link":"https:\/\/viva.racunalniske-novice.com\/fr\/les-ordinateurs-portables-sans-ventilateur-feront-ils-partie-de-notre-avenir\/","title":{"rendered":"Les ordinateurs portables sans ventilateur feront-ils partie de notre avenir ?"},"content":{"rendered":"<p class=\"wp-block-paragraph\">Depuis des ann\u00e9es, les fabricants d&#039;ordinateurs portables cherchent \u00e0 concevoir des appareils plus fins et plus l\u00e9gers sans compromettre les performances du processeur. Le principal obstacle r\u00e9side dans les syst\u00e8mes de refroidissement traditionnels, car les ventilateurs, les caloducs et les a\u00e9rations occupent un espace consid\u00e9rable \u00e0 l&#039;int\u00e9rieur du bo\u00eetier. Lors de l&#039;IFA 2026, Lenovo a pr\u00e9sent\u00e9 sa vision d&#039;une solution avec le concept d&#039;ordinateur portable Lenovo ThinkBook Project AeroBlade, qui utilise une technologie de refroidissement actif totalement diff\u00e9rente, rempla\u00e7ant ainsi les ventilateurs rotatifs classiques.<\/p>\n\n\n\n<p class=\"wp-block-paragraph\">Le ch\u00e2ssis de cet ordinateur portable de 35,56 cm (14 pouces) est compos\u00e9 de magn\u00e9sium et d&#039;aluminium. Ferm\u00e9, il mesure moins de 10 millim\u00e8tres d&#039;\u00e9paisseur et l&#039;appareil p\u00e8se moins de 830 grammes. D\u00e9pourvu d&#039;ouvertures pour ventilateurs classiques, le ch\u00e2ssis int\u00e8gre quatre modules de refroidissement AirJet de Lenovo, en partenariat avec Frore Systems. Ces modules fonctionnent gr\u00e2ce \u00e0 de petites membranes pi\u00e9zo\u00e9lectriques vibrant \u00e0 des fr\u00e9quences ultrasoniques, cr\u00e9ant ainsi des jets d&#039;air \u00e0 grande vitesse qui aspirent l&#039;air et le propulsent \u00e0 travers le syst\u00e8me, sans n\u00e9cessiter de ventilateur traditionnel.<\/p>\n\n\n\n<p class=\"wp-block-paragraph\">Gr\u00e2ce \u00e0 l&#039;utilisation de modules Frore Systems AirJet de seulement 2,65 millim\u00e8tres d&#039;\u00e9paisseur, Lenovo a pu r\u00e9duire consid\u00e9rablement la taille de la carte m\u00e8re. Le fabricant affirme que malgr\u00e9 cette conception extr\u00eamement fine, le syst\u00e8me peut fonctionner avec une puissance thermique allant jusqu&#039;\u00e0 20 watts. L&#039;appareil peut ainsi ex\u00e9cuter des t\u00e2ches plus exigeantes sans le bruit g\u00e9n\u00e9ralement caus\u00e9 par des ventilateurs surcharg\u00e9s. L&#039;ordinateur portable Lenovo ThinkBook Project AeroBlade est \u00e9quip\u00e9 d&#039;un \u00e9cran OLED haute r\u00e9solution, et sa charni\u00e8re flexible permet \u00e0 l&#039;\u00e9cran d&#039;\u00eatre parfaitement align\u00e9 avec la surface. Gr\u00e2ce \u00e0 la finesse du cadre, les ports USB Type-C compatibles Thunderbolt 4 et le bouton d&#039;alimentation sont plac\u00e9s sur un socle d\u00e9di\u00e9.<\/p>\n\n\n\n<p class=\"wp-block-paragraph\">Comme il s&#039;agit d&#039;un concept, Lenovo n&#039;a pas encore d\u00e9voil\u00e9 toutes les sp\u00e9cifications exactes, et il n&#039;a pas \u00e9t\u00e9 possible de tester l&#039;appareil \u00e0 pleine charge lors du salon pour confirmer en pratique les affirmations concernant un fonctionnement totalement silencieux \u00e0 des niveaux de performance plus \u00e9lev\u00e9s. <\/p>","protected":false},"excerpt":{"rendered":"<p>Proizvajalci prenosnih ra\u010dunalnikov \u017ee leta i\u0161\u010dejo na\u010dine, kako naprave narediti tanj\u0161e in la\u017eje, ne da bi ob tem trpela zmogljivost procesorja. Najve\u010djo oviro pri tem predstavljajo klasi\u010dni hladilni sistemi, saj ventilatorji, toplotne cevi ter zra\u010dne odprtine zahtevajo precej prostora znotraj ohi\u0161ja. Podjetje Lenovo pa je na sejmu IFA 2026 ponudilo svojo vizijo re\u0161itve s konceptnim [&hellip;]<\/p>","protected":false},"author":2,"featured_media":0,"comment_status":"","ping_status":"open","sticky":false,"template":"","format":"standard","meta":{"_acf_changed":false,"footnotes":""},"categories":[18],"tags":[354],"class_list":["post-8121","post","type-post","status-publish","format-standard","hentry","category-prenosni-racunalniki","tag-lenovo-prenosni-racunalniki"],"acf":{"subtitle":"","heading":"","summary":"Lenovo je na sejmu IFA 2026 predstavil 35,56 cm konceptni prenosnik ThinkBook Project AeroBlade. Naprava tehta pod 830 g, meri manj kot 10 mm v debelino ter uporablja ultrazvo\u010dne module AirJet za tiho hlajenje brez ventilatorjev.","thumbnail_small":"https:\/\/racunalniske-novice.com\/wp-content\/uploads\/2026\/09\/75333402_o-560x315.jpg","thumbnail_large":"https:\/\/racunalniske-novice.com\/wp-content\/uploads\/2026\/09\/75333402_o.jpg","thumbnail_caption":"Foto: Lenovo","gallery":"","video_gallery":null,"author":"","links":null,"sources":null,"skip_language":[]},"yoast_head":"<!-- This site is optimized with the Yoast SEO plugin v22.8 - https:\/\/yoast.com\/wordpress\/plugins\/seo\/ -->\n<title>Bodo prenosniki brez ventilatorjev postali del na\u0161e prihodnosti? - Ra\u010dunalni\u0161ke novice<\/title>\n<meta name=\"description\" content=\"Lenovo je na sejmu IFA 2026 predstavil 35,56 cm konceptni prenosnik ThinkBook Project AeroBlade. Naprava tehta pod 830 g, meri manj kot 10 mm v debelino ter uporablja ultrazvo\u010dne module AirJet za tiho\" \/>\n<meta name=\"robots\" content=\"index, follow, max-snippet:-1, max-image-preview:large, max-video-preview:-1\" \/>\n<link rel=\"canonical\" href=\"https:\/\/viva.racunalniske-novice.com\/fr\/wp-json\/wp\/v2\/posts\/8121\" \/>\n<meta property=\"og:locale\" content=\"fr_FR\" \/>\n<meta property=\"og:type\" content=\"article\" \/>\n<meta property=\"og:title\" content=\"Bodo prenosniki brez ventilatorjev postali del na\u0161e prihodnosti? - Ra\u010dunalni\u0161ke novice\" \/>\n<meta property=\"og:description\" content=\"Proizvajalci prenosnih ra\u010dunalnikov \u017ee leta i\u0161\u010dejo na\u010dine, kako naprave narediti tanj\u0161e in la\u017eje, ne da bi ob tem trpela zmogljivost procesorja. Najve\u010djo oviro pri tem predstavljajo klasi\u010dni hladilni sistemi, saj ventilatorji, toplotne cevi ter zra\u010dne odprtine zahtevajo precej prostora znotraj ohi\u0161ja. Podjetje Lenovo pa je na sejmu IFA 2026 ponudilo svojo vizijo re\u0161itve s konceptnim [&hellip;]\" \/>\n<meta property=\"og:url\" content=\"https:\/\/viva.racunalniske-novice.com\/fr\/les-ordinateurs-portables-sans-ventilateur-feront-ils-partie-de-notre-avenir\/\" \/>\n<meta property=\"og:site_name\" content=\"Ra\u010dunalni\u0161ke novice\" \/>\n<meta property=\"article:published_time\" content=\"2026-09-04T07:45:00+00:00\" \/>\n<meta name=\"author\" content=\"sinusiks\" \/>\n<meta name=\"twitter:card\" content=\"summary_large_image\" \/>\n<meta name=\"twitter:label1\" content=\"\u00c9crit par\" \/>\n\t<meta name=\"twitter:data1\" content=\"sinusiks\" \/>\n\t<meta name=\"twitter:label2\" content=\"Dur\u00e9e de lecture estim\u00e9e\" \/>\n\t<meta name=\"twitter:data2\" content=\"2 minutes\" \/>\n<script type=\"application\/ld+json\" class=\"yoast-schema-graph\">{\"@context\":\"https:\/\/schema.org\",\"@graph\":[{\"@type\":\"WebPage\",\"@id\":\"https:\/\/viva.racunalniske-novice.com\/bodo-prenosniki-brez-ventilatorjev-postali-del-nase-prihodnosti\/\",\"url\":\"https:\/\/viva.racunalniske-novice.com\/bodo-prenosniki-brez-ventilatorjev-postali-del-nase-prihodnosti\/\",\"name\":\"Bodo prenosniki brez ventilatorjev postali del na\u0161e prihodnosti? - Ra\u010dunalni\u0161ke novice\",\"isPartOf\":{\"@id\":\"https:\/\/viva.racunalniske-novice.com\/en\/#website\"},\"datePublished\":\"2026-09-04T07:45:00+00:00\",\"dateModified\":\"2026-09-04T07:45:00+00:00\",\"author\":{\"@id\":\"https:\/\/viva.racunalniske-novice.com\/en\/#\/schema\/person\/afb62e36efa34516d50249517e4cdbb4\"},\"breadcrumb\":{\"@id\":\"https:\/\/viva.racunalniske-novice.com\/bodo-prenosniki-brez-ventilatorjev-postali-del-nase-prihodnosti\/#breadcrumb\"},\"inLanguage\":\"fr-FR\",\"potentialAction\":[{\"@type\":\"ReadAction\",\"target\":[\"https:\/\/viva.racunalniske-novice.com\/bodo-prenosniki-brez-ventilatorjev-postali-del-nase-prihodnosti\/\"]}]},{\"@type\":\"BreadcrumbList\",\"@id\":\"https:\/\/viva.racunalniske-novice.com\/bodo-prenosniki-brez-ventilatorjev-postali-del-nase-prihodnosti\/#breadcrumb\",\"itemListElement\":[{\"@type\":\"ListItem\",\"position\":1,\"name\":\"Home\",\"item\":\"https:\/\/viva.racunalniske-novice.com\/en\/\"},{\"@type\":\"ListItem\",\"position\":2,\"name\":\"Bodo prenosniki brez ventilatorjev postali del na\u0161e prihodnosti?\"}]},{\"@type\":\"WebSite\",\"@id\":\"https:\/\/viva.racunalniske-novice.com\/en\/#website\",\"url\":\"https:\/\/viva.racunalniske-novice.com\/en\/\",\"name\":\"Ra\u010dunalni\u0161ke novice\",\"description\":\"\",\"potentialAction\":[{\"@type\":\"SearchAction\",\"target\":{\"@type\":\"EntryPoint\",\"urlTemplate\":\"https:\/\/viva.racunalniske-novice.com\/en\/?s={search_term_string}\"},\"query-input\":\"required name=search_term_string\"}],\"inLanguage\":\"fr-FR\"},{\"@type\":\"Person\",\"@id\":\"https:\/\/viva.racunalniske-novice.com\/en\/#\/schema\/person\/afb62e36efa34516d50249517e4cdbb4\",\"name\":\"sinusiks\",\"sameAs\":[\"https:\/\/ml.racunalniske-novice.com\"],\"url\":\"https:\/\/viva.racunalniske-novice.com\/fr\/author\/sinusiks\/\"}]}<\/script>\n<!-- \/ Yoast SEO plugin. -->","yoast_head_json":{"title":"Bodo prenosniki brez ventilatorjev postali del na\u0161e prihodnosti? - Ra\u010dunalni\u0161ke novice","description":"Lenovo je na sejmu IFA 2026 predstavil 35,56 cm konceptni prenosnik ThinkBook Project AeroBlade. Naprava tehta pod 830 g, meri manj kot 10 mm v debelino ter uporablja ultrazvo\u010dne module AirJet za tiho","robots":{"index":"index","follow":"follow","max-snippet":"max-snippet:-1","max-image-preview":"max-image-preview:large","max-video-preview":"max-video-preview:-1"},"canonical":"https:\/\/viva.racunalniske-novice.com\/fr\/wp-json\/wp\/v2\/posts\/8121","og_locale":"fr_FR","og_type":"article","og_title":"Bodo prenosniki brez ventilatorjev postali del na\u0161e prihodnosti? - Ra\u010dunalni\u0161ke novice","og_description":"Proizvajalci prenosnih ra\u010dunalnikov \u017ee leta i\u0161\u010dejo na\u010dine, kako naprave narediti tanj\u0161e in la\u017eje, ne da bi ob tem trpela zmogljivost procesorja. Najve\u010djo oviro pri tem predstavljajo klasi\u010dni hladilni sistemi, saj ventilatorji, toplotne cevi ter zra\u010dne odprtine zahtevajo precej prostora znotraj ohi\u0161ja. Podjetje Lenovo pa je na sejmu IFA 2026 ponudilo svojo vizijo re\u0161itve s konceptnim [&hellip;]","og_url":"https:\/\/viva.racunalniske-novice.com\/fr\/les-ordinateurs-portables-sans-ventilateur-feront-ils-partie-de-notre-avenir\/","og_site_name":"Ra\u010dunalni\u0161ke novice","article_published_time":"2026-09-04T07:45:00+00:00","author":"sinusiks","twitter_card":"summary_large_image","twitter_misc":{"\u00c9crit par":"sinusiks","Dur\u00e9e de lecture estim\u00e9e":"2 minutes"},"schema":{"@context":"https:\/\/schema.org","@graph":[{"@type":"WebPage","@id":"https:\/\/viva.racunalniske-novice.com\/bodo-prenosniki-brez-ventilatorjev-postali-del-nase-prihodnosti\/","url":"https:\/\/viva.racunalniske-novice.com\/bodo-prenosniki-brez-ventilatorjev-postali-del-nase-prihodnosti\/","name":"Bodo prenosniki brez ventilatorjev postali del na\u0161e prihodnosti? - Ra\u010dunalni\u0161ke novice","isPartOf":{"@id":"https:\/\/viva.racunalniske-novice.com\/en\/#website"},"datePublished":"2026-09-04T07:45:00+00:00","dateModified":"2026-09-04T07:45:00+00:00","author":{"@id":"https:\/\/viva.racunalniske-novice.com\/en\/#\/schema\/person\/afb62e36efa34516d50249517e4cdbb4"},"breadcrumb":{"@id":"https:\/\/viva.racunalniske-novice.com\/bodo-prenosniki-brez-ventilatorjev-postali-del-nase-prihodnosti\/#breadcrumb"},"inLanguage":"fr-FR","potentialAction":[{"@type":"ReadAction","target":["https:\/\/viva.racunalniske-novice.com\/bodo-prenosniki-brez-ventilatorjev-postali-del-nase-prihodnosti\/"]}]},{"@type":"BreadcrumbList","@id":"https:\/\/viva.racunalniske-novice.com\/bodo-prenosniki-brez-ventilatorjev-postali-del-nase-prihodnosti\/#breadcrumb","itemListElement":[{"@type":"ListItem","position":1,"name":"Home","item":"https:\/\/viva.racunalniske-novice.com\/en\/"},{"@type":"ListItem","position":2,"name":"Bodo prenosniki brez ventilatorjev postali del na\u0161e prihodnosti?"}]},{"@type":"WebSite","@id":"https:\/\/viva.racunalniske-novice.com\/en\/#website","url":"https:\/\/viva.racunalniske-novice.com\/en\/","name":"Ra\u010dunalni\u0161ke novice","description":"","potentialAction":[{"@type":"SearchAction","target":{"@type":"EntryPoint","urlTemplate":"https:\/\/viva.racunalniske-novice.com\/en\/?s={search_term_string}"},"query-input":"required name=search_term_string"}],"inLanguage":"fr-FR"},{"@type":"Person","@id":"https:\/\/viva.racunalniske-novice.com\/en\/#\/schema\/person\/afb62e36efa34516d50249517e4cdbb4","name":"sinusiks","sameAs":["https:\/\/ml.racunalniske-novice.com"],"url":"https:\/\/viva.racunalniske-novice.com\/fr\/author\/sinusiks\/"}]}},"_links":{"self":[{"href":"https:\/\/viva.racunalniske-novice.com\/fr\/wp-json\/wp\/v2\/posts\/8121","targetHints":{"allow":["GET"]}}],"collection":[{"href":"https:\/\/viva.racunalniske-novice.com\/fr\/wp-json\/wp\/v2\/posts"}],"about":[{"href":"https:\/\/viva.racunalniske-novice.com\/fr\/wp-json\/wp\/v2\/types\/post"}],"author":[{"embeddable":true,"href":"https:\/\/viva.racunalniske-novice.com\/fr\/wp-json\/wp\/v2\/users\/2"}],"replies":[{"embeddable":true,"href":"https:\/\/viva.racunalniske-novice.com\/fr\/wp-json\/wp\/v2\/comments?post=8121"}],"version-history":[{"count":0,"href":"https:\/\/viva.racunalniske-novice.com\/fr\/wp-json\/wp\/v2\/posts\/8121\/revisions"}],"wp:attachment":[{"href":"https:\/\/viva.racunalniske-novice.com\/fr\/wp-json\/wp\/v2\/media?parent=8121"}],"wp:term":[{"taxonomy":"category","embeddable":true,"href":"https:\/\/viva.racunalniske-novice.com\/fr\/wp-json\/wp\/v2\/categories?post=8121"},{"taxonomy":"post_tag","embeddable":true,"href":"https:\/\/viva.racunalniske-novice.com\/fr\/wp-json\/wp\/v2\/tags?post=8121"}],"curies":[{"name":"wp","href":"https:\/\/api.w.org\/{rel}","templated":true}]}}