{"id":2771,"date":"2024-03-01T15:45:00","date_gmt":"2024-03-01T14:45:00","guid":{"rendered":"https:\/\/vivalainfo.com\/en\/apple-omogocil-popravila-v-lastni-reziji-tudi-za-novejse-naprave\/"},"modified":"2024-03-01T15:45:00","modified_gmt":"2024-03-01T14:45:00","slug":"apple-omogocil-popravila-v-lastni-reziji-tudi-za-novejse-naprave","status":"publish","type":"post","link":"https:\/\/viva.racunalniske-novice.com\/hr\/apple-je-i-za-novije-uredaje-omogucio-popravke-u-vlastitoj-radionici\/","title":{"rendered":"Apple je omogu\u0107io interne popravke \u010dak i za novije ure\u0111aje"},"content":{"rendered":"<p>Vjerojatno se jo\u0161 sje\u0107ate da je Apple dugo vremena prili\u010dno ote\u017eavao popravak ure\u0111aja u ku\u0107i, dok popravci u ovla\u0161tenim servisima obi\u010dno nisu bili ba\u0161 jeftini. Velike koli\u010dine ljepila, nestandardni vijci i slo\u017eena unutarnja struktura ure\u0111aja \u010desto su ote\u017eavali zamjenu baterija, ekrana ili drugih dijelova ure\u0111aja. Osim toga, na ekranu ure\u0111aja po\u010dele su se pojavljivati razne poruke o gre\u0161kama, a pojedine funkcije su jednostavno prestale raditi.<\/p>\n\n\n\n<p>Me\u0111utim, 2022. godine dogodio se nevjerojatan preokret, barem kada su u pitanju noviji Appleovi ure\u0111aji. Ra\u010dunalni div izdao je izjavu u kojoj je najavio pokretanje programa samoposlu\u017enog popravka. Ovaj je program omogu\u0107io kupcima koji su smatrali da to mogu sami u\u010diniti da unajme sav potreban alat i kupe originalne zamjenske dijelove kako bi sami obavili popravke kod ku\u0107e.<\/p>\n\n\n\n<p>\u010cini se da \u0107e Apple nastaviti svoju politiku popravka u ku\u0107i. Ovaj program je nedavno pro\u0161iren na najnovije ra\u010dunalne sustave ra\u010dunalnog diva koji su opremljeni M3 procesorom. To su 14-in\u010dni MacBook Pro, 16-in\u010dni MacBook Pro i \u200ciMac\u200c koji koriste procesore M3, M3 Pro i\/ili M3 Max za ra\u010dunanje podataka.<\/p>\n\n\n\n<p>Program samostalnog popravka dostupan je u Sjedinjenim Ameri\u010dkim Dr\u017eavama i odabranim europskim zemljama, uklju\u010duju\u0107i Sloveniju. Rezervne dijelove za na\u0161e Apple ure\u0111aje mo\u017eete naru\u010diti putem interneta na <a href=\"https:\/\/selfservicerepair.eu\/sl-SI\/order\">https:\/\/selfservicerepair.eu\/sl-SI\/order<\/a><\/p>\n<div class=\"embed-container\"><iframe src=\"https:\/\/www.youtube.com\/embed\/mdYzVaC6HSQ\" frameborder=\"0\" allowfullscreen><\/iframe><\/div><br\/>","protected":false},"excerpt":{"rendered":"<p>Vjerojatno se sje\u0107ate da je Apple dugo vremena jako te\u0161ko popravljao svoje ure\u0111aje, dok popravci u ovla\u0161tenim servisima obi\u010dno nisu bili ba\u0161 jeftini. Velike koli\u010dine ljepila, nestandardni vijci i slo\u017eena unutarnja struktura ure\u0111aja \u010desto su ote\u017eavali zamjenu baterija, zaslona ili drugih dijelova ure\u0111aja. Osim toga, zaslon ure\u0111aja [\u2026]<\/p>","protected":false},"author":2,"featured_media":0,"comment_status":"","ping_status":"open","sticky":false,"template":"","format":"standard","meta":{"_acf_changed":false,"footnotes":""},"categories":[16],"tags":[154],"class_list":["post-2771","post","type-post","status-publish","format-standard","hentry","category-oprema","tag-apple"],"acf":{"subtitle":"Apple je nedavno omogo\u010dil popravila v lastni re\u017eiji za njegove najnovej\u0161e ra\u010dunalni\u0161ke sisteme. Tu gre za naprave opremljene s procesorji M3.","heading":"","summary":"Kot vse ka\u017ee bo podjetje Apple nadaljevalo s politiko popravil v lastni re\u017eiji. Ta program je bil namre\u010d nedavno raz\u0161irjen tudi na najnovej\u0161e ra\u010dunalni\u0161ke sisteme ra\u010dunalni\u0161kega giganta, ki so opremljeni s procesorjem M3. Tu gre za 14-pal\u010dni MacBook Pro, 16-pal\u010dni MacBook Pro in iMac, ki za prera\u010dun","thumbnail_small":"https:\/\/racunalniske-novice.com\/wp-content\/uploads\/2024\/03\/Apple-EU-Self-Service-repair-iPhone_big.jpg.large_2x-1024x670-1-560x315.jpg","thumbnail_large":"https:\/\/racunalniske-novice.com\/wp-content\/uploads\/2024\/03\/Apple-EU-Self-Service-repair-iPhone_big.jpg.large_2x-1024x670-1.jpg","thumbnail_caption":"","gallery":"","video_gallery":[{"youtube_url":"https:\/\/www.youtube.com\/watch?v=mdYzVaC6HSQ"}],"author":"","links":[{"title":"Apple","url":""}],"sources":null,"skip_language":[]},"yoast_head":"<!-- This site is optimized with the Yoast SEO plugin v22.8 - https:\/\/yoast.com\/wordpress\/plugins\/seo\/ -->\n<title>Apple omogo\u010dil popravila v lastni re\u017eiji tudi za novej\u0161e naprave - Ra\u010dunalni\u0161ke novice<\/title>\n<meta name=\"description\" content=\"Kot vse ka\u017ee bo podjetje Apple nadaljevalo s politiko popravil v lastni re\u017eiji. Ta program je bil namre\u010d nedavno raz\u0161irjen tudi na najnovej\u0161e ra\u010dunalni\u0161ke sisteme ra\u010dunalni\u0161kega giganta, ki so opremlj\" \/>\n<meta name=\"robots\" content=\"index, follow, max-snippet:-1, max-image-preview:large, max-video-preview:-1\" \/>\n<link rel=\"canonical\" href=\"https:\/\/viva.racunalniske-novice.com\/hr\/wp-json\/wp\/v2\/posts\/2771\" \/>\n<meta property=\"og:locale\" content=\"hr_HR\" \/>\n<meta property=\"og:type\" content=\"article\" \/>\n<meta property=\"og:title\" content=\"Apple omogo\u010dil popravila v lastni re\u017eiji tudi za novej\u0161e naprave - Ra\u010dunalni\u0161ke novice\" \/>\n<meta property=\"og:description\" content=\"Verjetno se \u0161e spomnite, da je Apple dalj \u010dasa po\u0161teno ote\u017eeval popravilo naprav v lastni re\u017eiji, medtem ko popravilo v licen\u010dnih servisih navadno ni bilo ravno poceni. Velike koli\u010dine lepila, nestandardni vijaki in zapletena notranja zgradba naprave so pogosto ote\u017eevale zamenjavo baterij, zaslonov ali drugih delov naprave. Poleg tega so se na zaslonu naprave uporabnikom [&hellip;]\" \/>\n<meta property=\"og:url\" content=\"https:\/\/viva.racunalniske-novice.com\/hr\/apple-ha-consentito-la-riparazione-nel-proprio-laboratorio-anche-per-i-dispositivi-piu-recenti\/\" \/>\n<meta property=\"og:site_name\" content=\"Ra\u010dunalni\u0161ke novice\" \/>\n<meta property=\"article:published_time\" content=\"2024-03-01T14:45:00+00:00\" \/>\n<meta name=\"author\" content=\"sinusiks\" \/>\n<meta name=\"twitter:card\" content=\"summary_large_image\" \/>\n<meta name=\"twitter:label1\" content=\"Napisao\/la\" \/>\n\t<meta name=\"twitter:data1\" content=\"sinusiks\" \/>\n\t<meta name=\"twitter:label2\" content=\"Procijenjeno vrijeme \u010ditanja\" \/>\n\t<meta name=\"twitter:data2\" content=\"1 minuta\" \/>\n<script type=\"application\/ld+json\" class=\"yoast-schema-graph\">{\"@context\":\"https:\/\/schema.org\",\"@graph\":[{\"@type\":\"WebPage\",\"@id\":\"https:\/\/viva.racunalniske-novice.com\/it\/apple-ha-consentito-la-riparazione-nel-proprio-laboratorio-anche-per-i-dispositivi-piu-recenti\/\",\"url\":\"https:\/\/viva.racunalniske-novice.com\/it\/apple-ha-consentito-la-riparazione-nel-proprio-laboratorio-anche-per-i-dispositivi-piu-recenti\/\",\"name\":\"Apple omogo\u010dil popravila v lastni re\u017eiji tudi za novej\u0161e naprave - Ra\u010dunalni\u0161ke novice\",\"isPartOf\":{\"@id\":\"https:\/\/viva.racunalniske-novice.com\/en\/#website\"},\"datePublished\":\"2024-03-01T14:45:00+00:00\",\"dateModified\":\"2024-03-01T14:45:00+00:00\",\"author\":{\"@id\":\"https:\/\/viva.racunalniske-novice.com\/en\/#\/schema\/person\/afb62e36efa34516d50249517e4cdbb4\"},\"breadcrumb\":{\"@id\":\"https:\/\/viva.racunalniske-novice.com\/it\/apple-ha-consentito-la-riparazione-nel-proprio-laboratorio-anche-per-i-dispositivi-piu-recenti\/#breadcrumb\"},\"inLanguage\":\"hr\",\"potentialAction\":[{\"@type\":\"ReadAction\",\"target\":[\"https:\/\/viva.racunalniske-novice.com\/it\/apple-ha-consentito-la-riparazione-nel-proprio-laboratorio-anche-per-i-dispositivi-piu-recenti\/\"]}]},{\"@type\":\"BreadcrumbList\",\"@id\":\"https:\/\/viva.racunalniske-novice.com\/it\/apple-ha-consentito-la-riparazione-nel-proprio-laboratorio-anche-per-i-dispositivi-piu-recenti\/#breadcrumb\",\"itemListElement\":[{\"@type\":\"ListItem\",\"position\":1,\"name\":\"Home\",\"item\":\"https:\/\/viva.racunalniske-novice.com\/en\/\"},{\"@type\":\"ListItem\",\"position\":2,\"name\":\"Apple omogo\u010dil popravila v lastni re\u017eiji tudi za novej\u0161e naprave\"}]},{\"@type\":\"WebSite\",\"@id\":\"https:\/\/viva.racunalniske-novice.com\/en\/#website\",\"url\":\"https:\/\/viva.racunalniske-novice.com\/en\/\",\"name\":\"Ra\u010dunalni\u0161ke novice\",\"description\":\"\",\"potentialAction\":[{\"@type\":\"SearchAction\",\"target\":{\"@type\":\"EntryPoint\",\"urlTemplate\":\"https:\/\/viva.racunalniske-novice.com\/en\/?s={search_term_string}\"},\"query-input\":\"required name=search_term_string\"}],\"inLanguage\":\"hr\"},{\"@type\":\"Person\",\"@id\":\"https:\/\/viva.racunalniske-novice.com\/en\/#\/schema\/person\/afb62e36efa34516d50249517e4cdbb4\",\"name\":\"sinusiks\",\"sameAs\":[\"https:\/\/ml.racunalniske-novice.com\"],\"url\":\"https:\/\/viva.racunalniske-novice.com\/hr\/author\/sinusiks\/\"}]}<\/script>\n<!-- \/ Yoast SEO plugin. -->","yoast_head_json":{"title":"Apple omogo\u010dil popravila v lastni re\u017eiji tudi za novej\u0161e naprave - Ra\u010dunalni\u0161ke novice","description":"Kot vse ka\u017ee bo podjetje Apple nadaljevalo s politiko popravil v lastni re\u017eiji. Ta program je bil namre\u010d nedavno raz\u0161irjen tudi na najnovej\u0161e ra\u010dunalni\u0161ke sisteme ra\u010dunalni\u0161kega giganta, ki so opremlj","robots":{"index":"index","follow":"follow","max-snippet":"max-snippet:-1","max-image-preview":"max-image-preview:large","max-video-preview":"max-video-preview:-1"},"canonical":"https:\/\/viva.racunalniske-novice.com\/hr\/wp-json\/wp\/v2\/posts\/2771","og_locale":"hr_HR","og_type":"article","og_title":"Apple omogo\u010dil popravila v lastni re\u017eiji tudi za novej\u0161e naprave - Ra\u010dunalni\u0161ke novice","og_description":"Verjetno se \u0161e spomnite, da je Apple dalj \u010dasa po\u0161teno ote\u017eeval popravilo naprav v lastni re\u017eiji, medtem ko popravilo v licen\u010dnih servisih navadno ni bilo ravno poceni. Velike koli\u010dine lepila, nestandardni vijaki in zapletena notranja zgradba naprave so pogosto ote\u017eevale zamenjavo baterij, zaslonov ali drugih delov naprave. Poleg tega so se na zaslonu naprave uporabnikom [&hellip;]","og_url":"https:\/\/viva.racunalniske-novice.com\/hr\/apple-ha-consentito-la-riparazione-nel-proprio-laboratorio-anche-per-i-dispositivi-piu-recenti\/","og_site_name":"Ra\u010dunalni\u0161ke novice","article_published_time":"2024-03-01T14:45:00+00:00","author":"sinusiks","twitter_card":"summary_large_image","twitter_misc":{"Napisao\/la":"sinusiks","Procijenjeno vrijeme \u010ditanja":"1 minuta"},"schema":{"@context":"https:\/\/schema.org","@graph":[{"@type":"WebPage","@id":"https:\/\/viva.racunalniske-novice.com\/it\/apple-ha-consentito-la-riparazione-nel-proprio-laboratorio-anche-per-i-dispositivi-piu-recenti\/","url":"https:\/\/viva.racunalniske-novice.com\/it\/apple-ha-consentito-la-riparazione-nel-proprio-laboratorio-anche-per-i-dispositivi-piu-recenti\/","name":"Apple omogo\u010dil popravila v lastni re\u017eiji tudi za novej\u0161e naprave - Ra\u010dunalni\u0161ke novice","isPartOf":{"@id":"https:\/\/viva.racunalniske-novice.com\/en\/#website"},"datePublished":"2024-03-01T14:45:00+00:00","dateModified":"2024-03-01T14:45:00+00:00","author":{"@id":"https:\/\/viva.racunalniske-novice.com\/en\/#\/schema\/person\/afb62e36efa34516d50249517e4cdbb4"},"breadcrumb":{"@id":"https:\/\/viva.racunalniske-novice.com\/it\/apple-ha-consentito-la-riparazione-nel-proprio-laboratorio-anche-per-i-dispositivi-piu-recenti\/#breadcrumb"},"inLanguage":"hr","potentialAction":[{"@type":"ReadAction","target":["https:\/\/viva.racunalniske-novice.com\/it\/apple-ha-consentito-la-riparazione-nel-proprio-laboratorio-anche-per-i-dispositivi-piu-recenti\/"]}]},{"@type":"BreadcrumbList","@id":"https:\/\/viva.racunalniske-novice.com\/it\/apple-ha-consentito-la-riparazione-nel-proprio-laboratorio-anche-per-i-dispositivi-piu-recenti\/#breadcrumb","itemListElement":[{"@type":"ListItem","position":1,"name":"Home","item":"https:\/\/viva.racunalniske-novice.com\/en\/"},{"@type":"ListItem","position":2,"name":"Apple omogo\u010dil popravila v lastni re\u017eiji tudi za novej\u0161e naprave"}]},{"@type":"WebSite","@id":"https:\/\/viva.racunalniske-novice.com\/en\/#website","url":"https:\/\/viva.racunalniske-novice.com\/en\/","name":"Ra\u010dunalni\u0161ke novice","description":"","potentialAction":[{"@type":"SearchAction","target":{"@type":"EntryPoint","urlTemplate":"https:\/\/viva.racunalniske-novice.com\/en\/?s={search_term_string}"},"query-input":"required name=search_term_string"}],"inLanguage":"hr"},{"@type":"Person","@id":"https:\/\/viva.racunalniske-novice.com\/en\/#\/schema\/person\/afb62e36efa34516d50249517e4cdbb4","name":"sinusiks","sameAs":["https:\/\/ml.racunalniske-novice.com"],"url":"https:\/\/viva.racunalniske-novice.com\/hr\/author\/sinusiks\/"}]}},"_links":{"self":[{"href":"https:\/\/viva.racunalniske-novice.com\/hr\/wp-json\/wp\/v2\/posts\/2771","targetHints":{"allow":["GET"]}}],"collection":[{"href":"https:\/\/viva.racunalniske-novice.com\/hr\/wp-json\/wp\/v2\/posts"}],"about":[{"href":"https:\/\/viva.racunalniske-novice.com\/hr\/wp-json\/wp\/v2\/types\/post"}],"author":[{"embeddable":true,"href":"https:\/\/viva.racunalniske-novice.com\/hr\/wp-json\/wp\/v2\/users\/2"}],"replies":[{"embeddable":true,"href":"https:\/\/viva.racunalniske-novice.com\/hr\/wp-json\/wp\/v2\/comments?post=2771"}],"version-history":[{"count":0,"href":"https:\/\/viva.racunalniske-novice.com\/hr\/wp-json\/wp\/v2\/posts\/2771\/revisions"}],"wp:attachment":[{"href":"https:\/\/viva.racunalniske-novice.com\/hr\/wp-json\/wp\/v2\/media?parent=2771"}],"wp:term":[{"taxonomy":"category","embeddable":true,"href":"https:\/\/viva.racunalniske-novice.com\/hr\/wp-json\/wp\/v2\/categories?post=2771"},{"taxonomy":"post_tag","embeddable":true,"href":"https:\/\/viva.racunalniske-novice.com\/hr\/wp-json\/wp\/v2\/tags?post=2771"}],"curies":[{"name":"wp","href":"https:\/\/api.w.org\/{rel}","templated":true}]}}