{"id":6577,"date":"2025-09-01T17:07:00","date_gmt":"2025-09-01T15:07:00","guid":{"rendered":"https:\/\/viva.racunalniske-novice.com\/pametna-ocala-rayneo-air-3s-pro-ar-z-izjemnim-zaslonom-in-prostorskim-zvokom\/"},"modified":"2025-09-01T17:07:00","modified_gmt":"2025-09-01T15:07:00","slug":"pametna-ocala-rayneo-air-3s-pro-ar-z-izjemnim-zaslonom-in-prostorskim-zvokom","status":"publish","type":"post","link":"https:\/\/viva.racunalniske-novice.com\/hr\/rayneo-air-3s-pro-ar-pametne-naocale-s-iznimnim-zaslonom-i-surround-zvukom\/","title":{"rendered":"RayNeo Air 3s Pro AR pametne nao\u010dale s iznimnim zaslonom i surround zvukom"},"content":{"rendered":"<p>Nakon lansiranja u Kini, TCL je slu\u017ebeno najavio globalnu dostupnost svojih pametnih nao\u010dala RayNeo Air 3s Pro. Dizajnirane su kao prijenosni vanjski zaslon za USB-C ure\u0111aje. To u biti omogu\u0107uje korisnicima da do\u017eive filmsko platno bez televizora ili projektora.<br><br>Nao\u010dale imaju dvostruke HueView 2.0 mikro-OLED zaslone s vr\u0161nom svjetlinom od 1200 nita. To ih, prema TCL-u, \u010dini me\u0111u najsvjetlijim AR nao\u010dalama na svijetu. Zaslon uklju\u010duje vidno polje od 46\u00b0, omjer kontrasta od 200 000:1 i pokrivenost boja od 145 % sRGB i 98 % DCI-P3.<br><br>Prema TCL-u, iskustvo gledanja usporedivo je s IMAX ekranom od 511 cm na udaljenosti od 6 metara. Postoji \u0161est na\u010dina prikaza, PWM zatamnjenje od 3840 Hz i 20 razina svjetline. Air 3s Pro su zapravo jedine nosive nao\u010dale s dvostrukim T\u00dcV S\u00dcD certifikatom za nisko plavo svjetlo i bez treperenja. Zvuk osiguravaju \u010detiri zvu\u010dnika sa prostornim algoritmom i Whisper na\u010dinom rada za privatno slu\u0161anje.<br><br>Pametne nao\u010dale TCL RayNeo Air 3s Pro te\u017ee samo 76 grama i imaju podesive ru\u010dke i jastu\u010di\u0107e za nos za udobno pristajanje. Kompatibilne su s ra\u010dunalima, PlayStationom, Xboxom (putem HDMI adaptera), Nintendo Switchom i nadolaze\u0107im Switchom 2, kao i iPhoneima i Android ure\u0111ajima.<br><br>Cijena pametnih nao\u010dala TCL RayNeo Air 3s Pro je otprilike 275 eura, a s kuponom samo 229 eura. Dostupne su na Amazonu i slu\u017ebenoj RayNeo stranici. Dostava se o\u010dekuje izme\u0111u 1. i 2. rujna.<\/p>\n<div class=\"embed-container\"><iframe src=\"https:\/\/www.youtube.com\/embed\/SwJXdiLsGlQ\" frameborder=\"0\" allowfullscreen><\/iframe><\/div><br\/>","protected":false},"excerpt":{"rendered":"<p>Nakon lansiranja u Kini, TCL je slu\u017ebeno najavio globalnu dostupnost svojih pametnih nao\u010dala RayNeo Air 3s Pro. Dizajnirane su kao prijenosni vanjski zaslon za USB-C ure\u0111aje. To u biti omogu\u0107uje korisnicima da iskuse filmsko platno bez televizora ili projektora. Nao\u010dale imaju dvostruke HueView 2.0 mikro-OLED zaslone s maksimalnom svjetlinom od 1200 nita. Ovo, prema TCL-u, [\u2026]<\/p>","protected":false},"author":2,"featured_media":0,"comment_status":"","ping_status":"open","sticky":false,"template":"","format":"standard","meta":{"_acf_changed":false,"footnotes":""},"categories":[64],"tags":[842,652],"class_list":["post-6577","post","type-post","status-publish","format-standard","hentry","category-vr","tag-3d-ocala","tag-ar-ocala"],"acf":{"subtitle":"TCL je predstavil RayNeo Air 3s Pro AR o\u010dala, ki zdru\u017eujejo vrhunski prikaz slike, prostorski zvok in udobje v lahkem dizajnu. Namenjena so uporabnikom, ki \u017eelijo izku\u0161njo velikega zaslona na poti, brez televizorja ali projektorja.","heading":"","summary":"TCL je predstavil RayNeo Air 3s Pro AR o\u010dala, ki zdru\u017eujejo vrhunski prikaz slike, prostorski zvok in udobje v lahkem dizajnu. Namenjena so uporabnikom, ki \u017eelijo izku\u0161njo velikega zaslona na poti, brez televizorja ali projektorja.","thumbnail_small":"https:\/\/racunalniske-novice.com\/wp-content\/uploads\/2025\/08\/A3SP-560x315.jpg","thumbnail_large":"https:\/\/racunalniske-novice.com\/wp-content\/uploads\/2025\/08\/A3SP-1024x1024.jpg","thumbnail_caption":"Foto: TCL","gallery":"","video_gallery":[{"youtube_url":"https:\/\/www.youtube.com\/watch?v=SwJXdiLsGlQ"}],"author":"","links":[{"title":"TCL ","url":""}],"sources":null,"skip_language":[]},"yoast_head":"<!-- This site is optimized with the Yoast SEO plugin v22.8 - https:\/\/yoast.com\/wordpress\/plugins\/seo\/ -->\n<title>Pametna o\u010dala RayNeo Air 3s Pro AR z izjemnim zaslonom in prostorskim zvokom - Ra\u010dunalni\u0161ke novice<\/title>\n<meta name=\"description\" content=\"TCL je predstavil RayNeo Air 3s Pro AR o\u010dala, ki zdru\u017eujejo vrhunski prikaz slike, prostorski zvok in udobje v lahkem dizajnu. Namenjena so uporabnikom, ki \u017eelijo izku\u0161njo velikega zaslona na poti, br\" \/>\n<meta name=\"robots\" content=\"index, follow, max-snippet:-1, max-image-preview:large, max-video-preview:-1\" \/>\n<link rel=\"canonical\" href=\"https:\/\/viva.racunalniske-novice.com\/hr\/wp-json\/wp\/v2\/posts\/6577\" \/>\n<meta property=\"og:locale\" content=\"hr_HR\" \/>\n<meta property=\"og:type\" content=\"article\" \/>\n<meta property=\"og:title\" content=\"Pametna o\u010dala RayNeo Air 3s Pro AR z izjemnim zaslonom in prostorskim zvokom - Ra\u010dunalni\u0161ke novice\" \/>\n<meta property=\"og:description\" content=\"Podjetje TCL je po predstavitvi na Kitajskem uradno najavil razpolo\u017eljivost pametnih o\u010dal RayNeo Air 3s Pro \u0161irom sveta. Namenjena so kot prenosni zunanji zaslon za naprave z USB-C. To dejansko uporabnikom omogo\u010da izku\u0161njo filmskega platna brez televizorja ali projektorja. O\u010dala imajo dvojne HueView 2.0 mikro-OLED zaslone z najve\u010djo svetilnostjo 1.200 niti. To jih po TCL-jevih [&hellip;]\" \/>\n<meta property=\"og:url\" content=\"https:\/\/viva.racunalniske-novice.com\/hr\/rayneo-air-3s-pro-ar-pametne-naocale-s-iznimnim-zaslonom-i-surround-zvukom\/\" \/>\n<meta property=\"og:site_name\" content=\"Ra\u010dunalni\u0161ke novice\" \/>\n<meta property=\"article:published_time\" content=\"2025-09-01T15:07:00+00:00\" \/>\n<meta name=\"author\" content=\"sinusiks\" \/>\n<meta name=\"twitter:card\" content=\"summary_large_image\" \/>\n<meta name=\"twitter:label1\" content=\"Napisao\/la\" \/>\n\t<meta name=\"twitter:data1\" content=\"sinusiks\" \/>\n\t<meta name=\"twitter:label2\" content=\"Procijenjeno vrijeme \u010ditanja\" \/>\n\t<meta name=\"twitter:data2\" content=\"1 minuta\" \/>\n<script type=\"application\/ld+json\" class=\"yoast-schema-graph\">{\"@context\":\"https:\/\/schema.org\",\"@graph\":[{\"@type\":\"WebPage\",\"@id\":\"https:\/\/viva.racunalniske-novice.com\/pametna-ocala-rayneo-air-3s-pro-ar-z-izjemnim-zaslonom-in-prostorskim-zvokom\/\",\"url\":\"https:\/\/viva.racunalniske-novice.com\/pametna-ocala-rayneo-air-3s-pro-ar-z-izjemnim-zaslonom-in-prostorskim-zvokom\/\",\"name\":\"Pametna o\u010dala RayNeo Air 3s Pro AR z izjemnim zaslonom in prostorskim zvokom - Ra\u010dunalni\u0161ke novice\",\"isPartOf\":{\"@id\":\"https:\/\/viva.racunalniske-novice.com\/en\/#website\"},\"datePublished\":\"2025-09-01T15:07:00+00:00\",\"dateModified\":\"2025-09-01T15:07:00+00:00\",\"author\":{\"@id\":\"https:\/\/viva.racunalniske-novice.com\/en\/#\/schema\/person\/afb62e36efa34516d50249517e4cdbb4\"},\"breadcrumb\":{\"@id\":\"https:\/\/viva.racunalniske-novice.com\/pametna-ocala-rayneo-air-3s-pro-ar-z-izjemnim-zaslonom-in-prostorskim-zvokom\/#breadcrumb\"},\"inLanguage\":\"hr\",\"potentialAction\":[{\"@type\":\"ReadAction\",\"target\":[\"https:\/\/viva.racunalniske-novice.com\/pametna-ocala-rayneo-air-3s-pro-ar-z-izjemnim-zaslonom-in-prostorskim-zvokom\/\"]}]},{\"@type\":\"BreadcrumbList\",\"@id\":\"https:\/\/viva.racunalniske-novice.com\/pametna-ocala-rayneo-air-3s-pro-ar-z-izjemnim-zaslonom-in-prostorskim-zvokom\/#breadcrumb\",\"itemListElement\":[{\"@type\":\"ListItem\",\"position\":1,\"name\":\"Home\",\"item\":\"https:\/\/viva.racunalniske-novice.com\/en\/\"},{\"@type\":\"ListItem\",\"position\":2,\"name\":\"Pametna o\u010dala RayNeo Air 3s Pro AR z izjemnim zaslonom in prostorskim zvokom\"}]},{\"@type\":\"WebSite\",\"@id\":\"https:\/\/viva.racunalniske-novice.com\/en\/#website\",\"url\":\"https:\/\/viva.racunalniske-novice.com\/en\/\",\"name\":\"Ra\u010dunalni\u0161ke novice\",\"description\":\"\",\"potentialAction\":[{\"@type\":\"SearchAction\",\"target\":{\"@type\":\"EntryPoint\",\"urlTemplate\":\"https:\/\/viva.racunalniske-novice.com\/en\/?s={search_term_string}\"},\"query-input\":\"required name=search_term_string\"}],\"inLanguage\":\"hr\"},{\"@type\":\"Person\",\"@id\":\"https:\/\/viva.racunalniske-novice.com\/en\/#\/schema\/person\/afb62e36efa34516d50249517e4cdbb4\",\"name\":\"sinusiks\",\"sameAs\":[\"https:\/\/ml.racunalniske-novice.com\"],\"url\":\"https:\/\/viva.racunalniske-novice.com\/hr\/author\/sinusiks\/\"}]}<\/script>\n<!-- \/ Yoast SEO plugin. -->","yoast_head_json":{"title":"Pametna o\u010dala RayNeo Air 3s Pro AR z izjemnim zaslonom in prostorskim zvokom - Ra\u010dunalni\u0161ke novice","description":"TCL je predstavil RayNeo Air 3s Pro AR o\u010dala, ki zdru\u017eujejo vrhunski prikaz slike, prostorski zvok in udobje v lahkem dizajnu. Namenjena so uporabnikom, ki \u017eelijo izku\u0161njo velikega zaslona na poti, br","robots":{"index":"index","follow":"follow","max-snippet":"max-snippet:-1","max-image-preview":"max-image-preview:large","max-video-preview":"max-video-preview:-1"},"canonical":"https:\/\/viva.racunalniske-novice.com\/hr\/wp-json\/wp\/v2\/posts\/6577","og_locale":"hr_HR","og_type":"article","og_title":"Pametna o\u010dala RayNeo Air 3s Pro AR z izjemnim zaslonom in prostorskim zvokom - Ra\u010dunalni\u0161ke novice","og_description":"Podjetje TCL je po predstavitvi na Kitajskem uradno najavil razpolo\u017eljivost pametnih o\u010dal RayNeo Air 3s Pro \u0161irom sveta. Namenjena so kot prenosni zunanji zaslon za naprave z USB-C. To dejansko uporabnikom omogo\u010da izku\u0161njo filmskega platna brez televizorja ali projektorja. O\u010dala imajo dvojne HueView 2.0 mikro-OLED zaslone z najve\u010djo svetilnostjo 1.200 niti. To jih po TCL-jevih [&hellip;]","og_url":"https:\/\/viva.racunalniske-novice.com\/hr\/rayneo-air-3s-pro-ar-pametne-naocale-s-iznimnim-zaslonom-i-surround-zvukom\/","og_site_name":"Ra\u010dunalni\u0161ke novice","article_published_time":"2025-09-01T15:07:00+00:00","author":"sinusiks","twitter_card":"summary_large_image","twitter_misc":{"Napisao\/la":"sinusiks","Procijenjeno vrijeme \u010ditanja":"1 minuta"},"schema":{"@context":"https:\/\/schema.org","@graph":[{"@type":"WebPage","@id":"https:\/\/viva.racunalniske-novice.com\/pametna-ocala-rayneo-air-3s-pro-ar-z-izjemnim-zaslonom-in-prostorskim-zvokom\/","url":"https:\/\/viva.racunalniske-novice.com\/pametna-ocala-rayneo-air-3s-pro-ar-z-izjemnim-zaslonom-in-prostorskim-zvokom\/","name":"Pametna o\u010dala RayNeo Air 3s Pro AR z izjemnim zaslonom in prostorskim zvokom - Ra\u010dunalni\u0161ke novice","isPartOf":{"@id":"https:\/\/viva.racunalniske-novice.com\/en\/#website"},"datePublished":"2025-09-01T15:07:00+00:00","dateModified":"2025-09-01T15:07:00+00:00","author":{"@id":"https:\/\/viva.racunalniske-novice.com\/en\/#\/schema\/person\/afb62e36efa34516d50249517e4cdbb4"},"breadcrumb":{"@id":"https:\/\/viva.racunalniske-novice.com\/pametna-ocala-rayneo-air-3s-pro-ar-z-izjemnim-zaslonom-in-prostorskim-zvokom\/#breadcrumb"},"inLanguage":"hr","potentialAction":[{"@type":"ReadAction","target":["https:\/\/viva.racunalniske-novice.com\/pametna-ocala-rayneo-air-3s-pro-ar-z-izjemnim-zaslonom-in-prostorskim-zvokom\/"]}]},{"@type":"BreadcrumbList","@id":"https:\/\/viva.racunalniske-novice.com\/pametna-ocala-rayneo-air-3s-pro-ar-z-izjemnim-zaslonom-in-prostorskim-zvokom\/#breadcrumb","itemListElement":[{"@type":"ListItem","position":1,"name":"Home","item":"https:\/\/viva.racunalniske-novice.com\/en\/"},{"@type":"ListItem","position":2,"name":"Pametna o\u010dala RayNeo Air 3s Pro AR z izjemnim zaslonom in prostorskim zvokom"}]},{"@type":"WebSite","@id":"https:\/\/viva.racunalniske-novice.com\/en\/#website","url":"https:\/\/viva.racunalniske-novice.com\/en\/","name":"Ra\u010dunalni\u0161ke novice","description":"","potentialAction":[{"@type":"SearchAction","target":{"@type":"EntryPoint","urlTemplate":"https:\/\/viva.racunalniske-novice.com\/en\/?s={search_term_string}"},"query-input":"required name=search_term_string"}],"inLanguage":"hr"},{"@type":"Person","@id":"https:\/\/viva.racunalniske-novice.com\/en\/#\/schema\/person\/afb62e36efa34516d50249517e4cdbb4","name":"sinusiks","sameAs":["https:\/\/ml.racunalniske-novice.com"],"url":"https:\/\/viva.racunalniske-novice.com\/hr\/author\/sinusiks\/"}]}},"_links":{"self":[{"href":"https:\/\/viva.racunalniske-novice.com\/hr\/wp-json\/wp\/v2\/posts\/6577","targetHints":{"allow":["GET"]}}],"collection":[{"href":"https:\/\/viva.racunalniske-novice.com\/hr\/wp-json\/wp\/v2\/posts"}],"about":[{"href":"https:\/\/viva.racunalniske-novice.com\/hr\/wp-json\/wp\/v2\/types\/post"}],"author":[{"embeddable":true,"href":"https:\/\/viva.racunalniske-novice.com\/hr\/wp-json\/wp\/v2\/users\/2"}],"replies":[{"embeddable":true,"href":"https:\/\/viva.racunalniske-novice.com\/hr\/wp-json\/wp\/v2\/comments?post=6577"}],"version-history":[{"count":0,"href":"https:\/\/viva.racunalniske-novice.com\/hr\/wp-json\/wp\/v2\/posts\/6577\/revisions"}],"wp:attachment":[{"href":"https:\/\/viva.racunalniske-novice.com\/hr\/wp-json\/wp\/v2\/media?parent=6577"}],"wp:term":[{"taxonomy":"category","embeddable":true,"href":"https:\/\/viva.racunalniske-novice.com\/hr\/wp-json\/wp\/v2\/categories?post=6577"},{"taxonomy":"post_tag","embeddable":true,"href":"https:\/\/viva.racunalniske-novice.com\/hr\/wp-json\/wp\/v2\/tags?post=6577"}],"curies":[{"name":"wp","href":"https:\/\/api.w.org\/{rel}","templated":true}]}}