{"id":702,"date":"2023-09-26T07:16:09","date_gmt":"2023-09-26T05:16:09","guid":{"rendered":"https:\/\/vivalainfo.com\/en\/za-nagrade-zlatega-bobna-se-bo-letos-potegovalo-se-vec-del\/"},"modified":"2023-09-26T07:16:09","modified_gmt":"2023-09-26T05:16:09","slug":"za-nagrade-zlatega-bobna-se-bo-letos-potegovalo-se-vec-del","status":"publish","type":"post","link":"https:\/\/viva.racunalniske-novice.com\/hr\/ove-godine-nekoliko-ce-se-radova-natjecati-za-nagrade-golden-drum\/","title":{"rendered":"Ove \u0107e se godine za Zlatni bubanj natjecati vi\u0161e radova"},"content":{"rendered":"<p>Vi\u0161e od polovice ovogodi\u0161njih radova dolazi od nezavisnih agencija, a nova sekcija Creative Media Excellence nadma\u0161ila je o\u010dekivanja organizatora. Pobjednici \u0107e biti objavljeni 10. listopada na ceremoniji dodjele nagrada koju omogu\u0107uje Mastercard. Moto Golden Druma ostaje \u017eestoka konkurencija, dobra \u0161kola, \u017eiva zabava i pakleni izazov.<\/p>\n\n\n\n<h3 class=\"wp-block-heading\"><strong>Prijave za ovogodi\u0161nji me\u010d su zatvorene. Me\u0111unarodni \u017eiriji ve\u0107 su po\u010deli ocjenjivati pristigle radove.<\/strong><\/h3>\n\n\n\n<p>Ogla\u0161iva\u010di, agencije i drugi stru\u010dnjaci u tr\u017ei\u0161nim komunikacijama ove su godine svoje radove prijavili u 5 razli\u010ditih sekcija: <strong>Jednokanalni, vi\u0161ekanalni, obrtni\u010dka izvrsnost, kreativna medijska izvrsnost, kreativna poslovna izvrsnost<\/strong> i poseban dio <strong>Svi \u017eiriji<\/strong>.<\/p>\n\n\n\n<p>Miha Bevc, direktor natjecanja, rekao je:<em> \u201eZlatni bubanj tradicionalno igra va\u017enu ulogu unutar kreativne, marketin\u0161ke i reklamne zajednice u europskom reklamnom prostoru. Zato smo iznimno ponosni \u0161to se festival ove godine vra\u0107a jo\u0161 ja\u010di. Agencije i klijenti iz \u010dak 29 zemalja prijavili su svoje radove ove godine. Ve\u0107ina njih dolazi iz Ukrajine, Rumunjske, Poljske, Slova\u010dke, Ma\u0111arske i Bugarske, a najbolji odaziv s novih tr\u017ei\u0161ta dolazi iz \u0160vedske. Veselimo se ponovnom susretu kod ku\u0107e, u Portoro\u017eu.\u201c<\/em><em><\/em><\/p>\n\n\n\n<p>\u0160pela Levi\u010dnik Oblak, direktorica natjecanja, dodala je:<em> \u201eUzbu\u0111eni smo \u0161to mo\u017eemo objaviti da je nova sekcija Kreativna medijska izvrsnost primila 128 prijava koje \u0107e se natjecati za nagrade. Sekcija Pojedina\u010dni kanal i dalje vodi s najvi\u0161e prijava, a najja\u010de kategorije su Tisak, Film i Vanjsko ogla\u0161avanje. Vjerujem da nas o\u010dekuje sjajno natjecanje, puno iznimnih, svje\u017eih i uzbudljivih ideja. Pobjednike \u0107e do\u010dekati gromoglasan pljesak na najpresti\u017enijem festivalu u regiji i \u0161ire.\u201c<\/em><\/p>\n\n\n\n<p>Me\u0111unarodne \u017eirije koji \u0107e odlu\u010divati o pobjednicima predvode izvanredni i me\u0111unarodno nagra\u0111ivani stru\u010dnjaci iz cijelog svijeta: <a href=\"https:\/\/goldendrum.com\/competition\/juries\/one-channel-drum-jury\/pancho-cassis\">Pancho Cassis<\/a>, partner i globalni kreativni direktor u DAVID USA\/\u0160panjolska, <a href=\"https:\/\/goldendrum.com\/competition\/juries\/omni-channel-drum-jury\/aaron-starkman\">Aaron Starkman<\/a>, globalni glavni kreativni direktor agencije Rethink iz Kanade, <a href=\"https:\/\/goldendrum.com\/competition\/juries\/craft-drum-jury\/ashwini-deshpande\">Ashwini Deshpande<\/a>, suosniva\u010d i direktor dizajnerskog studija Elephant Design u Indiji, <a href=\"https:\/\/goldendrum.com\/competition\/juries\/creative-media-excellence-jury\/barbara-evans\">Barbara Evans<\/a>, generalni direktor medijske agencije Mediaplus Group iz Njema\u010dke i <a href=\"https:\/\/goldendrum.com\/competition\/juries\/creative-business-excellence-drum-jury\/daniela-iebba\">Daniela Iebba<\/a>, globalni direktor komunikacija za marku Heineken\u00ae iz Nizozemske. <\/p>\n\n\n\n<p>Vrhunac Golden Druma svakako \u0107e biti dodjela nagrada na kojoj \u0107emo zajedno proslaviti iznimnu kreativnost i proglasiti najboljeg od najboljih: pobjednika <strong>natjecanje mladih bubnjara, koje podr\u017eava <\/strong><a href=\"https:\/\/www.slovenia.info\/sl\/poslovne-strani\/vse-o-sto\"><strong>Slovenska turisti\u010dka organizacija<\/strong><\/a>, pobjednici <strong>bronca, srebro, zlato<\/strong> i <strong>glavnih nagrada Golden Drum<\/strong>, dobitnici nagrada <strong>Brend godine, Najbolje dru\u0161tveno dobro, Najbolji lokalni duh<\/strong> i nove nagrade koje <strong>podr\u017eava <\/strong><a href=\"https:\/\/telemach.si\/\"><strong>Telemach Slovenija<\/strong><\/a><strong> \u2013 &quot;Mjenja\u010d igre&quot;<\/strong>.<\/p>\n\n\n\n<p>Tako\u0111er \u0107emo objaviti agenciju dobitnicu nagrade <strong>agencija godine u Adriatic regiji,<\/strong><strong> koja je podr\u017eava <\/strong><a href=\"https:\/\/www.triglav.si\/\"><strong>Triglav osiguravaju\u0107e dru\u0161tvo<\/strong><\/a>, dobitnici nagrada za <strong>Potporna neovisna agencija godine <\/strong><a href=\"https:\/\/allfred.io\/\"><strong>Allfred.io<\/strong><\/a>, <strong>Agencija godine<\/strong>, <strong>Produkcijska agencija godine<\/strong>, <strong>Digitalna agencija godine<\/strong>, <strong>Medijska agencija godine koju podr\u017eava <\/strong><a href=\"https:\/\/www.bhtelecom.ba\/\"><strong>BH Telecom<\/strong><\/a>, <strong>Kreativni direktor godine, koji je podr\u017eava <\/strong><a href=\"https:\/\/elanskis.com\/\"><strong>Elan<\/strong><\/a> i <strong>Agencija <\/strong><strong>mre\u017ea godine<\/strong>. Tijekom dodjele nagrada na pozornici \u0107emo po\u017eeljeti i dobrodo\u0161licu novom \u010dlanu <strong>Galerije slavnih<\/strong>.<\/p>\n\n\n\n<p><strong>Finalisti natje\u010daja bit \u0107e progla\u0161eni 2. listopada u 8 sati.<\/strong><\/p>\n\n\n\n<p><strong>Pobjednici \u0107e biti objavljeni 10. listopada u 20 sati na sve\u010danoj dodjeli nagrada koju omogu\u0107uje Mastercard. <\/strong><strong><\/strong><\/p>\n\n\n\n<p><strong>Vi\u0161e o utakmici Golden Drum:<\/strong> <a href=\"https:\/\/goldendrum.com\/competition\/competition-about\" target=\"_blank\" rel=\"noreferrer noopener\">goldendrum.com\/competition\/competition-about<\/a><\/p>\n\n\n\n<h3 class=\"wp-block-heading\"><strong>Na natje\u010daj za mlade bubnjare pristigla su kreativna rje\u0161enja iz 17 zemalja<\/strong><\/h3>\n\n\n\n<p><strong>Na ovogodi\u0161nji izazov dizajna plakata ili serije plakata pod nazivom \u201eNa spoj s remek djelom\u201c odazvali su se mladi kreativci iz \u010dak 17 zemalja.<\/strong><\/p>\n\n\n\n<p>Pobjednik natje\u010daja za <strong>Mladi bubnjari<\/strong> \u0107e primiti <strong>nagrada u vrijednosti od 1000 eura<\/strong>, a najbolje kreativno rje\u0161enje bit \u0107e progla\u0161eno i na zavr\u0161noj dodjeli nagrada Golden Drum.<\/p>\n\n\n\n<p>Najbolje kreativno rje\u0161enje odabrat \u0107e petero\u010dlani \u017eiri pod vodstvom <strong><u>Mikola Kovalenko<\/u><\/strong><strong>, <\/strong>osniva\u010d i direktor dizajna Mykola Kovalenko Studio u Ukrajini i Slova\u010dkoj, koji je tijekom svoje karijere dobio vi\u0161e od 150 nagrada na me\u0111unarodnim festivalima dizajna.<\/p>\n\n\n\n<p><strong>Vi\u0161e o natjecanju za mlade bubnjare:<\/strong> <a href=\"https:\/\/goldendrum.com\/competition\/young-drummers-competition\" target=\"_blank\" rel=\"noreferrer noopener\">goldendrum.com\/competition\/young-drummers-competition<\/a><\/p>\n\n\n\n<figure class=\"wp-block-image size-large\"><img decoding=\"async\" src=\"\/wp-content\/uploads\/2023\/09\/GD_SPEAKERS_KOLAZ_1-1024x576.jpg\" alt=\"\" class=\"wp-image-2471314\"\/><\/figure>\n\n\n\n<h3 class=\"wp-block-heading\"><strong>Program festivala je otkriven<\/strong><\/h3>\n\n\n\n<p><strong>Na Golden Drum pozornicu popjet \u0107e se 16 vrhunskih stru\u010dnjaka. Posjetitelji \u0107e se mo\u0107i dru\u017eiti u ugodnoj atmosferi otvorenja u Portoro\u017eu i zatvaranja u Piranu.<\/strong><\/p>\n\n\n\n<p>Festivalsko doga\u0111anje 9. listopada otvorit \u0107e Unforgettable<strong> \u00bb<\/strong><strong>Party zagrijavanja&quot;<\/strong>, \u0161to je podr\u017eano od strane <a href=\"https:\/\/www.radiocapris.si\/\"><strong>Radio Capris<\/strong><\/a>, u <strong>News Caf\u00e9 Bernardin<\/strong> godine u Portoro\u017eu.<\/p>\n\n\n\n<p>Ve\u0107 sljede\u0107eg dana, 10. listopada, niz inspirativnih govornika iza\u0107i \u0107e na pozornicu Golden Druma kako bi podijelili svoja znanja i iskustva. Sudionici \u0107e mo\u0107i slu\u0161ati <a href=\"https:\/\/goldendrum.com\/people\/amy-rodgers\"><strong>Amy Rodgers<\/strong><\/a>, voditelj sadr\u017eaja na me\u0111unarodnoj ljestvici kreativnosti WARC Creative, koja \u0107e istra\u017eiti <strong>pitanje krize kreativne u\u010dinkovitosti<\/strong>Oni \u0107e je slijediti. <a href=\"https:\/\/goldendrum.com\/speakers\/barbara-evans-mediaplus\"><strong>Barbara Evans<\/strong><\/a>, generalni direktor u Mediaplus Grupi i <a href=\"https:\/\/goldendrum.com\/speakers\/eva-bodecker-thunborg\">&nbsp;<\/a><a href=\"https:\/\/goldendrum.com\/speakers\/eva-bodecker-thunborg\"><strong>Eva Bodecker Thunborg<\/strong><\/a>, izvr\u0161ni direktor tvrtke Mediaplus Nordic. Zajedno \u0107e se pozabaviti temom <strong>odr\u017eivost u ogla\u0161avanju<\/strong>, dok \u0107e <a href=\"https:\/\/goldendrum.com\/people\/kinga-grzelewska\"><strong>Kinga Grzelewska<\/strong><\/a>, partner u agenciji MullenLowe u Var\u0161avi, odgovorio je na pitanje <strong>mo\u017ee li ogla\u0161avanje spasiti svijet<\/strong>I oni \u0107e biti s nama. <a href=\"https:\/\/goldendrum.com\/people\/elav-horwitz\"><strong>Elav Horwitz<\/strong><\/a>, izvr\u0161ni potpredsjednik i globalni glavni direktor za inovacije u McCann Worldgroupu, <a href=\"https:\/\/goldendrum.com\/people\/emiliano-gonzlez-de-pietri-mccann\"><strong>Emiliano Gonz\u00e1lez De Pietri<\/strong><\/a>, glavni kreativni direktor u McCannu, \u0160panjolska, i <a href=\"https:\/\/goldendrum.com\/people\/catalin-dobre\"><strong>Catalin Dobre<\/strong><\/a>, suizvr\u0161ni direktor i glavni kreativni direktor tvrtke McCann Worldgroup Romania i regionalni kreativni direktor tvrtke McCann u srednjoj i isto\u010dnoj Europi, koji \u0107e raspravljati <strong>dobre i lo\u0161e strane umjetne inteligencije.<\/strong><\/p>\n\n\n\n<p><a href=\"https:\/\/www.eglasnik.si\/doc\/RWnBgJfFbo7Z89c-2fcHH1xQ-3d-3d\/rob-chalmers\"><strong>Rob Chalmers<\/strong><\/a>, voditeljica iskustva u Dentsu Creative Networku za Europu, Bliski istok i Afriku, bavit \u0107e se <strong>iskustva marke u vrijeme eksponencijalne promjene<\/strong> i objasnio sile koje utje\u010du na odnos izme\u0111u potro\u0161a\u010da i robnih marki. Nakon toga slijedi okrugli stol o Mastercardu, koji \u0107e <a href=\"https:\/\/goldendrum.com\/people\/jerzy-holub\"><strong>Jerzy Holub<\/strong><\/a>, direktor marketinga u tvrtki Mastercard Poljska, \u010ce\u0161ka i Slova\u010dka, <a href=\"https:\/\/goldendrum.com\/people\/andrej-krajner\"><strong>Andrej Krajner<\/strong><\/a><strong>,<\/strong> Direktor komunikacija u NLB Grupi Slovenija i <a href=\"https:\/\/goldendrum.com\/people\/dariusz-maciolek\"><strong>Dariusz Macio\u0142ek<\/strong><\/a>, generalni direktor marketinga i komunikacija u Banci BNP Paribas iz Poljske, raspravljao je <strong>konkurentsku prednost koju okoli\u0161ni, dru\u0161tveni i upravlja\u010dki \u010dimbenici mogu donijeti tvrtki<\/strong>.<\/p>\n\n\n\n<p>Dolazim i u Portoro\u017e <a href=\"https:\/\/goldendrum.com\/speakers\/ashwini-deshpande-elephant-design\"><strong>Ashwini Deshpande<\/strong><\/a>, suosniva\u010d i direktor dizajnerskog studija Elephant Design iz Indije, koji \u0107e predstaviti <strong>raznolikost dizajna u Indiji<\/strong>, <a href=\"https:\/\/www.eglasnik.si\/doc\/W1EV6Je-2bcIrZ89c-2fcHH1xQ-3d-3d\/daniela-iebba-heineken\"><strong>Daniela Iebba<\/strong><\/a>, direktor komunikacija za globalni brend Heineken i<strong>&nbsp;<\/strong><a href=\"https:\/\/www.eglasnik.si\/doc\/-2fYxqLVus4C3Z89c-2fcHH1xQ-3d-3d\/mihnea-gheorghiu\"><strong>Mihnea Gheorghiu<\/strong><\/a>,<strong> <\/strong>glavni kreativni direktor Le Pub Globala<strong>,<\/strong>&nbsp;koji \u0107e otkriti <strong>kreativan pristup brenda Heineken<\/strong>, brend koji je dva puta dobio presti\u017enu titulu Brand of the Year na Golden Drumu.<\/p>\n\n\n\n<p><a href=\"https:\/\/goldendrum.com\/people\/daniel-kabai\"><strong>Daniel Kabai<\/strong><\/a>, voditeljica kreativne strategije Netflixa za Europu, Bliski istok i Afriku, predstavit \u0107e zanimljive <strong>sadr\u017eaj koji pretplatnicima na Netflix poma\u017ee otkriti nove filmove i serije<\/strong>i kona\u010dno \u0107e progovoriti <a href=\"https:\/\/goldendrum.com\/people\/barney-worfolk-smith\"><strong>Barney Worfolk-Smith<\/strong><\/a>, generalni direktor agencije za tehnolo\u0161ka istra\u017eivanja DAIVID za Europu, Bliski istok i Afriku, koji \u0107e govoriti o <strong>razumijevanje emocija u oglasima pomo\u0107u umjetne inteligencije<\/strong>.<\/p>\n\n\n\n<p>Bit \u0107e to vrhunac festivala<strong> <\/strong><a href=\"https:\/\/goldendrum.com\/program\/event\/awards-show\"><strong>Dodjela nagrada uz podr\u0161ku Mastercarda<\/strong><\/a>Festivalske doga\u0111aje zaklju\u010dit \u0107emo u <strong>&quot;Golden Star Party&quot;<\/strong>, gdje \u0107e nas pratiti ritmovi <a href=\"https:\/\/www.radiocenter.si\/\"><strong>HitRadio Centar<\/strong><\/a><strong> <\/strong>u <strong>Caffe Theatre Piran<\/strong> proslavili ovogodi\u0161nje pobjednike.<\/p>\n\n\n\n<p><strong>Vi\u0161e informacija o programu:<\/strong> <a href=\"https:\/\/goldendrum.com\/program\/monday\" target=\"_blank\" rel=\"noreferrer noopener\">goldendrum.com\/program\/ponedjeljak<\/a><\/p>\n\n\n\n<p class=\"has-medium-font-size\"><strong>Progla\u0161enje finalista: 2. listopada u 8:00 sati<\/strong><\/p>\n\n\n\n<p class=\"has-medium-font-size\"><strong>Dodjela nagrada powered by Mastercard: 10. listopada u 20:00 sati<\/strong><\/p>\n\n\n\n<p><strong>Golden Drum Festival ove \u0107e se godine odr\u017eati 9. i 10. listopada u Grand Hotelu Bernardin u Portoro\u017eu.<\/strong><\/p>\n\n\n\n<p><a href=\"http:\/\/www.goldendrum.com\">www.gol<\/a><a href=\"http:\/\/www.goldendrum.com\">dendrum.com<\/a><\/p>","protected":false},"excerpt":{"rendered":"<p>Vi\u0161e od polovice ovogodi\u0161njih radova dolazi od nezavisnih agencija, a nova sekcija Creative Media Excellence nadma\u0161ila je o\u010dekivanja organizatora. Pobjednici \u0107e biti objavljeni 10. listopada na ceremoniji dodjele nagrada koju omogu\u0107uje Mastercard. Moto Golden Druma ostaje \u017eestoka konkurencija, dobra \u0161kola, \u017eiva zabava i pakleni izazov. Prijave za ovogodi\u0161nji me\u010d su zatvorene. Me\u0111unarodni \u017eiriji ve\u0107 [\u2026]<\/p>","protected":false},"author":2,"featured_media":0,"comment_status":"","ping_status":"open","sticky":false,"template":"","format":"standard","meta":{"_acf_changed":false,"footnotes":""},"categories":[92],"tags":[],"class_list":["post-702","post","type-post","status-publish","format-standard","hentry","category-odklop-od-tehnologije"],"acf":{"subtitle":"Zlati boben, mednarodni festivali kreativnosti, bele\u017ei ve\u010dje \u0161tevilo prijavljenih del kot lani. Najve\u010d jih prihaja iz Ukrajine, sledijo pa ji dela iz Romunije, Poljske, Slova\u0161ke, Mad\u017earske in Bolgarije, v tekmo pa so svoje najbolj\u0161e kampanje prijavile tudi slovenske agencije. ","heading":"","summary":"Zlati boben, mednarodni festivali kreativnosti, bele\u017ei ve\u010dje \u0161tevilo prijavljenih del kot lani. Najve\u010d jih prihaja iz Ukrajine, sledijo pa ji dela iz Romunije, Poljske, Slova\u0161ke, Mad\u017earske in Bolgarije, v tekmo pa so svoje najbolj\u0161e kampanje prijavile tudi slovenske agencije. ","thumbnail_small":"https:\/\/racunalniske-novice.com\/wp-content\/uploads\/2023\/09\/GD_AWARDSSHOW-1-560x315.jpg","thumbnail_large":"https:\/\/racunalniske-novice.com\/wp-content\/uploads\/2023\/09\/GD_AWARDSSHOW-1-1024x598.jpg","thumbnail_caption":"Vir: Zlati boben","gallery":"","video_gallery":null,"author":"","links":null,"sources":null,"skip_language":[]},"yoast_head":"<!-- This site is optimized with the Yoast SEO plugin v22.8 - https:\/\/yoast.com\/wordpress\/plugins\/seo\/ -->\n<title>Za nagrade Zlatega bobna se bo letos potegovalo \u0161e ve\u010d del - Ra\u010dunalni\u0161ke novice<\/title>\n<meta name=\"description\" content=\"Zlati boben, mednarodni festivali kreativnosti, bele\u017ei ve\u010dje \u0161tevilo prijavljenih del kot lani. Najve\u010d jih prihaja iz Ukrajine, sledijo pa ji dela iz Romunije, Poljske, Slova\u0161ke, Mad\u017earske in Bolgarij\" \/>\n<meta name=\"robots\" content=\"index, follow, max-snippet:-1, max-image-preview:large, max-video-preview:-1\" \/>\n<link rel=\"canonical\" href=\"https:\/\/viva.racunalniske-novice.com\/hr\/wp-json\/wp\/v2\/posts\/702\" \/>\n<meta property=\"og:locale\" content=\"hr_HR\" \/>\n<meta property=\"og:type\" content=\"article\" \/>\n<meta property=\"og:title\" content=\"Za nagrade Zlatega bobna se bo letos potegovalo \u0161e ve\u010d del - Ra\u010dunalni\u0161ke novice\" \/>\n<meta property=\"og:description\" content=\"Ve\u010d kot polovica leto\u0161njih del prihaja iz strani neodvisnih agencij, nova sekcija Kreativna medijska odli\u010dnost je presegla pri\u010dakovanja organizatorjev. Zmagovalci bodo znani 10. oktobra na slavnostni podelitvi nagrad, ki jo omogo\u010da Mastercard. Moto Zlatega bobna ostaja ostra tekma, dobra \u0161ola, \u017eiva \u017eurka in hudi\u010dev izziv. Prijave v leto\u0161njo tekmo so zaprte. Mednarodne \u017eirije so \u017ee [&hellip;]\" \/>\n<meta property=\"og:url\" content=\"https:\/\/viva.racunalniske-novice.com\/hr\/ove-godine-nekoliko-ce-se-radova-natjecati-za-nagrade-golden-drum\/\" \/>\n<meta property=\"og:site_name\" content=\"Ra\u010dunalni\u0161ke novice\" \/>\n<meta property=\"article:published_time\" content=\"2023-09-26T05:16:09+00:00\" \/>\n<meta name=\"author\" content=\"sinusiks\" \/>\n<meta name=\"twitter:card\" content=\"summary_large_image\" \/>\n<meta name=\"twitter:label1\" content=\"Napisao\/la\" \/>\n\t<meta name=\"twitter:data1\" content=\"sinusiks\" \/>\n\t<meta name=\"twitter:label2\" content=\"Procijenjeno vrijeme \u010ditanja\" \/>\n\t<meta name=\"twitter:data2\" content=\"6 minuta\" \/>\n<script type=\"application\/ld+json\" class=\"yoast-schema-graph\">{\"@context\":\"https:\/\/schema.org\",\"@graph\":[{\"@type\":\"WebPage\",\"@id\":\"https:\/\/viva.racunalniske-novice.com\/za-nagrade-zlatega-bobna-se-bo-letos-potegovalo-se-vec-del\/\",\"url\":\"https:\/\/viva.racunalniske-novice.com\/za-nagrade-zlatega-bobna-se-bo-letos-potegovalo-se-vec-del\/\",\"name\":\"Za nagrade Zlatega bobna se bo letos potegovalo \u0161e ve\u010d del - Ra\u010dunalni\u0161ke novice\",\"isPartOf\":{\"@id\":\"https:\/\/viva.racunalniske-novice.com\/en\/#website\"},\"datePublished\":\"2023-09-26T05:16:09+00:00\",\"dateModified\":\"2023-09-26T05:16:09+00:00\",\"author\":{\"@id\":\"https:\/\/viva.racunalniske-novice.com\/en\/#\/schema\/person\/afb62e36efa34516d50249517e4cdbb4\"},\"breadcrumb\":{\"@id\":\"https:\/\/viva.racunalniske-novice.com\/za-nagrade-zlatega-bobna-se-bo-letos-potegovalo-se-vec-del\/#breadcrumb\"},\"inLanguage\":\"hr\",\"potentialAction\":[{\"@type\":\"ReadAction\",\"target\":[\"https:\/\/viva.racunalniske-novice.com\/za-nagrade-zlatega-bobna-se-bo-letos-potegovalo-se-vec-del\/\"]}]},{\"@type\":\"BreadcrumbList\",\"@id\":\"https:\/\/viva.racunalniske-novice.com\/za-nagrade-zlatega-bobna-se-bo-letos-potegovalo-se-vec-del\/#breadcrumb\",\"itemListElement\":[{\"@type\":\"ListItem\",\"position\":1,\"name\":\"Home\",\"item\":\"https:\/\/viva.racunalniske-novice.com\/en\/\"},{\"@type\":\"ListItem\",\"position\":2,\"name\":\"Za nagrade Zlatega bobna se bo letos potegovalo \u0161e ve\u010d del\"}]},{\"@type\":\"WebSite\",\"@id\":\"https:\/\/viva.racunalniske-novice.com\/en\/#website\",\"url\":\"https:\/\/viva.racunalniske-novice.com\/en\/\",\"name\":\"Ra\u010dunalni\u0161ke novice\",\"description\":\"\",\"potentialAction\":[{\"@type\":\"SearchAction\",\"target\":{\"@type\":\"EntryPoint\",\"urlTemplate\":\"https:\/\/viva.racunalniske-novice.com\/en\/?s={search_term_string}\"},\"query-input\":\"required name=search_term_string\"}],\"inLanguage\":\"hr\"},{\"@type\":\"Person\",\"@id\":\"https:\/\/viva.racunalniske-novice.com\/en\/#\/schema\/person\/afb62e36efa34516d50249517e4cdbb4\",\"name\":\"sinusiks\",\"sameAs\":[\"https:\/\/ml.racunalniske-novice.com\"],\"url\":\"https:\/\/viva.racunalniske-novice.com\/hr\/author\/sinusiks\/\"}]}<\/script>\n<!-- \/ Yoast SEO plugin. -->","yoast_head_json":{"title":"Za nagrade Zlatega bobna se bo letos potegovalo \u0161e ve\u010d del - Ra\u010dunalni\u0161ke novice","description":"Zlati boben, mednarodni festivali kreativnosti, bele\u017ei ve\u010dje \u0161tevilo prijavljenih del kot lani. Najve\u010d jih prihaja iz Ukrajine, sledijo pa ji dela iz Romunije, Poljske, Slova\u0161ke, Mad\u017earske in Bolgarij","robots":{"index":"index","follow":"follow","max-snippet":"max-snippet:-1","max-image-preview":"max-image-preview:large","max-video-preview":"max-video-preview:-1"},"canonical":"https:\/\/viva.racunalniske-novice.com\/hr\/wp-json\/wp\/v2\/posts\/702","og_locale":"hr_HR","og_type":"article","og_title":"Za nagrade Zlatega bobna se bo letos potegovalo \u0161e ve\u010d del - Ra\u010dunalni\u0161ke novice","og_description":"Ve\u010d kot polovica leto\u0161njih del prihaja iz strani neodvisnih agencij, nova sekcija Kreativna medijska odli\u010dnost je presegla pri\u010dakovanja organizatorjev. Zmagovalci bodo znani 10. oktobra na slavnostni podelitvi nagrad, ki jo omogo\u010da Mastercard. Moto Zlatega bobna ostaja ostra tekma, dobra \u0161ola, \u017eiva \u017eurka in hudi\u010dev izziv. Prijave v leto\u0161njo tekmo so zaprte. Mednarodne \u017eirije so \u017ee [&hellip;]","og_url":"https:\/\/viva.racunalniske-novice.com\/hr\/ove-godine-nekoliko-ce-se-radova-natjecati-za-nagrade-golden-drum\/","og_site_name":"Ra\u010dunalni\u0161ke novice","article_published_time":"2023-09-26T05:16:09+00:00","author":"sinusiks","twitter_card":"summary_large_image","twitter_misc":{"Napisao\/la":"sinusiks","Procijenjeno vrijeme \u010ditanja":"6 minuta"},"schema":{"@context":"https:\/\/schema.org","@graph":[{"@type":"WebPage","@id":"https:\/\/viva.racunalniske-novice.com\/za-nagrade-zlatega-bobna-se-bo-letos-potegovalo-se-vec-del\/","url":"https:\/\/viva.racunalniske-novice.com\/za-nagrade-zlatega-bobna-se-bo-letos-potegovalo-se-vec-del\/","name":"Za nagrade Zlatega bobna se bo letos potegovalo \u0161e ve\u010d del - Ra\u010dunalni\u0161ke novice","isPartOf":{"@id":"https:\/\/viva.racunalniske-novice.com\/en\/#website"},"datePublished":"2023-09-26T05:16:09+00:00","dateModified":"2023-09-26T05:16:09+00:00","author":{"@id":"https:\/\/viva.racunalniske-novice.com\/en\/#\/schema\/person\/afb62e36efa34516d50249517e4cdbb4"},"breadcrumb":{"@id":"https:\/\/viva.racunalniske-novice.com\/za-nagrade-zlatega-bobna-se-bo-letos-potegovalo-se-vec-del\/#breadcrumb"},"inLanguage":"hr","potentialAction":[{"@type":"ReadAction","target":["https:\/\/viva.racunalniske-novice.com\/za-nagrade-zlatega-bobna-se-bo-letos-potegovalo-se-vec-del\/"]}]},{"@type":"BreadcrumbList","@id":"https:\/\/viva.racunalniske-novice.com\/za-nagrade-zlatega-bobna-se-bo-letos-potegovalo-se-vec-del\/#breadcrumb","itemListElement":[{"@type":"ListItem","position":1,"name":"Home","item":"https:\/\/viva.racunalniske-novice.com\/en\/"},{"@type":"ListItem","position":2,"name":"Za nagrade Zlatega bobna se bo letos potegovalo \u0161e ve\u010d del"}]},{"@type":"WebSite","@id":"https:\/\/viva.racunalniske-novice.com\/en\/#website","url":"https:\/\/viva.racunalniske-novice.com\/en\/","name":"Ra\u010dunalni\u0161ke novice","description":"","potentialAction":[{"@type":"SearchAction","target":{"@type":"EntryPoint","urlTemplate":"https:\/\/viva.racunalniske-novice.com\/en\/?s={search_term_string}"},"query-input":"required name=search_term_string"}],"inLanguage":"hr"},{"@type":"Person","@id":"https:\/\/viva.racunalniske-novice.com\/en\/#\/schema\/person\/afb62e36efa34516d50249517e4cdbb4","name":"sinusiks","sameAs":["https:\/\/ml.racunalniske-novice.com"],"url":"https:\/\/viva.racunalniske-novice.com\/hr\/author\/sinusiks\/"}]}},"_links":{"self":[{"href":"https:\/\/viva.racunalniske-novice.com\/hr\/wp-json\/wp\/v2\/posts\/702","targetHints":{"allow":["GET"]}}],"collection":[{"href":"https:\/\/viva.racunalniske-novice.com\/hr\/wp-json\/wp\/v2\/posts"}],"about":[{"href":"https:\/\/viva.racunalniske-novice.com\/hr\/wp-json\/wp\/v2\/types\/post"}],"author":[{"embeddable":true,"href":"https:\/\/viva.racunalniske-novice.com\/hr\/wp-json\/wp\/v2\/users\/2"}],"replies":[{"embeddable":true,"href":"https:\/\/viva.racunalniske-novice.com\/hr\/wp-json\/wp\/v2\/comments?post=702"}],"version-history":[{"count":0,"href":"https:\/\/viva.racunalniske-novice.com\/hr\/wp-json\/wp\/v2\/posts\/702\/revisions"}],"wp:attachment":[{"href":"https:\/\/viva.racunalniske-novice.com\/hr\/wp-json\/wp\/v2\/media?parent=702"}],"wp:term":[{"taxonomy":"category","embeddable":true,"href":"https:\/\/viva.racunalniske-novice.com\/hr\/wp-json\/wp\/v2\/categories?post=702"},{"taxonomy":"post_tag","embeddable":true,"href":"https:\/\/viva.racunalniske-novice.com\/hr\/wp-json\/wp\/v2\/tags?post=702"}],"curies":[{"name":"wp","href":"https:\/\/api.w.org\/{rel}","templated":true}]}}