{"id":7089,"date":"2026-01-20T07:52:00","date_gmt":"2026-01-20T06:52:00","guid":{"rendered":"https:\/\/viva.racunalniske-novice.com\/bomo-zaradi-pomanjkanja-sistemskega-pomnilnika-kmalu-racunalnike-le-se-najemali-iz-oblaka\/"},"modified":"2026-01-20T07:52:00","modified_gmt":"2026-01-20T06:52:00","slug":"bomo-zaradi-pomanjkanja-sistemskega-pomnilnika-kmalu-racunalnike-le-se-najemali-iz-oblaka","status":"publish","type":"post","link":"https:\/\/viva.racunalniske-novice.com\/hr\/zbog-nedostatka-sistemske-memorije-uskoro-cemo-iznajmljivati-racunala-iz-oblaka\/","title":{"rendered":"Ho\u0107emo li uskoro iznajmljivati ra\u010dunala iz oblaka zbog nedostatka sistemske memorije?"},"content":{"rendered":"<p>Budu\u0107nost osobnog ra\u010dunalstva udaljava se od lokalnog hardvera i prelazi u oblak. Jeff Bezos upozorava da \u0107e modeli umjetne inteligencije sljede\u0107e generacije zahtijevati toliko ra\u010dunalne snage i memorije da ih prosje\u010dno ku\u0107no ra\u010dunalo uskoro ne\u0107e mo\u0107i pokrenuti. Umjesto kupnje skupih komponenti svake nekoliko godina, Bezosova vizija je da \u0107emo jednostavno pla\u0107ati mjese\u010dnu pretplatu za pristup \u201evirtualnom superra\u010dunalu\u201c putem tankog klijentskog ure\u0111aja.<br><br>Ovaj prijelaz dodatno poti\u010de takozvana memorijska kriza iz 2026. Cijene RAM modula (posebno DDR5 i GDDR7 standarda) naglo su porasle jer proizvo\u0111a\u010di poput Samsunga i Microna usmjeravaju sve svoje kapacitete na serverske sustave za tvrtke poput OpenAI-a i Nvidije. Za prosje\u010dnog potro\u0161a\u010da to zna\u010di da bi opremanje stolnog ra\u010dunala s dovoljno memorije za lokalno pokretanje napredne umjetne inteligencije ko\u0161talo tisu\u0107e eura. U takvom okru\u017eenju, ra\u010dunarstvo u oblaku postaje jedina financijski odr\u017eiva opcija za ve\u0107inu ljudi.<br><br>Amazon, Google i Microsoft ve\u0107 pripremaju infrastrukturu za ovu revoluciju. Umjesto operativnog sustava koji radi na va\u0161em tvrdom disku, putem brze internetske veze pristupit \u0107ete cloud sustavu koji \u0107e se u hodu prilago\u0111avati va\u0161im potrebama. Ako \u017eelite igrati zahtjevnu igru ili ure\u0111ivati video u 8K rezoluciji, pritiskom na gumb (i uz dodatnu naknadu) mo\u017eete pove\u0107ati broj jezgri i koli\u010dinu RAM-a. Dok puristi strahuju od gubitka kontrole i privatnosti, Bezos vjeruje da je ovaj model neizbje\u017ean. Fizi\u010dka ra\u010dunala ispod na\u0161ih stolova uskoro \u0107e postati ni\u0161ta vi\u0161e od skupih &quot;pisa\u0107ih strojeva&quot;, dok \u0107e se prava digitalna mo\u0107 skrivati u oblacima velikih tehnolo\u0161kih tvrtki.<\/p>\n<div class=\"embed-container\"><iframe src=\"https:\/\/www.youtube.com\/embed\/I3xYHYuMqZU\" frameborder=\"0\" allowfullscreen><\/iframe><\/div><br\/>","protected":false},"excerpt":{"rendered":"<p>Prihodnost osebnega ra\u010dunalni\u0161tva se odmika od lokalne strojne opreme in seli v oblak. Jeff Bezos opozarja, da modeli umetne inteligence naslednje generacije zahtevajo toliko ra\u010dunske mo\u010di in pomnilnika, da jih povpre\u010den doma\u010di PC kmalu ne bo ve\u010d sposoben poganjati. Namesto da bi vsakih nekaj let kupovali drage komponente, bomo po Bezosovi viziji preprosto pla\u010devali mese\u010dno [&hellip;]<\/p>","protected":false},"author":2,"featured_media":0,"comment_status":"","ping_status":"open","sticky":false,"template":"","format":"standard","meta":{"_acf_changed":false,"footnotes":""},"categories":[22],"tags":[927],"class_list":["post-7089","post","type-post","status-publish","format-standard","hentry","category-namizni-racunalniki","tag-poceni-pc"],"acf":{"subtitle":"Si predstavljate, da pod va\u0161o mizo ne bi ve\u010d brnela zmogljiva \u0161katla, temve\u010d bi vse procesiranje potekalo v oddaljenem podatkovnem centru? Jeff Bezos, ustanovitelj Amazona, napoveduje prav to. Po njegovem mnenju bodo neustavljiva lakota umetne inteligence po virih in astronomske cene komponent, predvsem pomnilnika, povzro\u010dile, da bo nakup lastnega zmogljivega ra\u010dunalnika postal stvar preteklosti.","heading":"","summary":"Jeff Bezos verjame, da bo umetna inteligenca prisilila uporabnike v najem ra\u010dunalni\u0161ke mo\u010di iz oblaka. Kriza s pomanjkanjem RAM-a ta prehod le \u0161e pospe\u0161uje, kar pomeni konec fizi\u010dnih PC-jev, kot jih poznamo.","thumbnail_small":"https:\/\/racunalniske-novice.com\/wp-content\/uploads\/2025\/05\/Bosgame-M5-Pro-Strix-Halo-mini-PC-1-560x315.png","thumbnail_large":"https:\/\/racunalniske-novice.com\/wp-content\/uploads\/2025\/05\/Bosgame-M5-Pro-Strix-Halo-mini-PC-1-1024x730.png","thumbnail_caption":"Foto: Bosgame","gallery":"","video_gallery":[{"youtube_url":"https:\/\/www.youtube.com\/watch?v=I3xYHYuMqZU"}],"author":"","links":[{"title":"Amazon","url":""}],"sources":null,"skip_language":[]},"yoast_head":"<!-- This site is optimized with the Yoast SEO plugin v22.8 - https:\/\/yoast.com\/wordpress\/plugins\/seo\/ -->\n<title>Bomo zaradi pomanjkanja sistemskega pomnilnika kmalu ra\u010dunalnike le \u0161e najemali iz oblaka? - Ra\u010dunalni\u0161ke novice<\/title>\n<meta name=\"description\" content=\"Jeff Bezos verjame, da bo umetna inteligenca prisilila uporabnike v najem ra\u010dunalni\u0161ke mo\u010di iz oblaka. Kriza s pomanjkanjem RAM-a ta prehod le \u0161e pospe\u0161uje, kar pomeni konec fizi\u010dnih PC-jev, kot jih p\" \/>\n<meta name=\"robots\" content=\"index, follow, max-snippet:-1, max-image-preview:large, max-video-preview:-1\" \/>\n<link rel=\"canonical\" href=\"https:\/\/viva.racunalniske-novice.com\/hr\/wp-json\/wp\/v2\/posts\/7089\" \/>\n<meta property=\"og:locale\" content=\"hr_HR\" \/>\n<meta property=\"og:type\" content=\"article\" \/>\n<meta property=\"og:title\" content=\"Bomo zaradi pomanjkanja sistemskega pomnilnika kmalu ra\u010dunalnike le \u0161e najemali iz oblaka? - Ra\u010dunalni\u0161ke novice\" \/>\n<meta property=\"og:description\" content=\"Prihodnost osebnega ra\u010dunalni\u0161tva se odmika od lokalne strojne opreme in seli v oblak. Jeff Bezos opozarja, da modeli umetne inteligence naslednje generacije zahtevajo toliko ra\u010dunske mo\u010di in pomnilnika, da jih povpre\u010den doma\u010di PC kmalu ne bo ve\u010d sposoben poganjati. Namesto da bi vsakih nekaj let kupovali drage komponente, bomo po Bezosovi viziji preprosto pla\u010devali mese\u010dno [&hellip;]\" \/>\n<meta property=\"og:url\" content=\"https:\/\/viva.racunalniske-novice.com\/hr\/zbog-nedostatka-sistemske-memorije-uskoro-cemo-iznajmljivati-racunala-iz-oblaka\/\" \/>\n<meta property=\"og:site_name\" content=\"Ra\u010dunalni\u0161ke novice\" \/>\n<meta property=\"article:published_time\" content=\"2026-01-20T06:52:00+00:00\" \/>\n<meta name=\"author\" content=\"sinusiks\" \/>\n<meta name=\"twitter:card\" content=\"summary_large_image\" \/>\n<meta name=\"twitter:label1\" content=\"Napisao\/la\" \/>\n\t<meta name=\"twitter:data1\" content=\"sinusiks\" \/>\n\t<meta name=\"twitter:label2\" content=\"Procijenjeno vrijeme \u010ditanja\" \/>\n\t<meta name=\"twitter:data2\" content=\"1 minuta\" \/>\n<script type=\"application\/ld+json\" class=\"yoast-schema-graph\">{\"@context\":\"https:\/\/schema.org\",\"@graph\":[{\"@type\":\"WebPage\",\"@id\":\"https:\/\/viva.racunalniske-novice.com\/bomo-zaradi-pomanjkanja-sistemskega-pomnilnika-kmalu-racunalnike-le-se-najemali-iz-oblaka\/\",\"url\":\"https:\/\/viva.racunalniske-novice.com\/bomo-zaradi-pomanjkanja-sistemskega-pomnilnika-kmalu-racunalnike-le-se-najemali-iz-oblaka\/\",\"name\":\"Bomo zaradi pomanjkanja sistemskega pomnilnika kmalu ra\u010dunalnike le \u0161e najemali iz oblaka? - Ra\u010dunalni\u0161ke novice\",\"isPartOf\":{\"@id\":\"https:\/\/viva.racunalniske-novice.com\/en\/#website\"},\"datePublished\":\"2026-01-20T06:52:00+00:00\",\"dateModified\":\"2026-01-20T06:52:00+00:00\",\"author\":{\"@id\":\"https:\/\/viva.racunalniske-novice.com\/en\/#\/schema\/person\/afb62e36efa34516d50249517e4cdbb4\"},\"breadcrumb\":{\"@id\":\"https:\/\/viva.racunalniske-novice.com\/bomo-zaradi-pomanjkanja-sistemskega-pomnilnika-kmalu-racunalnike-le-se-najemali-iz-oblaka\/#breadcrumb\"},\"inLanguage\":\"hr\",\"potentialAction\":[{\"@type\":\"ReadAction\",\"target\":[\"https:\/\/viva.racunalniske-novice.com\/bomo-zaradi-pomanjkanja-sistemskega-pomnilnika-kmalu-racunalnike-le-se-najemali-iz-oblaka\/\"]}]},{\"@type\":\"BreadcrumbList\",\"@id\":\"https:\/\/viva.racunalniske-novice.com\/bomo-zaradi-pomanjkanja-sistemskega-pomnilnika-kmalu-racunalnike-le-se-najemali-iz-oblaka\/#breadcrumb\",\"itemListElement\":[{\"@type\":\"ListItem\",\"position\":1,\"name\":\"Home\",\"item\":\"https:\/\/viva.racunalniske-novice.com\/en\/\"},{\"@type\":\"ListItem\",\"position\":2,\"name\":\"Bomo zaradi pomanjkanja sistemskega pomnilnika kmalu ra\u010dunalnike le \u0161e najemali iz oblaka?\"}]},{\"@type\":\"WebSite\",\"@id\":\"https:\/\/viva.racunalniske-novice.com\/en\/#website\",\"url\":\"https:\/\/viva.racunalniske-novice.com\/en\/\",\"name\":\"Ra\u010dunalni\u0161ke novice\",\"description\":\"\",\"potentialAction\":[{\"@type\":\"SearchAction\",\"target\":{\"@type\":\"EntryPoint\",\"urlTemplate\":\"https:\/\/viva.racunalniske-novice.com\/en\/?s={search_term_string}\"},\"query-input\":\"required name=search_term_string\"}],\"inLanguage\":\"hr\"},{\"@type\":\"Person\",\"@id\":\"https:\/\/viva.racunalniske-novice.com\/en\/#\/schema\/person\/afb62e36efa34516d50249517e4cdbb4\",\"name\":\"sinusiks\",\"sameAs\":[\"https:\/\/ml.racunalniske-novice.com\"],\"url\":\"https:\/\/viva.racunalniske-novice.com\/hr\/author\/sinusiks\/\"}]}<\/script>\n<!-- \/ Yoast SEO plugin. -->","yoast_head_json":{"title":"Bomo zaradi pomanjkanja sistemskega pomnilnika kmalu ra\u010dunalnike le \u0161e najemali iz oblaka? - Ra\u010dunalni\u0161ke novice","description":"Jeff Bezos verjame, da bo umetna inteligenca prisilila uporabnike v najem ra\u010dunalni\u0161ke mo\u010di iz oblaka. Kriza s pomanjkanjem RAM-a ta prehod le \u0161e pospe\u0161uje, kar pomeni konec fizi\u010dnih PC-jev, kot jih p","robots":{"index":"index","follow":"follow","max-snippet":"max-snippet:-1","max-image-preview":"max-image-preview:large","max-video-preview":"max-video-preview:-1"},"canonical":"https:\/\/viva.racunalniske-novice.com\/hr\/wp-json\/wp\/v2\/posts\/7089","og_locale":"hr_HR","og_type":"article","og_title":"Bomo zaradi pomanjkanja sistemskega pomnilnika kmalu ra\u010dunalnike le \u0161e najemali iz oblaka? - Ra\u010dunalni\u0161ke novice","og_description":"Prihodnost osebnega ra\u010dunalni\u0161tva se odmika od lokalne strojne opreme in seli v oblak. Jeff Bezos opozarja, da modeli umetne inteligence naslednje generacije zahtevajo toliko ra\u010dunske mo\u010di in pomnilnika, da jih povpre\u010den doma\u010di PC kmalu ne bo ve\u010d sposoben poganjati. Namesto da bi vsakih nekaj let kupovali drage komponente, bomo po Bezosovi viziji preprosto pla\u010devali mese\u010dno [&hellip;]","og_url":"https:\/\/viva.racunalniske-novice.com\/hr\/zbog-nedostatka-sistemske-memorije-uskoro-cemo-iznajmljivati-racunala-iz-oblaka\/","og_site_name":"Ra\u010dunalni\u0161ke novice","article_published_time":"2026-01-20T06:52:00+00:00","author":"sinusiks","twitter_card":"summary_large_image","twitter_misc":{"Napisao\/la":"sinusiks","Procijenjeno vrijeme \u010ditanja":"1 minuta"},"schema":{"@context":"https:\/\/schema.org","@graph":[{"@type":"WebPage","@id":"https:\/\/viva.racunalniske-novice.com\/bomo-zaradi-pomanjkanja-sistemskega-pomnilnika-kmalu-racunalnike-le-se-najemali-iz-oblaka\/","url":"https:\/\/viva.racunalniske-novice.com\/bomo-zaradi-pomanjkanja-sistemskega-pomnilnika-kmalu-racunalnike-le-se-najemali-iz-oblaka\/","name":"Bomo zaradi pomanjkanja sistemskega pomnilnika kmalu ra\u010dunalnike le \u0161e najemali iz oblaka? - Ra\u010dunalni\u0161ke novice","isPartOf":{"@id":"https:\/\/viva.racunalniske-novice.com\/en\/#website"},"datePublished":"2026-01-20T06:52:00+00:00","dateModified":"2026-01-20T06:52:00+00:00","author":{"@id":"https:\/\/viva.racunalniske-novice.com\/en\/#\/schema\/person\/afb62e36efa34516d50249517e4cdbb4"},"breadcrumb":{"@id":"https:\/\/viva.racunalniske-novice.com\/bomo-zaradi-pomanjkanja-sistemskega-pomnilnika-kmalu-racunalnike-le-se-najemali-iz-oblaka\/#breadcrumb"},"inLanguage":"hr","potentialAction":[{"@type":"ReadAction","target":["https:\/\/viva.racunalniske-novice.com\/bomo-zaradi-pomanjkanja-sistemskega-pomnilnika-kmalu-racunalnike-le-se-najemali-iz-oblaka\/"]}]},{"@type":"BreadcrumbList","@id":"https:\/\/viva.racunalniske-novice.com\/bomo-zaradi-pomanjkanja-sistemskega-pomnilnika-kmalu-racunalnike-le-se-najemali-iz-oblaka\/#breadcrumb","itemListElement":[{"@type":"ListItem","position":1,"name":"Home","item":"https:\/\/viva.racunalniske-novice.com\/en\/"},{"@type":"ListItem","position":2,"name":"Bomo zaradi pomanjkanja sistemskega pomnilnika kmalu ra\u010dunalnike le \u0161e najemali iz oblaka?"}]},{"@type":"WebSite","@id":"https:\/\/viva.racunalniske-novice.com\/en\/#website","url":"https:\/\/viva.racunalniske-novice.com\/en\/","name":"Ra\u010dunalni\u0161ke novice","description":"","potentialAction":[{"@type":"SearchAction","target":{"@type":"EntryPoint","urlTemplate":"https:\/\/viva.racunalniske-novice.com\/en\/?s={search_term_string}"},"query-input":"required name=search_term_string"}],"inLanguage":"hr"},{"@type":"Person","@id":"https:\/\/viva.racunalniske-novice.com\/en\/#\/schema\/person\/afb62e36efa34516d50249517e4cdbb4","name":"sinusiks","sameAs":["https:\/\/ml.racunalniske-novice.com"],"url":"https:\/\/viva.racunalniske-novice.com\/hr\/author\/sinusiks\/"}]}},"_links":{"self":[{"href":"https:\/\/viva.racunalniske-novice.com\/hr\/wp-json\/wp\/v2\/posts\/7089","targetHints":{"allow":["GET"]}}],"collection":[{"href":"https:\/\/viva.racunalniske-novice.com\/hr\/wp-json\/wp\/v2\/posts"}],"about":[{"href":"https:\/\/viva.racunalniske-novice.com\/hr\/wp-json\/wp\/v2\/types\/post"}],"author":[{"embeddable":true,"href":"https:\/\/viva.racunalniske-novice.com\/hr\/wp-json\/wp\/v2\/users\/2"}],"replies":[{"embeddable":true,"href":"https:\/\/viva.racunalniske-novice.com\/hr\/wp-json\/wp\/v2\/comments?post=7089"}],"version-history":[{"count":0,"href":"https:\/\/viva.racunalniske-novice.com\/hr\/wp-json\/wp\/v2\/posts\/7089\/revisions"}],"wp:attachment":[{"href":"https:\/\/viva.racunalniske-novice.com\/hr\/wp-json\/wp\/v2\/media?parent=7089"}],"wp:term":[{"taxonomy":"category","embeddable":true,"href":"https:\/\/viva.racunalniske-novice.com\/hr\/wp-json\/wp\/v2\/categories?post=7089"},{"taxonomy":"post_tag","embeddable":true,"href":"https:\/\/viva.racunalniske-novice.com\/hr\/wp-json\/wp\/v2\/tags?post=7089"}],"curies":[{"name":"wp","href":"https:\/\/api.w.org\/{rel}","templated":true}]}}