{"id":7267,"date":"2026-03-14T10:00:00","date_gmt":"2026-03-14T09:00:00","guid":{"rendered":"https:\/\/viva.racunalniske-novice.com\/cene-elektricnih-avtomobilov-v-eu-prvic-padajo-ali-bo-to-pospesilo-prehod-na-ev\/"},"modified":"2026-03-14T10:00:00","modified_gmt":"2026-03-14T09:00:00","slug":"cene-elektricnih-avtomobilov-v-eu-prvic-padajo-ali-bo-to-pospesilo-prehod-na-ev","status":"publish","type":"post","link":"https:\/\/viva.racunalniske-novice.com\/hr\/cijene-elektricnih-automobila-u-eu-prvi-put-padaju-hoce-li-to-ubrzati-prelazak-na-elektricna-vozila\/","title":{"rendered":"Cijene elektri\u010dnih automobila u EU prvi put padaju \u2013 ho\u0107e li to ubrzati prijelaz na elektri\u010dna vozila?"},"content":{"rendered":"<p>Nakon godina rasta cijena, cijene elektri\u010dnih automobila u Europskoj uniji po\u010dele su padati. Novi podaci pokazuju da je prosje\u010dna cijena elektri\u010dnog vozila pro\u0161le godine pala za oko 1800 eura, \u0161to sugerira da bi elektri\u010dni automobili uskoro mogli postati usporedivi po cijeni s benzinskim ili dizelskim vozilima.<\/p>\n\n\n\n<p>Cijene padaju prvi put od 2020.<\/p>\n\n\n\n<p>Prema analizi koju je provela tvrtka Transport &amp; Environment (T&amp;E), prosje\u010dna cijena elektri\u010dnog automobila u EU pasti \u0107e za oko 4% na 42.700 eura u 2025. Ovo je prvi pad cijene od 2020.<\/p>\n\n\n\n<p>Glavni razlog promjene je uvo\u0111enje novih, pristupa\u010dnijih modela u manjim segmentima vozila. U B segmentu, koji uklju\u010duje manje gradske automobile, prosje\u010dne cijene pale su za oko 13 %. Modeli koji su tome pridonijeli uklju\u010duju Citro\u00ebn \u00eb-C3 i novi Renault 5.<\/p>\n\n\n\n<p>Ovi modeli su se pojavili na tr\u017ei\u0161tu upravo u trenutku kada proizvo\u0111a\u010di moraju ispuniti stro\u017ee europske ciljeve emisija CO\u2082 za razdoblje 2025.-2027.<\/p>\n\n\n\n<figure class=\"wp-block-image is-resized\"><img decoding=\"async\" src=\"https:\/\/transforms.transportenvironment.org\/production\/images\/PR-2024-25-cost-allocation-BEV-price@2x.png?w=1024&amp;q=75&amp;fm=webp&amp;fit=crop&amp;dm=1773237094&amp;s=574dbdc55d6143382ceb513f01b8a363\" alt=\"\" width=\"840\" height=\"732\"\/><figcaption>Izvor: T&amp;E<\/figcaption><\/figure>\n\n\n\n<h2 class=\"wp-block-heading\">Uloga europskih ciljeva emisija<\/h2>\n\n\n\n<p>Analiti\u010dari ka\u017eu da europski ciljevi emisija prisiljavaju proizvo\u0111a\u010de da na tr\u017ei\u0161te stave pristupa\u010dnije elektri\u010dne automobile. U prethodnim godinama, kada su ciljevi bili manje strogi, mnogi su se proizvo\u0111a\u010di prvenstveno usredoto\u010dili na ve\u0107e, skuplje elektri\u010dne modele s ve\u0107im mar\u017eama.<\/p>\n\n\n\n<p>Izme\u0111u 2020. i 2024. godine prosje\u010dna cijena elektri\u010dnih automobila u EU porasla je za oko 5000 eura, unato\u010d postupnom smanjenju tro\u0161kova baterija i proizvodnje.<\/p>\n\n\n\n<p><strong>Lucien Mathieu<\/strong> iz T&amp;E-a nagla\u0161avaju da trenutni ciljevi ve\u0107 daju konkretne rezultate: \u201eEuropski ciljevi CO\u2082 zapravo \u010dine elektri\u010dne automobile jeftinijima. Ako ne snizimo ciljeve za 2030., kupnja elektri\u010dnog vozila uskoro \u0107e biti jeftinija od kupnje benzinskog automobila.\u201c<\/p>\n\n\n\n<figure class=\"wp-block-image is-resized\"><img decoding=\"async\" src=\"https:\/\/transforms.transportenvironment.org\/production\/images\/image1_2026-03-06-133039_ryee.png?w=1024&amp;q=75&amp;fm=webp&amp;fit=crop&amp;dm=1772803839&amp;s=6059e264a942195139ba37a06d6ffd1e\" alt=\"\" width=\"840\" height=\"606\"\/><figcaption>Izvor: T&amp;E<\/figcaption><\/figure>\n\n\n\n<h2 class=\"wp-block-heading\">Proizvo\u0111a\u010di ve\u0107 posti\u017eu svoje ciljeve<\/h2>\n\n\n\n<p>Analiza tako\u0111er pokazuje da su proizvo\u0111a\u010di koji predstavljaju oko polovicu europskog tr\u017ei\u0161ta ve\u0107 ostvarili svoje ciljeve emisija za razdoblje 2025.-2027. \u2013 dvije godine prije roka.<\/p>\n\n\n\n<p>Renault i Volkswagen trenutno neznatno zaostaju, ali se o\u010dekuje da \u0107e i oni ostvariti svoje ciljeve do 2027. godine.<\/p>\n\n\n\n<h2 class=\"wp-block-heading\">Kada \u0107e elektri\u010dni automobili biti jeftiniji od konvencionalnih automobila?<\/h2>\n\n\n\n<p>Prema analizi, elektri\u010dni automobili su ve\u0107 dosegli cjenovni paritet s vozilima s unutarnjim izgaranjem u ve\u0107im segmentima D i E. U manjim segmentima A, B i C to bi se moglo dogoditi do 2030. ako se u\u0161tede u proizvodnji prenesu na potro\u0161a\u010de.<\/p>\n\n\n\n<p>Ali ovaj scenarij nije zajam\u010den. Europska komisija razmatra ubla\u017eavanje ciljeva za 2030., \u0161to bi proizvo\u0111a\u010dima dalo vi\u0161e prostora za manevriranje u ispunjavanju zahtjeva za emisije.<\/p>\n\n\n\n<figure class=\"wp-block-image\"><img decoding=\"async\" src=\"https:\/\/transforms.transportenvironment.org\/production\/images\/image2_2026-03-06-133126_fzci.png?w=1024&amp;q=75&amp;fm=webp&amp;fit=crop&amp;dm=1772803886&amp;s=19b7b5fba5fc178190fa4ab9b7245afe\" alt=\"\"\/><figcaption>Izvor: T&amp;E<\/figcaption><\/figure>\n\n\n\n<h2 class=\"wp-block-heading\">Rizik od sporije tranzicije<\/h2>\n\n\n\n<p>Ako se ciljevi za 2030. oslabe, prijelaz na elektri\u010dna vozila mogao bi se zna\u010dajno usporiti. Prema procjenama T&amp;E-a, to bi moglo zna\u010diti da bi elektri\u010dni automobili \u010dinili oko 47% prodaje % u 2030. umjesto o\u010dekivanih 57% %. U slu\u010daju jo\u0161 ve\u0107eg ubla\u017eavanja zahtjeva, udio bi mogao pasti \u010dak i na oko 32% %.<\/p>\n\n\n\n<p>Prema analiti\u010darima, takav bi razvoj doga\u0111aja usporio elektrifikaciju europskog automobilskog tr\u017ei\u0161ta i oslabio konkurentnost EU u globalnoj utrci za elektri\u010dnim vozilima.<\/p>\n\n\n\n<p>Trenutni trendovi pokazuju da elektri\u010dni automobili u Europi postupno postaju pristupa\u010dniji \u0161iroj skupini kupaca. Me\u0111utim, brzina ove tranzicije uvelike \u0107e ovisiti o politi\u010dkim odlukama u Bruxellesu \u2013 posebno o tome ho\u0107e li ciljevi emisija ostati dovoljno ambiciozni da nastave poticati proizvo\u0111a\u010de na razvoj pristupa\u010dnih elektri\u010dnih modela.<\/p>","protected":false},"excerpt":{"rendered":"<p>Po ve\u010d letih rasti so se cene elektri\u010dnih avtomobilov v Evropski uniji za\u010dele zni\u017eevati. Novi podatki ka\u017eejo, da je povpre\u010dna cena elektri\u010dnega vozila lani padla za pribli\u017eno 1.800 evrov, kar nakazuje, da bi elektri\u010dni avtomobili lahko kmalu postali cenovno primerljivi z vozili na bencin ali dizel. Cene prvi\u010d padajo po letu 2020 Po analizi organizacije [&hellip;]<\/p>","protected":false},"author":2,"featured_media":0,"comment_status":"","ping_status":"open","sticky":false,"template":"","format":"standard","meta":{"_acf_changed":false,"footnotes":""},"categories":[6],"tags":[226],"class_list":["post-7267","post","type-post","status-publish","format-standard","hentry","category-avtomoto","tag-elektricni-avtomobili"],"acf":{"subtitle":"Elektri\u010dni avtomobili v Evropi prvi\u010d po ve\u010d letih postajajo cenej\u0161i. Nova analiza ka\u017ee, da stro\u017eji emisijski cilji EU proizvajalce silijo k lansiranju dostopnej\u0161ih modelov, kar bi lahko do konca desetletja izena\u010dilo ceno z avtomobili na bencin.","heading":"","summary":"Elektri\u010dni avtomobili v Evropi prvi\u010d po ve\u010d letih postajajo cenej\u0161i. Nova analiza ka\u017ee, da stro\u017eji emisijski cilji EU proizvajalce silijo k lansiranju dostopnej\u0161ih modelov, kar bi lahko do konca desetletja izena\u010dilo ceno z avtomobili na bencin.","thumbnail_small":"https:\/\/racunalniske-novice.com\/wp-content\/uploads\/2026\/03\/eldo-rafael-iLrMw5v4afE-unsplash-560x315.jpg","thumbnail_large":"https:\/\/racunalniske-novice.com\/wp-content\/uploads\/2026\/03\/eldo-rafael-iLrMw5v4afE-unsplash-1024x576.jpg","thumbnail_caption":"","gallery":"","video_gallery":null,"author":"","links":null,"sources":[{"title":"Transport Environment","url":"https:\/\/www.transportenvironment.org\/articles\/electric-car-average-price-falls-by-eur1-800-as-carmakers-release-affordable-models-to-meet-eu-target-analysis"},{"title":"Unsplash","url":"https:\/\/unsplash.com\/photos\/a-group-of-gas-pumps-sitting-next-to-each-other-iLrMw5v4afE"}],"skip_language":[]},"yoast_head":"<!-- This site is optimized with the Yoast SEO plugin v22.8 - https:\/\/yoast.com\/wordpress\/plugins\/seo\/ -->\n<title>Cene elektri\u010dnih avtomobilov v EU prvi\u010d padajo \u2013 ali bo to pospe\u0161ilo prehod na EV? - Ra\u010dunalni\u0161ke novice<\/title>\n<meta name=\"description\" content=\"Elektri\u010dni avtomobili v Evropi prvi\u010d po ve\u010d letih postajajo cenej\u0161i. Nova analiza ka\u017ee, da stro\u017eji emisijski cilji EU proizvajalce silijo k lansiranju dostopnej\u0161ih modelov, kar bi lahko do konca deset\" \/>\n<meta name=\"robots\" content=\"index, follow, max-snippet:-1, max-image-preview:large, max-video-preview:-1\" \/>\n<link rel=\"canonical\" href=\"https:\/\/viva.racunalniske-novice.com\/hr\/wp-json\/wp\/v2\/posts\/7267\" \/>\n<meta property=\"og:locale\" content=\"hr_HR\" \/>\n<meta property=\"og:type\" content=\"article\" \/>\n<meta property=\"og:title\" content=\"Cene elektri\u010dnih avtomobilov v EU prvi\u010d padajo \u2013 ali bo to pospe\u0161ilo prehod na EV? - Ra\u010dunalni\u0161ke novice\" \/>\n<meta property=\"og:description\" content=\"Po ve\u010d letih rasti so se cene elektri\u010dnih avtomobilov v Evropski uniji za\u010dele zni\u017eevati. Novi podatki ka\u017eejo, da je povpre\u010dna cena elektri\u010dnega vozila lani padla za pribli\u017eno 1.800 evrov, kar nakazuje, da bi elektri\u010dni avtomobili lahko kmalu postali cenovno primerljivi z vozili na bencin ali dizel. Cene prvi\u010d padajo po letu 2020 Po analizi organizacije [&hellip;]\" \/>\n<meta property=\"og:url\" content=\"https:\/\/viva.racunalniske-novice.com\/hr\/cijene-elektricnih-automobila-u-eu-prvi-put-padaju-hoce-li-to-ubrzati-prelazak-na-elektricna-vozila\/\" \/>\n<meta property=\"og:site_name\" content=\"Ra\u010dunalni\u0161ke novice\" \/>\n<meta property=\"article:published_time\" content=\"2026-03-14T09:00:00+00:00\" \/>\n<meta property=\"og:image\" content=\"https:\/\/transforms.transportenvironment.org\/production\/images\/PR-2024-25-cost-allocation-BEV-price@2x.png?w=1024&amp;q=75&amp;fm=webp&amp;fit=crop&amp;dm=1773237094&amp;s=574dbdc55d6143382ceb513f01b8a363\" \/>\n<meta name=\"author\" content=\"sinusiks\" \/>\n<meta name=\"twitter:card\" content=\"summary_large_image\" \/>\n<meta name=\"twitter:label1\" content=\"Napisao\/la\" \/>\n\t<meta name=\"twitter:data1\" content=\"sinusiks\" \/>\n\t<meta name=\"twitter:label2\" content=\"Procijenjeno vrijeme \u010ditanja\" \/>\n\t<meta name=\"twitter:data2\" content=\"3 minute\" \/>\n<script type=\"application\/ld+json\" class=\"yoast-schema-graph\">{\"@context\":\"https:\/\/schema.org\",\"@graph\":[{\"@type\":\"WebPage\",\"@id\":\"https:\/\/viva.racunalniske-novice.com\/cene-elektricnih-avtomobilov-v-eu-prvic-padajo-ali-bo-to-pospesilo-prehod-na-ev\/\",\"url\":\"https:\/\/viva.racunalniske-novice.com\/cene-elektricnih-avtomobilov-v-eu-prvic-padajo-ali-bo-to-pospesilo-prehod-na-ev\/\",\"name\":\"Cene elektri\u010dnih avtomobilov v EU prvi\u010d padajo \u2013 ali bo to pospe\u0161ilo prehod na EV? - Ra\u010dunalni\u0161ke novice\",\"isPartOf\":{\"@id\":\"https:\/\/viva.racunalniske-novice.com\/en\/#website\"},\"primaryImageOfPage\":{\"@id\":\"https:\/\/viva.racunalniske-novice.com\/cene-elektricnih-avtomobilov-v-eu-prvic-padajo-ali-bo-to-pospesilo-prehod-na-ev\/#primaryimage\"},\"image\":{\"@id\":\"https:\/\/viva.racunalniske-novice.com\/cene-elektricnih-avtomobilov-v-eu-prvic-padajo-ali-bo-to-pospesilo-prehod-na-ev\/#primaryimage\"},\"thumbnailUrl\":\"https:\/\/transforms.transportenvironment.org\/production\/images\/PR-2024-25-cost-allocation-BEV-price@2x.png?w=1024&amp;q=75&amp;fm=webp&amp;fit=crop&amp;dm=1773237094&amp;s=574dbdc55d6143382ceb513f01b8a363\",\"datePublished\":\"2026-03-14T09:00:00+00:00\",\"dateModified\":\"2026-03-14T09:00:00+00:00\",\"author\":{\"@id\":\"https:\/\/viva.racunalniske-novice.com\/en\/#\/schema\/person\/afb62e36efa34516d50249517e4cdbb4\"},\"breadcrumb\":{\"@id\":\"https:\/\/viva.racunalniske-novice.com\/cene-elektricnih-avtomobilov-v-eu-prvic-padajo-ali-bo-to-pospesilo-prehod-na-ev\/#breadcrumb\"},\"inLanguage\":\"hr\",\"potentialAction\":[{\"@type\":\"ReadAction\",\"target\":[\"https:\/\/viva.racunalniske-novice.com\/cene-elektricnih-avtomobilov-v-eu-prvic-padajo-ali-bo-to-pospesilo-prehod-na-ev\/\"]}]},{\"@type\":\"ImageObject\",\"inLanguage\":\"hr\",\"@id\":\"https:\/\/viva.racunalniske-novice.com\/cene-elektricnih-avtomobilov-v-eu-prvic-padajo-ali-bo-to-pospesilo-prehod-na-ev\/#primaryimage\",\"url\":\"https:\/\/transforms.transportenvironment.org\/production\/images\/PR-2024-25-cost-allocation-BEV-price@2x.png?w=1024&amp;q=75&amp;fm=webp&amp;fit=crop&amp;dm=1773237094&amp;s=574dbdc55d6143382ceb513f01b8a363\",\"contentUrl\":\"https:\/\/transforms.transportenvironment.org\/production\/images\/PR-2024-25-cost-allocation-BEV-price@2x.png?w=1024&amp;q=75&amp;fm=webp&amp;fit=crop&amp;dm=1773237094&amp;s=574dbdc55d6143382ceb513f01b8a363\"},{\"@type\":\"BreadcrumbList\",\"@id\":\"https:\/\/viva.racunalniske-novice.com\/cene-elektricnih-avtomobilov-v-eu-prvic-padajo-ali-bo-to-pospesilo-prehod-na-ev\/#breadcrumb\",\"itemListElement\":[{\"@type\":\"ListItem\",\"position\":1,\"name\":\"Home\",\"item\":\"https:\/\/viva.racunalniske-novice.com\/en\/\"},{\"@type\":\"ListItem\",\"position\":2,\"name\":\"Cene elektri\u010dnih avtomobilov v EU prvi\u010d padajo \u2013 ali bo to pospe\u0161ilo prehod na EV?\"}]},{\"@type\":\"WebSite\",\"@id\":\"https:\/\/viva.racunalniske-novice.com\/en\/#website\",\"url\":\"https:\/\/viva.racunalniske-novice.com\/en\/\",\"name\":\"Ra\u010dunalni\u0161ke novice\",\"description\":\"\",\"potentialAction\":[{\"@type\":\"SearchAction\",\"target\":{\"@type\":\"EntryPoint\",\"urlTemplate\":\"https:\/\/viva.racunalniske-novice.com\/en\/?s={search_term_string}\"},\"query-input\":\"required name=search_term_string\"}],\"inLanguage\":\"hr\"},{\"@type\":\"Person\",\"@id\":\"https:\/\/viva.racunalniske-novice.com\/en\/#\/schema\/person\/afb62e36efa34516d50249517e4cdbb4\",\"name\":\"sinusiks\",\"sameAs\":[\"https:\/\/ml.racunalniske-novice.com\"],\"url\":\"https:\/\/viva.racunalniske-novice.com\/hr\/author\/sinusiks\/\"}]}<\/script>\n<!-- \/ Yoast SEO plugin. -->","yoast_head_json":{"title":"Cene elektri\u010dnih avtomobilov v EU prvi\u010d padajo \u2013 ali bo to pospe\u0161ilo prehod na EV? - Ra\u010dunalni\u0161ke novice","description":"Elektri\u010dni avtomobili v Evropi prvi\u010d po ve\u010d letih postajajo cenej\u0161i. Nova analiza ka\u017ee, da stro\u017eji emisijski cilji EU proizvajalce silijo k lansiranju dostopnej\u0161ih modelov, kar bi lahko do konca deset","robots":{"index":"index","follow":"follow","max-snippet":"max-snippet:-1","max-image-preview":"max-image-preview:large","max-video-preview":"max-video-preview:-1"},"canonical":"https:\/\/viva.racunalniske-novice.com\/hr\/wp-json\/wp\/v2\/posts\/7267","og_locale":"hr_HR","og_type":"article","og_title":"Cene elektri\u010dnih avtomobilov v EU prvi\u010d padajo \u2013 ali bo to pospe\u0161ilo prehod na EV? - Ra\u010dunalni\u0161ke novice","og_description":"Po ve\u010d letih rasti so se cene elektri\u010dnih avtomobilov v Evropski uniji za\u010dele zni\u017eevati. Novi podatki ka\u017eejo, da je povpre\u010dna cena elektri\u010dnega vozila lani padla za pribli\u017eno 1.800 evrov, kar nakazuje, da bi elektri\u010dni avtomobili lahko kmalu postali cenovno primerljivi z vozili na bencin ali dizel. Cene prvi\u010d padajo po letu 2020 Po analizi organizacije [&hellip;]","og_url":"https:\/\/viva.racunalniske-novice.com\/hr\/cijene-elektricnih-automobila-u-eu-prvi-put-padaju-hoce-li-to-ubrzati-prelazak-na-elektricna-vozila\/","og_site_name":"Ra\u010dunalni\u0161ke novice","article_published_time":"2026-03-14T09:00:00+00:00","og_image":[{"url":"https:\/\/transforms.transportenvironment.org\/production\/images\/PR-2024-25-cost-allocation-BEV-price@2x.png?w=1024&amp;q=75&amp;fm=webp&amp;fit=crop&amp;dm=1773237094&amp;s=574dbdc55d6143382ceb513f01b8a363"}],"author":"sinusiks","twitter_card":"summary_large_image","twitter_misc":{"Napisao\/la":"sinusiks","Procijenjeno vrijeme \u010ditanja":"3 minute"},"schema":{"@context":"https:\/\/schema.org","@graph":[{"@type":"WebPage","@id":"https:\/\/viva.racunalniske-novice.com\/cene-elektricnih-avtomobilov-v-eu-prvic-padajo-ali-bo-to-pospesilo-prehod-na-ev\/","url":"https:\/\/viva.racunalniske-novice.com\/cene-elektricnih-avtomobilov-v-eu-prvic-padajo-ali-bo-to-pospesilo-prehod-na-ev\/","name":"Cene elektri\u010dnih avtomobilov v EU prvi\u010d padajo \u2013 ali bo to pospe\u0161ilo prehod na EV? - Ra\u010dunalni\u0161ke novice","isPartOf":{"@id":"https:\/\/viva.racunalniske-novice.com\/en\/#website"},"primaryImageOfPage":{"@id":"https:\/\/viva.racunalniske-novice.com\/cene-elektricnih-avtomobilov-v-eu-prvic-padajo-ali-bo-to-pospesilo-prehod-na-ev\/#primaryimage"},"image":{"@id":"https:\/\/viva.racunalniske-novice.com\/cene-elektricnih-avtomobilov-v-eu-prvic-padajo-ali-bo-to-pospesilo-prehod-na-ev\/#primaryimage"},"thumbnailUrl":"https:\/\/transforms.transportenvironment.org\/production\/images\/PR-2024-25-cost-allocation-BEV-price@2x.png?w=1024&amp;q=75&amp;fm=webp&amp;fit=crop&amp;dm=1773237094&amp;s=574dbdc55d6143382ceb513f01b8a363","datePublished":"2026-03-14T09:00:00+00:00","dateModified":"2026-03-14T09:00:00+00:00","author":{"@id":"https:\/\/viva.racunalniske-novice.com\/en\/#\/schema\/person\/afb62e36efa34516d50249517e4cdbb4"},"breadcrumb":{"@id":"https:\/\/viva.racunalniske-novice.com\/cene-elektricnih-avtomobilov-v-eu-prvic-padajo-ali-bo-to-pospesilo-prehod-na-ev\/#breadcrumb"},"inLanguage":"hr","potentialAction":[{"@type":"ReadAction","target":["https:\/\/viva.racunalniske-novice.com\/cene-elektricnih-avtomobilov-v-eu-prvic-padajo-ali-bo-to-pospesilo-prehod-na-ev\/"]}]},{"@type":"ImageObject","inLanguage":"hr","@id":"https:\/\/viva.racunalniske-novice.com\/cene-elektricnih-avtomobilov-v-eu-prvic-padajo-ali-bo-to-pospesilo-prehod-na-ev\/#primaryimage","url":"https:\/\/transforms.transportenvironment.org\/production\/images\/PR-2024-25-cost-allocation-BEV-price@2x.png?w=1024&amp;q=75&amp;fm=webp&amp;fit=crop&amp;dm=1773237094&amp;s=574dbdc55d6143382ceb513f01b8a363","contentUrl":"https:\/\/transforms.transportenvironment.org\/production\/images\/PR-2024-25-cost-allocation-BEV-price@2x.png?w=1024&amp;q=75&amp;fm=webp&amp;fit=crop&amp;dm=1773237094&amp;s=574dbdc55d6143382ceb513f01b8a363"},{"@type":"BreadcrumbList","@id":"https:\/\/viva.racunalniske-novice.com\/cene-elektricnih-avtomobilov-v-eu-prvic-padajo-ali-bo-to-pospesilo-prehod-na-ev\/#breadcrumb","itemListElement":[{"@type":"ListItem","position":1,"name":"Home","item":"https:\/\/viva.racunalniske-novice.com\/en\/"},{"@type":"ListItem","position":2,"name":"Cene elektri\u010dnih avtomobilov v EU prvi\u010d padajo \u2013 ali bo to pospe\u0161ilo prehod na EV?"}]},{"@type":"WebSite","@id":"https:\/\/viva.racunalniske-novice.com\/en\/#website","url":"https:\/\/viva.racunalniske-novice.com\/en\/","name":"Ra\u010dunalni\u0161ke novice","description":"","potentialAction":[{"@type":"SearchAction","target":{"@type":"EntryPoint","urlTemplate":"https:\/\/viva.racunalniske-novice.com\/en\/?s={search_term_string}"},"query-input":"required name=search_term_string"}],"inLanguage":"hr"},{"@type":"Person","@id":"https:\/\/viva.racunalniske-novice.com\/en\/#\/schema\/person\/afb62e36efa34516d50249517e4cdbb4","name":"sinusiks","sameAs":["https:\/\/ml.racunalniske-novice.com"],"url":"https:\/\/viva.racunalniske-novice.com\/hr\/author\/sinusiks\/"}]}},"_links":{"self":[{"href":"https:\/\/viva.racunalniske-novice.com\/hr\/wp-json\/wp\/v2\/posts\/7267","targetHints":{"allow":["GET"]}}],"collection":[{"href":"https:\/\/viva.racunalniske-novice.com\/hr\/wp-json\/wp\/v2\/posts"}],"about":[{"href":"https:\/\/viva.racunalniske-novice.com\/hr\/wp-json\/wp\/v2\/types\/post"}],"author":[{"embeddable":true,"href":"https:\/\/viva.racunalniske-novice.com\/hr\/wp-json\/wp\/v2\/users\/2"}],"replies":[{"embeddable":true,"href":"https:\/\/viva.racunalniske-novice.com\/hr\/wp-json\/wp\/v2\/comments?post=7267"}],"version-history":[{"count":0,"href":"https:\/\/viva.racunalniske-novice.com\/hr\/wp-json\/wp\/v2\/posts\/7267\/revisions"}],"wp:attachment":[{"href":"https:\/\/viva.racunalniske-novice.com\/hr\/wp-json\/wp\/v2\/media?parent=7267"}],"wp:term":[{"taxonomy":"category","embeddable":true,"href":"https:\/\/viva.racunalniske-novice.com\/hr\/wp-json\/wp\/v2\/categories?post=7267"},{"taxonomy":"post_tag","embeddable":true,"href":"https:\/\/viva.racunalniske-novice.com\/hr\/wp-json\/wp\/v2\/tags?post=7267"}],"curies":[{"name":"wp","href":"https:\/\/api.w.org\/{rel}","templated":true}]}}