{"id":7493,"date":"2026-04-21T19:22:44","date_gmt":"2026-04-21T17:22:44","guid":{"rendered":"https:\/\/viva.racunalniske-novice.com\/energetska-kriza-spreminja-evropo-vec-dela-od-doma-in-skok-prodaje-elektricnih-vozil\/"},"modified":"2026-04-21T19:22:44","modified_gmt":"2026-04-21T17:22:44","slug":"energetska-kriza-spreminja-evropo-vec-dela-od-doma-in-skok-prodaje-elektricnih-vozil","status":"publish","type":"post","link":"https:\/\/viva.racunalniske-novice.com\/hr\/energetska-kriza-mijenja-europu-vise-rada-od-kuce-i-porast-prodaje-elektricnih-vozila\/","title":{"rendered":"Energetska kriza mijenja Europu: vi\u0161e rada od ku\u0107e i porast prodaje elektri\u010dnih vozila"},"content":{"rendered":"<h2 class=\"wp-block-heading\">Bruxelles predla\u017ee vi\u0161e rada od ku\u0107e<\/h2>\n\n\n\n<p>Europska komisija \u0107e sljede\u0107i tjedan predstaviti paket mjera za ubla\u017eavanje visokih cijena energije. Me\u0111u prijedlozima je i preporuka da tvrtke uvedu barem jedan obvezni dan rada na daljinu tjedno.<\/p>\n\n\n\n<p>Cilj je smanjiti potro\u0161nju energije, posebno u uredima i prometu. Osim toga, Bruxelles predla\u017ee:<\/p>\n\n\n\n<ul class=\"wp-block-list\"><li>zatvaranje javnih zgrada gdje je to mogu\u0107e,<\/li><li>ni\u017ee cijene javnog prijevoza ili \u010dak besplatan prijevoz za odre\u0111ene skupine,<\/li><li>ve\u0107a fleksibilnost za zemlje u pomaganju ku\u0107anstvima i industriji.<\/li><\/ul>\n\n\n\n<p>Prema procjenama EU-a, energetska kriza ve\u0107 je uzrokovala vi\u0161e od 22 milijarde eura dodatnih tro\u0161kova za uvoz fosilnih goriva.<\/p>\n\n\n\n<h2 class=\"wp-block-heading\">Elektri\u010dni automobili u porastu<\/h2>\n\n\n\n<p>Dok zemlje tra\u017ee rje\u0161enja na razini politika, potro\u0161a\u010di reagiraju na svoj na\u010din. Prodaja elektri\u010dnih vozila u Europi brzo raste. U prvom tromjese\u010dju 2026. broj registracija elektri\u010dnih automobila porastao je za gotovo 30, a u o\u017eujku za vi\u0161e od 50. Na najve\u0107im europskim tr\u017ei\u0161tima \u2013 Njema\u010dkoj, Francuskoj, \u0160panjolskoj, Italiji i Poljskoj \u2013 rast je prema\u0161io 40. Elektri\u010dni automobili \u010dinili su vi\u0161e od petine svih novih vozila u o\u017eujku.<\/p>\n\n\n\n<h2 class=\"wp-block-heading\">Manja ovisnost o nafti<\/h2>\n\n\n\n<p>Rast elektri\u010dnih vozila tako\u0111er ima izravan utjecaj na energetiku. Analiti\u010dari procjenjuju da je ovogodi\u0161nja prodaja elektri\u010dnih vozila smanjila potro\u0161nju nafte za oko 2 milijuna barela godi\u0161nje. To zna\u010di da energetska kriza ne poti\u010de samo kratkoro\u010dne mjere, ve\u0107 i ubrzava dugoro\u010dne promjene u energetici i mobilnosti.<\/p>\n\n\n\n<h2 class=\"wp-block-heading\">Dvije strane iste pri\u010de<\/h2>\n\n\n\n<p>Ono \u0161to se doga\u0111a u Europi pokazuje zanimljiv obrazac. Vlade uvode mjere za smanjenje potro\u0161nje energije, a potro\u0161a\u010di mijenjaju svoje navike i ulaganja. Rad od ku\u0107e i elektri\u010dna mobilnost stoga su dvije strane istog procesa \u2013 smanjenja ovisnosti o fosilnim gorivima.<\/p>\n\n\n\n<p>Europska komisija nagla\u0161ava da je dugoro\u010dno rje\u0161enje energetska tranzicija i ve\u0107a energetska neovisnost. Ako se trenutni trendovi nastave, kriza bi mogla ubrzati promjene koje bi ina\u010de trajale godinama.<\/p>","protected":false},"excerpt":{"rendered":"<p>Bruselj predlaga ve\u010d dela od doma Evropska komisija bo prihodnji teden predstavila paket ukrepov za ubla\u017eitev visokih cen energije. Med predlogi izstopa priporo\u010dilo, naj podjetja uvedejo vsaj en obvezen dan dela na daljavo na teden. Cilj je zmanj\u0161ati porabo energije, predvsem v pisarni\u0161kih prostorih in prometu. Poleg tega Bruselj predlaga: zapiranje javnih stavb, kjer je [&hellip;]<\/p>","protected":false},"author":2,"featured_media":0,"comment_status":"","ping_status":"open","sticky":false,"template":"","format":"standard","meta":{"_acf_changed":false,"footnotes":""},"categories":[6,8],"tags":[226],"class_list":["post-7493","post","type-post","status-publish","format-standard","hentry","category-avtomoto","category-zivljenjski-slog","tag-elektricni-avtomobili"],"acf":{"subtitle":"Energetska kriza, ki jo je spro\u017eil konflikt na Bli\u017enjem vzhodu, \u017ee spreminja vsakdanje \u017eivljenje in gospodarstvo v Evropi. Bruselj pripravlja nove ukrepe za zmanj\u0161anje porabe energije, medtem ko potro\u0161niki sami pospe\u0161eno prehajajo na alternative, kot so elektri\u010dna vozila.","heading":"","summary":"Energetska kriza, ki jo je spro\u017eil konflikt na Bli\u017enjem vzhodu, \u017ee spreminja vsakdanje \u017eivljenje in gospodarstvo v Evropi. Bruselj pripravlja nove ukrepe za zmanj\u0161anje porabe energije, medtem ko potro\u0161niki sami pospe\u0161eno prehajajo na alternative, kot so elektri\u010dna vozila.","thumbnail_small":"https:\/\/racunalniske-novice.com\/wp-content\/uploads\/2026\/04\/jack-kleefman-2NfRUWRqGgA-unsplash-560x315.jpg","thumbnail_large":"https:\/\/racunalniske-novice.com\/wp-content\/uploads\/2026\/04\/jack-kleefman-2NfRUWRqGgA-unsplash-1024x678.jpg","thumbnail_caption":"","gallery":"","video_gallery":null,"author":"","links":null,"sources":[{"title":"RTE","url":"https:\/\/www.rte.ie\/news\/business\/2026\/0420\/1569110-european-ev-sales\/#:~:text=New%20battery%2Delectric%20vehicle%20(BEV)%20registrations%2C%20a%20proxy,firm%20New%20Automotive%20showed%20today."},{"title":"ARA","url":"https:\/\/en.ara.cat\/economy\/brussels-studies-proposing-that-companies-that-can-establish-day-of-teleworking-for-the-energy-crisis_1_5708441.html"},{"title":"Unsplash","url":"https:\/\/unsplash.com\/photos\/industrial-factory-with-steam-rising-under-cloudy-sky-2NfRUWRqGgA"}],"skip_language":[]},"yoast_head":"<!-- This site is optimized with the Yoast SEO plugin v22.8 - https:\/\/yoast.com\/wordpress\/plugins\/seo\/ -->\n<title>Energetska kriza spreminja Evropo: ve\u010d dela od doma in skok prodaje elektri\u010dnih vozil - Ra\u010dunalni\u0161ke novice<\/title>\n<meta name=\"description\" content=\"Energetska kriza, ki jo je spro\u017eil konflikt na Bli\u017enjem vzhodu, \u017ee spreminja vsakdanje \u017eivljenje in gospodarstvo v Evropi. Bruselj pripravlja nove ukrepe za zmanj\u0161anje porabe energije, medtem ko potro\" \/>\n<meta name=\"robots\" content=\"index, follow, max-snippet:-1, max-image-preview:large, max-video-preview:-1\" \/>\n<link rel=\"canonical\" href=\"https:\/\/viva.racunalniske-novice.com\/hr\/wp-json\/wp\/v2\/posts\/7493\" \/>\n<meta property=\"og:locale\" content=\"hr_HR\" \/>\n<meta property=\"og:type\" content=\"article\" \/>\n<meta property=\"og:title\" content=\"Energetska kriza spreminja Evropo: ve\u010d dela od doma in skok prodaje elektri\u010dnih vozil - Ra\u010dunalni\u0161ke novice\" \/>\n<meta property=\"og:description\" content=\"Bruselj predlaga ve\u010d dela od doma Evropska komisija bo prihodnji teden predstavila paket ukrepov za ubla\u017eitev visokih cen energije. Med predlogi izstopa priporo\u010dilo, naj podjetja uvedejo vsaj en obvezen dan dela na daljavo na teden. Cilj je zmanj\u0161ati porabo energije, predvsem v pisarni\u0161kih prostorih in prometu. Poleg tega Bruselj predlaga: zapiranje javnih stavb, kjer je [&hellip;]\" \/>\n<meta property=\"og:url\" content=\"https:\/\/viva.racunalniske-novice.com\/hr\/energetska-kriza-mijenja-europu-vise-rada-od-kuce-i-porast-prodaje-elektricnih-vozila\/\" \/>\n<meta property=\"og:site_name\" content=\"Ra\u010dunalni\u0161ke novice\" \/>\n<meta property=\"article:published_time\" content=\"2026-04-21T17:22:44+00:00\" \/>\n<meta name=\"author\" content=\"sinusiks\" \/>\n<meta name=\"twitter:card\" content=\"summary_large_image\" \/>\n<meta name=\"twitter:label1\" content=\"Napisao\/la\" \/>\n\t<meta name=\"twitter:data1\" content=\"sinusiks\" \/>\n\t<meta name=\"twitter:label2\" content=\"Procijenjeno vrijeme \u010ditanja\" \/>\n\t<meta name=\"twitter:data2\" content=\"2 minute\" \/>\n<script type=\"application\/ld+json\" class=\"yoast-schema-graph\">{\"@context\":\"https:\/\/schema.org\",\"@graph\":[{\"@type\":\"WebPage\",\"@id\":\"https:\/\/viva.racunalniske-novice.com\/energetska-kriza-spreminja-evropo-vec-dela-od-doma-in-skok-prodaje-elektricnih-vozil\/\",\"url\":\"https:\/\/viva.racunalniske-novice.com\/energetska-kriza-spreminja-evropo-vec-dela-od-doma-in-skok-prodaje-elektricnih-vozil\/\",\"name\":\"Energetska kriza spreminja Evropo: ve\u010d dela od doma in skok prodaje elektri\u010dnih vozil - Ra\u010dunalni\u0161ke novice\",\"isPartOf\":{\"@id\":\"https:\/\/viva.racunalniske-novice.com\/en\/#website\"},\"datePublished\":\"2026-04-21T17:22:44+00:00\",\"dateModified\":\"2026-04-21T17:22:44+00:00\",\"author\":{\"@id\":\"https:\/\/viva.racunalniske-novice.com\/en\/#\/schema\/person\/afb62e36efa34516d50249517e4cdbb4\"},\"breadcrumb\":{\"@id\":\"https:\/\/viva.racunalniske-novice.com\/energetska-kriza-spreminja-evropo-vec-dela-od-doma-in-skok-prodaje-elektricnih-vozil\/#breadcrumb\"},\"inLanguage\":\"hr\",\"potentialAction\":[{\"@type\":\"ReadAction\",\"target\":[\"https:\/\/viva.racunalniske-novice.com\/energetska-kriza-spreminja-evropo-vec-dela-od-doma-in-skok-prodaje-elektricnih-vozil\/\"]}]},{\"@type\":\"BreadcrumbList\",\"@id\":\"https:\/\/viva.racunalniske-novice.com\/energetska-kriza-spreminja-evropo-vec-dela-od-doma-in-skok-prodaje-elektricnih-vozil\/#breadcrumb\",\"itemListElement\":[{\"@type\":\"ListItem\",\"position\":1,\"name\":\"Home\",\"item\":\"https:\/\/viva.racunalniske-novice.com\/en\/\"},{\"@type\":\"ListItem\",\"position\":2,\"name\":\"Energetska kriza spreminja Evropo: ve\u010d dela od doma in skok prodaje elektri\u010dnih vozil\"}]},{\"@type\":\"WebSite\",\"@id\":\"https:\/\/viva.racunalniske-novice.com\/en\/#website\",\"url\":\"https:\/\/viva.racunalniske-novice.com\/en\/\",\"name\":\"Ra\u010dunalni\u0161ke novice\",\"description\":\"\",\"potentialAction\":[{\"@type\":\"SearchAction\",\"target\":{\"@type\":\"EntryPoint\",\"urlTemplate\":\"https:\/\/viva.racunalniske-novice.com\/en\/?s={search_term_string}\"},\"query-input\":\"required name=search_term_string\"}],\"inLanguage\":\"hr\"},{\"@type\":\"Person\",\"@id\":\"https:\/\/viva.racunalniske-novice.com\/en\/#\/schema\/person\/afb62e36efa34516d50249517e4cdbb4\",\"name\":\"sinusiks\",\"sameAs\":[\"https:\/\/ml.racunalniske-novice.com\"],\"url\":\"https:\/\/viva.racunalniske-novice.com\/hr\/author\/sinusiks\/\"}]}<\/script>\n<!-- \/ Yoast SEO plugin. -->","yoast_head_json":{"title":"Energetska kriza spreminja Evropo: ve\u010d dela od doma in skok prodaje elektri\u010dnih vozil - Ra\u010dunalni\u0161ke novice","description":"Energetska kriza, ki jo je spro\u017eil konflikt na Bli\u017enjem vzhodu, \u017ee spreminja vsakdanje \u017eivljenje in gospodarstvo v Evropi. Bruselj pripravlja nove ukrepe za zmanj\u0161anje porabe energije, medtem ko potro","robots":{"index":"index","follow":"follow","max-snippet":"max-snippet:-1","max-image-preview":"max-image-preview:large","max-video-preview":"max-video-preview:-1"},"canonical":"https:\/\/viva.racunalniske-novice.com\/hr\/wp-json\/wp\/v2\/posts\/7493","og_locale":"hr_HR","og_type":"article","og_title":"Energetska kriza spreminja Evropo: ve\u010d dela od doma in skok prodaje elektri\u010dnih vozil - Ra\u010dunalni\u0161ke novice","og_description":"Bruselj predlaga ve\u010d dela od doma Evropska komisija bo prihodnji teden predstavila paket ukrepov za ubla\u017eitev visokih cen energije. Med predlogi izstopa priporo\u010dilo, naj podjetja uvedejo vsaj en obvezen dan dela na daljavo na teden. Cilj je zmanj\u0161ati porabo energije, predvsem v pisarni\u0161kih prostorih in prometu. Poleg tega Bruselj predlaga: zapiranje javnih stavb, kjer je [&hellip;]","og_url":"https:\/\/viva.racunalniske-novice.com\/hr\/energetska-kriza-mijenja-europu-vise-rada-od-kuce-i-porast-prodaje-elektricnih-vozila\/","og_site_name":"Ra\u010dunalni\u0161ke novice","article_published_time":"2026-04-21T17:22:44+00:00","author":"sinusiks","twitter_card":"summary_large_image","twitter_misc":{"Napisao\/la":"sinusiks","Procijenjeno vrijeme \u010ditanja":"2 minute"},"schema":{"@context":"https:\/\/schema.org","@graph":[{"@type":"WebPage","@id":"https:\/\/viva.racunalniske-novice.com\/energetska-kriza-spreminja-evropo-vec-dela-od-doma-in-skok-prodaje-elektricnih-vozil\/","url":"https:\/\/viva.racunalniske-novice.com\/energetska-kriza-spreminja-evropo-vec-dela-od-doma-in-skok-prodaje-elektricnih-vozil\/","name":"Energetska kriza spreminja Evropo: ve\u010d dela od doma in skok prodaje elektri\u010dnih vozil - Ra\u010dunalni\u0161ke novice","isPartOf":{"@id":"https:\/\/viva.racunalniske-novice.com\/en\/#website"},"datePublished":"2026-04-21T17:22:44+00:00","dateModified":"2026-04-21T17:22:44+00:00","author":{"@id":"https:\/\/viva.racunalniske-novice.com\/en\/#\/schema\/person\/afb62e36efa34516d50249517e4cdbb4"},"breadcrumb":{"@id":"https:\/\/viva.racunalniske-novice.com\/energetska-kriza-spreminja-evropo-vec-dela-od-doma-in-skok-prodaje-elektricnih-vozil\/#breadcrumb"},"inLanguage":"hr","potentialAction":[{"@type":"ReadAction","target":["https:\/\/viva.racunalniske-novice.com\/energetska-kriza-spreminja-evropo-vec-dela-od-doma-in-skok-prodaje-elektricnih-vozil\/"]}]},{"@type":"BreadcrumbList","@id":"https:\/\/viva.racunalniske-novice.com\/energetska-kriza-spreminja-evropo-vec-dela-od-doma-in-skok-prodaje-elektricnih-vozil\/#breadcrumb","itemListElement":[{"@type":"ListItem","position":1,"name":"Home","item":"https:\/\/viva.racunalniske-novice.com\/en\/"},{"@type":"ListItem","position":2,"name":"Energetska kriza spreminja Evropo: ve\u010d dela od doma in skok prodaje elektri\u010dnih vozil"}]},{"@type":"WebSite","@id":"https:\/\/viva.racunalniske-novice.com\/en\/#website","url":"https:\/\/viva.racunalniske-novice.com\/en\/","name":"Ra\u010dunalni\u0161ke novice","description":"","potentialAction":[{"@type":"SearchAction","target":{"@type":"EntryPoint","urlTemplate":"https:\/\/viva.racunalniske-novice.com\/en\/?s={search_term_string}"},"query-input":"required name=search_term_string"}],"inLanguage":"hr"},{"@type":"Person","@id":"https:\/\/viva.racunalniske-novice.com\/en\/#\/schema\/person\/afb62e36efa34516d50249517e4cdbb4","name":"sinusiks","sameAs":["https:\/\/ml.racunalniske-novice.com"],"url":"https:\/\/viva.racunalniske-novice.com\/hr\/author\/sinusiks\/"}]}},"_links":{"self":[{"href":"https:\/\/viva.racunalniske-novice.com\/hr\/wp-json\/wp\/v2\/posts\/7493","targetHints":{"allow":["GET"]}}],"collection":[{"href":"https:\/\/viva.racunalniske-novice.com\/hr\/wp-json\/wp\/v2\/posts"}],"about":[{"href":"https:\/\/viva.racunalniske-novice.com\/hr\/wp-json\/wp\/v2\/types\/post"}],"author":[{"embeddable":true,"href":"https:\/\/viva.racunalniske-novice.com\/hr\/wp-json\/wp\/v2\/users\/2"}],"replies":[{"embeddable":true,"href":"https:\/\/viva.racunalniske-novice.com\/hr\/wp-json\/wp\/v2\/comments?post=7493"}],"version-history":[{"count":0,"href":"https:\/\/viva.racunalniske-novice.com\/hr\/wp-json\/wp\/v2\/posts\/7493\/revisions"}],"wp:attachment":[{"href":"https:\/\/viva.racunalniske-novice.com\/hr\/wp-json\/wp\/v2\/media?parent=7493"}],"wp:term":[{"taxonomy":"category","embeddable":true,"href":"https:\/\/viva.racunalniske-novice.com\/hr\/wp-json\/wp\/v2\/categories?post=7493"},{"taxonomy":"post_tag","embeddable":true,"href":"https:\/\/viva.racunalniske-novice.com\/hr\/wp-json\/wp\/v2\/tags?post=7493"}],"curies":[{"name":"wp","href":"https:\/\/api.w.org\/{rel}","templated":true}]}}