{"id":7525,"date":"2026-04-28T15:06:00","date_gmt":"2026-04-28T13:06:00","guid":{"rendered":"https:\/\/viva.racunalniske-novice.com\/novi-mini-paradni-konj-prihaja-v-evropo\/"},"modified":"2026-04-28T15:06:00","modified_gmt":"2026-04-28T13:06:00","slug":"novi-mini-paradni-konj-prihaja-v-evropo","status":"publish","type":"post","link":"https:\/\/viva.racunalniske-novice.com\/hr\/novi-mini-izlozbeni-primjerak-stize-u-europu\/","title":{"rendered":"Novi mini eksponat sti\u017ee u Europu"},"content":{"rendered":"<p>Tr\u017ei\u0161te \u201emini\u201c vode\u0107ih modela posljednjih je godina zanemareno, a ve\u0107ina proizvo\u0111a\u010da fokusira se na ekrane ve\u0107e od 6,7 in\u010da. Infinix 15 Compact ulazi u ovu ni\u0161u s AMOLED ekranom veli\u010dine samo 6,1 in\u010da. Unato\u010d kompaktnoj veli\u010dini, zaslon ne pravi kompromise, nude\u0107i brzinu osvje\u017eavanja od 120 Hz i maksimalnu svjetlinu do 2500 nita, osiguravaju\u0107i izvrsnu vidljivost \u010dak i pri jakom sun\u010devom svjetlu.<br><br>Ispod haube nalazi se najnoviji MediaTek Dimensity 9400 procesor, koji u kombinaciji s 12 GB RAM-a pru\u017ea performanse usporedive s najve\u0107im konkurentima na tr\u017ei\u0161tu. Poseban naglasak stavljen je na kameru. Infinix 15 Compact koristi glavni senzor od 50 MP s opti\u010dkom stabilizacijom (OIS), \u0161to obe\u0107ava vrhunske snimke u uvjetima slabog osvjetljenja. Ku\u0107i\u0161te ure\u0111aja otporno je na vodu i pra\u0161inu prema IP68 standardu, \u0161to je prava rijetkost u ovoj klasi veli\u010dina.<br><br>Infinix je potvrdio strate\u0161ki potez za europsko tr\u017ei\u0161te. Popust u pretprodaji koji \u0107e smanjiti cijenu ure\u0111aja za oko 15 posto u prvom tjednu prodaje. Procijenjena maloprodajna cijena bit \u0107e oko 550 eura, \u0161to ga stavlja u izravnu konkurenciju modelima poput Samsung Galaxy S26 ili Xiaomi 16. Baterija od 4800 mAh i brzo punjenje od 65 W osiguravaju da \u0107e ure\u0111aj trajati cijeli dan unato\u010d intenzivnoj upotrebi.<br><br>Novi Infinix 15 Compact osvje\u017eenje je za sve one kojima je nedostajao ure\u0111aj duljine oko 14,5 cm koji lako stane u d\u017eep. S obe\u0107anim \u010detiri godine podr\u0161ke za a\u017euriranja Android operativnog sustava i pet godina sigurnosne podr\u0161ke, Infinix \u017eeli ste\u0107i povjerenje zahtjevnijih korisnika koji tra\u017ee dugoro\u010dno ulaganje u kompaktnu tehnologiju.<\/p>\n<div class=\"embed-container\"><iframe src=\"https:\/\/www.youtube.com\/embed\/z5_DnkL1l4A\" frameborder=\"0\" allowfullscreen><\/iframe><\/div><br\/>","protected":false},"excerpt":{"rendered":"<p>Trg &#8220;mini&#8221; paradnih konjev je bil v zadnjih letih precej zapostavljen, saj se ve\u010dina proizvajalcev osredoto\u010da na zaslone nad 6,7 palcev. Infinix 15 Compact pa vstopa v to ni\u0161o z zaslonom AMOLED velikosti le 6,1 palcev. Kljub kompaktni velikosti zaslon ne sklepa kompromisov, saj ponuja 120 Hz osve\u017eevanje in vrhunsko svetilnost do 2500 niti, kar [&hellip;]<\/p>","protected":false},"author":2,"featured_media":0,"comment_status":"","ping_status":"open","sticky":false,"template":"","format":"standard","meta":{"_acf_changed":false,"footnotes":""},"categories":[50],"tags":[264],"class_list":["post-7525","post","type-post","status-publish","format-standard","hentry","category-telefonija","tag-vivo-pametni-telefoni"],"acf":{"subtitle":"Ljubitelji manj\u0161ih, a zmogljivih pametnih telefonov imajo razlog za veselje. Podjetje Infinix je uradno potrdilo, da bo aprila 2026 na mednarodne trge poslalo svoj novi model Infinix 15 Compact. Gre za napravo, ki kljubuje trendu ogromnih zaslonov in ponuja vrhunsko strojno opremo v ohi\u0161ju, ki je prijazno za uporabo z eno roko. Ob izidu je proizvajalec potrdil tudi posebne ugodnosti za prve kupce.","heading":"","summary":"Infinix 15 Compact prihaja na evropski trg s 6,1-pal\u010dnim AMOLED zaslonom, procesorjem Dimensity 9400 in ceno okoli 550 evrov. S predprodajnim popustom in vrhunsko kamero predstavlja resno alternativo uveljavljenim znamkam v segmentu kompaktnih paradnih konjev.","thumbnail_small":"https:\/\/racunalniske-novice.com\/wp-content\/uploads\/2026\/04\/vivo-x300-fe-euro-launch-kv-560x315.jpg","thumbnail_large":"https:\/\/racunalniske-novice.com\/wp-content\/uploads\/2026\/04\/vivo-x300-fe-euro-launch-kv-1024x768.jpg","thumbnail_caption":"Foto: Vivo","gallery":"","video_gallery":[{"youtube_url":"https:\/\/www.youtube.com\/watch?v=z5_DnkL1l4A"}],"author":"","links":[{"title":"Infinix","url":""}],"sources":null,"skip_language":[]},"yoast_head":"<!-- This site is optimized with the Yoast SEO plugin v22.8 - https:\/\/yoast.com\/wordpress\/plugins\/seo\/ -->\n<title>Novi mini paradni konj prihaja v Evropo - Ra\u010dunalni\u0161ke novice<\/title>\n<meta name=\"description\" content=\"Infinix 15 Compact prihaja na evropski trg s 6,1-pal\u010dnim AMOLED zaslonom, procesorjem Dimensity 9400 in ceno okoli 550 evrov. S predprodajnim popustom in vrhunsko kamero predstavlja resno alternativo\" \/>\n<meta name=\"robots\" content=\"index, follow, max-snippet:-1, max-image-preview:large, max-video-preview:-1\" \/>\n<link rel=\"canonical\" href=\"https:\/\/viva.racunalniske-novice.com\/hr\/wp-json\/wp\/v2\/posts\/7525\" \/>\n<meta property=\"og:locale\" content=\"hr_HR\" \/>\n<meta property=\"og:type\" content=\"article\" \/>\n<meta property=\"og:title\" content=\"Novi mini paradni konj prihaja v Evropo - Ra\u010dunalni\u0161ke novice\" \/>\n<meta property=\"og:description\" content=\"Trg &#8220;mini&#8221; paradnih konjev je bil v zadnjih letih precej zapostavljen, saj se ve\u010dina proizvajalcev osredoto\u010da na zaslone nad 6,7 palcev. Infinix 15 Compact pa vstopa v to ni\u0161o z zaslonom AMOLED velikosti le 6,1 palcev. Kljub kompaktni velikosti zaslon ne sklepa kompromisov, saj ponuja 120 Hz osve\u017eevanje in vrhunsko svetilnost do 2500 niti, kar [&hellip;]\" \/>\n<meta property=\"og:url\" content=\"https:\/\/viva.racunalniske-novice.com\/hr\/novi-mini-izlozbeni-primjerak-stize-u-europu\/\" \/>\n<meta property=\"og:site_name\" content=\"Ra\u010dunalni\u0161ke novice\" \/>\n<meta property=\"article:published_time\" content=\"2026-04-28T13:06:00+00:00\" \/>\n<meta name=\"author\" content=\"sinusiks\" \/>\n<meta name=\"twitter:card\" content=\"summary_large_image\" \/>\n<meta name=\"twitter:label1\" content=\"Napisao\/la\" \/>\n\t<meta name=\"twitter:data1\" content=\"sinusiks\" \/>\n\t<meta name=\"twitter:label2\" content=\"Procijenjeno vrijeme \u010ditanja\" \/>\n\t<meta name=\"twitter:data2\" content=\"1 minuta\" \/>\n<script type=\"application\/ld+json\" class=\"yoast-schema-graph\">{\"@context\":\"https:\/\/schema.org\",\"@graph\":[{\"@type\":\"WebPage\",\"@id\":\"https:\/\/viva.racunalniske-novice.com\/novi-mini-paradni-konj-prihaja-v-evropo\/\",\"url\":\"https:\/\/viva.racunalniske-novice.com\/novi-mini-paradni-konj-prihaja-v-evropo\/\",\"name\":\"Novi mini paradni konj prihaja v Evropo - Ra\u010dunalni\u0161ke novice\",\"isPartOf\":{\"@id\":\"https:\/\/viva.racunalniske-novice.com\/en\/#website\"},\"datePublished\":\"2026-04-28T13:06:00+00:00\",\"dateModified\":\"2026-04-28T13:06:00+00:00\",\"author\":{\"@id\":\"https:\/\/viva.racunalniske-novice.com\/en\/#\/schema\/person\/afb62e36efa34516d50249517e4cdbb4\"},\"breadcrumb\":{\"@id\":\"https:\/\/viva.racunalniske-novice.com\/novi-mini-paradni-konj-prihaja-v-evropo\/#breadcrumb\"},\"inLanguage\":\"hr\",\"potentialAction\":[{\"@type\":\"ReadAction\",\"target\":[\"https:\/\/viva.racunalniske-novice.com\/novi-mini-paradni-konj-prihaja-v-evropo\/\"]}]},{\"@type\":\"BreadcrumbList\",\"@id\":\"https:\/\/viva.racunalniske-novice.com\/novi-mini-paradni-konj-prihaja-v-evropo\/#breadcrumb\",\"itemListElement\":[{\"@type\":\"ListItem\",\"position\":1,\"name\":\"Home\",\"item\":\"https:\/\/viva.racunalniske-novice.com\/en\/\"},{\"@type\":\"ListItem\",\"position\":2,\"name\":\"Novi mini paradni konj prihaja v Evropo\"}]},{\"@type\":\"WebSite\",\"@id\":\"https:\/\/viva.racunalniske-novice.com\/en\/#website\",\"url\":\"https:\/\/viva.racunalniske-novice.com\/en\/\",\"name\":\"Ra\u010dunalni\u0161ke novice\",\"description\":\"\",\"potentialAction\":[{\"@type\":\"SearchAction\",\"target\":{\"@type\":\"EntryPoint\",\"urlTemplate\":\"https:\/\/viva.racunalniske-novice.com\/en\/?s={search_term_string}\"},\"query-input\":\"required name=search_term_string\"}],\"inLanguage\":\"hr\"},{\"@type\":\"Person\",\"@id\":\"https:\/\/viva.racunalniske-novice.com\/en\/#\/schema\/person\/afb62e36efa34516d50249517e4cdbb4\",\"name\":\"sinusiks\",\"sameAs\":[\"https:\/\/ml.racunalniske-novice.com\"],\"url\":\"https:\/\/viva.racunalniske-novice.com\/hr\/author\/sinusiks\/\"}]}<\/script>\n<!-- \/ Yoast SEO plugin. -->","yoast_head_json":{"title":"Novi mini paradni konj prihaja v Evropo - Ra\u010dunalni\u0161ke novice","description":"Infinix 15 Compact prihaja na evropski trg s 6,1-pal\u010dnim AMOLED zaslonom, procesorjem Dimensity 9400 in ceno okoli 550 evrov. S predprodajnim popustom in vrhunsko kamero predstavlja resno alternativo","robots":{"index":"index","follow":"follow","max-snippet":"max-snippet:-1","max-image-preview":"max-image-preview:large","max-video-preview":"max-video-preview:-1"},"canonical":"https:\/\/viva.racunalniske-novice.com\/hr\/wp-json\/wp\/v2\/posts\/7525","og_locale":"hr_HR","og_type":"article","og_title":"Novi mini paradni konj prihaja v Evropo - Ra\u010dunalni\u0161ke novice","og_description":"Trg &#8220;mini&#8221; paradnih konjev je bil v zadnjih letih precej zapostavljen, saj se ve\u010dina proizvajalcev osredoto\u010da na zaslone nad 6,7 palcev. Infinix 15 Compact pa vstopa v to ni\u0161o z zaslonom AMOLED velikosti le 6,1 palcev. Kljub kompaktni velikosti zaslon ne sklepa kompromisov, saj ponuja 120 Hz osve\u017eevanje in vrhunsko svetilnost do 2500 niti, kar [&hellip;]","og_url":"https:\/\/viva.racunalniske-novice.com\/hr\/novi-mini-izlozbeni-primjerak-stize-u-europu\/","og_site_name":"Ra\u010dunalni\u0161ke novice","article_published_time":"2026-04-28T13:06:00+00:00","author":"sinusiks","twitter_card":"summary_large_image","twitter_misc":{"Napisao\/la":"sinusiks","Procijenjeno vrijeme \u010ditanja":"1 minuta"},"schema":{"@context":"https:\/\/schema.org","@graph":[{"@type":"WebPage","@id":"https:\/\/viva.racunalniske-novice.com\/novi-mini-paradni-konj-prihaja-v-evropo\/","url":"https:\/\/viva.racunalniske-novice.com\/novi-mini-paradni-konj-prihaja-v-evropo\/","name":"Novi mini paradni konj prihaja v Evropo - Ra\u010dunalni\u0161ke novice","isPartOf":{"@id":"https:\/\/viva.racunalniske-novice.com\/en\/#website"},"datePublished":"2026-04-28T13:06:00+00:00","dateModified":"2026-04-28T13:06:00+00:00","author":{"@id":"https:\/\/viva.racunalniske-novice.com\/en\/#\/schema\/person\/afb62e36efa34516d50249517e4cdbb4"},"breadcrumb":{"@id":"https:\/\/viva.racunalniske-novice.com\/novi-mini-paradni-konj-prihaja-v-evropo\/#breadcrumb"},"inLanguage":"hr","potentialAction":[{"@type":"ReadAction","target":["https:\/\/viva.racunalniske-novice.com\/novi-mini-paradni-konj-prihaja-v-evropo\/"]}]},{"@type":"BreadcrumbList","@id":"https:\/\/viva.racunalniske-novice.com\/novi-mini-paradni-konj-prihaja-v-evropo\/#breadcrumb","itemListElement":[{"@type":"ListItem","position":1,"name":"Home","item":"https:\/\/viva.racunalniske-novice.com\/en\/"},{"@type":"ListItem","position":2,"name":"Novi mini paradni konj prihaja v Evropo"}]},{"@type":"WebSite","@id":"https:\/\/viva.racunalniske-novice.com\/en\/#website","url":"https:\/\/viva.racunalniske-novice.com\/en\/","name":"Ra\u010dunalni\u0161ke novice","description":"","potentialAction":[{"@type":"SearchAction","target":{"@type":"EntryPoint","urlTemplate":"https:\/\/viva.racunalniske-novice.com\/en\/?s={search_term_string}"},"query-input":"required name=search_term_string"}],"inLanguage":"hr"},{"@type":"Person","@id":"https:\/\/viva.racunalniske-novice.com\/en\/#\/schema\/person\/afb62e36efa34516d50249517e4cdbb4","name":"sinusiks","sameAs":["https:\/\/ml.racunalniske-novice.com"],"url":"https:\/\/viva.racunalniske-novice.com\/hr\/author\/sinusiks\/"}]}},"_links":{"self":[{"href":"https:\/\/viva.racunalniske-novice.com\/hr\/wp-json\/wp\/v2\/posts\/7525","targetHints":{"allow":["GET"]}}],"collection":[{"href":"https:\/\/viva.racunalniske-novice.com\/hr\/wp-json\/wp\/v2\/posts"}],"about":[{"href":"https:\/\/viva.racunalniske-novice.com\/hr\/wp-json\/wp\/v2\/types\/post"}],"author":[{"embeddable":true,"href":"https:\/\/viva.racunalniske-novice.com\/hr\/wp-json\/wp\/v2\/users\/2"}],"replies":[{"embeddable":true,"href":"https:\/\/viva.racunalniske-novice.com\/hr\/wp-json\/wp\/v2\/comments?post=7525"}],"version-history":[{"count":0,"href":"https:\/\/viva.racunalniske-novice.com\/hr\/wp-json\/wp\/v2\/posts\/7525\/revisions"}],"wp:attachment":[{"href":"https:\/\/viva.racunalniske-novice.com\/hr\/wp-json\/wp\/v2\/media?parent=7525"}],"wp:term":[{"taxonomy":"category","embeddable":true,"href":"https:\/\/viva.racunalniske-novice.com\/hr\/wp-json\/wp\/v2\/categories?post=7525"},{"taxonomy":"post_tag","embeddable":true,"href":"https:\/\/viva.racunalniske-novice.com\/hr\/wp-json\/wp\/v2\/tags?post=7525"}],"curies":[{"name":"wp","href":"https:\/\/api.w.org\/{rel}","templated":true}]}}