{"id":8121,"date":"2026-09-04T09:45:00","date_gmt":"2026-09-04T07:45:00","guid":{"rendered":"https:\/\/viva.racunalniske-novice.com\/bodo-prenosniki-brez-ventilatorjev-postali-del-nase-prihodnosti\/"},"modified":"2026-09-04T09:45:00","modified_gmt":"2026-09-04T07:45:00","slug":"bodo-prenosniki-brez-ventilatorjev-postali-del-nase-prihodnosti","status":"publish","type":"post","link":"https:\/\/viva.racunalniske-novice.com\/hr\/hoce-li-prijenosna-racunala-bez-ventilatora-postati-dio-nase-buducnosti\/","title":{"rendered":"Ho\u0107e li prijenosna ra\u010dunala bez ventilatora postati dio na\u0161e budu\u0107nosti?"},"content":{"rendered":"<p class=\"wp-block-paragraph\">Proizvo\u0111a\u010di prijenosnih ra\u010dunala godinama tra\u017ee na\u010dine kako bi ure\u0111aje u\u010dinili tanjim i lak\u0161im bez \u017ertvovanja performansi procesora. Najve\u0107a prepreka u tome su tradicionalni sustavi hla\u0111enja, jer ventilatori, toplinske cijevi i otvori za zrak zahtijevaju puno prostora unutar ku\u0107i\u0161ta. Na sajmu IFA 2026, Lenovo je ponudio svoju viziju rje\u0161enja s konceptnim prijenosnim ra\u010dunalom Lenovo ThinkBook Project AeroBlade, koje koristi potpuno druga\u010diju tehnologiju aktivnog hla\u0111enja umjesto tradicionalnih rotiraju\u0107ih ventilatora.<\/p>\n\n\n\n<p class=\"wp-block-paragraph\">Ku\u0107i\u0161te ovog prijenosnog ra\u010dunala od 35,56 cm (14 in\u010da) izra\u0111eno je od kombinacije magnezija i aluminija. U zatvorenom stanju debljine je manje od 10 milimetara, a cijeli ure\u0111aj te\u017ei manje od 830 grama. Na ku\u0107i\u0161tu nema konvencionalnih otvora za ventilatore. Umjesto toga, Lenovo se udru\u017eio s tvrtkom Frore Systems kako bi ugradio \u010detiri Frore Systems AirJet modula za hla\u0111enje. Ovi moduli rade uz pomo\u0107 malih piezoelektri\u010dnih membrana koje vibriraju na ultrazvu\u010dnim frekvencijama. To stvara mlazove zraka velike brzine koji usisavaju zrak i guraju ga kroz sustav bez potrebe za pokretnim dijelom klasi\u010dnog ventilatora.<\/p>\n\n\n\n<p class=\"wp-block-paragraph\">Kori\u0161tenjem Frore Systems AirJet modula, debljine samo 2,65 milimetara, Lenovo je uspio zna\u010dajno smanjiti veli\u010dinu mati\u010dne plo\u010de. Proizvo\u0111a\u010d navodi da unato\u010d izuzetno tankom dizajnu sustav mo\u017ee raditi s toplinskom snagom do 20 vata. To zna\u010di da ure\u0111aj mo\u017ee obavljati zahtjevnije zadatke bez buke koju obi\u010dno uzrokuju preoptere\u0107eni ventilatori. Prijenosno ra\u010dunalo Lenovo ThinkBook Project AeroBlade opremljeno je OLED zaslonom visoke rezolucije, a fleksibilni zglob omogu\u0107uje da zaslon bude potpuno u ravnini s povr\u0161inom. Zbog tankog okvira ku\u0107i\u0161ta, USB Type-C priklju\u010dci s podr\u0161kom za Thunderbolt 4 i tipka za uklju\u010divanje\/isklju\u010divanje smje\u0161teni su na posebnoj rubnoj podlozi.<\/p>\n\n\n\n<p class=\"wp-block-paragraph\">Budu\u0107i da se radi o konceptu, Lenovo jo\u0161 nije otkrio sve to\u010dne specifikacije, a na sajmu nije bilo mogu\u0107e testirati ure\u0111aj pod punim optere\u0107enjem kako bi se u praksi potvrdile tvrdnje o potpuno tihom radu na vi\u0161im razinama performansi. <\/p>","protected":false},"excerpt":{"rendered":"<p>Proizvajalci prenosnih ra\u010dunalnikov \u017ee leta i\u0161\u010dejo na\u010dine, kako naprave narediti tanj\u0161e in la\u017eje, ne da bi ob tem trpela zmogljivost procesorja. Najve\u010djo oviro pri tem predstavljajo klasi\u010dni hladilni sistemi, saj ventilatorji, toplotne cevi ter zra\u010dne odprtine zahtevajo precej prostora znotraj ohi\u0161ja. Podjetje Lenovo pa je na sejmu IFA 2026 ponudilo svojo vizijo re\u0161itve s konceptnim [&hellip;]<\/p>","protected":false},"author":2,"featured_media":0,"comment_status":"","ping_status":"open","sticky":false,"template":"","format":"standard","meta":{"_acf_changed":false,"footnotes":""},"categories":[18],"tags":[354],"class_list":["post-8121","post","type-post","status-publish","format-standard","hentry","category-prenosni-racunalniki","tag-lenovo-prenosni-racunalniki"],"acf":{"subtitle":"","heading":"","summary":"Lenovo je na sejmu IFA 2026 predstavil 35,56 cm konceptni prenosnik ThinkBook Project AeroBlade. Naprava tehta pod 830 g, meri manj kot 10 mm v debelino ter uporablja ultrazvo\u010dne module AirJet za tiho hlajenje brez ventilatorjev.","thumbnail_small":"https:\/\/racunalniske-novice.com\/wp-content\/uploads\/2026\/09\/75333402_o-560x315.jpg","thumbnail_large":"https:\/\/racunalniske-novice.com\/wp-content\/uploads\/2026\/09\/75333402_o.jpg","thumbnail_caption":"Foto: Lenovo","gallery":"","video_gallery":null,"author":"","links":null,"sources":null,"skip_language":[]},"yoast_head":"<!-- This site is optimized with the Yoast SEO plugin v22.8 - https:\/\/yoast.com\/wordpress\/plugins\/seo\/ -->\n<title>Bodo prenosniki brez ventilatorjev postali del na\u0161e prihodnosti? - Ra\u010dunalni\u0161ke novice<\/title>\n<meta name=\"description\" content=\"Lenovo je na sejmu IFA 2026 predstavil 35,56 cm konceptni prenosnik ThinkBook Project AeroBlade. Naprava tehta pod 830 g, meri manj kot 10 mm v debelino ter uporablja ultrazvo\u010dne module AirJet za tiho\" \/>\n<meta name=\"robots\" content=\"index, follow, max-snippet:-1, max-image-preview:large, max-video-preview:-1\" \/>\n<link rel=\"canonical\" href=\"https:\/\/viva.racunalniske-novice.com\/hr\/wp-json\/wp\/v2\/posts\/8121\" \/>\n<meta property=\"og:locale\" content=\"hr_HR\" \/>\n<meta property=\"og:type\" content=\"article\" \/>\n<meta property=\"og:title\" content=\"Bodo prenosniki brez ventilatorjev postali del na\u0161e prihodnosti? - Ra\u010dunalni\u0161ke novice\" \/>\n<meta property=\"og:description\" content=\"Proizvajalci prenosnih ra\u010dunalnikov \u017ee leta i\u0161\u010dejo na\u010dine, kako naprave narediti tanj\u0161e in la\u017eje, ne da bi ob tem trpela zmogljivost procesorja. Najve\u010djo oviro pri tem predstavljajo klasi\u010dni hladilni sistemi, saj ventilatorji, toplotne cevi ter zra\u010dne odprtine zahtevajo precej prostora znotraj ohi\u0161ja. Podjetje Lenovo pa je na sejmu IFA 2026 ponudilo svojo vizijo re\u0161itve s konceptnim [&hellip;]\" \/>\n<meta property=\"og:url\" content=\"https:\/\/viva.racunalniske-novice.com\/hr\/hoce-li-prijenosna-racunala-bez-ventilatora-postati-dio-nase-buducnosti\/\" \/>\n<meta property=\"og:site_name\" content=\"Ra\u010dunalni\u0161ke novice\" \/>\n<meta property=\"article:published_time\" content=\"2026-09-04T07:45:00+00:00\" \/>\n<meta name=\"author\" content=\"sinusiks\" \/>\n<meta name=\"twitter:card\" content=\"summary_large_image\" \/>\n<meta name=\"twitter:label1\" content=\"Napisao\/la\" \/>\n\t<meta name=\"twitter:data1\" content=\"sinusiks\" \/>\n\t<meta name=\"twitter:label2\" content=\"Procijenjeno vrijeme \u010ditanja\" \/>\n\t<meta name=\"twitter:data2\" content=\"2 minute\" \/>\n<script type=\"application\/ld+json\" class=\"yoast-schema-graph\">{\"@context\":\"https:\/\/schema.org\",\"@graph\":[{\"@type\":\"WebPage\",\"@id\":\"https:\/\/viva.racunalniske-novice.com\/bodo-prenosniki-brez-ventilatorjev-postali-del-nase-prihodnosti\/\",\"url\":\"https:\/\/viva.racunalniske-novice.com\/bodo-prenosniki-brez-ventilatorjev-postali-del-nase-prihodnosti\/\",\"name\":\"Bodo prenosniki brez ventilatorjev postali del na\u0161e prihodnosti? - Ra\u010dunalni\u0161ke novice\",\"isPartOf\":{\"@id\":\"https:\/\/viva.racunalniske-novice.com\/en\/#website\"},\"datePublished\":\"2026-09-04T07:45:00+00:00\",\"dateModified\":\"2026-09-04T07:45:00+00:00\",\"author\":{\"@id\":\"https:\/\/viva.racunalniske-novice.com\/en\/#\/schema\/person\/afb62e36efa34516d50249517e4cdbb4\"},\"breadcrumb\":{\"@id\":\"https:\/\/viva.racunalniske-novice.com\/bodo-prenosniki-brez-ventilatorjev-postali-del-nase-prihodnosti\/#breadcrumb\"},\"inLanguage\":\"hr\",\"potentialAction\":[{\"@type\":\"ReadAction\",\"target\":[\"https:\/\/viva.racunalniske-novice.com\/bodo-prenosniki-brez-ventilatorjev-postali-del-nase-prihodnosti\/\"]}]},{\"@type\":\"BreadcrumbList\",\"@id\":\"https:\/\/viva.racunalniske-novice.com\/bodo-prenosniki-brez-ventilatorjev-postali-del-nase-prihodnosti\/#breadcrumb\",\"itemListElement\":[{\"@type\":\"ListItem\",\"position\":1,\"name\":\"Home\",\"item\":\"https:\/\/viva.racunalniske-novice.com\/en\/\"},{\"@type\":\"ListItem\",\"position\":2,\"name\":\"Bodo prenosniki brez ventilatorjev postali del na\u0161e prihodnosti?\"}]},{\"@type\":\"WebSite\",\"@id\":\"https:\/\/viva.racunalniske-novice.com\/en\/#website\",\"url\":\"https:\/\/viva.racunalniske-novice.com\/en\/\",\"name\":\"Ra\u010dunalni\u0161ke novice\",\"description\":\"\",\"potentialAction\":[{\"@type\":\"SearchAction\",\"target\":{\"@type\":\"EntryPoint\",\"urlTemplate\":\"https:\/\/viva.racunalniske-novice.com\/en\/?s={search_term_string}\"},\"query-input\":\"required name=search_term_string\"}],\"inLanguage\":\"hr\"},{\"@type\":\"Person\",\"@id\":\"https:\/\/viva.racunalniske-novice.com\/en\/#\/schema\/person\/afb62e36efa34516d50249517e4cdbb4\",\"name\":\"sinusiks\",\"sameAs\":[\"https:\/\/ml.racunalniske-novice.com\"],\"url\":\"https:\/\/viva.racunalniske-novice.com\/hr\/author\/sinusiks\/\"}]}<\/script>\n<!-- \/ Yoast SEO plugin. -->","yoast_head_json":{"title":"Bodo prenosniki brez ventilatorjev postali del na\u0161e prihodnosti? - Ra\u010dunalni\u0161ke novice","description":"Lenovo je na sejmu IFA 2026 predstavil 35,56 cm konceptni prenosnik ThinkBook Project AeroBlade. Naprava tehta pod 830 g, meri manj kot 10 mm v debelino ter uporablja ultrazvo\u010dne module AirJet za tiho","robots":{"index":"index","follow":"follow","max-snippet":"max-snippet:-1","max-image-preview":"max-image-preview:large","max-video-preview":"max-video-preview:-1"},"canonical":"https:\/\/viva.racunalniske-novice.com\/hr\/wp-json\/wp\/v2\/posts\/8121","og_locale":"hr_HR","og_type":"article","og_title":"Bodo prenosniki brez ventilatorjev postali del na\u0161e prihodnosti? - Ra\u010dunalni\u0161ke novice","og_description":"Proizvajalci prenosnih ra\u010dunalnikov \u017ee leta i\u0161\u010dejo na\u010dine, kako naprave narediti tanj\u0161e in la\u017eje, ne da bi ob tem trpela zmogljivost procesorja. Najve\u010djo oviro pri tem predstavljajo klasi\u010dni hladilni sistemi, saj ventilatorji, toplotne cevi ter zra\u010dne odprtine zahtevajo precej prostora znotraj ohi\u0161ja. Podjetje Lenovo pa je na sejmu IFA 2026 ponudilo svojo vizijo re\u0161itve s konceptnim [&hellip;]","og_url":"https:\/\/viva.racunalniske-novice.com\/hr\/hoce-li-prijenosna-racunala-bez-ventilatora-postati-dio-nase-buducnosti\/","og_site_name":"Ra\u010dunalni\u0161ke novice","article_published_time":"2026-09-04T07:45:00+00:00","author":"sinusiks","twitter_card":"summary_large_image","twitter_misc":{"Napisao\/la":"sinusiks","Procijenjeno vrijeme \u010ditanja":"2 minute"},"schema":{"@context":"https:\/\/schema.org","@graph":[{"@type":"WebPage","@id":"https:\/\/viva.racunalniske-novice.com\/bodo-prenosniki-brez-ventilatorjev-postali-del-nase-prihodnosti\/","url":"https:\/\/viva.racunalniske-novice.com\/bodo-prenosniki-brez-ventilatorjev-postali-del-nase-prihodnosti\/","name":"Bodo prenosniki brez ventilatorjev postali del na\u0161e prihodnosti? - Ra\u010dunalni\u0161ke novice","isPartOf":{"@id":"https:\/\/viva.racunalniske-novice.com\/en\/#website"},"datePublished":"2026-09-04T07:45:00+00:00","dateModified":"2026-09-04T07:45:00+00:00","author":{"@id":"https:\/\/viva.racunalniske-novice.com\/en\/#\/schema\/person\/afb62e36efa34516d50249517e4cdbb4"},"breadcrumb":{"@id":"https:\/\/viva.racunalniske-novice.com\/bodo-prenosniki-brez-ventilatorjev-postali-del-nase-prihodnosti\/#breadcrumb"},"inLanguage":"hr","potentialAction":[{"@type":"ReadAction","target":["https:\/\/viva.racunalniske-novice.com\/bodo-prenosniki-brez-ventilatorjev-postali-del-nase-prihodnosti\/"]}]},{"@type":"BreadcrumbList","@id":"https:\/\/viva.racunalniske-novice.com\/bodo-prenosniki-brez-ventilatorjev-postali-del-nase-prihodnosti\/#breadcrumb","itemListElement":[{"@type":"ListItem","position":1,"name":"Home","item":"https:\/\/viva.racunalniske-novice.com\/en\/"},{"@type":"ListItem","position":2,"name":"Bodo prenosniki brez ventilatorjev postali del na\u0161e prihodnosti?"}]},{"@type":"WebSite","@id":"https:\/\/viva.racunalniske-novice.com\/en\/#website","url":"https:\/\/viva.racunalniske-novice.com\/en\/","name":"Ra\u010dunalni\u0161ke novice","description":"","potentialAction":[{"@type":"SearchAction","target":{"@type":"EntryPoint","urlTemplate":"https:\/\/viva.racunalniske-novice.com\/en\/?s={search_term_string}"},"query-input":"required name=search_term_string"}],"inLanguage":"hr"},{"@type":"Person","@id":"https:\/\/viva.racunalniske-novice.com\/en\/#\/schema\/person\/afb62e36efa34516d50249517e4cdbb4","name":"sinusiks","sameAs":["https:\/\/ml.racunalniske-novice.com"],"url":"https:\/\/viva.racunalniske-novice.com\/hr\/author\/sinusiks\/"}]}},"_links":{"self":[{"href":"https:\/\/viva.racunalniske-novice.com\/hr\/wp-json\/wp\/v2\/posts\/8121","targetHints":{"allow":["GET"]}}],"collection":[{"href":"https:\/\/viva.racunalniske-novice.com\/hr\/wp-json\/wp\/v2\/posts"}],"about":[{"href":"https:\/\/viva.racunalniske-novice.com\/hr\/wp-json\/wp\/v2\/types\/post"}],"author":[{"embeddable":true,"href":"https:\/\/viva.racunalniske-novice.com\/hr\/wp-json\/wp\/v2\/users\/2"}],"replies":[{"embeddable":true,"href":"https:\/\/viva.racunalniske-novice.com\/hr\/wp-json\/wp\/v2\/comments?post=8121"}],"version-history":[{"count":0,"href":"https:\/\/viva.racunalniske-novice.com\/hr\/wp-json\/wp\/v2\/posts\/8121\/revisions"}],"wp:attachment":[{"href":"https:\/\/viva.racunalniske-novice.com\/hr\/wp-json\/wp\/v2\/media?parent=8121"}],"wp:term":[{"taxonomy":"category","embeddable":true,"href":"https:\/\/viva.racunalniske-novice.com\/hr\/wp-json\/wp\/v2\/categories?post=8121"},{"taxonomy":"post_tag","embeddable":true,"href":"https:\/\/viva.racunalniske-novice.com\/hr\/wp-json\/wp\/v2\/tags?post=8121"}],"curies":[{"name":"wp","href":"https:\/\/api.w.org\/{rel}","templated":true}]}}