{"id":4632,"date":"2024-05-28T15:27:00","date_gmt":"2024-05-28T13:27:00","guid":{"rendered":"https:\/\/viva.racunalniske-novice.com\/asus-nuc-pro-majhen-a-mocan-kompaktnez\/"},"modified":"2024-05-28T15:27:00","modified_gmt":"2024-05-28T13:27:00","slug":"asus-nuc-pro-majhen-a-mocan-kompaktnez","status":"publish","type":"post","link":"https:\/\/viva.racunalniske-novice.com\/it\/asus-nuc-pro-piccolo-ma-potente-compatto\/","title":{"rendered":"Asus NUC Pro+: piccolo ma potente e compatto"},"content":{"rendered":"<p>Asus ha presentato il suo primo computer ROG NUC al CES 2024. Recentemente ha rivelato un altro modello dell&#039;interessantissima famiglia di computer desktop compatti. Questo \u00e8 il modello Asus NUC Pro+. Certamente non sar\u00e0 un successo, ma potrebbe piacere agli appassionati che preferiscono i computer pi\u00f9 piccoli.<\/p>\n\n\n\n<p>Nonostante il bel case in alluminio che misura solo 12,7 x 10,2 centimetri, la novit\u00e0 sembra un piccolo computer impressionante. La novit\u00e0 \u00e8 disponibile in combinazione con il potentissimo processore Intel Core Ultra 9 185H. Per gli utenti meno esigenti sono disponibili anche i processori Core Ultra 7 e Core Ultra 5.<\/p>\n\n\n\n<p>Le specifiche dell&#039;unit\u00e0 non sono troppo impegnative, quindi il raffreddamento e il rumore non dovrebbero essere un problema. \u00c8 possibile installare fino a 48 GB di memoria DDR5-5600 (SO-DIMM), due unit\u00e0 SSD PCIe Gen 4 e supporta anche WiFi 6E, LAN da 2,5 GB e Thunderbolt 4\/USB 4. Quest&#039;ultimo supporta DP 2.1, che insieme al doppio DP 1.4ae un ingresso HDMI significa che l&#039;Asus NUC Pro+ supporta fino a quattro display ad alta definizione.<\/p>\n\n\n\n<p>Asus attualmente commercializza solo la versione desktop Asus NUC Pro+ dotata di un processore Intel Core Ultra 5 125H. Come previsto, la novit\u00e0 non \u00e8 economica. La versione entry-level senza memoria di sistema e spazio di archiviazione dati ha un prezzo di 800 euro.<\/p>\n<div class=\"embed-container\"><iframe src=\"https:\/\/www.youtube.com\/embed\/efFfbLoAqmc\" frameborder=\"0\" allowfullscreen><\/iframe><\/div><br\/>","protected":false},"excerpt":{"rendered":"<p>Asus ha presentato il suo primo computer ROG NUC al CES 2024. Recentemente ha rivelato un altro modello dell&#039;interessantissima famiglia di computer desktop compatti. Questo \u00e8 il modello Asus NUC Pro+. Sicuramente non sar\u00e0 un grande successo, ma potrebbe piacere agli appassionati che preferiscono i computer pi\u00f9 piccoli. Indipendentemente dal bel corpo in alluminio delle dimensioni [\u2026]<\/p>","protected":false},"author":2,"featured_media":0,"comment_status":"","ping_status":"open","sticky":false,"template":"","format":"standard","meta":{"_acf_changed":false,"footnotes":""},"categories":[22],"tags":[212],"class_list":["post-4632","post","type-post","status-publish","format-standard","hentry","category-namizni-racunalniki","tag-asus-racunalniki"],"acf":{"subtitle":"Ne glede na li\u010dno aluminijasto ohi\u0161je velikosti zgolj 12,7 x 10,2 centimetrov je novi Asus NUC Pro+ videti kot impresiven majhen ra\u010dunalnik.","heading":"","summary":"Asus je svoj prvi ra\u010dunalnik ROG NUC predstavil na sejmu CES 2024. Nedavno pa je razkril \u0161e en model nadvse zanimive dru\u017eine kompaktnih namiznih ra\u010dunalnikov. ","thumbnail_small":"https:\/\/racunalniske-novice.com\/wp-content\/uploads\/2024\/05\/kv-3-560x315.jpg","thumbnail_large":"https:\/\/racunalniske-novice.com\/wp-content\/uploads\/2024\/05\/kv-3-1024x504.jpg","thumbnail_caption":"Foto: Asus","gallery":"","video_gallery":[{"youtube_url":"https:\/\/www.youtube.com\/watch?v=efFfbLoAqmc"}],"author":"","links":[{"title":"Asus","url":""}],"sources":null,"skip_language":[]},"yoast_head":"<!-- This site is optimized with the Yoast SEO plugin v22.8 - https:\/\/yoast.com\/wordpress\/plugins\/seo\/ -->\n<title>Asus NUC Pro+: Majhen, a mo\u010dan kompaktne\u017e - Ra\u010dunalni\u0161ke novice<\/title>\n<meta name=\"description\" content=\"Asus je svoj prvi ra\u010dunalnik ROG NUC predstavil na sejmu CES 2024. Nedavno pa je razkril \u0161e en model nadvse zanimive dru\u017eine kompaktnih namiznih ra\u010dunalnikov.\" \/>\n<meta name=\"robots\" content=\"index, follow, max-snippet:-1, max-image-preview:large, max-video-preview:-1\" \/>\n<link rel=\"canonical\" href=\"https:\/\/viva.racunalniske-novice.com\/it\/wp-json\/wp\/v2\/posts\/4632\" \/>\n<meta property=\"og:locale\" content=\"it_IT\" \/>\n<meta property=\"og:type\" content=\"article\" \/>\n<meta property=\"og:title\" content=\"Asus NUC Pro+: Majhen, a mo\u010dan kompaktne\u017e - Ra\u010dunalni\u0161ke novice\" \/>\n<meta property=\"og:description\" content=\"Asus je svoj prvi ra\u010dunalnik ROG NUC predstavil na sejmu CES 2024. Nedavno pa je razkril \u0161e en model nadvse zanimive dru\u017eine kompaktnih namiznih ra\u010dunalnikov. Tu gre za model Asus NUC Pro+. Zagotovo ne bo najve\u010dji prodajni hit, morda pa bo navdu\u0161il entuziaste, ki imajo raje manj\u0161e ra\u010dunalnike. Ne glede na li\u010dno aluminijasto ohi\u0161je velikosti [&hellip;]\" \/>\n<meta property=\"og:url\" content=\"https:\/\/viva.racunalniske-novice.com\/it\/asus-nuc-pro-piccolo-ma-potente-compatto\/\" \/>\n<meta property=\"og:site_name\" content=\"Ra\u010dunalni\u0161ke novice\" \/>\n<meta property=\"article:published_time\" content=\"2024-05-28T13:27:00+00:00\" \/>\n<meta name=\"author\" content=\"sinusiks\" \/>\n<meta name=\"twitter:card\" content=\"summary_large_image\" \/>\n<meta name=\"twitter:label1\" content=\"Scritto da\" \/>\n\t<meta name=\"twitter:data1\" content=\"sinusiks\" \/>\n\t<meta name=\"twitter:label2\" content=\"Tempo di lettura stimato\" \/>\n\t<meta name=\"twitter:data2\" content=\"1 minuto\" \/>\n<script type=\"application\/ld+json\" class=\"yoast-schema-graph\">{\"@context\":\"https:\/\/schema.org\",\"@graph\":[{\"@type\":\"WebPage\",\"@id\":\"https:\/\/viva.racunalniske-novice.com\/asus-nuc-pro-majhen-a-mocan-kompaktnez\/\",\"url\":\"https:\/\/viva.racunalniske-novice.com\/asus-nuc-pro-majhen-a-mocan-kompaktnez\/\",\"name\":\"Asus NUC Pro+: Majhen, a mo\u010dan kompaktne\u017e - Ra\u010dunalni\u0161ke novice\",\"isPartOf\":{\"@id\":\"https:\/\/viva.racunalniske-novice.com\/en\/#website\"},\"datePublished\":\"2024-05-28T13:27:00+00:00\",\"dateModified\":\"2024-05-28T13:27:00+00:00\",\"author\":{\"@id\":\"https:\/\/viva.racunalniske-novice.com\/en\/#\/schema\/person\/afb62e36efa34516d50249517e4cdbb4\"},\"breadcrumb\":{\"@id\":\"https:\/\/viva.racunalniske-novice.com\/asus-nuc-pro-majhen-a-mocan-kompaktnez\/#breadcrumb\"},\"inLanguage\":\"it-IT\",\"potentialAction\":[{\"@type\":\"ReadAction\",\"target\":[\"https:\/\/viva.racunalniske-novice.com\/asus-nuc-pro-majhen-a-mocan-kompaktnez\/\"]}]},{\"@type\":\"BreadcrumbList\",\"@id\":\"https:\/\/viva.racunalniske-novice.com\/asus-nuc-pro-majhen-a-mocan-kompaktnez\/#breadcrumb\",\"itemListElement\":[{\"@type\":\"ListItem\",\"position\":1,\"name\":\"Home\",\"item\":\"https:\/\/viva.racunalniske-novice.com\/en\/\"},{\"@type\":\"ListItem\",\"position\":2,\"name\":\"Asus NUC Pro+: Majhen, a mo\u010dan kompaktne\u017e\"}]},{\"@type\":\"WebSite\",\"@id\":\"https:\/\/viva.racunalniske-novice.com\/en\/#website\",\"url\":\"https:\/\/viva.racunalniske-novice.com\/en\/\",\"name\":\"Ra\u010dunalni\u0161ke novice\",\"description\":\"\",\"potentialAction\":[{\"@type\":\"SearchAction\",\"target\":{\"@type\":\"EntryPoint\",\"urlTemplate\":\"https:\/\/viva.racunalniske-novice.com\/en\/?s={search_term_string}\"},\"query-input\":\"required name=search_term_string\"}],\"inLanguage\":\"it-IT\"},{\"@type\":\"Person\",\"@id\":\"https:\/\/viva.racunalniske-novice.com\/en\/#\/schema\/person\/afb62e36efa34516d50249517e4cdbb4\",\"name\":\"sinusiks\",\"sameAs\":[\"https:\/\/ml.racunalniske-novice.com\"],\"url\":\"https:\/\/viva.racunalniske-novice.com\/it\/author\/sinusiks\/\"}]}<\/script>\n<!-- \/ Yoast SEO plugin. -->","yoast_head_json":{"title":"Asus NUC Pro+: Majhen, a mo\u010dan kompaktne\u017e - Ra\u010dunalni\u0161ke novice","description":"Asus je svoj prvi ra\u010dunalnik ROG NUC predstavil na sejmu CES 2024. Nedavno pa je razkril \u0161e en model nadvse zanimive dru\u017eine kompaktnih namiznih ra\u010dunalnikov.","robots":{"index":"index","follow":"follow","max-snippet":"max-snippet:-1","max-image-preview":"max-image-preview:large","max-video-preview":"max-video-preview:-1"},"canonical":"https:\/\/viva.racunalniske-novice.com\/it\/wp-json\/wp\/v2\/posts\/4632","og_locale":"it_IT","og_type":"article","og_title":"Asus NUC Pro+: Majhen, a mo\u010dan kompaktne\u017e - Ra\u010dunalni\u0161ke novice","og_description":"Asus je svoj prvi ra\u010dunalnik ROG NUC predstavil na sejmu CES 2024. Nedavno pa je razkril \u0161e en model nadvse zanimive dru\u017eine kompaktnih namiznih ra\u010dunalnikov. Tu gre za model Asus NUC Pro+. Zagotovo ne bo najve\u010dji prodajni hit, morda pa bo navdu\u0161il entuziaste, ki imajo raje manj\u0161e ra\u010dunalnike. Ne glede na li\u010dno aluminijasto ohi\u0161je velikosti [&hellip;]","og_url":"https:\/\/viva.racunalniske-novice.com\/it\/asus-nuc-pro-piccolo-ma-potente-compatto\/","og_site_name":"Ra\u010dunalni\u0161ke novice","article_published_time":"2024-05-28T13:27:00+00:00","author":"sinusiks","twitter_card":"summary_large_image","twitter_misc":{"Scritto da":"sinusiks","Tempo di lettura stimato":"1 minuto"},"schema":{"@context":"https:\/\/schema.org","@graph":[{"@type":"WebPage","@id":"https:\/\/viva.racunalniske-novice.com\/asus-nuc-pro-majhen-a-mocan-kompaktnez\/","url":"https:\/\/viva.racunalniske-novice.com\/asus-nuc-pro-majhen-a-mocan-kompaktnez\/","name":"Asus NUC Pro+: Majhen, a mo\u010dan kompaktne\u017e - Ra\u010dunalni\u0161ke novice","isPartOf":{"@id":"https:\/\/viva.racunalniske-novice.com\/en\/#website"},"datePublished":"2024-05-28T13:27:00+00:00","dateModified":"2024-05-28T13:27:00+00:00","author":{"@id":"https:\/\/viva.racunalniske-novice.com\/en\/#\/schema\/person\/afb62e36efa34516d50249517e4cdbb4"},"breadcrumb":{"@id":"https:\/\/viva.racunalniske-novice.com\/asus-nuc-pro-majhen-a-mocan-kompaktnez\/#breadcrumb"},"inLanguage":"it-IT","potentialAction":[{"@type":"ReadAction","target":["https:\/\/viva.racunalniske-novice.com\/asus-nuc-pro-majhen-a-mocan-kompaktnez\/"]}]},{"@type":"BreadcrumbList","@id":"https:\/\/viva.racunalniske-novice.com\/asus-nuc-pro-majhen-a-mocan-kompaktnez\/#breadcrumb","itemListElement":[{"@type":"ListItem","position":1,"name":"Home","item":"https:\/\/viva.racunalniske-novice.com\/en\/"},{"@type":"ListItem","position":2,"name":"Asus NUC Pro+: Majhen, a mo\u010dan kompaktne\u017e"}]},{"@type":"WebSite","@id":"https:\/\/viva.racunalniske-novice.com\/en\/#website","url":"https:\/\/viva.racunalniske-novice.com\/en\/","name":"Ra\u010dunalni\u0161ke novice","description":"","potentialAction":[{"@type":"SearchAction","target":{"@type":"EntryPoint","urlTemplate":"https:\/\/viva.racunalniske-novice.com\/en\/?s={search_term_string}"},"query-input":"required name=search_term_string"}],"inLanguage":"it-IT"},{"@type":"Person","@id":"https:\/\/viva.racunalniske-novice.com\/en\/#\/schema\/person\/afb62e36efa34516d50249517e4cdbb4","name":"sinusiks","sameAs":["https:\/\/ml.racunalniske-novice.com"],"url":"https:\/\/viva.racunalniske-novice.com\/it\/author\/sinusiks\/"}]}},"_links":{"self":[{"href":"https:\/\/viva.racunalniske-novice.com\/it\/wp-json\/wp\/v2\/posts\/4632","targetHints":{"allow":["GET"]}}],"collection":[{"href":"https:\/\/viva.racunalniske-novice.com\/it\/wp-json\/wp\/v2\/posts"}],"about":[{"href":"https:\/\/viva.racunalniske-novice.com\/it\/wp-json\/wp\/v2\/types\/post"}],"author":[{"embeddable":true,"href":"https:\/\/viva.racunalniske-novice.com\/it\/wp-json\/wp\/v2\/users\/2"}],"replies":[{"embeddable":true,"href":"https:\/\/viva.racunalniske-novice.com\/it\/wp-json\/wp\/v2\/comments?post=4632"}],"version-history":[{"count":0,"href":"https:\/\/viva.racunalniske-novice.com\/it\/wp-json\/wp\/v2\/posts\/4632\/revisions"}],"wp:attachment":[{"href":"https:\/\/viva.racunalniske-novice.com\/it\/wp-json\/wp\/v2\/media?parent=4632"}],"wp:term":[{"taxonomy":"category","embeddable":true,"href":"https:\/\/viva.racunalniske-novice.com\/it\/wp-json\/wp\/v2\/categories?post=4632"},{"taxonomy":"post_tag","embeddable":true,"href":"https:\/\/viva.racunalniske-novice.com\/it\/wp-json\/wp\/v2\/tags?post=4632"}],"curies":[{"name":"wp","href":"https:\/\/api.w.org\/{rel}","templated":true}]}}