{"id":5396,"date":"2024-09-05T10:30:00","date_gmt":"2024-09-05T08:30:00","guid":{"rendered":"https:\/\/viva.racunalniske-novice.com\/cupra-se-pocuti-ogrozeno-zaradi-eu-tarif\/"},"modified":"2024-09-05T10:30:00","modified_gmt":"2024-09-05T08:30:00","slug":"cupra-se-pocuti-ogrozeno-zaradi-eu-tarif","status":"publish","type":"post","link":"https:\/\/viva.racunalniske-novice.com\/it\/cupra-si-sente-minacciata-dai-dazi-europei\/","title":{"rendered":"CUPRA si sente minacciata dai dazi europei"},"content":{"rendered":"<p>CUPRA, gestita dalla casa madre Volkswagen, teme una tariffa di importazione prevista di 21,3 % sulle auto importate dalla Cina. CUPRA \u00e8 un\u2019azienda europea, quindi perch\u00e9 c\u2019\u00e8 paura?<\/p>\n\n\n\n<p>Non tutti i loro veicoli sono fabbricati in Europa. L&#039;auto elettrica Tavascan \u00e8 un SUV progettato in Spagna e prodotto nello stabilimento cinese di Anhui, di cui CUPRA \u00e8 proprietaria insieme al gruppo cinese JAC Automobile Group. La Tavascan viene attualmente venduta a circa 52.000, se volessero annullare i dazi d&#039;importazione previsti, dovrebbero aumentare sostanzialmente il prezzo dell&#039;auto, cosa che secondo Wayne Griffiths, responsabile dei marchi SEAT e CUPRA, \u00e8 fuori questione in questo contesto economico europeo.<\/p>\n\n\n\n<p>Non possono nemmeno spostare la produzione dell&#039;auto dall&#039;oggi al domani, perch\u00e9 l&#039;investimento nella fabbrica cinese era troppo grande per essere abbandonato sconsideratamente.<\/p>\n\n\n\n<p>Griffiths afferma che il calo delle vendite potrebbe far s\u00ec che CUPRA non raggiunga gli obiettivi europei di riduzione delle emissioni di CO2, il che porterebbe a pesanti multe e, di conseguenza, tagli alla produzione e licenziamenti dei lavoratori spagnoli.<\/p>\n\n\n\n<p>&quot;Ci\u00f2 mette a rischio l&#039;intero futuro finanziario dell&#039;azienda&quot;, ha affermato Griffiths. &quot;Lo scopo dei dazi doganali era quello di proteggere l&#039;industria automobilistica europea, ma per noi ha l&#039;effetto opposto. Dobbiamo trovare una soluzione&quot;.<\/p>\n\n\n\n<p>Il dazio aggiuntivo (21,3 %) si aggiunge al dazio doganale europeo standard sulle importazioni di automobili (10 %). La tariffa proposta \u00e8 una misura e una risposta ai sussidi cinesi che rendono difficile per le case automobilistiche europee tenere il passo.<\/p>\n\n\n\n<p>Pechino ha gi\u00e0 minacciato di reagire con indagini sulle importazioni di latticini, carne di maiale e cognac. I produttori europei temono inoltre che la Cina possa imporre tariffe simili sulle importazioni nel territorio cinese. La Volkswagen, ad esempio, esporta un terzo delle sue auto in Cina, quindi la tariffa aggiuntiva potrebbe danneggiare gravemente le vendite del produttore tedesco, che sta gi\u00e0 affrontando un calo delle vendite e possibili chiusure di fabbriche in Germania.<\/p>\n\n\n\n<p>Nel piano originale, la CUPRO Tavascan avrebbe dovuto affrontare una tassa di importazione di 38,1 %, ma la societ\u00e0 ha resistito alla decisione di Bruxelles. Poich\u00e9 la societ\u00e0 ha partecipato all&#039;indagine europea sui sussidi cinesi, la tariffa \u00e8 stata ridotta agli attuali 21,3 %.<\/p>\n\n\n\n<p>&quot;Non siamo un marchio cinese che vuole inondare il mercato europeo&quot;, ha concluso Griffiths, che spera che si arrivi ad una soluzione comune con l&#039;UE.<\/p>","protected":false},"excerpt":{"rendered":"<p>CUPRA, gestita dalla casa madre Volkswagen, teme una tariffa di importazione prevista di 21,3 % sulle auto importate dalla Cina. CUPRA \u00e8 un\u2019azienda europea, quindi perch\u00e9 c\u2019\u00e8 paura? Non tutti i loro veicoli sono fabbricati in Europa. L&#039;auto elettrica Tavascan \u00e8 un SUV progettato in Spagna e prodotto nello stabilimento cinese di Anhui, che [\u2026]<\/p>","protected":false},"author":2,"featured_media":0,"comment_status":"","ping_status":"open","sticky":false,"template":"","format":"standard","meta":{"_acf_changed":false,"footnotes":""},"categories":[90,6],"tags":[],"class_list":["post-5396","post","type-post","status-publish","format-standard","hentry","category-avtomobilizem","category-avtomoto"],"acf":{"subtitle":"","heading":"","summary":"","thumbnail_small":"https:\/\/racunalniske-novice.com\/wp-content\/uploads\/2024\/09\/josef-worle-I12N2tlwNw8-unsplash-560x315.jpg","thumbnail_large":"https:\/\/racunalniske-novice.com\/wp-content\/uploads\/2024\/09\/josef-worle-I12N2tlwNw8-unsplash-819x1024.jpg","thumbnail_caption":"","gallery":"","video_gallery":null,"author":"","links":null,"sources":null,"skip_language":[]},"yoast_head":"<!-- This site is optimized with the Yoast SEO plugin v22.8 - https:\/\/yoast.com\/wordpress\/plugins\/seo\/ -->\n<title>CUPRA se po\u010duti ogro\u017eeno zaradi EU tarif - Ra\u010dunalni\u0161ke novice<\/title>\n<meta name=\"description\" content=\"CUPRA, ki jo upravlja star\u0161evsko podjetje Volkswagen, se boji na\u010drtovane uvozne carine v vi\u0161ini 21,3 % za avtomobile, uvo\u017eene iz Kitajske. CUPRA je evropsko podjetje, zakaj potem obstaja strah?\n\n\n\nVs\" \/>\n<meta name=\"robots\" content=\"index, follow, max-snippet:-1, max-image-preview:large, max-video-preview:-1\" \/>\n<link rel=\"canonical\" href=\"https:\/\/viva.racunalniske-novice.com\/it\/wp-json\/wp\/v2\/posts\/5396\" \/>\n<meta property=\"og:locale\" content=\"it_IT\" \/>\n<meta property=\"og:type\" content=\"article\" \/>\n<meta property=\"og:title\" content=\"CUPRA se po\u010duti ogro\u017eeno zaradi EU tarif - Ra\u010dunalni\u0161ke novice\" \/>\n<meta property=\"og:description\" content=\"CUPRA, ki jo upravlja star\u0161evsko podjetje Volkswagen, se boji na\u010drtovane uvozne carine v vi\u0161ini 21,3 % za avtomobile, uvo\u017eene iz Kitajske. CUPRA je evropsko podjetje, zakaj potem obstaja strah? Vseh svojih vozil ne izdelujejo v Evropi. Elektri\u010dni avtomobil Tavascan je SUV, ki so ga zasnovali v \u0160paniji, izdelujejo ga pa v kitajski tovarni Anhui, ki [&hellip;]\" \/>\n<meta property=\"og:url\" content=\"https:\/\/viva.racunalniske-novice.com\/it\/cupra-si-sente-minacciata-dai-dazi-europei\/\" \/>\n<meta property=\"og:site_name\" content=\"Ra\u010dunalni\u0161ke novice\" \/>\n<meta property=\"article:published_time\" content=\"2024-09-05T08:30:00+00:00\" \/>\n<meta name=\"author\" content=\"sinusiks\" \/>\n<meta name=\"twitter:card\" content=\"summary_large_image\" \/>\n<meta name=\"twitter:label1\" content=\"Scritto da\" \/>\n\t<meta name=\"twitter:data1\" content=\"sinusiks\" \/>\n\t<meta name=\"twitter:label2\" content=\"Tempo di lettura stimato\" \/>\n\t<meta name=\"twitter:data2\" content=\"2 minuti\" \/>\n<script type=\"application\/ld+json\" class=\"yoast-schema-graph\">{\"@context\":\"https:\/\/schema.org\",\"@graph\":[{\"@type\":\"WebPage\",\"@id\":\"https:\/\/viva.racunalniske-novice.com\/cupra-se-pocuti-ogrozeno-zaradi-eu-tarif\/\",\"url\":\"https:\/\/viva.racunalniske-novice.com\/cupra-se-pocuti-ogrozeno-zaradi-eu-tarif\/\",\"name\":\"CUPRA se po\u010duti ogro\u017eeno zaradi EU tarif - Ra\u010dunalni\u0161ke novice\",\"isPartOf\":{\"@id\":\"https:\/\/viva.racunalniske-novice.com\/en\/#website\"},\"datePublished\":\"2024-09-05T08:30:00+00:00\",\"dateModified\":\"2024-09-05T08:30:00+00:00\",\"author\":{\"@id\":\"https:\/\/viva.racunalniske-novice.com\/en\/#\/schema\/person\/afb62e36efa34516d50249517e4cdbb4\"},\"breadcrumb\":{\"@id\":\"https:\/\/viva.racunalniske-novice.com\/cupra-se-pocuti-ogrozeno-zaradi-eu-tarif\/#breadcrumb\"},\"inLanguage\":\"it-IT\",\"potentialAction\":[{\"@type\":\"ReadAction\",\"target\":[\"https:\/\/viva.racunalniske-novice.com\/cupra-se-pocuti-ogrozeno-zaradi-eu-tarif\/\"]}]},{\"@type\":\"BreadcrumbList\",\"@id\":\"https:\/\/viva.racunalniske-novice.com\/cupra-se-pocuti-ogrozeno-zaradi-eu-tarif\/#breadcrumb\",\"itemListElement\":[{\"@type\":\"ListItem\",\"position\":1,\"name\":\"Home\",\"item\":\"https:\/\/viva.racunalniske-novice.com\/en\/\"},{\"@type\":\"ListItem\",\"position\":2,\"name\":\"CUPRA se po\u010duti ogro\u017eeno zaradi EU tarif\"}]},{\"@type\":\"WebSite\",\"@id\":\"https:\/\/viva.racunalniske-novice.com\/en\/#website\",\"url\":\"https:\/\/viva.racunalniske-novice.com\/en\/\",\"name\":\"Ra\u010dunalni\u0161ke novice\",\"description\":\"\",\"potentialAction\":[{\"@type\":\"SearchAction\",\"target\":{\"@type\":\"EntryPoint\",\"urlTemplate\":\"https:\/\/viva.racunalniske-novice.com\/en\/?s={search_term_string}\"},\"query-input\":\"required name=search_term_string\"}],\"inLanguage\":\"it-IT\"},{\"@type\":\"Person\",\"@id\":\"https:\/\/viva.racunalniske-novice.com\/en\/#\/schema\/person\/afb62e36efa34516d50249517e4cdbb4\",\"name\":\"sinusiks\",\"sameAs\":[\"https:\/\/ml.racunalniske-novice.com\"],\"url\":\"https:\/\/viva.racunalniske-novice.com\/it\/author\/sinusiks\/\"}]}<\/script>\n<!-- \/ Yoast SEO plugin. -->","yoast_head_json":{"title":"CUPRA se po\u010duti ogro\u017eeno zaradi EU tarif - Ra\u010dunalni\u0161ke novice","description":"CUPRA, ki jo upravlja star\u0161evsko podjetje Volkswagen, se boji na\u010drtovane uvozne carine v vi\u0161ini 21,3 % za avtomobile, uvo\u017eene iz Kitajske. CUPRA je evropsko podjetje, zakaj potem obstaja strah?\n\n\n\nVs","robots":{"index":"index","follow":"follow","max-snippet":"max-snippet:-1","max-image-preview":"max-image-preview:large","max-video-preview":"max-video-preview:-1"},"canonical":"https:\/\/viva.racunalniske-novice.com\/it\/wp-json\/wp\/v2\/posts\/5396","og_locale":"it_IT","og_type":"article","og_title":"CUPRA se po\u010duti ogro\u017eeno zaradi EU tarif - Ra\u010dunalni\u0161ke novice","og_description":"CUPRA, ki jo upravlja star\u0161evsko podjetje Volkswagen, se boji na\u010drtovane uvozne carine v vi\u0161ini 21,3 % za avtomobile, uvo\u017eene iz Kitajske. CUPRA je evropsko podjetje, zakaj potem obstaja strah? Vseh svojih vozil ne izdelujejo v Evropi. Elektri\u010dni avtomobil Tavascan je SUV, ki so ga zasnovali v \u0160paniji, izdelujejo ga pa v kitajski tovarni Anhui, ki [&hellip;]","og_url":"https:\/\/viva.racunalniske-novice.com\/it\/cupra-si-sente-minacciata-dai-dazi-europei\/","og_site_name":"Ra\u010dunalni\u0161ke novice","article_published_time":"2024-09-05T08:30:00+00:00","author":"sinusiks","twitter_card":"summary_large_image","twitter_misc":{"Scritto da":"sinusiks","Tempo di lettura stimato":"2 minuti"},"schema":{"@context":"https:\/\/schema.org","@graph":[{"@type":"WebPage","@id":"https:\/\/viva.racunalniske-novice.com\/cupra-se-pocuti-ogrozeno-zaradi-eu-tarif\/","url":"https:\/\/viva.racunalniske-novice.com\/cupra-se-pocuti-ogrozeno-zaradi-eu-tarif\/","name":"CUPRA se po\u010duti ogro\u017eeno zaradi EU tarif - Ra\u010dunalni\u0161ke novice","isPartOf":{"@id":"https:\/\/viva.racunalniske-novice.com\/en\/#website"},"datePublished":"2024-09-05T08:30:00+00:00","dateModified":"2024-09-05T08:30:00+00:00","author":{"@id":"https:\/\/viva.racunalniske-novice.com\/en\/#\/schema\/person\/afb62e36efa34516d50249517e4cdbb4"},"breadcrumb":{"@id":"https:\/\/viva.racunalniske-novice.com\/cupra-se-pocuti-ogrozeno-zaradi-eu-tarif\/#breadcrumb"},"inLanguage":"it-IT","potentialAction":[{"@type":"ReadAction","target":["https:\/\/viva.racunalniske-novice.com\/cupra-se-pocuti-ogrozeno-zaradi-eu-tarif\/"]}]},{"@type":"BreadcrumbList","@id":"https:\/\/viva.racunalniske-novice.com\/cupra-se-pocuti-ogrozeno-zaradi-eu-tarif\/#breadcrumb","itemListElement":[{"@type":"ListItem","position":1,"name":"Home","item":"https:\/\/viva.racunalniske-novice.com\/en\/"},{"@type":"ListItem","position":2,"name":"CUPRA se po\u010duti ogro\u017eeno zaradi EU tarif"}]},{"@type":"WebSite","@id":"https:\/\/viva.racunalniske-novice.com\/en\/#website","url":"https:\/\/viva.racunalniske-novice.com\/en\/","name":"Ra\u010dunalni\u0161ke novice","description":"","potentialAction":[{"@type":"SearchAction","target":{"@type":"EntryPoint","urlTemplate":"https:\/\/viva.racunalniske-novice.com\/en\/?s={search_term_string}"},"query-input":"required name=search_term_string"}],"inLanguage":"it-IT"},{"@type":"Person","@id":"https:\/\/viva.racunalniske-novice.com\/en\/#\/schema\/person\/afb62e36efa34516d50249517e4cdbb4","name":"sinusiks","sameAs":["https:\/\/ml.racunalniske-novice.com"],"url":"https:\/\/viva.racunalniske-novice.com\/it\/author\/sinusiks\/"}]}},"_links":{"self":[{"href":"https:\/\/viva.racunalniske-novice.com\/it\/wp-json\/wp\/v2\/posts\/5396","targetHints":{"allow":["GET"]}}],"collection":[{"href":"https:\/\/viva.racunalniske-novice.com\/it\/wp-json\/wp\/v2\/posts"}],"about":[{"href":"https:\/\/viva.racunalniske-novice.com\/it\/wp-json\/wp\/v2\/types\/post"}],"author":[{"embeddable":true,"href":"https:\/\/viva.racunalniske-novice.com\/it\/wp-json\/wp\/v2\/users\/2"}],"replies":[{"embeddable":true,"href":"https:\/\/viva.racunalniske-novice.com\/it\/wp-json\/wp\/v2\/comments?post=5396"}],"version-history":[{"count":0,"href":"https:\/\/viva.racunalniske-novice.com\/it\/wp-json\/wp\/v2\/posts\/5396\/revisions"}],"wp:attachment":[{"href":"https:\/\/viva.racunalniske-novice.com\/it\/wp-json\/wp\/v2\/media?parent=5396"}],"wp:term":[{"taxonomy":"category","embeddable":true,"href":"https:\/\/viva.racunalniske-novice.com\/it\/wp-json\/wp\/v2\/categories?post=5396"},{"taxonomy":"post_tag","embeddable":true,"href":"https:\/\/viva.racunalniske-novice.com\/it\/wp-json\/wp\/v2\/tags?post=5396"}],"curies":[{"name":"wp","href":"https:\/\/api.w.org\/{rel}","templated":true}]}}