{"id":7493,"date":"2026-04-21T19:22:44","date_gmt":"2026-04-21T17:22:44","guid":{"rendered":"https:\/\/viva.racunalniske-novice.com\/energetska-kriza-spreminja-evropo-vec-dela-od-doma-in-skok-prodaje-elektricnih-vozil\/"},"modified":"2026-04-21T19:22:44","modified_gmt":"2026-04-21T17:22:44","slug":"energetska-kriza-spreminja-evropo-vec-dela-od-doma-in-skok-prodaje-elektricnih-vozil","status":"publish","type":"post","link":"https:\/\/viva.racunalniske-novice.com\/it\/la-crisi-energetica-sta-cambiando-leuropa-con-un-aumento-del-telelavoro-e-unimpennata-nelle-vendite-di-veicoli-elettrici\/","title":{"rendered":"La crisi energetica sta cambiando l&#039;Europa: pi\u00f9 lavoro da casa e un&#039;impennata nelle vendite di veicoli elettrici."},"content":{"rendered":"<h2 class=\"wp-block-heading\">Bruxelles propone un maggiore ricorso al telelavoro.<\/h2>\n\n\n\n<p>La prossima settimana la Commissione europea presenter\u00e0 un pacchetto di misure per mitigare gli elevati prezzi dell&#039;energia. Tra le proposte, vi \u00e8 la raccomandazione che le aziende introducano almeno un giorno di telelavoro obbligatorio alla settimana.<\/p>\n\n\n\n<p>L&#039;obiettivo \u00e8 ridurre il consumo energetico, soprattutto negli uffici e nei trasporti. Inoltre, Bruxelles propone:<\/p>\n\n\n\n<ul class=\"wp-block-list\"><li>chiudere gli edifici pubblici ove possibile,<\/li><li>prezzi pi\u00f9 bassi per il trasporto pubblico o addirittura il trasporto gratuito per determinati gruppi,<\/li><li>maggiore flessibilit\u00e0 per i paesi nell&#039;aiutare le famiglie e l&#039;industria.<\/li><\/ul>\n\n\n\n<p>Secondo le stime dell&#039;UE, la crisi energetica ha gi\u00e0 causato costi aggiuntivi per le importazioni di combustibili fossili superiori a 22 miliardi di euro.<\/p>\n\n\n\n<h2 class=\"wp-block-heading\">Le auto elettriche sono in ascesa.<\/h2>\n\n\n\n<p>Mentre i Paesi cercano soluzioni a livello politico, i consumatori stanno reagendo a modo loro. Le vendite di veicoli elettrici in Europa sono in rapida crescita. Nel primo trimestre del 2026, il numero di immatricolazioni di auto elettriche \u00e8 aumentato di quasi 30 milioni di unit\u00e0, e a marzo di oltre 50 milioni di unit\u00e0. Nei principali mercati europei \u2013 Germania, Francia, Spagna, Italia e Polonia \u2013 la crescita ha superato i 40 milioni di unit\u00e0. A marzo, le auto elettriche hanno rappresentato oltre un quinto di tutti i nuovi veicoli immatricolati.<\/p>\n\n\n\n<h2 class=\"wp-block-heading\">Minore dipendenza dal petrolio<\/h2>\n\n\n\n<p>La crescita dei veicoli elettrici ha anche un impatto diretto sull&#039;energia. Gli analisti stimano che le vendite di veicoli elettrici di quest&#039;anno abbiano ridotto il consumo di petrolio di circa 2 milioni di barili all&#039;anno. Ci\u00f2 significa che la crisi energetica non sta solo incoraggiando misure a breve termine, ma sta anche accelerando i cambiamenti a lungo termine nel settore energetico e della mobilit\u00e0.<\/p>\n\n\n\n<h2 class=\"wp-block-heading\">Due lati della stessa storia<\/h2>\n\n\n\n<p>Ci\u00f2 che sta accadendo in Europa mostra uno schema interessante. I governi stanno introducendo misure per ridurre il consumo energetico e i consumatori stanno cambiando le proprie abitudini e i propri investimenti. Il telelavoro e la mobilit\u00e0 elettrica sono quindi due facce della stessa medaglia: la riduzione della dipendenza dai combustibili fossili.<\/p>\n\n\n\n<p>La Commissione europea sottolinea che la soluzione a lungo termine \u00e8 una transizione energetica e una maggiore indipendenza energetica. Se le tendenze attuali dovessero persistere, la crisi potrebbe accelerare cambiamenti che altrimenti richiederebbero anni.<\/p>","protected":false},"excerpt":{"rendered":"<p>Bruselj predlaga ve\u010d dela od doma Evropska komisija bo prihodnji teden predstavila paket ukrepov za ubla\u017eitev visokih cen energije. Med predlogi izstopa priporo\u010dilo, naj podjetja uvedejo vsaj en obvezen dan dela na daljavo na teden. Cilj je zmanj\u0161ati porabo energije, predvsem v pisarni\u0161kih prostorih in prometu. Poleg tega Bruselj predlaga: zapiranje javnih stavb, kjer je [&hellip;]<\/p>","protected":false},"author":2,"featured_media":0,"comment_status":"","ping_status":"open","sticky":false,"template":"","format":"standard","meta":{"_acf_changed":false,"footnotes":""},"categories":[6,8],"tags":[226],"class_list":["post-7493","post","type-post","status-publish","format-standard","hentry","category-avtomoto","category-zivljenjski-slog","tag-elektricni-avtomobili"],"acf":{"subtitle":"Energetska kriza, ki jo je spro\u017eil konflikt na Bli\u017enjem vzhodu, \u017ee spreminja vsakdanje \u017eivljenje in gospodarstvo v Evropi. Bruselj pripravlja nove ukrepe za zmanj\u0161anje porabe energije, medtem ko potro\u0161niki sami pospe\u0161eno prehajajo na alternative, kot so elektri\u010dna vozila.","heading":"","summary":"Energetska kriza, ki jo je spro\u017eil konflikt na Bli\u017enjem vzhodu, \u017ee spreminja vsakdanje \u017eivljenje in gospodarstvo v Evropi. Bruselj pripravlja nove ukrepe za zmanj\u0161anje porabe energije, medtem ko potro\u0161niki sami pospe\u0161eno prehajajo na alternative, kot so elektri\u010dna vozila.","thumbnail_small":"https:\/\/racunalniske-novice.com\/wp-content\/uploads\/2026\/04\/jack-kleefman-2NfRUWRqGgA-unsplash-560x315.jpg","thumbnail_large":"https:\/\/racunalniske-novice.com\/wp-content\/uploads\/2026\/04\/jack-kleefman-2NfRUWRqGgA-unsplash-1024x678.jpg","thumbnail_caption":"","gallery":"","video_gallery":null,"author":"","links":null,"sources":[{"title":"RTE","url":"https:\/\/www.rte.ie\/news\/business\/2026\/0420\/1569110-european-ev-sales\/#:~:text=New%20battery%2Delectric%20vehicle%20(BEV)%20registrations%2C%20a%20proxy,firm%20New%20Automotive%20showed%20today."},{"title":"ARA","url":"https:\/\/en.ara.cat\/economy\/brussels-studies-proposing-that-companies-that-can-establish-day-of-teleworking-for-the-energy-crisis_1_5708441.html"},{"title":"Unsplash","url":"https:\/\/unsplash.com\/photos\/industrial-factory-with-steam-rising-under-cloudy-sky-2NfRUWRqGgA"}],"skip_language":[]},"yoast_head":"<!-- This site is optimized with the Yoast SEO plugin v22.8 - https:\/\/yoast.com\/wordpress\/plugins\/seo\/ -->\n<title>Energetska kriza spreminja Evropo: ve\u010d dela od doma in skok prodaje elektri\u010dnih vozil - Ra\u010dunalni\u0161ke novice<\/title>\n<meta name=\"description\" content=\"Energetska kriza, ki jo je spro\u017eil konflikt na Bli\u017enjem vzhodu, \u017ee spreminja vsakdanje \u017eivljenje in gospodarstvo v Evropi. Bruselj pripravlja nove ukrepe za zmanj\u0161anje porabe energije, medtem ko potro\" \/>\n<meta name=\"robots\" content=\"index, follow, max-snippet:-1, max-image-preview:large, max-video-preview:-1\" \/>\n<link rel=\"canonical\" href=\"https:\/\/viva.racunalniske-novice.com\/it\/wp-json\/wp\/v2\/posts\/7493\" \/>\n<meta property=\"og:locale\" content=\"it_IT\" \/>\n<meta property=\"og:type\" content=\"article\" \/>\n<meta property=\"og:title\" content=\"Energetska kriza spreminja Evropo: ve\u010d dela od doma in skok prodaje elektri\u010dnih vozil - Ra\u010dunalni\u0161ke novice\" \/>\n<meta property=\"og:description\" content=\"Bruselj predlaga ve\u010d dela od doma Evropska komisija bo prihodnji teden predstavila paket ukrepov za ubla\u017eitev visokih cen energije. Med predlogi izstopa priporo\u010dilo, naj podjetja uvedejo vsaj en obvezen dan dela na daljavo na teden. Cilj je zmanj\u0161ati porabo energije, predvsem v pisarni\u0161kih prostorih in prometu. Poleg tega Bruselj predlaga: zapiranje javnih stavb, kjer je [&hellip;]\" \/>\n<meta property=\"og:url\" content=\"https:\/\/viva.racunalniske-novice.com\/it\/la-crisi-energetica-sta-cambiando-leuropa-con-un-aumento-del-telelavoro-e-unimpennata-nelle-vendite-di-veicoli-elettrici\/\" \/>\n<meta property=\"og:site_name\" content=\"Ra\u010dunalni\u0161ke novice\" \/>\n<meta property=\"article:published_time\" content=\"2026-04-21T17:22:44+00:00\" \/>\n<meta name=\"author\" content=\"sinusiks\" \/>\n<meta name=\"twitter:card\" content=\"summary_large_image\" \/>\n<meta name=\"twitter:label1\" content=\"Scritto da\" \/>\n\t<meta name=\"twitter:data1\" content=\"sinusiks\" \/>\n\t<meta name=\"twitter:label2\" content=\"Tempo di lettura stimato\" \/>\n\t<meta name=\"twitter:data2\" content=\"2 minuti\" \/>\n<script type=\"application\/ld+json\" class=\"yoast-schema-graph\">{\"@context\":\"https:\/\/schema.org\",\"@graph\":[{\"@type\":\"WebPage\",\"@id\":\"https:\/\/viva.racunalniske-novice.com\/energetska-kriza-spreminja-evropo-vec-dela-od-doma-in-skok-prodaje-elektricnih-vozil\/\",\"url\":\"https:\/\/viva.racunalniske-novice.com\/energetska-kriza-spreminja-evropo-vec-dela-od-doma-in-skok-prodaje-elektricnih-vozil\/\",\"name\":\"Energetska kriza spreminja Evropo: ve\u010d dela od doma in skok prodaje elektri\u010dnih vozil - Ra\u010dunalni\u0161ke novice\",\"isPartOf\":{\"@id\":\"https:\/\/viva.racunalniske-novice.com\/en\/#website\"},\"datePublished\":\"2026-04-21T17:22:44+00:00\",\"dateModified\":\"2026-04-21T17:22:44+00:00\",\"author\":{\"@id\":\"https:\/\/viva.racunalniske-novice.com\/en\/#\/schema\/person\/afb62e36efa34516d50249517e4cdbb4\"},\"breadcrumb\":{\"@id\":\"https:\/\/viva.racunalniske-novice.com\/energetska-kriza-spreminja-evropo-vec-dela-od-doma-in-skok-prodaje-elektricnih-vozil\/#breadcrumb\"},\"inLanguage\":\"it-IT\",\"potentialAction\":[{\"@type\":\"ReadAction\",\"target\":[\"https:\/\/viva.racunalniske-novice.com\/energetska-kriza-spreminja-evropo-vec-dela-od-doma-in-skok-prodaje-elektricnih-vozil\/\"]}]},{\"@type\":\"BreadcrumbList\",\"@id\":\"https:\/\/viva.racunalniske-novice.com\/energetska-kriza-spreminja-evropo-vec-dela-od-doma-in-skok-prodaje-elektricnih-vozil\/#breadcrumb\",\"itemListElement\":[{\"@type\":\"ListItem\",\"position\":1,\"name\":\"Home\",\"item\":\"https:\/\/viva.racunalniske-novice.com\/en\/\"},{\"@type\":\"ListItem\",\"position\":2,\"name\":\"Energetska kriza spreminja Evropo: ve\u010d dela od doma in skok prodaje elektri\u010dnih vozil\"}]},{\"@type\":\"WebSite\",\"@id\":\"https:\/\/viva.racunalniske-novice.com\/en\/#website\",\"url\":\"https:\/\/viva.racunalniske-novice.com\/en\/\",\"name\":\"Ra\u010dunalni\u0161ke novice\",\"description\":\"\",\"potentialAction\":[{\"@type\":\"SearchAction\",\"target\":{\"@type\":\"EntryPoint\",\"urlTemplate\":\"https:\/\/viva.racunalniske-novice.com\/en\/?s={search_term_string}\"},\"query-input\":\"required name=search_term_string\"}],\"inLanguage\":\"it-IT\"},{\"@type\":\"Person\",\"@id\":\"https:\/\/viva.racunalniske-novice.com\/en\/#\/schema\/person\/afb62e36efa34516d50249517e4cdbb4\",\"name\":\"sinusiks\",\"sameAs\":[\"https:\/\/ml.racunalniske-novice.com\"],\"url\":\"https:\/\/viva.racunalniske-novice.com\/it\/author\/sinusiks\/\"}]}<\/script>\n<!-- \/ Yoast SEO plugin. -->","yoast_head_json":{"title":"Energetska kriza spreminja Evropo: ve\u010d dela od doma in skok prodaje elektri\u010dnih vozil - Ra\u010dunalni\u0161ke novice","description":"Energetska kriza, ki jo je spro\u017eil konflikt na Bli\u017enjem vzhodu, \u017ee spreminja vsakdanje \u017eivljenje in gospodarstvo v Evropi. Bruselj pripravlja nove ukrepe za zmanj\u0161anje porabe energije, medtem ko potro","robots":{"index":"index","follow":"follow","max-snippet":"max-snippet:-1","max-image-preview":"max-image-preview:large","max-video-preview":"max-video-preview:-1"},"canonical":"https:\/\/viva.racunalniske-novice.com\/it\/wp-json\/wp\/v2\/posts\/7493","og_locale":"it_IT","og_type":"article","og_title":"Energetska kriza spreminja Evropo: ve\u010d dela od doma in skok prodaje elektri\u010dnih vozil - Ra\u010dunalni\u0161ke novice","og_description":"Bruselj predlaga ve\u010d dela od doma Evropska komisija bo prihodnji teden predstavila paket ukrepov za ubla\u017eitev visokih cen energije. Med predlogi izstopa priporo\u010dilo, naj podjetja uvedejo vsaj en obvezen dan dela na daljavo na teden. Cilj je zmanj\u0161ati porabo energije, predvsem v pisarni\u0161kih prostorih in prometu. Poleg tega Bruselj predlaga: zapiranje javnih stavb, kjer je [&hellip;]","og_url":"https:\/\/viva.racunalniske-novice.com\/it\/la-crisi-energetica-sta-cambiando-leuropa-con-un-aumento-del-telelavoro-e-unimpennata-nelle-vendite-di-veicoli-elettrici\/","og_site_name":"Ra\u010dunalni\u0161ke novice","article_published_time":"2026-04-21T17:22:44+00:00","author":"sinusiks","twitter_card":"summary_large_image","twitter_misc":{"Scritto da":"sinusiks","Tempo di lettura stimato":"2 minuti"},"schema":{"@context":"https:\/\/schema.org","@graph":[{"@type":"WebPage","@id":"https:\/\/viva.racunalniske-novice.com\/energetska-kriza-spreminja-evropo-vec-dela-od-doma-in-skok-prodaje-elektricnih-vozil\/","url":"https:\/\/viva.racunalniske-novice.com\/energetska-kriza-spreminja-evropo-vec-dela-od-doma-in-skok-prodaje-elektricnih-vozil\/","name":"Energetska kriza spreminja Evropo: ve\u010d dela od doma in skok prodaje elektri\u010dnih vozil - Ra\u010dunalni\u0161ke novice","isPartOf":{"@id":"https:\/\/viva.racunalniske-novice.com\/en\/#website"},"datePublished":"2026-04-21T17:22:44+00:00","dateModified":"2026-04-21T17:22:44+00:00","author":{"@id":"https:\/\/viva.racunalniske-novice.com\/en\/#\/schema\/person\/afb62e36efa34516d50249517e4cdbb4"},"breadcrumb":{"@id":"https:\/\/viva.racunalniske-novice.com\/energetska-kriza-spreminja-evropo-vec-dela-od-doma-in-skok-prodaje-elektricnih-vozil\/#breadcrumb"},"inLanguage":"it-IT","potentialAction":[{"@type":"ReadAction","target":["https:\/\/viva.racunalniske-novice.com\/energetska-kriza-spreminja-evropo-vec-dela-od-doma-in-skok-prodaje-elektricnih-vozil\/"]}]},{"@type":"BreadcrumbList","@id":"https:\/\/viva.racunalniske-novice.com\/energetska-kriza-spreminja-evropo-vec-dela-od-doma-in-skok-prodaje-elektricnih-vozil\/#breadcrumb","itemListElement":[{"@type":"ListItem","position":1,"name":"Home","item":"https:\/\/viva.racunalniske-novice.com\/en\/"},{"@type":"ListItem","position":2,"name":"Energetska kriza spreminja Evropo: ve\u010d dela od doma in skok prodaje elektri\u010dnih vozil"}]},{"@type":"WebSite","@id":"https:\/\/viva.racunalniske-novice.com\/en\/#website","url":"https:\/\/viva.racunalniske-novice.com\/en\/","name":"Ra\u010dunalni\u0161ke novice","description":"","potentialAction":[{"@type":"SearchAction","target":{"@type":"EntryPoint","urlTemplate":"https:\/\/viva.racunalniske-novice.com\/en\/?s={search_term_string}"},"query-input":"required name=search_term_string"}],"inLanguage":"it-IT"},{"@type":"Person","@id":"https:\/\/viva.racunalniske-novice.com\/en\/#\/schema\/person\/afb62e36efa34516d50249517e4cdbb4","name":"sinusiks","sameAs":["https:\/\/ml.racunalniske-novice.com"],"url":"https:\/\/viva.racunalniske-novice.com\/it\/author\/sinusiks\/"}]}},"_links":{"self":[{"href":"https:\/\/viva.racunalniske-novice.com\/it\/wp-json\/wp\/v2\/posts\/7493","targetHints":{"allow":["GET"]}}],"collection":[{"href":"https:\/\/viva.racunalniske-novice.com\/it\/wp-json\/wp\/v2\/posts"}],"about":[{"href":"https:\/\/viva.racunalniske-novice.com\/it\/wp-json\/wp\/v2\/types\/post"}],"author":[{"embeddable":true,"href":"https:\/\/viva.racunalniske-novice.com\/it\/wp-json\/wp\/v2\/users\/2"}],"replies":[{"embeddable":true,"href":"https:\/\/viva.racunalniske-novice.com\/it\/wp-json\/wp\/v2\/comments?post=7493"}],"version-history":[{"count":0,"href":"https:\/\/viva.racunalniske-novice.com\/it\/wp-json\/wp\/v2\/posts\/7493\/revisions"}],"wp:attachment":[{"href":"https:\/\/viva.racunalniske-novice.com\/it\/wp-json\/wp\/v2\/media?parent=7493"}],"wp:term":[{"taxonomy":"category","embeddable":true,"href":"https:\/\/viva.racunalniske-novice.com\/it\/wp-json\/wp\/v2\/categories?post=7493"},{"taxonomy":"post_tag","embeddable":true,"href":"https:\/\/viva.racunalniske-novice.com\/it\/wp-json\/wp\/v2\/tags?post=7493"}],"curies":[{"name":"wp","href":"https:\/\/api.w.org\/{rel}","templated":true}]}}