{"id":7525,"date":"2026-04-28T15:06:00","date_gmt":"2026-04-28T13:06:00","guid":{"rendered":"https:\/\/viva.racunalniske-novice.com\/novi-mini-paradni-konj-prihaja-v-evropo\/"},"modified":"2026-04-28T15:06:00","modified_gmt":"2026-04-28T13:06:00","slug":"novi-mini-paradni-konj-prihaja-v-evropo","status":"publish","type":"post","link":"https:\/\/viva.racunalniske-novice.com\/it\/il-nuovo-mini-modello-sta-arrivando-in-europa\/","title":{"rendered":"Un nuovo mini-capolavoro sta per arrivare in Europa"},"content":{"rendered":"<p>Il mercato dei &quot;mini&quot; top di gamma \u00e8 stato trascurato negli ultimi anni, con la maggior parte dei produttori concentrati su schermi superiori a 6,7 pollici. L&#039;Infinix 15 Compact si inserisce in questa nicchia con uno schermo AMOLED di soli 6,1 pollici. Nonostante le dimensioni compatte, il display non scende a compromessi, offrendo una frequenza di aggiornamento di 120 Hz e una luminosit\u00e0 massima fino a 2500 nit, garantendo un&#039;eccellente visibilit\u00e0 anche in piena luce solare.<br><br>Sotto la scocca troviamo il processore MediaTek Dimensity 9400 di ultima generazione che, abbinato a 12 GB di RAM, offre prestazioni paragonabili a quelle dei principali concorrenti sul mercato. Particolare attenzione \u00e8 stata dedicata alla fotocamera. L&#039;Infinix 15 Compact utilizza un sensore principale da 50 MP con stabilizzazione ottica (OIS), che promette scatti eccellenti anche in condizioni di scarsa illuminazione. La scocca del dispositivo \u00e8 resistente all&#039;acqua e alla polvere secondo lo standard IP68, una vera rarit\u00e0 in questa fascia di dimensioni.<br><br>Infinix ha confermato una mossa strategica per il mercato europeo. Uno sconto in prevendita che ridurr\u00e0 il prezzo del dispositivo di circa il 15% nella prima settimana di vendita. Il prezzo al dettaglio stimato si aggirer\u00e0 intorno ai 550 euro, ponendolo in diretta concorrenza con modelli come il Samsung Galaxy S26 o lo Xiaomi 16. Una batteria da 4.800 mAh e la ricarica rapida da 65 W garantiscono un&#039;autonomia di un&#039;intera giornata anche con un utilizzo intensivo.<br><br>Il nuovo Infinix 15 Compact \u00e8 un aggiornamento pensato per tutti coloro che sentivano la mancanza di un dispositivo con una lunghezza di circa 14,5 cm, facile da riporre in tasca. Con i quattro anni di supporto promessi per gli aggiornamenti del sistema operativo Android e i cinque anni di supporto per la sicurezza, Infinix punta a conquistare la fiducia degli utenti pi\u00f9 esigenti, alla ricerca di un investimento a lungo termine in tecnologia compatta.<\/p>\n<div class=\"embed-container\"><iframe src=\"https:\/\/www.youtube.com\/embed\/z5_DnkL1l4A\" frameborder=\"0\" allowfullscreen><\/iframe><\/div><br\/>","protected":false},"excerpt":{"rendered":"<p>Trg &#8220;mini&#8221; paradnih konjev je bil v zadnjih letih precej zapostavljen, saj se ve\u010dina proizvajalcev osredoto\u010da na zaslone nad 6,7 palcev. Infinix 15 Compact pa vstopa v to ni\u0161o z zaslonom AMOLED velikosti le 6,1 palcev. Kljub kompaktni velikosti zaslon ne sklepa kompromisov, saj ponuja 120 Hz osve\u017eevanje in vrhunsko svetilnost do 2500 niti, kar [&hellip;]<\/p>","protected":false},"author":2,"featured_media":0,"comment_status":"","ping_status":"open","sticky":false,"template":"","format":"standard","meta":{"_acf_changed":false,"footnotes":""},"categories":[50],"tags":[264],"class_list":["post-7525","post","type-post","status-publish","format-standard","hentry","category-telefonija","tag-vivo-pametni-telefoni"],"acf":{"subtitle":"Ljubitelji manj\u0161ih, a zmogljivih pametnih telefonov imajo razlog za veselje. Podjetje Infinix je uradno potrdilo, da bo aprila 2026 na mednarodne trge poslalo svoj novi model Infinix 15 Compact. Gre za napravo, ki kljubuje trendu ogromnih zaslonov in ponuja vrhunsko strojno opremo v ohi\u0161ju, ki je prijazno za uporabo z eno roko. Ob izidu je proizvajalec potrdil tudi posebne ugodnosti za prve kupce.","heading":"","summary":"Infinix 15 Compact prihaja na evropski trg s 6,1-pal\u010dnim AMOLED zaslonom, procesorjem Dimensity 9400 in ceno okoli 550 evrov. S predprodajnim popustom in vrhunsko kamero predstavlja resno alternativo uveljavljenim znamkam v segmentu kompaktnih paradnih konjev.","thumbnail_small":"https:\/\/racunalniske-novice.com\/wp-content\/uploads\/2026\/04\/vivo-x300-fe-euro-launch-kv-560x315.jpg","thumbnail_large":"https:\/\/racunalniske-novice.com\/wp-content\/uploads\/2026\/04\/vivo-x300-fe-euro-launch-kv-1024x768.jpg","thumbnail_caption":"Foto: Vivo","gallery":"","video_gallery":[{"youtube_url":"https:\/\/www.youtube.com\/watch?v=z5_DnkL1l4A"}],"author":"","links":[{"title":"Infinix","url":""}],"sources":null,"skip_language":[]},"yoast_head":"<!-- This site is optimized with the Yoast SEO plugin v22.8 - https:\/\/yoast.com\/wordpress\/plugins\/seo\/ -->\n<title>Novi mini paradni konj prihaja v Evropo - Ra\u010dunalni\u0161ke novice<\/title>\n<meta name=\"description\" content=\"Infinix 15 Compact prihaja na evropski trg s 6,1-pal\u010dnim AMOLED zaslonom, procesorjem Dimensity 9400 in ceno okoli 550 evrov. S predprodajnim popustom in vrhunsko kamero predstavlja resno alternativo\" \/>\n<meta name=\"robots\" content=\"index, follow, max-snippet:-1, max-image-preview:large, max-video-preview:-1\" \/>\n<link rel=\"canonical\" href=\"https:\/\/viva.racunalniske-novice.com\/it\/wp-json\/wp\/v2\/posts\/7525\" \/>\n<meta property=\"og:locale\" content=\"it_IT\" \/>\n<meta property=\"og:type\" content=\"article\" \/>\n<meta property=\"og:title\" content=\"Novi mini paradni konj prihaja v Evropo - Ra\u010dunalni\u0161ke novice\" \/>\n<meta property=\"og:description\" content=\"Trg &#8220;mini&#8221; paradnih konjev je bil v zadnjih letih precej zapostavljen, saj se ve\u010dina proizvajalcev osredoto\u010da na zaslone nad 6,7 palcev. Infinix 15 Compact pa vstopa v to ni\u0161o z zaslonom AMOLED velikosti le 6,1 palcev. Kljub kompaktni velikosti zaslon ne sklepa kompromisov, saj ponuja 120 Hz osve\u017eevanje in vrhunsko svetilnost do 2500 niti, kar [&hellip;]\" \/>\n<meta property=\"og:url\" content=\"https:\/\/viva.racunalniske-novice.com\/it\/il-nuovo-mini-modello-sta-arrivando-in-europa\/\" \/>\n<meta property=\"og:site_name\" content=\"Ra\u010dunalni\u0161ke novice\" \/>\n<meta property=\"article:published_time\" content=\"2026-04-28T13:06:00+00:00\" \/>\n<meta name=\"author\" content=\"sinusiks\" \/>\n<meta name=\"twitter:card\" content=\"summary_large_image\" \/>\n<meta name=\"twitter:label1\" content=\"Scritto da\" \/>\n\t<meta name=\"twitter:data1\" content=\"sinusiks\" \/>\n\t<meta name=\"twitter:label2\" content=\"Tempo di lettura stimato\" \/>\n\t<meta name=\"twitter:data2\" content=\"1 minuto\" \/>\n<script type=\"application\/ld+json\" class=\"yoast-schema-graph\">{\"@context\":\"https:\/\/schema.org\",\"@graph\":[{\"@type\":\"WebPage\",\"@id\":\"https:\/\/viva.racunalniske-novice.com\/novi-mini-paradni-konj-prihaja-v-evropo\/\",\"url\":\"https:\/\/viva.racunalniske-novice.com\/novi-mini-paradni-konj-prihaja-v-evropo\/\",\"name\":\"Novi mini paradni konj prihaja v Evropo - Ra\u010dunalni\u0161ke novice\",\"isPartOf\":{\"@id\":\"https:\/\/viva.racunalniske-novice.com\/en\/#website\"},\"datePublished\":\"2026-04-28T13:06:00+00:00\",\"dateModified\":\"2026-04-28T13:06:00+00:00\",\"author\":{\"@id\":\"https:\/\/viva.racunalniske-novice.com\/en\/#\/schema\/person\/afb62e36efa34516d50249517e4cdbb4\"},\"breadcrumb\":{\"@id\":\"https:\/\/viva.racunalniske-novice.com\/novi-mini-paradni-konj-prihaja-v-evropo\/#breadcrumb\"},\"inLanguage\":\"it-IT\",\"potentialAction\":[{\"@type\":\"ReadAction\",\"target\":[\"https:\/\/viva.racunalniske-novice.com\/novi-mini-paradni-konj-prihaja-v-evropo\/\"]}]},{\"@type\":\"BreadcrumbList\",\"@id\":\"https:\/\/viva.racunalniske-novice.com\/novi-mini-paradni-konj-prihaja-v-evropo\/#breadcrumb\",\"itemListElement\":[{\"@type\":\"ListItem\",\"position\":1,\"name\":\"Home\",\"item\":\"https:\/\/viva.racunalniske-novice.com\/en\/\"},{\"@type\":\"ListItem\",\"position\":2,\"name\":\"Novi mini paradni konj prihaja v Evropo\"}]},{\"@type\":\"WebSite\",\"@id\":\"https:\/\/viva.racunalniske-novice.com\/en\/#website\",\"url\":\"https:\/\/viva.racunalniske-novice.com\/en\/\",\"name\":\"Ra\u010dunalni\u0161ke novice\",\"description\":\"\",\"potentialAction\":[{\"@type\":\"SearchAction\",\"target\":{\"@type\":\"EntryPoint\",\"urlTemplate\":\"https:\/\/viva.racunalniske-novice.com\/en\/?s={search_term_string}\"},\"query-input\":\"required name=search_term_string\"}],\"inLanguage\":\"it-IT\"},{\"@type\":\"Person\",\"@id\":\"https:\/\/viva.racunalniske-novice.com\/en\/#\/schema\/person\/afb62e36efa34516d50249517e4cdbb4\",\"name\":\"sinusiks\",\"sameAs\":[\"https:\/\/ml.racunalniske-novice.com\"],\"url\":\"https:\/\/viva.racunalniske-novice.com\/it\/author\/sinusiks\/\"}]}<\/script>\n<!-- \/ Yoast SEO plugin. -->","yoast_head_json":{"title":"Novi mini paradni konj prihaja v Evropo - Ra\u010dunalni\u0161ke novice","description":"Infinix 15 Compact prihaja na evropski trg s 6,1-pal\u010dnim AMOLED zaslonom, procesorjem Dimensity 9400 in ceno okoli 550 evrov. S predprodajnim popustom in vrhunsko kamero predstavlja resno alternativo","robots":{"index":"index","follow":"follow","max-snippet":"max-snippet:-1","max-image-preview":"max-image-preview:large","max-video-preview":"max-video-preview:-1"},"canonical":"https:\/\/viva.racunalniske-novice.com\/it\/wp-json\/wp\/v2\/posts\/7525","og_locale":"it_IT","og_type":"article","og_title":"Novi mini paradni konj prihaja v Evropo - Ra\u010dunalni\u0161ke novice","og_description":"Trg &#8220;mini&#8221; paradnih konjev je bil v zadnjih letih precej zapostavljen, saj se ve\u010dina proizvajalcev osredoto\u010da na zaslone nad 6,7 palcev. Infinix 15 Compact pa vstopa v to ni\u0161o z zaslonom AMOLED velikosti le 6,1 palcev. Kljub kompaktni velikosti zaslon ne sklepa kompromisov, saj ponuja 120 Hz osve\u017eevanje in vrhunsko svetilnost do 2500 niti, kar [&hellip;]","og_url":"https:\/\/viva.racunalniske-novice.com\/it\/il-nuovo-mini-modello-sta-arrivando-in-europa\/","og_site_name":"Ra\u010dunalni\u0161ke novice","article_published_time":"2026-04-28T13:06:00+00:00","author":"sinusiks","twitter_card":"summary_large_image","twitter_misc":{"Scritto da":"sinusiks","Tempo di lettura stimato":"1 minuto"},"schema":{"@context":"https:\/\/schema.org","@graph":[{"@type":"WebPage","@id":"https:\/\/viva.racunalniske-novice.com\/novi-mini-paradni-konj-prihaja-v-evropo\/","url":"https:\/\/viva.racunalniske-novice.com\/novi-mini-paradni-konj-prihaja-v-evropo\/","name":"Novi mini paradni konj prihaja v Evropo - Ra\u010dunalni\u0161ke novice","isPartOf":{"@id":"https:\/\/viva.racunalniske-novice.com\/en\/#website"},"datePublished":"2026-04-28T13:06:00+00:00","dateModified":"2026-04-28T13:06:00+00:00","author":{"@id":"https:\/\/viva.racunalniske-novice.com\/en\/#\/schema\/person\/afb62e36efa34516d50249517e4cdbb4"},"breadcrumb":{"@id":"https:\/\/viva.racunalniske-novice.com\/novi-mini-paradni-konj-prihaja-v-evropo\/#breadcrumb"},"inLanguage":"it-IT","potentialAction":[{"@type":"ReadAction","target":["https:\/\/viva.racunalniske-novice.com\/novi-mini-paradni-konj-prihaja-v-evropo\/"]}]},{"@type":"BreadcrumbList","@id":"https:\/\/viva.racunalniske-novice.com\/novi-mini-paradni-konj-prihaja-v-evropo\/#breadcrumb","itemListElement":[{"@type":"ListItem","position":1,"name":"Home","item":"https:\/\/viva.racunalniske-novice.com\/en\/"},{"@type":"ListItem","position":2,"name":"Novi mini paradni konj prihaja v Evropo"}]},{"@type":"WebSite","@id":"https:\/\/viva.racunalniske-novice.com\/en\/#website","url":"https:\/\/viva.racunalniske-novice.com\/en\/","name":"Ra\u010dunalni\u0161ke novice","description":"","potentialAction":[{"@type":"SearchAction","target":{"@type":"EntryPoint","urlTemplate":"https:\/\/viva.racunalniske-novice.com\/en\/?s={search_term_string}"},"query-input":"required name=search_term_string"}],"inLanguage":"it-IT"},{"@type":"Person","@id":"https:\/\/viva.racunalniske-novice.com\/en\/#\/schema\/person\/afb62e36efa34516d50249517e4cdbb4","name":"sinusiks","sameAs":["https:\/\/ml.racunalniske-novice.com"],"url":"https:\/\/viva.racunalniske-novice.com\/it\/author\/sinusiks\/"}]}},"_links":{"self":[{"href":"https:\/\/viva.racunalniske-novice.com\/it\/wp-json\/wp\/v2\/posts\/7525","targetHints":{"allow":["GET"]}}],"collection":[{"href":"https:\/\/viva.racunalniske-novice.com\/it\/wp-json\/wp\/v2\/posts"}],"about":[{"href":"https:\/\/viva.racunalniske-novice.com\/it\/wp-json\/wp\/v2\/types\/post"}],"author":[{"embeddable":true,"href":"https:\/\/viva.racunalniske-novice.com\/it\/wp-json\/wp\/v2\/users\/2"}],"replies":[{"embeddable":true,"href":"https:\/\/viva.racunalniske-novice.com\/it\/wp-json\/wp\/v2\/comments?post=7525"}],"version-history":[{"count":0,"href":"https:\/\/viva.racunalniske-novice.com\/it\/wp-json\/wp\/v2\/posts\/7525\/revisions"}],"wp:attachment":[{"href":"https:\/\/viva.racunalniske-novice.com\/it\/wp-json\/wp\/v2\/media?parent=7525"}],"wp:term":[{"taxonomy":"category","embeddable":true,"href":"https:\/\/viva.racunalniske-novice.com\/it\/wp-json\/wp\/v2\/categories?post=7525"},{"taxonomy":"post_tag","embeddable":true,"href":"https:\/\/viva.racunalniske-novice.com\/it\/wp-json\/wp\/v2\/tags?post=7525"}],"curies":[{"name":"wp","href":"https:\/\/api.w.org\/{rel}","templated":true}]}}