{"id":8117,"date":"2026-09-04T10:27:57","date_gmt":"2026-09-04T08:27:57","guid":{"rendered":"https:\/\/viva.racunalniske-novice.com\/ifa-2026-solarni-racunalniki-pomivalni-stroji-s-kamerami-1100-hz-monitorji\/"},"modified":"2026-09-04T10:27:57","modified_gmt":"2026-09-04T08:27:57","slug":"ifa-2026-solarni-racunalniki-pomivalni-stroji-s-kamerami-1100-hz-monitorji","status":"publish","type":"post","link":"https:\/\/viva.racunalniske-novice.com\/it\/computer-solari-ifa-2026-lavastoviglie-con-telecamere-monitor-1100-hz\/","title":{"rendered":"IFA 2026: computer a energia solare, lavastoviglie con telecamera, monitor a 1100 Hz..."},"content":{"rendered":"<p class=\"wp-block-paragraph\">La fiera ha aperto ufficialmente i battenti oggi, 4 settembre, presso il centro fieristico Messe Berlin di Berlino e durer\u00e0 fino all&#039;8 settembre. Si tratta di una delle pi\u00f9 grandi fiere di elettronica di consumo al mondo, che dal 1924 si svolge su circa 190.000 metri quadrati distribuiti in 27 padiglioni. Il tema di quest&#039;anno \u00e8 &quot;Il futuro \u00e8 adesso&quot; e sono attesi circa 1.900 espositori, 220.000 visitatori e partecipanti provenienti da 140 paesi. L&#039;intelligenza artificiale \u00e8 letteralmente ovunque quest&#039;anno, persino in dispositivi che non ne avrebbero affatto bisogno.<\/p>\n\n\n\n<h3 class=\"wp-block-heading\"><strong>Lenovo Project AeroBlade: mi interessa pi\u00f9 il raffreddamento che il processore.<\/strong><\/h3>\n\n\n\n<p class=\"wp-block-paragraph\">Da tempo \u00e8 difficile realizzare qualcosa di veramente innovativo nel settore dei laptop. Il nuovo processore \u00e8 pi\u00f9 veloce, lo schermo OLED ha una luminosit\u00e0 maggiore, lo chassis \u00e8 pi\u00f9 sottile di due millimetri, e basta. Il Project AeroBlade di Lenovo potrebbe porre fine a questa monotonia.<\/p>\n\n\n\n<p class=\"wp-block-paragraph\">A prima vista, sembra un normale computer ultraleggero da 14 pollici. Ha uno spessore inferiore a 10 millimetri e pesa meno di 830 grammi. Ma la parte interessante \u00e8 all&#039;interno. Lenovo ha sostituito la classica ventola con la tecnologia AirJet di Frore Systems. Invece di pale rotanti, utilizza membrane piezoelettriche che creano un flusso d&#039;aria muovendosi ad altissima velocit\u00e0. Il prototipo \u00e8 dotato di quattro moduli AirJet e non presenta alcuna ventola tradizionale.<\/p>\n\n\n\n<figure class=\"wp-block-gallery has-nested-images columns-default is-cropped wp-block-gallery-1 is-layout-flex wp-block-gallery-is-layout-flex\">\n<figure class=\"wp-block-image size-large\"><img decoding=\"async\" data-id=\"2699815\" src=\"\/wp-content\/uploads\/2026\/09\/AeroBlade-Specialty-04-1024x1024-1.png\" alt=\"\" class=\"wp-image-2699815\"\/><figcaption><strong>Progetto AeroBlade<\/strong><\/figcaption><\/figure>\n\n\n\n<figure class=\"wp-block-image size-large\"><img decoding=\"async\" data-id=\"2699817\" src=\"\/wp-content\/uploads\/2026\/09\/LandscapeRollable-02-1024x1024-1.png\" alt=\"\" class=\"wp-image-2699817\"\/><figcaption><strong>Progetto Swan<\/strong><\/figcaption><\/figure>\n<\/figure>\n\n\n\n<p class=\"wp-block-paragraph\">Perch\u00e9 \u00e8 importante? Perch\u00e9 il raffreddamento \u00e8 uno dei motivi principali per cui i laptop potenti sono cos\u00ec spessi. Una ventola ha bisogno di spazio, prese d&#039;aria e condotti. Eliminandoli, si aprono improvvisamente nuove possibilit\u00e0 di design.<\/p>\n\n\n\n<p class=\"wp-block-paragraph\">Il progetto AeroBlade \u00e8 dotato di processore Intel, display OLED, Thunderbolt 4 e Wi-Fi 7, ma queste specifiche sono quasi secondarie rispetto al concetto. Mi interessa molto di pi\u00f9 capire se l&#039;AirJet riuscir\u00e0 ad entrare in produzione di massa nei prossimi anni. Se ci riuscir\u00e0, potrebbe rivoluzionare il design degli ultraportatili in modo pi\u00f9 radicale di un&#039;altra generazione di processori.<\/p>\n\n\n\n<p class=\"wp-block-paragraph\">Per ora si tratta solo di un concept, quindi non abbiamo ancora informazioni sui prezzi n\u00e9 una possibile data di inizio produzione.<\/p>\n\n\n\n<p class=\"wp-block-paragraph\">Lenovo ha presentato un altro concept, Project Swan. Si tratta di un ThinkBook da 14 pollici il cui display OLED flessibile si estende lateralmente fino a 17 pollici. Non era la prima volta che mi imbattevo in un concept del genere. Lo trovo comunque interessante, ma aspetto che venga messo in produzione.<\/p>\n\n\n\n<h3 class=\"wp-block-heading\"><strong>Acer Vero 16: la notizia migliore \u00e8 che puoi aprirlo<\/strong><\/h3>\n\n\n\n<p class=\"wp-block-paragraph\">Negli ultimi dieci anni, l&#039;industria ci ha convinto che un buon laptop debba essere il pi\u00f9 possibile chiuso. Batteria incollata, memoria saldata, viti speciali e una costruzione complessa... L&#039;Acer Vero 16 ha intrapreso una strada diversa, verso una maggiore libert\u00e0 per l&#039;utente.<\/p>\n\n\n\n<p class=\"wp-block-paragraph\">\u00c8 dotato di un meccanismo di accesso senza attrezzi sul fondo. L&#039;utente pu\u00f2 sostituire autonomamente la batteria e l&#039;SSD, i coperchi dei connettori sono rimovibili e la cerniera \u00e8 progettata in modo da poter essere staccata dallo chassis e sostituita. Acer si spinge persino a progettare il computer con la possibilit\u00e0 di aggiornare la piattaforma del processore almeno per due generazioni (il portatile dovr\u00e0 essere inviato all&#039;assistenza Acer).<\/p>\n\n\n\n<figure class=\"wp-block-gallery has-nested-images columns-default is-cropped wp-block-gallery-2 is-layout-flex wp-block-gallery-is-layout-flex\">\n<figure class=\"wp-block-image size-large\"><img decoding=\"async\" data-id=\"2699819\" src=\"\/wp-content\/uploads\/2026\/09\/Acer-Vero-1024x909.png\" alt=\"\" class=\"wp-image-2699819\"\/><\/figure>\n<\/figure>\n\n\n\n<p class=\"wp-block-paragraph\">Non si tratta di un &quot;portatile ecologico&quot; lento. Il Vero 16 pu\u00f2 utilizzare un processore Intel Core Ultra X9 388H, fino a 32 GB di memoria LPDDR5X e un display OLED da 16 pollici con risoluzione 3K e frequenza di aggiornamento di 120 Hz. Pesa circa 700 grammi. Anche i materiali sono importanti, ma darei molta pi\u00f9 importanza alla riparabilit\u00e0 che alla percentuale di alluminio riciclato.<\/p>\n\n\n\n<h3 class=\"wp-block-heading\"><strong>Acer ha attraversato lo Steam Deck con un mini laptop<\/strong><\/h3>\n\n\n\n<p class=\"wp-block-paragraph\">Acer, d&#039;altro canto, ha in mente qualcosa di un po&#039; pi\u00f9 audace. Il Project DualPlay Mini \u00e8 un concept da 8 pollici che mira a fungere da console portatile in un momento e da piccolo laptop in quello successivo. Lo schermo pu\u00f2 essere ruotato e al di sotto si trova una tastiera fisica retroilluminata. In una posizione sono disponibili i pulsanti per il gioco, nell&#039;altra l&#039;utente ha a disposizione un mini laptop. Acer prevede persino la possibilit\u00e0 di collegare un display esterno e utilizzare un mouse.<\/p>\n\n\n\n<p class=\"wp-block-paragraph\">Vorreste lavorare per otto ore su un portatile da 8 pollici? Assolutamente no. Ho capito? Certo che s\u00ec.<\/p>\n\n\n\n<figure class=\"wp-block-image size-large\"><img decoding=\"async\" src=\"\/wp-content\/uploads\/2026\/09\/predator-project-dualplay-mini-agw-banner-1024x288.jpg\" alt=\"\" class=\"wp-image-2699821\"\/><\/figure>\n\n\n\n<h3 class=\"wp-block-heading\"><strong>1100 Hz... perch\u00e9 a quanto pare 500 Hz \u00e8 diventato noioso<\/strong><\/h3>\n\n\n\n<p class=\"wp-block-paragraph\">Samsung ha portato a Berlino l&#039;Odyssey G60H da 27 pollici, che pu\u00f2 raggiungere i 1100 Hz nella sua modalit\u00e0 pi\u00f9 veloce. Alla risoluzione QHD pi\u00f9 elevata, si ferma a un comunque incredibile 600 Hz. Oltre a questo, Samsung ha presentato l&#039;OLED curvo Odyssey G75SJ da 42 pollici, l&#039;OLED DQHD G9 da 49 pollici con 360 Hz e l&#039;OLED 4K G8 da 32 pollici con 360 Hz.<\/p>\n\n\n\n<p class=\"wp-block-paragraph\">Acer risponde con il Predator XB253Q U1, un monitor IPS da 24,5 pollici con frequenza di aggiornamento di 1000 Hz in Full HD. Alienware sta finalmente cercando di portare la competizione nel gaming professionale verso la tecnologia OLED con l&#039;AW2527HX. Questo modello utilizza un QD-OLED da 24,5 pollici in Full HD a 560 Hz.<\/p>\n\n\n\n<p class=\"wp-block-paragraph\">Naturalmente, l&#039;utente medio non ha bisogno di tali velocit\u00e0. La maggior parte dei computer non \u00e8 nemmeno abbastanza potente da raggiungere i 500 fps, figuriamoci i 100. Forse, pi\u00f9 importante della velocit\u00e0, \u00e8 il fatto che gli schermi OLED stanno diventando un punto fermo nel mondo degli eSport.<\/p>\n\n\n\n<figure class=\"wp-block-gallery has-nested-images columns-default is-cropped wp-block-gallery-3 is-layout-flex wp-block-gallery-is-layout-flex\">\n<figure class=\"wp-block-image size-large\"><img decoding=\"async\" data-id=\"2699823\" src=\"\/wp-content\/uploads\/2026\/09\/Samsung-TVs-and-Displays-New-Odyssey-Lineup-Fast-Paced-Gaming-Gamescom-2026_Main1.jpg\" alt=\"\" class=\"wp-image-2699823\"\/><\/figure>\n<\/figure>\n\n\n\n<h3 class=\"wp-block-heading\"><strong>Il TCL P80 Ultra \u00e8 uno dei pochi telefoni di quest&#039;anno che risolve un problema reale<\/strong><\/h3>\n\n\n\n<p class=\"wp-block-paragraph\">L&#039;IFA non \u00e8 solitamente una fiera dedicata agli smartphone, ma il TCL P80 Ultra ha comunque catturato la mia attenzione. Non per via di un nuovo processore, bens\u00ec per il display. Per la prima volta, TCL ha combinato la sua tecnologia NXTPAPER con un display OLED. Il P80 Ultra vanta un OLED da 6,83 pollici con risoluzione 1.5K, frequenza di aggiornamento a 120 Hz, superficie antiriflesso e una luminosit\u00e0 massima fino a 3200 nit. Tramite un apposito pulsante, \u00e8 possibile attivare la modalit\u00e0 Max Ink, che si comporta pi\u00f9 come un e-reader in bianco e nero, riducendo al minimo gli elementi di distrazione dell&#039;interfaccia utente.<\/p>\n\n\n\n<p class=\"wp-block-paragraph\">La tecnologia OLED \u00e8 ottima per video, giochi e foto, ma non \u00e8 necessariamente lo schermo pi\u00f9 piacevole per leggere per ore. TCL sta cercando di unire entrambi i mondi in un unico dispositivo. Il telefono ha anche una base piuttosto buona: un Dimensity 7400 Elite, 8 GB di RAM, fino a 512 GB di memoria interna, una batteria da 5800 mAh e ricarica da 45 W. L&#039;Ultra ha una fotocamera principale da 50 MP e un teleobiettivo da 50 MP con zoom 3x. I prezzi europei per la serie partono da 349 euro.<\/p>\n\n\n\n<figure class=\"wp-block-gallery has-nested-images columns-default is-cropped wp-block-gallery-4 is-layout-flex wp-block-gallery-is-layout-flex\">\n<figure class=\"wp-block-image size-large\"><a href=\"\/wp-content\/uploads\/2026\/09\/TCL-2.png\"><img decoding=\"async\" data-id=\"2699825\" src=\"\/wp-content\/uploads\/2026\/09\/TCL-2-1024x709.png\" alt=\"\" class=\"wp-image-2699825\"\/><\/a><\/figure>\n\n\n\n<figure class=\"wp-block-image size-large\"><a href=\"\/wp-content\/uploads\/2026\/09\/TCL.png\"><img decoding=\"async\" data-id=\"2699827\" src=\"\/wp-content\/uploads\/2026\/09\/TCL-1024x689.png\" alt=\"\" class=\"wp-image-2699827\"\/><\/a><\/figure>\n<\/figure>\n\n\n\n<h3 class=\"wp-block-heading\"><strong>Oukitel RG14-P: un laptop che puoi lasciare al sole \u2013 di proposito.<\/strong><\/h3>\n\n\n\n<p class=\"wp-block-paragraph\">Oukitel si rivolge principalmente all&#039;industria, al lavoro sul campo, ai team di assistenza e ad altri utenti per i quali &quot;trovare una presa di corrente&quot; non \u00e8 sempre una soluzione realistica. Quasi l&#039;intera superficie dello schermo \u00e8 ricoperta da un pannello fotovoltaico. Secondo i dati pi\u00f9 recenti, in condizioni favorevoli pu\u00f2 fornire fino a 15 W e la batteria da 95 Wh dovrebbe ricaricarsi a met\u00e0 in circa sei ore di luce solare. Poich\u00e9 l&#039;energia solare \u00e8 ridotta rispetto al consumo di un laptop potente, \u00e8 pi\u00f9 realistico aspettarsi un aumento dell&#039;autonomia piuttosto che alimentare il computer esclusivamente con il sole per tutto il giorno.<\/p>\n\n\n\n<p class=\"wp-block-paragraph\">Il RG14-P \u00e8 un robusto veicolo fuoristrada. Pesa 3,7 chilogrammi, ha un display da 14,1 pollici con luminosit\u00e0 fino a 1000 nit, protezione IP69K, Ethernet classica, HDMI e persino RS-232. Oltre alla batteria integrata, dispone di una batteria rimovibile e sostituibile.<\/p>\n\n\n\n<figure class=\"wp-block-gallery has-nested-images columns-default is-cropped wp-block-gallery-5 is-layout-flex wp-block-gallery-is-layout-flex\">\n<figure class=\"wp-block-image size-large\"><img decoding=\"async\" data-id=\"2699829\" src=\"\/wp-content\/uploads\/2026\/09\/Oukitel_RG14-P3-q82-w1476-h-1024x576.webp\" alt=\"\" class=\"wp-image-2699829\"\/><\/figure>\n<\/figure>\n\n\n\n<h3 class=\"wp-block-heading\"><strong>Il Wi-Fi 8 \u00e8 arrivato. Il Wi-Fi 7 probabilmente ti sembra piuttosto scomodo.<\/strong><\/h3>\n\n\n\n<p class=\"wp-block-paragraph\">TP-Link ha presentato i nuovi Archer 8 Ultra e Deco 8 Ultra alla fiera, inaugurando un nuovo capitolo nel settore delle reti domestiche. L&#039;Archer 8 Ultra \u00e8 un router tri-band con una velocit\u00e0 wireless totale dichiarata fino a 19 Gbps, 10 Gigabit cablati e 18 antenne interne. Il Deco 8 Ultra \u00e8 una versione mesh con velocit\u00e0 totali fino a 22 Gbps. TP-Link afferma che il set da tre unit\u00e0 \u00e8 in grado di coprire un&#039;area di circa 910 metri quadrati e oltre 200 dispositivi.<\/p>\n\n\n\n<p class=\"wp-block-paragraph\">Lo standard IEEE 802.11bn, o Wi-Fi 8, pone una forte enfasi sull&#039;affidabilit\u00e0, sulle prestazioni end-to-end, sulla riduzione delle interferenze e su una collaborazione pi\u00f9 efficiente tra un gran numero di dispositivi. TP-Link sta sviluppando StabilityEngine attorno ai nuovi dispositivi, insieme a tecnologie come Enhanced Long Range, Distributed Resource Units e Non-Primary Channel Access.<\/p>\n\n\n\n<p class=\"wp-block-paragraph\">Questa \u00e8 la direzione di cui le reti domestiche hanno realmente bisogno. Molte persone oggi non hanno problemi di velocit\u00e0 di internet al router. Il problema \u00e8 la camera da letto a due pareti di distanza, la telecamera intelligente in giardino o venti dispositivi che cercano di connettersi contemporaneamente.<\/p>\n\n\n\n<p class=\"wp-block-paragraph\">Il Wi-Fi 8 non \u00e8 ancora uno standard completo. L&#039;IEEE prevede che le fasi finali della standardizzazione non saranno completate prima del 2028.<\/p>\n\n\n\n<figure class=\"wp-block-gallery has-nested-images columns-2 is-cropped wp-block-gallery-6 is-layout-flex wp-block-gallery-is-layout-flex\">\n<figure class=\"wp-block-image size-large\"><a href=\"\/wp-content\/uploads\/2026\/09\/PR_Deco_8_Ultra_1920x1080_20260831203545z.jpg\"><img decoding=\"async\" data-id=\"2699831\" src=\"\/wp-content\/uploads\/2026\/09\/PR_Deco_8_Ultra_1920x1080_20260831203545z-1024x576.jpg\" alt=\"\" class=\"wp-image-2699831\"\/><\/a><\/figure>\n\n\n\n<figure class=\"wp-block-image size-large\"><a href=\"\/wp-content\/uploads\/2026\/09\/PR_Archer_8_Ultra_Lifestyle_20260831203428q.jpg\"><img decoding=\"async\" data-id=\"2699833\" src=\"\/wp-content\/uploads\/2026\/09\/PR_Archer_8_Ultra_Lifestyle_20260831203428q-1024x576.jpg\" alt=\"\" class=\"wp-image-2699833\"\/><\/a><\/figure>\n\n\n\n<figure class=\"wp-block-image size-large\"><a href=\"\/wp-content\/uploads\/2026\/09\/PR_Archer_Deco_Hero_Image_20260831185920x.jpg\"><img decoding=\"async\" data-id=\"2699835\" src=\"\/wp-content\/uploads\/2026\/09\/PR_Archer_Deco_Hero_Image_20260831185920x-1024x576.jpg\" alt=\"\" class=\"wp-image-2699835\"\/><\/a><\/figure>\n<\/figure>\n\n\n\n<h3 class=\"wp-block-heading\"><strong>Miele G8 Diamond: fotocamera in lavastoviglie, sul serio?<\/strong><\/h3>\n\n\n\n<p class=\"wp-block-paragraph\">Sono stupito e mi chiedo se ho davvero bisogno di una telecamera nella lavastoviglie. La funzione AutoVision utilizza una telecamera per analizzare il livello di riempimento della lavastoviglie e il tipo di stoviglie presenti. Se riconosce pentole, pu\u00f2 aumentare l&#039;intensit\u00e0 del lavaggio. Se rileva bottiglie, adatta il programma di lavaggio per lavarle. Pu\u00f2 modificare la modalit\u00e0 di asciugatura per gli oggetti in plastica. Il dosaggio automatico AutoDos e il nuovo sistema di asciugatura ExcellentDry fanno poi il resto.<\/p>\n\n\n\n<p class=\"wp-block-paragraph\">Tramite l&#039;app \u00e8 possibile impostare delle regole, ad esempio, per far s\u00ec che la lavastoviglie si avvii solo quando \u00e8 sufficientemente piena o solo dopo una certa ora.<\/p>\n\n\n\n<p class=\"wp-block-paragraph\">Mi chiedo se questo migliorer\u00e0 cos\u00ec tanto il lavaggio delle stoviglie da giustificare il prezzo pi\u00f9 alto (che sar\u00e0 sicuramente pi\u00f9 alto)? La mia normale lavastoviglie Bosch ha svolto egregiamente il suo lavoro per anni, anche senza la telecamera.<\/p>\n\n\n\n<p class=\"wp-block-paragraph\">Ancora pi\u00f9 futuristico \u00e8 il concept Cary di Miele per una lavatrice. Utilizza sensori e intelligenza artificiale per riconoscere il bucato e determinare il programma, la temperatura, la velocit\u00e0 di centrifuga e le altre impostazioni appropriate.<\/p>\n\n\n\n<figure class=\"wp-block-gallery has-nested-images columns-default is-cropped wp-block-gallery-7 is-layout-flex wp-block-gallery-is-layout-flex\">\n<figure class=\"wp-block-image size-large\"><a href=\"\/wp-content\/uploads\/2026\/09\/2026-064_01.png\"><img decoding=\"async\" data-id=\"2699839\" src=\"\/wp-content\/uploads\/2026\/09\/2026-064_01-1024x683.png\" alt=\"\" class=\"wp-image-2699839\"\/><\/a><\/figure>\n\n\n\n<figure class=\"wp-block-image size-large\"><a href=\"\/wp-content\/uploads\/2026\/09\/2026-064_02.png\"><img decoding=\"async\" data-id=\"2699837\" src=\"\/wp-content\/uploads\/2026\/09\/2026-064_02-1024x768.png\" alt=\"\" class=\"wp-image-2699837\"\/><\/a><\/figure>\n\n\n\n<figure class=\"wp-block-image size-large\"><a href=\"\/wp-content\/uploads\/2026\/09\/2026-064_05.png\"><img decoding=\"async\" data-id=\"2699841\" src=\"\/wp-content\/uploads\/2026\/09\/2026-064_05-1024x768.png\" alt=\"\" class=\"wp-image-2699841\"\/><\/a><\/figure>\n<\/figure>\n\n\n\n<h3 class=\"wp-block-heading\"><strong>Roomba \u00e8 tornato con un&#039;idea interessante<\/strong><\/h3>\n\n\n\n<p class=\"wp-block-paragraph\">Roomba, ora operante sotto l&#039;egida del nuovo proprietario Picea Robotics, a quanto pare si \u00e8 stancata di inseguire i rivali cinesi e ha ricominciato a cercare di innovare, proprio come agli albori della categoria degli aspirapolvere robot.<\/p>\n\n\n\n<p class=\"wp-block-paragraph\">Oltre ai dati sulla potenza di aspirazione, il Roomba Max 875 Combo vanta un&#039;altra caratteristica speciale: SealForce. Quando il robot si avvicina al tappeto, abbassa il bordo inferiore dell&#039;alloggiamento, cercando di creare uno spazio pi\u00f9 ermetico tra l&#039;aspirapolvere e il tappeto. Questo dovrebbe consentire di convogliare la potenza di aspirazione di 35.000 Pa in modo pi\u00f9 efficace attraverso le fibre, anzich\u00e9 disperderla intorno al robot. Il Roomba Max 875 Combo \u00e8 inoltre dotato di un sistema di nebulizzazione ThermaMist riscaldata per le macchie, un sistema a rullo per la pulizia a umido e una stazione per il lavaggio e l&#039;asciugatura del panno. La navigazione si basa su lidar e telecamere. Il prezzo negli Stati Uniti \u00e8 di 1.199 dollari.<\/p>\n\n\n\n<figure class=\"wp-block-gallery has-nested-images columns-default is-cropped wp-block-gallery-8 is-layout-flex wp-block-gallery-is-layout-flex\">\n<figure class=\"wp-block-image size-large\"><a href=\"\/wp-content\/uploads\/2026\/09\/Roomba_Max_875_Combo_AutoWash_Black_Photo_Insitu_Dock_DTC_3000x3000_fr-CA.webp\"><img decoding=\"async\" data-id=\"2699843\" src=\"\/wp-content\/uploads\/2026\/09\/Roomba_Max_875_Combo_AutoWash_Black_Photo_Insitu_Dock_DTC_3000x3000_fr-CA.webp\" alt=\"\" class=\"wp-image-2699843\"\/><\/a><\/figure>\n\n\n\n<figure class=\"wp-block-image size-large\"><a href=\"\/wp-content\/uploads\/2026\/09\/Roomba_Max_875_Combo_AutoWash_Black_Photo_Insitu_Suction_DTC_3000x3000_NA_JA.webp\"><img decoding=\"async\" data-id=\"2699845\" src=\"\/wp-content\/uploads\/2026\/09\/Roomba_Max_875_Combo_AutoWash_Black_Photo_Insitu_Suction_DTC_3000x3000_NA_JA.webp\" alt=\"\" class=\"wp-image-2699845\"\/><\/a><\/figure>\n<\/figure>\n\n\n\n<h3 class=\"wp-block-heading\"><strong>I robot tagliaerba taglieranno anche lungo il bordo<\/strong><\/h3>\n\n\n\n<p class=\"wp-block-paragraph\">Chiunque abbia mai usato un robot tagliaerba conosce il suo problema pi\u00f9 paradossale: il robot taglia quasi tutto il prato, ma poi bisogna tirare fuori il tagliabordi e rifinire i bordi manualmente.<\/p>\n\n\n\n<p class=\"wp-block-paragraph\">Il Dreame A4 AWD Pro cerca di risolvere proprio questo problema con il suo meccanismo di taglio retrattile EdgeMaster. Ho gi\u00e0 visto qualcosa di simile in Husqvarna. L&#039;azienda parla di taglio del bordo a &quot;0 cm&quot;, anche se si tratta di una misurazione effettuata in laboratorio e la pratica dipender\u00e0 ovviamente dalla forma del giardino. Il sistema di navigazione combina lidar, posizionamento satellitare e telecamere, mentre sensori aggiuntivi si occupano di bordi, ostacoli, persone e animali.<\/p>\n\n\n\n<p class=\"wp-block-paragraph\">Eufy e Mammotion hanno inoltre presentato tosaerba dotati di meccanismi aggiuntivi per il taglio dei bordi.<\/p>\n\n\n\n<figure class=\"wp-block-gallery has-nested-images columns-default is-cropped wp-block-gallery-9 is-layout-flex wp-block-gallery-is-layout-flex\">\n<figure class=\"wp-block-image size-large\"><a href=\"\/wp-content\/uploads\/2026\/09\/Dreame-A4-AWD-Pro-front.webp\"><img decoding=\"async\" data-id=\"2699847\" src=\"\/wp-content\/uploads\/2026\/09\/Dreame-A4-AWD-Pro-front-1024x683.webp\" alt=\"\" class=\"wp-image-2699847\"\/><\/a><\/figure>\n\n\n\n<figure class=\"wp-block-image size-large\"><a href=\"\/wp-content\/uploads\/2026\/09\/Dreame-A4-AWD-Pro-side-arm-side.webp\"><img decoding=\"async\" data-id=\"2699849\" src=\"\/wp-content\/uploads\/2026\/09\/Dreame-A4-AWD-Pro-side-arm-side-1024x683.webp\" alt=\"\" class=\"wp-image-2699849\"\/><\/a><\/figure>\n<\/figure>\n\n\n\n<h3 class=\"wp-block-heading\"><strong>I proiettori stanno lentamente eliminando l&#039;argomentazione &quot;s\u00ec, ma la TV \u00e8 pi\u00f9 luminosa&quot;.<\/strong><\/h3>\n\n\n\n<p class=\"wp-block-paragraph\">Tra i dispositivi per l&#039;home entertainment, spicca il JMGO Iris Ultra Max. Si tratta di un videoproiettore 4K con tre laser da 6500 lumen ISO, un sistema a doppia apertura e un rapporto di contrasto di 10.000:1. Supporta 4K a 120 Hz, VRR, ALLM e Dolby Vision, \u00e8 dotato di un meccanismo di regolazione motorizzato della posizione, zoom ottico 0,88-1,7:1 e altro ancora. Il prezzo \u00e8 di 3499 dollari e le prime consegne sono previste per ottobre.<\/p>\n\n\n\n<p class=\"wp-block-paragraph\">Certo, con 3.500 dollari si pu\u00f2 comprare un televisore di ottima qualit\u00e0 e di grandi dimensioni. Ma non \u00e8 comunque facile trovare spazio per un televisore da 100 pollici o pi\u00f9 nel proprio salotto.<\/p>\n\n\n\n<figure class=\"wp-block-gallery has-nested-images columns-default is-cropped wp-block-gallery-10 is-layout-flex wp-block-gallery-is-layout-flex\">\n<figure class=\"wp-block-image size-large\"><a href=\"\/wp-content\/uploads\/2026\/09\/3.3-IRIS_Ultra_Max_pc_d7c7ffde-3972-47ed-b7f0-b6b14e6e4676.webp\"><img decoding=\"async\" data-id=\"2699851\" src=\"\/wp-content\/uploads\/2026\/09\/3.3-IRIS_Ultra_Max_pc_d7c7ffde-3972-47ed-b7f0-b6b14e6e4676-1024x420.webp\" alt=\"\" class=\"wp-image-2699851\"\/><\/a><\/figure>\n<\/figure>\n\n\n\n<h3 class=\"wp-block-heading\"><strong>Xiaomi non ha portato un solo prodotto. Ha portato quasi un intero negozio.<\/strong><\/h3>\n\n\n\n<p class=\"wp-block-paragraph\">Questa \u00e8 la sua prima grande apparizione all&#039;IFA e vuole presentare la sua strategia &quot;Uomo \u00d7 Auto \u00d7 Casa&quot; in modo non convenzionale. Espone oltre 380 prodotti alla fiera, da telefoni e dispositivi indossabili ad elettrodomestici e automobili.<\/p>\n\n\n\n<figure class=\"wp-block-gallery has-nested-images columns-default is-cropped wp-block-gallery-11 is-layout-flex wp-block-gallery-is-layout-flex\">\n<figure class=\"wp-block-image size-large\"><a href=\"\/wp-content\/uploads\/2026\/09\/ZYS_0832-scaled.jpg\"><img decoding=\"async\" data-id=\"2699563\" src=\"\/wp-content\/uploads\/2026\/09\/ZYS_0832-scaled.jpg\" alt=\"\" class=\"wp-image-2699563\"\/><\/a><\/figure>\n\n\n\n<figure class=\"wp-block-image size-large\"><a href=\"\/wp-content\/uploads\/2026\/09\/ZYS_1021-scaled.jpg\"><img decoding=\"async\" data-id=\"2699565\" src=\"\/wp-content\/uploads\/2026\/09\/ZYS_1021-scaled.jpg\" alt=\"\" class=\"wp-image-2699565\"\/><\/a><\/figure>\n\n\n\n<figure class=\"wp-block-image size-large\"><a href=\"\/wp-content\/uploads\/2026\/09\/ZYS_0937-scaled.jpg\"><img decoding=\"async\" data-id=\"2699561\" src=\"\/wp-content\/uploads\/2026\/09\/ZYS_0937-scaled.jpg\" alt=\"\" class=\"wp-image-2699561\"\/><\/a><\/figure>\n<\/figure>\n\n\n\n<p class=\"wp-block-paragraph\">I visitatori hanno potuto vedere in anteprima lo smartphone pieghevole Xiaomi 18 Fold, con un rapporto d&#039;aspetto pi\u00f9 ampio (come Huawei Pura X e Galaxy Z Fold8), il nuovo processore XRING O3 a 3 nanometri e la memoria LPDDR6, nonch\u00e9 il robot umanoide CyberOne, che mostra ai visitatori un gesto a forma di cuore in tempo reale con le dita e che \u00e8 attualmente in fase di test sulle linee di assemblaggio degli stabilimenti di produzione di veicoli elettrici per il fissaggio dei dadi.<\/p>\n\n\n\n<p class=\"wp-block-paragraph\">L&#039;IFA 2026 \u00e8 appena iniziato, quindi aggiorneremo questo elenco nei prossimi giorni.<\/p>","protected":false},"excerpt":{"rendered":"<p>Sejem se je danes, 4. septembra, uradno odprl v berlinskem razstavi\u0161\u010du Messe Berlin in bo trajal do 8. septembra. Gre za enega najve\u010djih sejmov potro\u0161ni\u0161ke elektronike na svetu, ki na pribli\u017eno 190.000 kvadratnih metrih v 27 dvoranah poteka \u017ee od leta 1924. Leto\u0161nja tema je The Future Is Now, pri\u010dakuje pa se okoli 1900 razstavljavcev, [&hellip;]<\/p>","protected":false},"author":2,"featured_media":0,"comment_status":"","ping_status":"open","sticky":false,"template":"","format":"standard","meta":{"_acf_changed":false,"footnotes":""},"categories":[48,24,30,18,98,32,4,56,16,52,50,96,12,8],"tags":[340],"class_list":["post-8117","post","type-post","status-publish","format-standard","hentry","category-dodatki","category-monitorji","category-mrezna-oprema","category-prenosni-racunalniki","category-projektorji","category-komponente","category-racunalnistvo-telefonija","category-slusalke","category-oprema","category-telefoni","category-telefonija","category-televizorji","category-triki-nasveti","category-zivljenjski-slog","tag-ifa"],"acf":{"subtitle":"","heading":"","summary":"IFA 2026 je postregla z drzno me\u0161anico novih prenosnikov, 1100-Hz monitorjev, Wi-Fi 8, robotskih pomo\u010dnikov, pametnega doma in vse bolj uporabne UI. Izbrali smo izdelke in trende, ki so letos najbolj izstopali.","thumbnail_small":"https:\/\/racunalniske-novice.com\/wp-content\/uploads\/2026\/09\/IFA-2026-kolaz-produktov-560x315.png","thumbnail_large":"https:\/\/racunalniske-novice.com\/wp-content\/uploads\/2026\/09\/IFA-2026-kolaz-produktov-1024x576.png","thumbnail_caption":"","gallery":"","video_gallery":null,"author":"Avtor: Peter \u010cebron","links":null,"sources":null,"skip_language":[]},"yoast_head":"<!-- This site is optimized with the Yoast SEO plugin v22.8 - https:\/\/yoast.com\/wordpress\/plugins\/seo\/ -->\n<title>IFA 2026: solarni ra\u010dunalniki, pomivalni stroji s kamerami, 1100-Hz monitorji \u2026 - Ra\u010dunalni\u0161ke novice<\/title>\n<meta name=\"description\" content=\"IFA 2026 je postregla z drzno me\u0161anico novih prenosnikov, 1100-Hz monitorjev, Wi-Fi 8, robotskih pomo\u010dnikov, pametnega doma in vse bolj uporabne UI. Izbrali smo izdelke in trende, ki so letos najbolj\" \/>\n<meta name=\"robots\" content=\"index, follow, max-snippet:-1, max-image-preview:large, max-video-preview:-1\" \/>\n<link rel=\"canonical\" href=\"https:\/\/viva.racunalniske-novice.com\/it\/wp-json\/wp\/v2\/posts\/8117\" \/>\n<meta property=\"og:locale\" content=\"it_IT\" \/>\n<meta property=\"og:type\" content=\"article\" \/>\n<meta property=\"og:title\" content=\"IFA 2026: solarni ra\u010dunalniki, pomivalni stroji s kamerami, 1100-Hz monitorji \u2026 - Ra\u010dunalni\u0161ke novice\" \/>\n<meta property=\"og:description\" content=\"Sejem se je danes, 4. septembra, uradno odprl v berlinskem razstavi\u0161\u010du Messe Berlin in bo trajal do 8. septembra. Gre za enega najve\u010djih sejmov potro\u0161ni\u0161ke elektronike na svetu, ki na pribli\u017eno 190.000 kvadratnih metrih v 27 dvoranah poteka \u017ee od leta 1924. Leto\u0161nja tema je The Future Is Now, pri\u010dakuje pa se okoli 1900 razstavljavcev, [&hellip;]\" \/>\n<meta property=\"og:url\" content=\"https:\/\/viva.racunalniske-novice.com\/it\/computer-solari-ifa-2026-lavastoviglie-con-telecamere-monitor-1100-hz\/\" \/>\n<meta property=\"og:site_name\" content=\"Ra\u010dunalni\u0161ke novice\" \/>\n<meta property=\"article:published_time\" content=\"2026-09-04T08:27:57+00:00\" \/>\n<meta name=\"author\" content=\"sinusiks\" \/>\n<meta name=\"twitter:card\" content=\"summary_large_image\" \/>\n<meta name=\"twitter:label1\" content=\"Scritto da\" \/>\n\t<meta name=\"twitter:data1\" content=\"sinusiks\" \/>\n\t<meta name=\"twitter:label2\" content=\"Tempo di lettura stimato\" \/>\n\t<meta name=\"twitter:data2\" content=\"10 minuti\" \/>\n<script type=\"application\/ld+json\" class=\"yoast-schema-graph\">{\"@context\":\"https:\/\/schema.org\",\"@graph\":[{\"@type\":\"WebPage\",\"@id\":\"https:\/\/viva.racunalniske-novice.com\/ifa-2026-solarni-racunalniki-pomivalni-stroji-s-kamerami-1100-hz-monitorji\/\",\"url\":\"https:\/\/viva.racunalniske-novice.com\/ifa-2026-solarni-racunalniki-pomivalni-stroji-s-kamerami-1100-hz-monitorji\/\",\"name\":\"IFA 2026: solarni ra\u010dunalniki, pomivalni stroji s kamerami, 1100-Hz monitorji \u2026 - Ra\u010dunalni\u0161ke novice\",\"isPartOf\":{\"@id\":\"https:\/\/viva.racunalniske-novice.com\/en\/#website\"},\"datePublished\":\"2026-09-04T08:27:57+00:00\",\"dateModified\":\"2026-09-04T08:27:57+00:00\",\"author\":{\"@id\":\"https:\/\/viva.racunalniske-novice.com\/en\/#\/schema\/person\/afb62e36efa34516d50249517e4cdbb4\"},\"breadcrumb\":{\"@id\":\"https:\/\/viva.racunalniske-novice.com\/ifa-2026-solarni-racunalniki-pomivalni-stroji-s-kamerami-1100-hz-monitorji\/#breadcrumb\"},\"inLanguage\":\"it-IT\",\"potentialAction\":[{\"@type\":\"ReadAction\",\"target\":[\"https:\/\/viva.racunalniske-novice.com\/ifa-2026-solarni-racunalniki-pomivalni-stroji-s-kamerami-1100-hz-monitorji\/\"]}]},{\"@type\":\"BreadcrumbList\",\"@id\":\"https:\/\/viva.racunalniske-novice.com\/ifa-2026-solarni-racunalniki-pomivalni-stroji-s-kamerami-1100-hz-monitorji\/#breadcrumb\",\"itemListElement\":[{\"@type\":\"ListItem\",\"position\":1,\"name\":\"Home\",\"item\":\"https:\/\/viva.racunalniske-novice.com\/en\/\"},{\"@type\":\"ListItem\",\"position\":2,\"name\":\"IFA 2026: solarni ra\u010dunalniki, pomivalni stroji s kamerami, 1100-Hz monitorji \u2026\"}]},{\"@type\":\"WebSite\",\"@id\":\"https:\/\/viva.racunalniske-novice.com\/en\/#website\",\"url\":\"https:\/\/viva.racunalniske-novice.com\/en\/\",\"name\":\"Ra\u010dunalni\u0161ke novice\",\"description\":\"\",\"potentialAction\":[{\"@type\":\"SearchAction\",\"target\":{\"@type\":\"EntryPoint\",\"urlTemplate\":\"https:\/\/viva.racunalniske-novice.com\/en\/?s={search_term_string}\"},\"query-input\":\"required name=search_term_string\"}],\"inLanguage\":\"it-IT\"},{\"@type\":\"Person\",\"@id\":\"https:\/\/viva.racunalniske-novice.com\/en\/#\/schema\/person\/afb62e36efa34516d50249517e4cdbb4\",\"name\":\"sinusiks\",\"sameAs\":[\"https:\/\/ml.racunalniske-novice.com\"],\"url\":\"https:\/\/viva.racunalniske-novice.com\/it\/author\/sinusiks\/\"}]}<\/script>\n<!-- \/ Yoast SEO plugin. -->","yoast_head_json":{"title":"IFA 2026: solarni ra\u010dunalniki, pomivalni stroji s kamerami, 1100-Hz monitorji \u2026 - Ra\u010dunalni\u0161ke novice","description":"IFA 2026 je postregla z drzno me\u0161anico novih prenosnikov, 1100-Hz monitorjev, Wi-Fi 8, robotskih pomo\u010dnikov, pametnega doma in vse bolj uporabne UI. Izbrali smo izdelke in trende, ki so letos najbolj","robots":{"index":"index","follow":"follow","max-snippet":"max-snippet:-1","max-image-preview":"max-image-preview:large","max-video-preview":"max-video-preview:-1"},"canonical":"https:\/\/viva.racunalniske-novice.com\/it\/wp-json\/wp\/v2\/posts\/8117","og_locale":"it_IT","og_type":"article","og_title":"IFA 2026: solarni ra\u010dunalniki, pomivalni stroji s kamerami, 1100-Hz monitorji \u2026 - Ra\u010dunalni\u0161ke novice","og_description":"Sejem se je danes, 4. septembra, uradno odprl v berlinskem razstavi\u0161\u010du Messe Berlin in bo trajal do 8. septembra. Gre za enega najve\u010djih sejmov potro\u0161ni\u0161ke elektronike na svetu, ki na pribli\u017eno 190.000 kvadratnih metrih v 27 dvoranah poteka \u017ee od leta 1924. Leto\u0161nja tema je The Future Is Now, pri\u010dakuje pa se okoli 1900 razstavljavcev, [&hellip;]","og_url":"https:\/\/viva.racunalniske-novice.com\/it\/computer-solari-ifa-2026-lavastoviglie-con-telecamere-monitor-1100-hz\/","og_site_name":"Ra\u010dunalni\u0161ke novice","article_published_time":"2026-09-04T08:27:57+00:00","author":"sinusiks","twitter_card":"summary_large_image","twitter_misc":{"Scritto da":"sinusiks","Tempo di lettura stimato":"10 minuti"},"schema":{"@context":"https:\/\/schema.org","@graph":[{"@type":"WebPage","@id":"https:\/\/viva.racunalniske-novice.com\/ifa-2026-solarni-racunalniki-pomivalni-stroji-s-kamerami-1100-hz-monitorji\/","url":"https:\/\/viva.racunalniske-novice.com\/ifa-2026-solarni-racunalniki-pomivalni-stroji-s-kamerami-1100-hz-monitorji\/","name":"IFA 2026: solarni ra\u010dunalniki, pomivalni stroji s kamerami, 1100-Hz monitorji \u2026 - Ra\u010dunalni\u0161ke novice","isPartOf":{"@id":"https:\/\/viva.racunalniske-novice.com\/en\/#website"},"datePublished":"2026-09-04T08:27:57+00:00","dateModified":"2026-09-04T08:27:57+00:00","author":{"@id":"https:\/\/viva.racunalniske-novice.com\/en\/#\/schema\/person\/afb62e36efa34516d50249517e4cdbb4"},"breadcrumb":{"@id":"https:\/\/viva.racunalniske-novice.com\/ifa-2026-solarni-racunalniki-pomivalni-stroji-s-kamerami-1100-hz-monitorji\/#breadcrumb"},"inLanguage":"it-IT","potentialAction":[{"@type":"ReadAction","target":["https:\/\/viva.racunalniske-novice.com\/ifa-2026-solarni-racunalniki-pomivalni-stroji-s-kamerami-1100-hz-monitorji\/"]}]},{"@type":"BreadcrumbList","@id":"https:\/\/viva.racunalniske-novice.com\/ifa-2026-solarni-racunalniki-pomivalni-stroji-s-kamerami-1100-hz-monitorji\/#breadcrumb","itemListElement":[{"@type":"ListItem","position":1,"name":"Home","item":"https:\/\/viva.racunalniske-novice.com\/en\/"},{"@type":"ListItem","position":2,"name":"IFA 2026: solarni ra\u010dunalniki, pomivalni stroji s kamerami, 1100-Hz monitorji \u2026"}]},{"@type":"WebSite","@id":"https:\/\/viva.racunalniske-novice.com\/en\/#website","url":"https:\/\/viva.racunalniske-novice.com\/en\/","name":"Ra\u010dunalni\u0161ke novice","description":"","potentialAction":[{"@type":"SearchAction","target":{"@type":"EntryPoint","urlTemplate":"https:\/\/viva.racunalniske-novice.com\/en\/?s={search_term_string}"},"query-input":"required name=search_term_string"}],"inLanguage":"it-IT"},{"@type":"Person","@id":"https:\/\/viva.racunalniske-novice.com\/en\/#\/schema\/person\/afb62e36efa34516d50249517e4cdbb4","name":"sinusiks","sameAs":["https:\/\/ml.racunalniske-novice.com"],"url":"https:\/\/viva.racunalniske-novice.com\/it\/author\/sinusiks\/"}]}},"_links":{"self":[{"href":"https:\/\/viva.racunalniske-novice.com\/it\/wp-json\/wp\/v2\/posts\/8117","targetHints":{"allow":["GET"]}}],"collection":[{"href":"https:\/\/viva.racunalniske-novice.com\/it\/wp-json\/wp\/v2\/posts"}],"about":[{"href":"https:\/\/viva.racunalniske-novice.com\/it\/wp-json\/wp\/v2\/types\/post"}],"author":[{"embeddable":true,"href":"https:\/\/viva.racunalniske-novice.com\/it\/wp-json\/wp\/v2\/users\/2"}],"replies":[{"embeddable":true,"href":"https:\/\/viva.racunalniske-novice.com\/it\/wp-json\/wp\/v2\/comments?post=8117"}],"version-history":[{"count":0,"href":"https:\/\/viva.racunalniske-novice.com\/it\/wp-json\/wp\/v2\/posts\/8117\/revisions"}],"wp:attachment":[{"href":"https:\/\/viva.racunalniske-novice.com\/it\/wp-json\/wp\/v2\/media?parent=8117"}],"wp:term":[{"taxonomy":"category","embeddable":true,"href":"https:\/\/viva.racunalniske-novice.com\/it\/wp-json\/wp\/v2\/categories?post=8117"},{"taxonomy":"post_tag","embeddable":true,"href":"https:\/\/viva.racunalniske-novice.com\/it\/wp-json\/wp\/v2\/tags?post=8117"}],"curies":[{"name":"wp","href":"https:\/\/api.w.org\/{rel}","templated":true}]}}