{"id":2798,"date":"2024-03-03T06:32:00","date_gmt":"2024-03-03T05:32:00","guid":{"rendered":"https:\/\/vivalainfo.com\/en\/prenosniki-apple-macbook-pro-m3-odslej-precej-cenejsi\/"},"modified":"2024-03-03T06:32:00","modified_gmt":"2024-03-03T05:32:00","slug":"prenosniki-apple-macbook-pro-m3-odslej-precej-cenejsi","status":"publish","type":"post","link":"https:\/\/viva.racunalniske-novice.com\/zh\/apple-macbook-pro-m3-\u7b14\u8bb0\u672c\u7535\u8111\u73b0\u5728\u4fbf\u5b9c\u5f97\u591a\/","title":{"rendered":"Apple MacBook Pro M3 \u7b14\u8bb0\u672c\u73b0\u5728\u4fbf\u5b9c\u591a\u4e86"},"content":{"rendered":"<p class=\"wp-block-paragraph\">\u4f46\u4e0d\u5e78\u7684\u662f\u53ea\u6709\u5728\u7f8e\u56fd\u3002 Apple \u6700\u8fd1\u5c06\u914d\u5907 M3 \u82af\u7247\u7684\u6700\u65b0 Apple MacBook Pro \u7535\u8111\u6dfb\u52a0\u5230\u5176\u7ffb\u65b0\u8ba1\u5212\u4e2d\u3002\u8d77\u521d\u53ea\u6709\u57fa\u672c\u578b\u53f7\uff0c\u73b0\u5728\u4e5f\u6709\u5e26\u6709 Pro \u548c Max \u82af\u7247\u7684\u7248\u672c\u3002\u8fd9\u4e9b\u7535\u8111\u4eab\u6709\u4e00\u5e74\u4fdd\u4fee\uff0c\u5e76\u4e14\u5728\u8d2d\u4e70\u65f6\u9002\u7528 AppleCare+ \u4fdd\u9669\u3002\u6b27\u6d32\u6ca1\u6709\u7c7b\u4f3c\u7684\u8ba1\u5212\uff0c\u4f46\u60a8\u4ecd\u7136\u4f1a\u5728\u5e02\u573a\u4e0a\u627e\u5230\u7ffb\u65b0\u7684 MacBook\uff0c\u4f46\u4e0d\u662f\u76f4\u63a5\u6765\u81ea\u5236\u9020\u5546\u3002 <\/p>\n\n\n\n<p class=\"wp-block-paragraph\">\u7ffb\u65b0\u7248 MacBook \u7684\u6298\u6263\u5927\u7ea6\u5728 200 \u5230 300 \u7f8e\u5143\u4e4b\u95f4\uff0c\u8fd9\u76f8\u5f53\u53ef\u89c2\u3002\u91c7\u7528 3 \u7eb3\u7c73\u5de5\u827a\u5236\u9020\u7684 M3 \u82af\u7247\uff0c\u5728\u751f\u4ea7\u529b\u548c\u6e38\u620f\u65b9\u9762\u90fd\u8868\u73b0\u51fa\u8272\u3002\u5b83\u4eec\u4e5f\u5f88\u9ad8\u6548\uff0c\u552f\u4e00\u7684\u4e0d\u8db3\u4e4b\u5904\u5728\u4e8e\u7cfb\u7edf\u5185\u5b58\u76f8\u5bf9\u6709\u9650\uff0c\u5165\u95e8\u7ea7\u914d\u7f6e\uff08\u552e\u4ef7\u7ea6 2000 \u6b27\u5143\uff09\u201c\u4ec5\u201d\u914d\u5907 8GB \u5185\u5b58\u3002 <\/p>\n\n\n\n<p class=\"wp-block-paragraph\">\u7ffb\u65b0\u8bbe\u5907\u8ba1\u5212\u662f\u82f9\u679c\u516c\u53f8\u51cf\u5c11\u7535\u5b50\u5783\u573e\u52aa\u529b\u7684\u4e00\u90e8\u5206\u3002\u7535\u5b50\u5783\u573e\u5df2\u6210\u4e3a\u4e00\u4e2a\u4e25\u91cd\u7684\u73af\u5883\u95ee\u9898\uff0c\u56e0\u4e3a\u5b83\u542b\u6709\u8bb8\u591a\u6709\u6bd2\u7269\u8d28\uff0c\u5982\u679c\u5904\u7406\u4e0d\u5f53\uff0c\u4f1a\u6c61\u67d3\u73af\u5883\u3002\u4f7f\u7528\u7ffb\u65b0\u7b14\u8bb0\u672c\u7535\u8111\u53ef\u4ee5\u51cf\u5c11\u751f\u4ea7\u65b0\u7b14\u8bb0\u672c\u7535\u8111\u7684\u9700\u6c42\uff0c\u8fd9\u610f\u5473\u7740\u7535\u5b50\u5783\u573e\u7684\u79ef\u7d2f\u66f4\u5c11\u3002\u901a\u8fc7\u8fd9\u79cd\u65b9\u5f0f\uff0c\u6211\u4eec\u4e3a\u4fdd\u62a4\u81ea\u7136\u8d44\u6e90\u505a\u51fa\u4e86\u8d21\u732e\u3002<\/p>\n<div class=\"embed-container\"><iframe src=\"https:\/\/www.youtube.com\/embed\/70o2dxlRkk0\" frameborder=\"0\" allowfullscreen><\/iframe><\/div><br\/>","protected":false},"excerpt":{"rendered":"<p>\u4f46\u53ef\u60dc\u7684\u662f\uff0c\u8fd9\u9879\u670d\u52a1\u76ee\u524d\u4ec5\u9650\u7f8e\u56fd\u3002\u82f9\u679c\u516c\u53f8\u6700\u8fd1\u5728\u5176\u7ffb\u65b0\u673a\u8ba1\u5212\u4e2d\u52a0\u5165\u4e86\u642d\u8f7d M3 \u82af\u7247\u7684\u6700\u65b0\u6b3e MacBook Pro \u7535\u8111\u3002\u8d77\u521d\u53ea\u6709\u57fa\u7840\u6b3e\uff0c\u4f46\u73b0\u5728\u4e5f\u5305\u62ec\u4e86\u642d\u8f7d Pro \u548c Max \u82af\u7247\u7684\u7248\u672c\u3002\u8fd9\u4e9b\u7535\u8111\u4eab\u6709\u4e00\u5e74\u4fdd\u4fee\uff0c\u5e76\u4e14\u8d2d\u4e70\u540e\u5373\u53ef\u4eab\u53d7 AppleCare+ \u670d\u52a1\u8ba1\u5212\u3002\u6b27\u6d32\u76ee\u524d\u8fd8\u6ca1\u6709\u7c7b\u4f3c\u7684\u8ba1\u5212\uff0c\u4f46\u2026\u2026<\/p>","protected":false},"author":2,"featured_media":0,"comment_status":"","ping_status":"open","sticky":false,"template":"","format":"standard","meta":{"_acf_changed":false,"footnotes":""},"categories":[18],"tags":[154],"class_list":["post-2798","post","type-post","status-publish","format-standard","hentry","category-prenosni-racunalniki","tag-apple"],"acf":{"subtitle":"","heading":"","summary":"Prenosniki Apple MacBook Pro s procesorji M3 so nedavno postali cenej\u0161i. Podjetje Apple jih je namre\u010d pri\u010delo prodajati tudi v okviru programa obnovljenih izdelkov. ","thumbnail_small":"https:\/\/racunalniske-novice.com\/wp-content\/uploads\/2024\/03\/UHSTvy8UkigiiK6DKKWgy7-1024-80.jpg-560x315.webp","thumbnail_large":"https:\/\/racunalniske-novice.com\/wp-content\/uploads\/2024\/03\/UHSTvy8UkigiiK6DKKWgy7-1024-80.jpg.webp","thumbnail_caption":"Foto: Apple","gallery":"","video_gallery":[{"youtube_url":"https:\/\/www.youtube.com\/watch?v=70o2dxlRkk0"}],"author":"","links":[{"title":"Apple","url":""}],"sources":null,"skip_language":[]},"yoast_head":"<!-- This site is optimized with the Yoast SEO plugin v22.8 - https:\/\/yoast.com\/wordpress\/plugins\/seo\/ -->\n<title>Prenosniki Apple MacBook Pro M3 odslej precej cenej\u0161i - Ra\u010dunalni\u0161ke novice<\/title>\n<meta name=\"description\" content=\"Prenosniki Apple MacBook Pro s procesorji M3 so nedavno postali cenej\u0161i. Podjetje Apple jih je namre\u010d pri\u010delo prodajati tudi v okviru programa obnovljenih izdelkov.\" \/>\n<meta name=\"robots\" content=\"index, follow, max-snippet:-1, max-image-preview:large, max-video-preview:-1\" \/>\n<link rel=\"canonical\" href=\"https:\/\/viva.racunalniske-novice.com\/zh\/wp-json\/wp\/v2\/posts\/2798\" \/>\n<meta property=\"og:locale\" content=\"zh_CN\" \/>\n<meta property=\"og:type\" content=\"article\" \/>\n<meta property=\"og:title\" content=\"Prenosniki Apple MacBook Pro M3 odslej precej cenej\u0161i - Ra\u010dunalni\u0161ke novice\" \/>\n<meta property=\"og:description\" content=\"Ampak na \u017ealost samo v Ameriki. Apple je pred kratkim v svoj program Refurbished (obnovljeni ra\u010dunalniki) dodal najnovej\u0161e ra\u010dunalnike Apple MacBook Pro s \u010dipom M3. Sprva samo osnovne modele, sedaj pa tudi razli\u010dice s \u010dipi Pro in Max. Ra\u010dunalniki imajo enoletno garancijo in ob nakupu velja zavarovanje AppleCare+. Podobnega programa v Evropi ni, vseeno pa [&hellip;]\" \/>\n<meta property=\"og:url\" content=\"https:\/\/viva.racunalniske-novice.com\/zh\/apple-macbook-pro-m3-notebooks-are-now-much-cheaper\/\" \/>\n<meta property=\"og:site_name\" content=\"Ra\u010dunalni\u0161ke novice\" \/>\n<meta property=\"article:published_time\" content=\"2024-03-03T05:32:00+00:00\" \/>\n<meta name=\"author\" content=\"sinusiks\" \/>\n<meta name=\"twitter:card\" content=\"summary_large_image\" \/>\n<meta name=\"twitter:label1\" content=\"\u4f5c\u8005\" \/>\n\t<meta name=\"twitter:data1\" content=\"sinusiks\" \/>\n\t<meta name=\"twitter:label2\" content=\"\u9884\u8ba1\u9605\u8bfb\u65f6\u95f4\" \/>\n\t<meta name=\"twitter:data2\" content=\"1 \u5206\" \/>\n<script type=\"application\/ld+json\" class=\"yoast-schema-graph\">{\"@context\":\"https:\/\/schema.org\",\"@graph\":[{\"@type\":\"WebPage\",\"@id\":\"https:\/\/viva.racunalniske-novice.com\/en\/apple-macbook-pro-m3-notebooks-are-now-much-cheaper\/\",\"url\":\"https:\/\/viva.racunalniske-novice.com\/en\/apple-macbook-pro-m3-notebooks-are-now-much-cheaper\/\",\"name\":\"Prenosniki Apple MacBook Pro M3 odslej precej cenej\u0161i - Ra\u010dunalni\u0161ke novice\",\"isPartOf\":{\"@id\":\"https:\/\/viva.racunalniske-novice.com\/en\/#website\"},\"datePublished\":\"2024-03-03T05:32:00+00:00\",\"dateModified\":\"2024-03-03T05:32:00+00:00\",\"author\":{\"@id\":\"https:\/\/viva.racunalniske-novice.com\/en\/#\/schema\/person\/afb62e36efa34516d50249517e4cdbb4\"},\"breadcrumb\":{\"@id\":\"https:\/\/viva.racunalniske-novice.com\/en\/apple-macbook-pro-m3-notebooks-are-now-much-cheaper\/#breadcrumb\"},\"inLanguage\":\"zh-Hans\",\"potentialAction\":[{\"@type\":\"ReadAction\",\"target\":[\"https:\/\/viva.racunalniske-novice.com\/en\/apple-macbook-pro-m3-notebooks-are-now-much-cheaper\/\"]}]},{\"@type\":\"BreadcrumbList\",\"@id\":\"https:\/\/viva.racunalniske-novice.com\/en\/apple-macbook-pro-m3-notebooks-are-now-much-cheaper\/#breadcrumb\",\"itemListElement\":[{\"@type\":\"ListItem\",\"position\":1,\"name\":\"Home\",\"item\":\"https:\/\/viva.racunalniske-novice.com\/en\/\"},{\"@type\":\"ListItem\",\"position\":2,\"name\":\"Prenosniki Apple MacBook Pro M3 odslej precej cenej\u0161i\"}]},{\"@type\":\"WebSite\",\"@id\":\"https:\/\/viva.racunalniske-novice.com\/en\/#website\",\"url\":\"https:\/\/viva.racunalniske-novice.com\/en\/\",\"name\":\"Ra\u010dunalni\u0161ke novice\",\"description\":\"\",\"potentialAction\":[{\"@type\":\"SearchAction\",\"target\":{\"@type\":\"EntryPoint\",\"urlTemplate\":\"https:\/\/viva.racunalniske-novice.com\/en\/?s={search_term_string}\"},\"query-input\":\"required name=search_term_string\"}],\"inLanguage\":\"zh-Hans\"},{\"@type\":\"Person\",\"@id\":\"https:\/\/viva.racunalniske-novice.com\/en\/#\/schema\/person\/afb62e36efa34516d50249517e4cdbb4\",\"name\":\"sinusiks\",\"sameAs\":[\"https:\/\/ml.racunalniske-novice.com\"],\"url\":\"https:\/\/viva.racunalniske-novice.com\/zh\/author\/sinusiks\/\"}]}<\/script>\n<!-- \/ Yoast SEO plugin. -->","yoast_head_json":{"title":"Prenosniki Apple MacBook Pro M3 odslej precej cenej\u0161i - Ra\u010dunalni\u0161ke novice","description":"Prenosniki Apple MacBook Pro s procesorji M3 so nedavno postali cenej\u0161i. Podjetje Apple jih je namre\u010d pri\u010delo prodajati tudi v okviru programa obnovljenih izdelkov.","robots":{"index":"index","follow":"follow","max-snippet":"max-snippet:-1","max-image-preview":"max-image-preview:large","max-video-preview":"max-video-preview:-1"},"canonical":"https:\/\/viva.racunalniske-novice.com\/zh\/wp-json\/wp\/v2\/posts\/2798","og_locale":"zh_CN","og_type":"article","og_title":"Prenosniki Apple MacBook Pro M3 odslej precej cenej\u0161i - Ra\u010dunalni\u0161ke novice","og_description":"Ampak na \u017ealost samo v Ameriki. Apple je pred kratkim v svoj program Refurbished (obnovljeni ra\u010dunalniki) dodal najnovej\u0161e ra\u010dunalnike Apple MacBook Pro s \u010dipom M3. Sprva samo osnovne modele, sedaj pa tudi razli\u010dice s \u010dipi Pro in Max. Ra\u010dunalniki imajo enoletno garancijo in ob nakupu velja zavarovanje AppleCare+. Podobnega programa v Evropi ni, vseeno pa [&hellip;]","og_url":"https:\/\/viva.racunalniske-novice.com\/zh\/apple-macbook-pro-m3-notebooks-are-now-much-cheaper\/","og_site_name":"Ra\u010dunalni\u0161ke novice","article_published_time":"2024-03-03T05:32:00+00:00","author":"sinusiks","twitter_card":"summary_large_image","twitter_misc":{"\u4f5c\u8005":"sinusiks","\u9884\u8ba1\u9605\u8bfb\u65f6\u95f4":"1 \u5206"},"schema":{"@context":"https:\/\/schema.org","@graph":[{"@type":"WebPage","@id":"https:\/\/viva.racunalniske-novice.com\/en\/apple-macbook-pro-m3-notebooks-are-now-much-cheaper\/","url":"https:\/\/viva.racunalniske-novice.com\/en\/apple-macbook-pro-m3-notebooks-are-now-much-cheaper\/","name":"Prenosniki Apple MacBook Pro M3 odslej precej cenej\u0161i - Ra\u010dunalni\u0161ke novice","isPartOf":{"@id":"https:\/\/viva.racunalniske-novice.com\/en\/#website"},"datePublished":"2024-03-03T05:32:00+00:00","dateModified":"2024-03-03T05:32:00+00:00","author":{"@id":"https:\/\/viva.racunalniske-novice.com\/en\/#\/schema\/person\/afb62e36efa34516d50249517e4cdbb4"},"breadcrumb":{"@id":"https:\/\/viva.racunalniske-novice.com\/en\/apple-macbook-pro-m3-notebooks-are-now-much-cheaper\/#breadcrumb"},"inLanguage":"zh-Hans","potentialAction":[{"@type":"ReadAction","target":["https:\/\/viva.racunalniske-novice.com\/en\/apple-macbook-pro-m3-notebooks-are-now-much-cheaper\/"]}]},{"@type":"BreadcrumbList","@id":"https:\/\/viva.racunalniske-novice.com\/en\/apple-macbook-pro-m3-notebooks-are-now-much-cheaper\/#breadcrumb","itemListElement":[{"@type":"ListItem","position":1,"name":"Home","item":"https:\/\/viva.racunalniske-novice.com\/en\/"},{"@type":"ListItem","position":2,"name":"Prenosniki Apple MacBook Pro M3 odslej precej cenej\u0161i"}]},{"@type":"WebSite","@id":"https:\/\/viva.racunalniske-novice.com\/en\/#website","url":"https:\/\/viva.racunalniske-novice.com\/en\/","name":"Ra\u010dunalni\u0161ke novice","description":"","potentialAction":[{"@type":"SearchAction","target":{"@type":"EntryPoint","urlTemplate":"https:\/\/viva.racunalniske-novice.com\/en\/?s={search_term_string}"},"query-input":"required name=search_term_string"}],"inLanguage":"zh-Hans"},{"@type":"Person","@id":"https:\/\/viva.racunalniske-novice.com\/en\/#\/schema\/person\/afb62e36efa34516d50249517e4cdbb4","name":"sinusiks","sameAs":["https:\/\/ml.racunalniske-novice.com"],"url":"https:\/\/viva.racunalniske-novice.com\/zh\/author\/sinusiks\/"}]}},"_links":{"self":[{"href":"https:\/\/viva.racunalniske-novice.com\/zh\/wp-json\/wp\/v2\/posts\/2798","targetHints":{"allow":["GET"]}}],"collection":[{"href":"https:\/\/viva.racunalniske-novice.com\/zh\/wp-json\/wp\/v2\/posts"}],"about":[{"href":"https:\/\/viva.racunalniske-novice.com\/zh\/wp-json\/wp\/v2\/types\/post"}],"author":[{"embeddable":true,"href":"https:\/\/viva.racunalniske-novice.com\/zh\/wp-json\/wp\/v2\/users\/2"}],"replies":[{"embeddable":true,"href":"https:\/\/viva.racunalniske-novice.com\/zh\/wp-json\/wp\/v2\/comments?post=2798"}],"version-history":[{"count":0,"href":"https:\/\/viva.racunalniske-novice.com\/zh\/wp-json\/wp\/v2\/posts\/2798\/revisions"}],"wp:attachment":[{"href":"https:\/\/viva.racunalniske-novice.com\/zh\/wp-json\/wp\/v2\/media?parent=2798"}],"wp:term":[{"taxonomy":"category","embeddable":true,"href":"https:\/\/viva.racunalniske-novice.com\/zh\/wp-json\/wp\/v2\/categories?post=2798"},{"taxonomy":"post_tag","embeddable":true,"href":"https:\/\/viva.racunalniske-novice.com\/zh\/wp-json\/wp\/v2\/tags?post=2798"}],"curies":[{"name":"wp","href":"https:\/\/api.w.org\/{rel}","templated":true}]}}