{"id":6463,"date":"2025-07-28T14:18:49","date_gmt":"2025-07-28T12:18:49","guid":{"rendered":"https:\/\/viva.racunalniske-novice.com\/govorice-napovedujejo-drzne-novosti-iphona-17-pro\/"},"modified":"2025-07-28T14:18:49","modified_gmt":"2025-07-28T12:18:49","slug":"govorice-napovedujejo-drzne-novosti-iphona-17-pro","status":"publish","type":"post","link":"https:\/\/viva.racunalniske-novice.com\/zh\/\u4f20\u8a00\u9884\u6d4b-iphone-17-pro-\u5c06\u63a8\u51fa\u5927\u80c6\u7684\u65b0\u529f\u80fd\/","title":{"rendered":"\u4f20\u8a00\u9884\u6d4b iPhone 17 Pro \u5c06\u63a8\u51fa\u5927\u80c6\u7684\u65b0\u529f\u80fd"},"content":{"rendered":"<p>\u8ddd\u79bb\u65b0\u6b3e iPhone 17 Pro \u6b63\u5f0f\u53d1\u5e03\u7ea6\u516d\u5468\uff0c\u6709\u4f20\u8a00\u79f0\u82f9\u679c\u6b63\u5728\u51c6\u5907\u4e09\u9879\u610f\u60f3\u4e0d\u5230\u7684\u76f8\u673a\u5347\u7ea7\u3002MacRumors \u63f4\u5f15\u4e00\u4f4d\u533f\u540d\u6d88\u606f\u4eba\u58eb\u7684\u8bdd\u8bf4\uff0c\u8be5\u6d88\u606f\u662f\u4ece\u4e00\u5219\u5e7f\u544a\u4e2d\u83b7\u53d6\u7684\uff0c\u636e\u79f0\u8be5\u5e7f\u544a\u76ee\u524d\u7531\u4e00\u5bb6\u5df2\u516c\u5f00\u786e\u8ba4\u4e0e\u82f9\u679c\u5408\u4f5c\u7684\u7535\u5f71\u516c\u53f8\u5236\u4f5c\u3002<\/p>\n\n\n\n<p>\u636e\u79f0\uff0c\u7b2c\u4e00\u4e2a\u91cd\u5927\u5347\u7ea7\u4e0e\u957f\u7126\u955c\u5934\u6709\u5173\u3002\u9884\u8ba1\u65b0\u673a\u578b\u5c06\u63d0\u4f9b 8 \u500d\u5149\u5b66\u53d8\u7126\uff0c\u8fd9\u6bd4\u76ee\u524d\u7684 5 \u500d\u53d8\u7126\u6709\u4e86\u663e\u8457\u7684\u98de\u8dc3\uff0c\u5e76\u4e14\u8fd8\u652f\u6301\u79fb\u52a8\u548c\u5b9e\u73b0\u4e0d\u540c\u7684\u7126\u8ddd\u3002<\/p>\n\n\n\n<p>\u53e6\u4e00\u9879\u6240\u8c13\u7684\u521b\u65b0\u662f\u63a8\u51fa\u4e13\u4e1a\u7684\u6444\u5f71\u548c\u5f55\u97f3\u5e94\u7528\u7a0b\u5e8f\uff0c\u8fd9\u5c06\u4f7f\u4e13\u4e1a\u7528\u6237\u5728\u521b\u4f5c\u4f18\u8d28\u5185\u5bb9\u65b9\u9762\u62e5\u6709\u66f4\u5927\u7684\u7075\u6d3b\u6027\u548c\u63a7\u5236\u529b\u3002<\/p>\n\n\n\n<p>\u7b2c\u4e09\u9879\u521b\u65b0\u4f3c\u4e4e\u6700\u4e0d\u53ef\u80fd\uff0c\u4f46\u56e0\u6b64\u66f4\u6709\u8da3\uff0c\u90a3\u5c31\u662f\u4e00\u4e2a\u989d\u5916\u7684\u76f8\u673a\u63a7\u5236\u6309\u94ae\uff0c\u636e\u8bf4\u8be5\u6309\u94ae\u4f4d\u4e8e\u8bbe\u5907\u9876\u90e8\u8fb9\u7f18\u7684\u67d0\u4e2a\u4f4d\u7f6e\u3002<\/p>\n\n\n\n<h3 class=\"wp-block-heading\">\u4ec0\u4e48\u60c5\u51b5\u66f4\u6709\u53ef\u80fd\u53d1\u751f\uff0c\u4ec0\u4e48\u60c5\u51b5\u66f4\u4e0d\u53ef\u80fd\u53d1\u751f\uff1f<\/h3>\n\n\n\n<p>\u4e13\u5bb6\u8ba4\u4e3a\u524d\u4e24\u9879\u5347\u7ea7\u66f4\u6709\u53ef\u80fd\u5b9e\u73b0\u3002\u5c24\u5176\u662f\u5149\u5b66\u53d8\u7126\u529f\u80fd\uff0c\u82f9\u679c\u53ef\u80fd\u4f1a\u63a8\u51fa\u6539\u8fdb\uff0c\u56e0\u4e3a\u7ade\u4e89\u5bf9\u624b\u5df2\u7ecf\u63d0\u4f9b\u4e86\u7c7b\u4f3c\u751a\u81f3\u66f4\u597d\u7684\u89e3\u51b3\u65b9\u6848\u3002\u4e13\u4e1a\u7684\u76f8\u673a\u5e94\u7528\u7a0b\u5e8f\u4e5f\u5f88\u6709\u610f\u4e49\uff0c\u56e0\u4e3a\u5b83\u53ef\u4ee5\u8ba9\u82f9\u679c\u540c\u65f6\u6ee1\u8db3\u666e\u901a\u7528\u6237\u548c\u9700\u8981\u66f4\u591a\u529f\u80fd\u7684\u4e13\u4e1a\u6444\u5f71\u5e08\u7684\u9700\u6c42\u3002<\/p>\n\n\n\n<p>\u589e\u52a0\u76f8\u673a\u6309\u94ae\u7684\u53ef\u80fd\u6027\u8f83\u5c0f\uff0c\u56e0\u4e3a\u7269\u7406\u53d8\u5316\u901a\u5e38\u5728\u6b63\u5f0f\u53d1\u5e03\u4e4b\u524d\u5c31\u5df2\u62ab\u9732\uff0c\u4f46\u8fc7\u53bb\u66fe\u6709\u4f20\u8a00\u79f0\u6709\u7c7b\u4f3c\u529f\u80fd\uff0c\u540e\u6765\u88ab\u8bc1\u660e\u662f\u771f\u7684\u3002<\/p>\n\n\n\n<h3 class=\"wp-block-heading\">\u66f4\u591a\u7ec6\u8282\u548c\u4f20\u95fb<\/h3>\n\n\n\n<p>\u77e5\u540d\u7206\u6599\u4ebaJon Prosser\u65e9\u5728\u56db\u6708\u4efd\u5c31\u6697\u793a\uff0ciPhone 17 Pro\u5c06\u652f\u6301\u591a\u6444\u50cf\u5934\u89c6\u9891\u5f55\u5236\uff0c\u800c\u8fd9\u9879\u529f\u80fd\u6b64\u524d\u5df2\u901a\u8fc7\u7b2c\u4e09\u65b9\u5e94\u7528\u5b9e\u73b0\u3002\u8fd9\u8fdb\u4e00\u6b65\u5370\u8bc1\u4e86\u82f9\u679c\u6b63\u5728\u8ba4\u771f\u8003\u8651\u63a8\u51fa\u4e00\u6b3e\u4e13\u4e1a\u76f8\u673a\u5e94\u7528\u7684\u53ef\u80fd\u6027\uff0c\u8be5\u5e94\u7528\u5c06\u652f\u6301\u66f4\u591a\u6b64\u7c7b\u9ad8\u7ea7\u529f\u80fd\u3002<\/p>\n\n\n\n<p>\u82f9\u679c\u5df2\u7ecf\u91c7\u53d6\u63aa\u65bd\u7b80\u5316 iOS 26 \u4e2d\u7684\u9ed8\u8ba4\u76f8\u673a\u5e94\u7528\u7a0b\u5e8f\uff0c\u56e0\u6b64\u5355\u72ec\u7684\u4e13\u4e1a\u5e94\u7528\u7a0b\u5e8f\u5c06\u662f\u6ee1\u8db3\u4e0d\u540c\u7528\u6237\u7fa4\u4f53\u9700\u6c42\u7684\u7406\u60f3\u89e3\u51b3\u65b9\u6848\u3002<\/p>\n\n\n\n<p>\u5c3d\u7ba1\u6240\u6709\u4fe1\u606f\u4ecd\u4e3a\u975e\u5b98\u65b9\u6d88\u606f\uff0c\u4e14\u6765\u81ea\u533f\u540d\u4eba\u58eb\uff0c\u4f46\u5df2\u5f15\u8d77\u516c\u4f17\u548c\u4e13\u5bb6\u7684\u5e7f\u6cdb\u5173\u6ce8\u3002\u82f9\u679c\u53ef\u80fd\u4f1a\u901a\u8fc7\u63a8\u51fa iPhone 17 Pro \u6765\u8bc1\u5b9e\u6216\u9a73\u65a5\u8fd9\u4e9b\u4f20\u8a00\uff0c\u4f46\u6211\u4eec\u5b8c\u5168\u53ef\u4ee5\u671f\u5f85\u8fd9\u6b3e\u8bbe\u5907\u5c06\u7ee7\u7eed\u5728\u79fb\u52a8\u6444\u5f71\u548c\u6444\u50cf\u9886\u57df\u6811\u7acb\u9ad8\u6807\u51c6\u3002<\/p>","protected":false},"excerpt":{"rendered":"<p>Pribli\u017eno \u0161est tednov pred uradno predstavitvijo novega iPhona 17 Pro so se pojavile govorice, da Apple pripravlja tri nepri\u010dakovane nadgradnje kamere. Anonimni vir, ki ga je navedel portal MacRumors, trdi, da je pridobil te informacije iz oglasa, ki naj bi ga trenutno producirala filmska dru\u017eba, ki ima javno potrjeno sodelovanje z Applom. Prva pomembna nadgradnja [&hellip;]<\/p>","protected":false},"author":2,"featured_media":0,"comment_status":"","ping_status":"open","sticky":false,"template":"","format":"standard","meta":{"_acf_changed":false,"footnotes":""},"categories":[52,50],"tags":[154],"class_list":["post-6463","post","type-post","status-publish","format-standard","hentry","category-telefoni","category-telefonija","tag-apple"],"acf":{"subtitle":"Na spletu so se pojavile zanimive govorice o nepri\u010dakovani nadgradnji kamere prihajajo\u010dega telefona iPhone 17 Pro. \u010ceprav gre  za neuradne informacije, nakazujejo na pomembne izbolj\u0161ave, ki bi lahko navdu\u0161ile ljubitelje fotografije.","heading":"","summary":"Na spletu so se pojavile zanimive govorice o nepri\u010dakovani nadgradnji kamere prihajajo\u010dega telefona iPhone 17 Pro. \u010ceprav gre  za neuradne informacije, nakazujejo na pomembne izbolj\u0161ave, ki bi lahko navdu\u0161ile ljubitelje fotografije.","thumbnail_small":"https:\/\/racunalniske-novice.com\/wp-content\/uploads\/2025\/07\/kevin-wang-qX219J4ydZk-unsplash-560x315.jpg","thumbnail_large":"https:\/\/racunalniske-novice.com\/wp-content\/uploads\/2025\/07\/kevin-wang-qX219J4ydZk-unsplash-1024x683.jpg","thumbnail_caption":"","gallery":"","video_gallery":null,"author":"","links":null,"sources":[{"title":"9to5mac","url":"https:\/\/9to5mac.com\/2025\/07\/27\/iphone-17-pro-camera-upgrades\/"},{"title":"Unasplash","url":"https:\/\/unsplash.com\/photos\/a-person-holding-an-iphone-in-their-hand-qX219J4ydZk"}],"skip_language":[]},"yoast_head":"<!-- This site is optimized with the Yoast SEO plugin v22.8 - https:\/\/yoast.com\/wordpress\/plugins\/seo\/ -->\n<title>Govorice napovedujejo drzne novosti iPhona 17 Pro - Ra\u010dunalni\u0161ke novice<\/title>\n<meta name=\"description\" content=\"Na spletu so se pojavile zanimive govorice o nepri\u010dakovani nadgradnji kamere prihajajo\u010dega telefona iPhone 17 Pro. \u010ceprav gre  za neuradne informacije, nakazujejo na pomembne izbolj\u0161ave, ki bi lahko n\" \/>\n<meta name=\"robots\" content=\"index, follow, max-snippet:-1, max-image-preview:large, max-video-preview:-1\" \/>\n<link rel=\"canonical\" href=\"https:\/\/viva.racunalniske-novice.com\/zh\/wp-json\/wp\/v2\/posts\/6463\" \/>\n<meta property=\"og:locale\" content=\"zh_CN\" \/>\n<meta property=\"og:type\" content=\"article\" \/>\n<meta property=\"og:title\" content=\"Govorice napovedujejo drzne novosti iPhona 17 Pro - Ra\u010dunalni\u0161ke novice\" \/>\n<meta property=\"og:description\" content=\"Pribli\u017eno \u0161est tednov pred uradno predstavitvijo novega iPhona 17 Pro so se pojavile govorice, da Apple pripravlja tri nepri\u010dakovane nadgradnje kamere. Anonimni vir, ki ga je navedel portal MacRumors, trdi, da je pridobil te informacije iz oglasa, ki naj bi ga trenutno producirala filmska dru\u017eba, ki ima javno potrjeno sodelovanje z Applom. Prva pomembna nadgradnja [&hellip;]\" \/>\n<meta property=\"og:url\" content=\"https:\/\/viva.racunalniske-novice.com\/zh\/\u4f20\u8a00\u9884\u6d4b-iphone-17-pro-\u5c06\u63a8\u51fa\u5927\u80c6\u7684\u65b0\u529f\u80fd\/\" \/>\n<meta property=\"og:site_name\" content=\"Ra\u010dunalni\u0161ke novice\" \/>\n<meta property=\"article:published_time\" content=\"2025-07-28T12:18:49+00:00\" \/>\n<meta name=\"author\" content=\"sinusiks\" \/>\n<meta name=\"twitter:card\" content=\"summary_large_image\" \/>\n<meta name=\"twitter:label1\" content=\"\u4f5c\u8005\" \/>\n\t<meta name=\"twitter:data1\" content=\"sinusiks\" \/>\n\t<meta name=\"twitter:label2\" content=\"\u9884\u8ba1\u9605\u8bfb\u65f6\u95f4\" \/>\n\t<meta name=\"twitter:data2\" content=\"2 \u5206\" \/>\n<script type=\"application\/ld+json\" class=\"yoast-schema-graph\">{\"@context\":\"https:\/\/schema.org\",\"@graph\":[{\"@type\":\"WebPage\",\"@id\":\"https:\/\/viva.racunalniske-novice.com\/govorice-napovedujejo-drzne-novosti-iphona-17-pro\/\",\"url\":\"https:\/\/viva.racunalniske-novice.com\/govorice-napovedujejo-drzne-novosti-iphona-17-pro\/\",\"name\":\"Govorice napovedujejo drzne novosti iPhona 17 Pro - Ra\u010dunalni\u0161ke novice\",\"isPartOf\":{\"@id\":\"https:\/\/viva.racunalniske-novice.com\/en\/#website\"},\"datePublished\":\"2025-07-28T12:18:49+00:00\",\"dateModified\":\"2025-07-28T12:18:49+00:00\",\"author\":{\"@id\":\"https:\/\/viva.racunalniske-novice.com\/en\/#\/schema\/person\/afb62e36efa34516d50249517e4cdbb4\"},\"breadcrumb\":{\"@id\":\"https:\/\/viva.racunalniske-novice.com\/govorice-napovedujejo-drzne-novosti-iphona-17-pro\/#breadcrumb\"},\"inLanguage\":\"zh-Hans\",\"potentialAction\":[{\"@type\":\"ReadAction\",\"target\":[\"https:\/\/viva.racunalniske-novice.com\/govorice-napovedujejo-drzne-novosti-iphona-17-pro\/\"]}]},{\"@type\":\"BreadcrumbList\",\"@id\":\"https:\/\/viva.racunalniske-novice.com\/govorice-napovedujejo-drzne-novosti-iphona-17-pro\/#breadcrumb\",\"itemListElement\":[{\"@type\":\"ListItem\",\"position\":1,\"name\":\"Home\",\"item\":\"https:\/\/viva.racunalniske-novice.com\/en\/\"},{\"@type\":\"ListItem\",\"position\":2,\"name\":\"Govorice napovedujejo drzne novosti iPhona 17 Pro\"}]},{\"@type\":\"WebSite\",\"@id\":\"https:\/\/viva.racunalniske-novice.com\/en\/#website\",\"url\":\"https:\/\/viva.racunalniske-novice.com\/en\/\",\"name\":\"Ra\u010dunalni\u0161ke novice\",\"description\":\"\",\"potentialAction\":[{\"@type\":\"SearchAction\",\"target\":{\"@type\":\"EntryPoint\",\"urlTemplate\":\"https:\/\/viva.racunalniske-novice.com\/en\/?s={search_term_string}\"},\"query-input\":\"required name=search_term_string\"}],\"inLanguage\":\"zh-Hans\"},{\"@type\":\"Person\",\"@id\":\"https:\/\/viva.racunalniske-novice.com\/en\/#\/schema\/person\/afb62e36efa34516d50249517e4cdbb4\",\"name\":\"sinusiks\",\"sameAs\":[\"https:\/\/ml.racunalniske-novice.com\"],\"url\":\"https:\/\/viva.racunalniske-novice.com\/zh\/author\/sinusiks\/\"}]}<\/script>\n<!-- \/ Yoast SEO plugin. -->","yoast_head_json":{"title":"Govorice napovedujejo drzne novosti iPhona 17 Pro - Ra\u010dunalni\u0161ke novice","description":"Na spletu so se pojavile zanimive govorice o nepri\u010dakovani nadgradnji kamere prihajajo\u010dega telefona iPhone 17 Pro. \u010ceprav gre  za neuradne informacije, nakazujejo na pomembne izbolj\u0161ave, ki bi lahko n","robots":{"index":"index","follow":"follow","max-snippet":"max-snippet:-1","max-image-preview":"max-image-preview:large","max-video-preview":"max-video-preview:-1"},"canonical":"https:\/\/viva.racunalniske-novice.com\/zh\/wp-json\/wp\/v2\/posts\/6463","og_locale":"zh_CN","og_type":"article","og_title":"Govorice napovedujejo drzne novosti iPhona 17 Pro - Ra\u010dunalni\u0161ke novice","og_description":"Pribli\u017eno \u0161est tednov pred uradno predstavitvijo novega iPhona 17 Pro so se pojavile govorice, da Apple pripravlja tri nepri\u010dakovane nadgradnje kamere. Anonimni vir, ki ga je navedel portal MacRumors, trdi, da je pridobil te informacije iz oglasa, ki naj bi ga trenutno producirala filmska dru\u017eba, ki ima javno potrjeno sodelovanje z Applom. Prva pomembna nadgradnja [&hellip;]","og_url":"https:\/\/viva.racunalniske-novice.com\/zh\/\u4f20\u8a00\u9884\u6d4b-iphone-17-pro-\u5c06\u63a8\u51fa\u5927\u80c6\u7684\u65b0\u529f\u80fd\/","og_site_name":"Ra\u010dunalni\u0161ke novice","article_published_time":"2025-07-28T12:18:49+00:00","author":"sinusiks","twitter_card":"summary_large_image","twitter_misc":{"\u4f5c\u8005":"sinusiks","\u9884\u8ba1\u9605\u8bfb\u65f6\u95f4":"2 \u5206"},"schema":{"@context":"https:\/\/schema.org","@graph":[{"@type":"WebPage","@id":"https:\/\/viva.racunalniske-novice.com\/govorice-napovedujejo-drzne-novosti-iphona-17-pro\/","url":"https:\/\/viva.racunalniske-novice.com\/govorice-napovedujejo-drzne-novosti-iphona-17-pro\/","name":"Govorice napovedujejo drzne novosti iPhona 17 Pro - Ra\u010dunalni\u0161ke novice","isPartOf":{"@id":"https:\/\/viva.racunalniske-novice.com\/en\/#website"},"datePublished":"2025-07-28T12:18:49+00:00","dateModified":"2025-07-28T12:18:49+00:00","author":{"@id":"https:\/\/viva.racunalniske-novice.com\/en\/#\/schema\/person\/afb62e36efa34516d50249517e4cdbb4"},"breadcrumb":{"@id":"https:\/\/viva.racunalniske-novice.com\/govorice-napovedujejo-drzne-novosti-iphona-17-pro\/#breadcrumb"},"inLanguage":"zh-Hans","potentialAction":[{"@type":"ReadAction","target":["https:\/\/viva.racunalniske-novice.com\/govorice-napovedujejo-drzne-novosti-iphona-17-pro\/"]}]},{"@type":"BreadcrumbList","@id":"https:\/\/viva.racunalniske-novice.com\/govorice-napovedujejo-drzne-novosti-iphona-17-pro\/#breadcrumb","itemListElement":[{"@type":"ListItem","position":1,"name":"Home","item":"https:\/\/viva.racunalniske-novice.com\/en\/"},{"@type":"ListItem","position":2,"name":"Govorice napovedujejo drzne novosti iPhona 17 Pro"}]},{"@type":"WebSite","@id":"https:\/\/viva.racunalniske-novice.com\/en\/#website","url":"https:\/\/viva.racunalniske-novice.com\/en\/","name":"Ra\u010dunalni\u0161ke novice","description":"","potentialAction":[{"@type":"SearchAction","target":{"@type":"EntryPoint","urlTemplate":"https:\/\/viva.racunalniske-novice.com\/en\/?s={search_term_string}"},"query-input":"required name=search_term_string"}],"inLanguage":"zh-Hans"},{"@type":"Person","@id":"https:\/\/viva.racunalniske-novice.com\/en\/#\/schema\/person\/afb62e36efa34516d50249517e4cdbb4","name":"sinusiks","sameAs":["https:\/\/ml.racunalniske-novice.com"],"url":"https:\/\/viva.racunalniske-novice.com\/zh\/author\/sinusiks\/"}]}},"_links":{"self":[{"href":"https:\/\/viva.racunalniske-novice.com\/zh\/wp-json\/wp\/v2\/posts\/6463","targetHints":{"allow":["GET"]}}],"collection":[{"href":"https:\/\/viva.racunalniske-novice.com\/zh\/wp-json\/wp\/v2\/posts"}],"about":[{"href":"https:\/\/viva.racunalniske-novice.com\/zh\/wp-json\/wp\/v2\/types\/post"}],"author":[{"embeddable":true,"href":"https:\/\/viva.racunalniske-novice.com\/zh\/wp-json\/wp\/v2\/users\/2"}],"replies":[{"embeddable":true,"href":"https:\/\/viva.racunalniske-novice.com\/zh\/wp-json\/wp\/v2\/comments?post=6463"}],"version-history":[{"count":0,"href":"https:\/\/viva.racunalniske-novice.com\/zh\/wp-json\/wp\/v2\/posts\/6463\/revisions"}],"wp:attachment":[{"href":"https:\/\/viva.racunalniske-novice.com\/zh\/wp-json\/wp\/v2\/media?parent=6463"}],"wp:term":[{"taxonomy":"category","embeddable":true,"href":"https:\/\/viva.racunalniske-novice.com\/zh\/wp-json\/wp\/v2\/categories?post=6463"},{"taxonomy":"post_tag","embeddable":true,"href":"https:\/\/viva.racunalniske-novice.com\/zh\/wp-json\/wp\/v2\/tags?post=6463"}],"curies":[{"name":"wp","href":"https:\/\/api.w.org\/{rel}","templated":true}]}}