{"id":7267,"date":"2026-03-14T10:00:00","date_gmt":"2026-03-14T09:00:00","guid":{"rendered":"https:\/\/viva.racunalniske-novice.com\/cene-elektricnih-avtomobilov-v-eu-prvic-padajo-ali-bo-to-pospesilo-prehod-na-ev\/"},"modified":"2026-03-14T10:00:00","modified_gmt":"2026-03-14T09:00:00","slug":"cene-elektricnih-avtomobilov-v-eu-prvic-padajo-ali-bo-to-pospesilo-prehod-na-ev","status":"publish","type":"post","link":"https:\/\/viva.racunalniske-novice.com\/zh\/\u6b27\u76df\u7535\u52a8\u6c7d\u8f66\u4ef7\u683c\u9996\u6b21\u51fa\u73b0\u4e0b\u964d\uff0c\u8fd9\u4f1a\u52a0\u901f\u5411\u7535\u52a8\/","title":{"rendered":"\u6b27\u76df\u7535\u52a8\u6c7d\u8f66\u4ef7\u683c\u9996\u6b21\u51fa\u73b0\u4e0b\u964d\u2014\u2014\u8fd9\u4f1a\u52a0\u901f\u5411\u7535\u52a8\u6c7d\u8f66\u7684\u8f6c\u578b\u5417\uff1f"},"content":{"rendered":"<p>\u7ecf\u8fc7\u591a\u5e74\u7684\u4ef7\u683c\u4e0a\u6da8\uff0c\u6b27\u76df\u7535\u52a8\u6c7d\u8f66\u7684\u4ef7\u683c\u5f00\u59cb\u4e0b\u964d\u3002\u6700\u65b0\u6570\u636e\u663e\u793a\uff0c\u53bb\u5e74\u7535\u52a8\u6c7d\u8f66\u7684\u5e73\u5747\u4ef7\u683c\u4e0b\u964d\u4e86\u7ea61800\u6b27\u5143\uff0c\u8fd9\u610f\u5473\u7740\u7535\u52a8\u6c7d\u8f66\u7684\u4ef7\u683c\u53ef\u80fd\u5f88\u5feb\u5c31\u4f1a\u4e0e\u6c7d\u6cb9\u6216\u67f4\u6cb9\u6c7d\u8f66\u7684\u4ef7\u683c\u6301\u5e73\u3002<\/p>\n\n\n\n<p>\u4ef7\u683c\u81ea2020\u5e74\u4ee5\u6765\u9996\u6b21\u4e0b\u8dcc<\/p>\n\n\n\n<p>\u6839\u636e\u4ea4\u901a\u4e0e\u73af\u5883\u7ec4\u7ec7\uff08T&amp;E\uff09\u7684\u5206\u6790\uff0c\u52302025\u5e74\uff0c\u6b27\u76df\u7535\u52a8\u6c7d\u8f66\u7684\u5e73\u5747\u4ef7\u683c\u5c06\u4e0b\u964d\u7ea64%\uff0c\u81f342700\u6b27\u5143\u3002\u8fd9\u662f\u81ea2020\u5e74\u4ee5\u6765\u7684\u9996\u6b21\u4ef7\u683c\u4e0b\u964d\u3002<\/p>\n\n\n\n<p>\u9020\u6210\u8fd9\u4e00\u53d8\u5316\u7684\u4e3b\u8981\u539f\u56e0\u662f\u5c0f\u578b\u8f66\u7ec6\u5206\u5e02\u573a\u63a8\u51fa\u4e86\u66f4\u591a\u4ef7\u683c\u66f4\u4eb2\u6c11\u7684\u65b0\u8f66\u578b\u3002\u5728\u5305\u62ec\u5c0f\u578b\u57ce\u5e02\u8f66\u5728\u5185\u7684B\u7ea7\u8f66\u5e02\u573a\uff0c\u5e73\u5747\u4ef7\u683c\u4e0b\u964d\u4e86\u7ea613%\u3002\u4fc3\u6210\u8fd9\u4e00\u964d\u5e45\u7684\u8f66\u578b\u5305\u62ec\u96ea\u94c1\u9f99\u00eb-C3\u548c\u65b0\u6b3e\u96f7\u8bfa5\u3002<\/p>\n\n\n\n<p>\u8fd9\u4e9b\u8f66\u578b\u4e0a\u5e02\u4e4b\u9645\uff0c\u6b63\u503c\u5236\u9020\u5546\u9700\u8981\u6ee1\u8db32025-2027\u5e74\u671f\u95f4\u66f4\u4e25\u683c\u7684\u6b27\u6d32\u4e8c\u6c27\u5316\u78b3\u6392\u653e\u76ee\u6807\u4e4b\u65f6\u3002<\/p>\n\n\n\n<figure class=\"wp-block-image is-resized\"><img decoding=\"async\" src=\"https:\/\/transforms.transportenvironment.org\/production\/images\/PR-2024-25-cost-allocation-BEV-price@2x.png?w=1024&amp;q=75&amp;fm=webp&amp;fit=crop&amp;dm=1773237094&amp;s=574dbdc55d6143382ceb513f01b8a363\" alt=\"\" width=\"840\" height=\"732\"\/><figcaption>\u6765\u6e90\uff1aT&amp;E<\/figcaption><\/figure>\n\n\n\n<h2 class=\"wp-block-heading\">\u6b27\u6d32\u6392\u653e\u76ee\u6807\u7684\u4f5c\u7528<\/h2>\n\n\n\n<p>\u5206\u6790\u4eba\u58eb\u8868\u793a\uff0c\u6b27\u6d32\u7684\u6392\u653e\u76ee\u6807\u6b63\u8feb\u4f7f\u6c7d\u8f66\u5236\u9020\u5546\u63a8\u51fa\u4ef7\u683c\u66f4\u4eb2\u6c11\u7684\u7535\u52a8\u6c7d\u8f66\u3002\u6b64\u524d\uff0c\u7531\u4e8e\u6392\u653e\u76ee\u6807\u8f83\u4e3a\u5bbd\u677e\uff0c\u8bb8\u591a\u5236\u9020\u5546\u4e3b\u8981\u4e13\u6ce8\u4e8e\u751f\u4ea7\u5229\u6da6\u66f4\u9ad8\u7684\u5927\u578b\u3001\u9ad8\u4ef7\u7535\u52a8\u6c7d\u8f66\u3002<\/p>\n\n\n\n<p>2020 \u5e74\u81f3 2024 \u5e74\u95f4\uff0c\u5c3d\u7ba1\u7535\u6c60\u548c\u751f\u4ea7\u6210\u672c\u9010\u6e10\u4e0b\u964d\uff0c\u6b27\u76df\u7535\u52a8\u6c7d\u8f66\u7684\u5e73\u5747\u4ef7\u683c\u751a\u81f3\u4e0a\u6da8\u4e86\u7ea6 5000 \u6b27\u5143\u3002<\/p>\n\n\n\n<p><strong>\u5415\u897f\u5b89\u00b7\u9a6c\u8482\u5384<\/strong> T&amp;E\u5f3a\u8c03\uff0c\u76ee\u524d\u7684\u76ee\u6807\u5df2\u7ecf\u53d6\u5f97\u4e86\u5207\u5b9e\u6210\u679c\uff1a\u201c\u6b27\u6d32\u7684\u4e8c\u6c27\u5316\u78b3\u51cf\u6392\u76ee\u6807\u5b9e\u9645\u4e0a\u6b63\u5728\u964d\u4f4e\u7535\u52a8\u6c7d\u8f66\u7684\u4ef7\u683c\u3002\u5982\u679c\u6211\u4eec\u4e0d\u964d\u4f4e2030\u5e74\u7684\u76ee\u6807\uff0c\u8d2d\u4e70\u7535\u52a8\u6c7d\u8f66\u5f88\u5feb\u5c31\u4f1a\u6bd4\u8d2d\u4e70\u6c7d\u6cb9\u8f66\u66f4\u4fbf\u5b9c\u3002\u201d<\/p>\n\n\n\n<figure class=\"wp-block-image is-resized\"><img decoding=\"async\" src=\"https:\/\/transforms.transportenvironment.org\/production\/images\/image1_2026-03-06-133039_ryee.png?w=1024&amp;q=75&amp;fm=webp&amp;fit=crop&amp;dm=1772803839&amp;s=6059e264a942195139ba37a06d6ffd1e\" alt=\"\" width=\"840\" height=\"606\"\/><figcaption>\u6765\u6e90\uff1aT&amp;E<\/figcaption><\/figure>\n\n\n\n<h2 class=\"wp-block-heading\">\u5236\u9020\u5546\u4eec\u5df2\u7ecf\u5b9e\u73b0\u4e86\u4ed6\u4eec\u7684\u76ee\u6807<\/h2>\n\n\n\n<p>\u5206\u6790\u8fd8\u663e\u793a\uff0c\u7ea6\u5360\u6b27\u6d32\u5e02\u573a\u4e00\u534a\u7684\u5236\u9020\u5546\u5df2\u7ecf\u63d0\u524d\u4e24\u5e74\u5b9e\u73b0\u4e86 2025-2027 \u5e74\u7684\u6392\u653e\u76ee\u6807\u3002<\/p>\n\n\n\n<p>\u96f7\u8bfa\u548c\u5927\u4f17\u76ee\u524d\u7565\u5fae\u843d\u540e\uff0c\u4f46\u9884\u8ba1\u5230 2027 \u5e74\u4e5f\u5c06\u8fbe\u5230\u76ee\u6807\u3002<\/p>\n\n\n\n<h2 class=\"wp-block-heading\">\u7535\u52a8\u6c7d\u8f66\u4f55\u65f6\u4f1a\u6bd4\u4f20\u7edf\u6c7d\u8f66\u66f4\u4fbf\u5b9c\uff1f<\/h2>\n\n\n\n<p>\u5206\u6790\u663e\u793a\uff0c\u5728\u8f83\u5927\u7684D\u3001E\u7ec6\u5206\u5e02\u573a\u4e2d\uff0c\u7535\u52a8\u6c7d\u8f66\u7684\u4ef7\u683c\u5df2\u7ecf\u4e0e\u5185\u71c3\u673a\u6c7d\u8f66\u6301\u5e73\u3002\u5728\u8f83\u5c0f\u7684A\u3001B\u3001C\u7ec6\u5206\u5e02\u573a\u4e2d\uff0c\u5982\u679c\u751f\u4ea7\u8282\u7701\u7684\u6210\u672c\u80fd\u591f\u8ba9\u5229\u7ed9\u6d88\u8d39\u8005\uff0c\u90a3\u4e48\u52302030\u5e74\uff0c\u7535\u52a8\u6c7d\u8f66\u7684\u4ef7\u683c\u4e5f\u53ef\u80fd\u4e0e\u5185\u71c3\u673a\u6c7d\u8f66\u6301\u5e73\u3002<\/p>\n\n\n\n<p>\u4f46\u8fd9\u79cd\u60c5\u51b5\u5e76\u975e\u5fc5\u7136\u53d1\u751f\u3002\u6b27\u76df\u59d4\u5458\u4f1a\u6b63\u5728\u8003\u8651\u653e\u5bbd2030\u5e74\u7684\u51cf\u6392\u76ee\u6807\uff0c\u8fd9\u5c06\u4f7f\u5236\u9020\u5546\u5728\u6ee1\u8db3\u6392\u653e\u8981\u6c42\u65b9\u9762\u6709\u66f4\u5927\u7684\u56de\u65cb\u4f59\u5730\u3002<\/p>\n\n\n\n<figure class=\"wp-block-image\"><img decoding=\"async\" src=\"https:\/\/transforms.transportenvironment.org\/production\/images\/image2_2026-03-06-133126_fzci.png?w=1024&amp;q=75&amp;fm=webp&amp;fit=crop&amp;dm=1772803886&amp;s=19b7b5fba5fc178190fa4ab9b7245afe\" alt=\"\"\/><figcaption>\u6765\u6e90\uff1aT&amp;E<\/figcaption><\/figure>\n\n\n\n<h2 class=\"wp-block-heading\">\u8f6c\u578b\u901f\u5ea6\u653e\u7f13\u7684\u98ce\u9669<\/h2>\n\n\n\n<p>\u5982\u679c2030\u5e74\u7684\u76ee\u6807\u88ab\u653e\u5bbd\uff0c\u5411\u7535\u52a8\u6c7d\u8f66\u7684\u8f6c\u578b\u901f\u5ea6\u53ef\u80fd\u4f1a\u663e\u8457\u653e\u7f13\u3002\u636eT&amp;E\u4f30\u8ba1\uff0c\u8fd9\u610f\u5473\u7740\u52302030\u5e74\uff0c\u7535\u52a8\u6c7d\u8f66\u5728%\uff08\u56db\u5428\u7ea7\u5168\u5428\u4f4d\uff09\u6c7d\u8f66\u9500\u91cf\u4e2d\u7684\u5360\u6bd4\u53ef\u80fd\u4ec5\u4e3a47%\u5de6\u53f3\uff0c\u800c\u975e\u9884\u671f\u768457%\u3002\u5982\u679c\u8fdb\u4e00\u6b65\u653e\u5bbd\u76f8\u5173\u8981\u6c42\uff0c\u8fd9\u4e00\u6bd4\u4f8b\u751a\u81f3\u53ef\u80fd\u964d\u81f332%\u5de6\u53f3\u3002<\/p>\n\n\n\n<p>\u5206\u6790\u4eba\u58eb\u8ba4\u4e3a\uff0c\u8fd9\u6837\u7684\u53d1\u5c55\u5c06\u51cf\u7f13\u6b27\u6d32\u6c7d\u8f66\u5e02\u573a\u7684\u7535\u6c14\u5316\u8fdb\u7a0b\uff0c\u524a\u5f31\u6b27\u76df\u5728\u5168\u7403\u7535\u52a8\u6c7d\u8f66\u7ade\u8d5b\u4e2d\u7684\u7ade\u4e89\u529b\u3002<\/p>\n\n\n\n<p>\u76ee\u524d\u7684\u8d8b\u52bf\u8868\u660e\uff0c\u6b27\u6d32\u7684\u7535\u52a8\u6c7d\u8f66\u6b63\u9010\u6e10\u53d8\u5f97\u4ef7\u683c\u4eb2\u6c11\uff0c\u60e0\u53ca\u66f4\u591a\u6d88\u8d39\u8005\u3002\u7136\u800c\uff0c\u8fd9\u4e00\u8f6c\u53d8\u7684\u901f\u5ea6\u5f88\u5927\u7a0b\u5ea6\u4e0a\u53d6\u51b3\u4e8e\u5e03\u9c81\u585e\u5c14\u7684\u653f\u6cbb\u51b3\u7b56\u2014\u2014\u5c24\u5176\u662f\u6392\u653e\u76ee\u6807\u662f\u5426\u4ecd\u7136\u8db3\u591f\u96c4\u5fc3\u52c3\u52c3\uff0c\u4ee5\u6301\u7eed\u6fc0\u52b1\u5236\u9020\u5546\u5f00\u53d1\u4ef7\u683c\u5408\u7406\u7684\u7535\u52a8\u6c7d\u8f66\u3002<\/p>","protected":false},"excerpt":{"rendered":"<p>Po ve\u010d letih rasti so se cene elektri\u010dnih avtomobilov v Evropski uniji za\u010dele zni\u017eevati. Novi podatki ka\u017eejo, da je povpre\u010dna cena elektri\u010dnega vozila lani padla za pribli\u017eno 1.800 evrov, kar nakazuje, da bi elektri\u010dni avtomobili lahko kmalu postali cenovno primerljivi z vozili na bencin ali dizel. Cene prvi\u010d padajo po letu 2020 Po analizi organizacije [&hellip;]<\/p>","protected":false},"author":2,"featured_media":0,"comment_status":"","ping_status":"open","sticky":false,"template":"","format":"standard","meta":{"_acf_changed":false,"footnotes":""},"categories":[6],"tags":[226],"class_list":["post-7267","post","type-post","status-publish","format-standard","hentry","category-avtomoto","tag-elektricni-avtomobili"],"acf":{"subtitle":"Elektri\u010dni avtomobili v Evropi prvi\u010d po ve\u010d letih postajajo cenej\u0161i. Nova analiza ka\u017ee, da stro\u017eji emisijski cilji EU proizvajalce silijo k lansiranju dostopnej\u0161ih modelov, kar bi lahko do konca desetletja izena\u010dilo ceno z avtomobili na bencin.","heading":"","summary":"Elektri\u010dni avtomobili v Evropi prvi\u010d po ve\u010d letih postajajo cenej\u0161i. Nova analiza ka\u017ee, da stro\u017eji emisijski cilji EU proizvajalce silijo k lansiranju dostopnej\u0161ih modelov, kar bi lahko do konca desetletja izena\u010dilo ceno z avtomobili na bencin.","thumbnail_small":"https:\/\/racunalniske-novice.com\/wp-content\/uploads\/2026\/03\/eldo-rafael-iLrMw5v4afE-unsplash-560x315.jpg","thumbnail_large":"https:\/\/racunalniske-novice.com\/wp-content\/uploads\/2026\/03\/eldo-rafael-iLrMw5v4afE-unsplash-1024x576.jpg","thumbnail_caption":"","gallery":"","video_gallery":null,"author":"","links":null,"sources":[{"title":"Transport Environment","url":"https:\/\/www.transportenvironment.org\/articles\/electric-car-average-price-falls-by-eur1-800-as-carmakers-release-affordable-models-to-meet-eu-target-analysis"},{"title":"Unsplash","url":"https:\/\/unsplash.com\/photos\/a-group-of-gas-pumps-sitting-next-to-each-other-iLrMw5v4afE"}],"skip_language":[]},"yoast_head":"<!-- This site is optimized with the Yoast SEO plugin v22.8 - https:\/\/yoast.com\/wordpress\/plugins\/seo\/ -->\n<title>Cene elektri\u010dnih avtomobilov v EU prvi\u010d padajo \u2013 ali bo to pospe\u0161ilo prehod na EV? - Ra\u010dunalni\u0161ke novice<\/title>\n<meta name=\"description\" content=\"Elektri\u010dni avtomobili v Evropi prvi\u010d po ve\u010d letih postajajo cenej\u0161i. Nova analiza ka\u017ee, da stro\u017eji emisijski cilji EU proizvajalce silijo k lansiranju dostopnej\u0161ih modelov, kar bi lahko do konca deset\" \/>\n<meta name=\"robots\" content=\"index, follow, max-snippet:-1, max-image-preview:large, max-video-preview:-1\" \/>\n<link rel=\"canonical\" href=\"https:\/\/viva.racunalniske-novice.com\/zh\/wp-json\/wp\/v2\/posts\/7267\" \/>\n<meta property=\"og:locale\" content=\"zh_CN\" \/>\n<meta property=\"og:type\" content=\"article\" \/>\n<meta property=\"og:title\" content=\"Cene elektri\u010dnih avtomobilov v EU prvi\u010d padajo \u2013 ali bo to pospe\u0161ilo prehod na EV? - Ra\u010dunalni\u0161ke novice\" \/>\n<meta property=\"og:description\" content=\"Po ve\u010d letih rasti so se cene elektri\u010dnih avtomobilov v Evropski uniji za\u010dele zni\u017eevati. Novi podatki ka\u017eejo, da je povpre\u010dna cena elektri\u010dnega vozila lani padla za pribli\u017eno 1.800 evrov, kar nakazuje, da bi elektri\u010dni avtomobili lahko kmalu postali cenovno primerljivi z vozili na bencin ali dizel. Cene prvi\u010d padajo po letu 2020 Po analizi organizacije [&hellip;]\" \/>\n<meta property=\"og:url\" content=\"https:\/\/viva.racunalniske-novice.com\/zh\/\u6b27\u76df\u7535\u52a8\u6c7d\u8f66\u4ef7\u683c\u9996\u6b21\u51fa\u73b0\u4e0b\u964d\uff0c\u8fd9\u4f1a\u52a0\u901f\u5411\u7535\u52a8\/\" \/>\n<meta property=\"og:site_name\" content=\"Ra\u010dunalni\u0161ke novice\" \/>\n<meta property=\"article:published_time\" content=\"2026-03-14T09:00:00+00:00\" \/>\n<meta property=\"og:image\" content=\"https:\/\/transforms.transportenvironment.org\/production\/images\/PR-2024-25-cost-allocation-BEV-price@2x.png?w=1024&amp;q=75&amp;fm=webp&amp;fit=crop&amp;dm=1773237094&amp;s=574dbdc55d6143382ceb513f01b8a363\" \/>\n<meta name=\"author\" content=\"sinusiks\" \/>\n<meta name=\"twitter:card\" content=\"summary_large_image\" \/>\n<meta name=\"twitter:label1\" content=\"\u4f5c\u8005\" \/>\n\t<meta name=\"twitter:data1\" content=\"sinusiks\" \/>\n\t<meta name=\"twitter:label2\" content=\"\u9884\u8ba1\u9605\u8bfb\u65f6\u95f4\" \/>\n\t<meta name=\"twitter:data2\" content=\"3 \u5206\" \/>\n<script type=\"application\/ld+json\" class=\"yoast-schema-graph\">{\"@context\":\"https:\/\/schema.org\",\"@graph\":[{\"@type\":\"WebPage\",\"@id\":\"https:\/\/viva.racunalniske-novice.com\/cene-elektricnih-avtomobilov-v-eu-prvic-padajo-ali-bo-to-pospesilo-prehod-na-ev\/\",\"url\":\"https:\/\/viva.racunalniske-novice.com\/cene-elektricnih-avtomobilov-v-eu-prvic-padajo-ali-bo-to-pospesilo-prehod-na-ev\/\",\"name\":\"Cene elektri\u010dnih avtomobilov v EU prvi\u010d padajo \u2013 ali bo to pospe\u0161ilo prehod na EV? - Ra\u010dunalni\u0161ke novice\",\"isPartOf\":{\"@id\":\"https:\/\/viva.racunalniske-novice.com\/en\/#website\"},\"primaryImageOfPage\":{\"@id\":\"https:\/\/viva.racunalniske-novice.com\/cene-elektricnih-avtomobilov-v-eu-prvic-padajo-ali-bo-to-pospesilo-prehod-na-ev\/#primaryimage\"},\"image\":{\"@id\":\"https:\/\/viva.racunalniske-novice.com\/cene-elektricnih-avtomobilov-v-eu-prvic-padajo-ali-bo-to-pospesilo-prehod-na-ev\/#primaryimage\"},\"thumbnailUrl\":\"https:\/\/transforms.transportenvironment.org\/production\/images\/PR-2024-25-cost-allocation-BEV-price@2x.png?w=1024&amp;q=75&amp;fm=webp&amp;fit=crop&amp;dm=1773237094&amp;s=574dbdc55d6143382ceb513f01b8a363\",\"datePublished\":\"2026-03-14T09:00:00+00:00\",\"dateModified\":\"2026-03-14T09:00:00+00:00\",\"author\":{\"@id\":\"https:\/\/viva.racunalniske-novice.com\/en\/#\/schema\/person\/afb62e36efa34516d50249517e4cdbb4\"},\"breadcrumb\":{\"@id\":\"https:\/\/viva.racunalniske-novice.com\/cene-elektricnih-avtomobilov-v-eu-prvic-padajo-ali-bo-to-pospesilo-prehod-na-ev\/#breadcrumb\"},\"inLanguage\":\"zh-Hans\",\"potentialAction\":[{\"@type\":\"ReadAction\",\"target\":[\"https:\/\/viva.racunalniske-novice.com\/cene-elektricnih-avtomobilov-v-eu-prvic-padajo-ali-bo-to-pospesilo-prehod-na-ev\/\"]}]},{\"@type\":\"ImageObject\",\"inLanguage\":\"zh-Hans\",\"@id\":\"https:\/\/viva.racunalniske-novice.com\/cene-elektricnih-avtomobilov-v-eu-prvic-padajo-ali-bo-to-pospesilo-prehod-na-ev\/#primaryimage\",\"url\":\"https:\/\/transforms.transportenvironment.org\/production\/images\/PR-2024-25-cost-allocation-BEV-price@2x.png?w=1024&amp;q=75&amp;fm=webp&amp;fit=crop&amp;dm=1773237094&amp;s=574dbdc55d6143382ceb513f01b8a363\",\"contentUrl\":\"https:\/\/transforms.transportenvironment.org\/production\/images\/PR-2024-25-cost-allocation-BEV-price@2x.png?w=1024&amp;q=75&amp;fm=webp&amp;fit=crop&amp;dm=1773237094&amp;s=574dbdc55d6143382ceb513f01b8a363\"},{\"@type\":\"BreadcrumbList\",\"@id\":\"https:\/\/viva.racunalniske-novice.com\/cene-elektricnih-avtomobilov-v-eu-prvic-padajo-ali-bo-to-pospesilo-prehod-na-ev\/#breadcrumb\",\"itemListElement\":[{\"@type\":\"ListItem\",\"position\":1,\"name\":\"Home\",\"item\":\"https:\/\/viva.racunalniske-novice.com\/en\/\"},{\"@type\":\"ListItem\",\"position\":2,\"name\":\"Cene elektri\u010dnih avtomobilov v EU prvi\u010d padajo \u2013 ali bo to pospe\u0161ilo prehod na EV?\"}]},{\"@type\":\"WebSite\",\"@id\":\"https:\/\/viva.racunalniske-novice.com\/en\/#website\",\"url\":\"https:\/\/viva.racunalniske-novice.com\/en\/\",\"name\":\"Ra\u010dunalni\u0161ke novice\",\"description\":\"\",\"potentialAction\":[{\"@type\":\"SearchAction\",\"target\":{\"@type\":\"EntryPoint\",\"urlTemplate\":\"https:\/\/viva.racunalniske-novice.com\/en\/?s={search_term_string}\"},\"query-input\":\"required name=search_term_string\"}],\"inLanguage\":\"zh-Hans\"},{\"@type\":\"Person\",\"@id\":\"https:\/\/viva.racunalniske-novice.com\/en\/#\/schema\/person\/afb62e36efa34516d50249517e4cdbb4\",\"name\":\"sinusiks\",\"sameAs\":[\"https:\/\/ml.racunalniske-novice.com\"],\"url\":\"https:\/\/viva.racunalniske-novice.com\/zh\/author\/sinusiks\/\"}]}<\/script>\n<!-- \/ Yoast SEO plugin. -->","yoast_head_json":{"title":"Cene elektri\u010dnih avtomobilov v EU prvi\u010d padajo \u2013 ali bo to pospe\u0161ilo prehod na EV? - Ra\u010dunalni\u0161ke novice","description":"Elektri\u010dni avtomobili v Evropi prvi\u010d po ve\u010d letih postajajo cenej\u0161i. Nova analiza ka\u017ee, da stro\u017eji emisijski cilji EU proizvajalce silijo k lansiranju dostopnej\u0161ih modelov, kar bi lahko do konca deset","robots":{"index":"index","follow":"follow","max-snippet":"max-snippet:-1","max-image-preview":"max-image-preview:large","max-video-preview":"max-video-preview:-1"},"canonical":"https:\/\/viva.racunalniske-novice.com\/zh\/wp-json\/wp\/v2\/posts\/7267","og_locale":"zh_CN","og_type":"article","og_title":"Cene elektri\u010dnih avtomobilov v EU prvi\u010d padajo \u2013 ali bo to pospe\u0161ilo prehod na EV? - Ra\u010dunalni\u0161ke novice","og_description":"Po ve\u010d letih rasti so se cene elektri\u010dnih avtomobilov v Evropski uniji za\u010dele zni\u017eevati. Novi podatki ka\u017eejo, da je povpre\u010dna cena elektri\u010dnega vozila lani padla za pribli\u017eno 1.800 evrov, kar nakazuje, da bi elektri\u010dni avtomobili lahko kmalu postali cenovno primerljivi z vozili na bencin ali dizel. Cene prvi\u010d padajo po letu 2020 Po analizi organizacije [&hellip;]","og_url":"https:\/\/viva.racunalniske-novice.com\/zh\/\u6b27\u76df\u7535\u52a8\u6c7d\u8f66\u4ef7\u683c\u9996\u6b21\u51fa\u73b0\u4e0b\u964d\uff0c\u8fd9\u4f1a\u52a0\u901f\u5411\u7535\u52a8\/","og_site_name":"Ra\u010dunalni\u0161ke novice","article_published_time":"2026-03-14T09:00:00+00:00","og_image":[{"url":"https:\/\/transforms.transportenvironment.org\/production\/images\/PR-2024-25-cost-allocation-BEV-price@2x.png?w=1024&amp;q=75&amp;fm=webp&amp;fit=crop&amp;dm=1773237094&amp;s=574dbdc55d6143382ceb513f01b8a363"}],"author":"sinusiks","twitter_card":"summary_large_image","twitter_misc":{"\u4f5c\u8005":"sinusiks","\u9884\u8ba1\u9605\u8bfb\u65f6\u95f4":"3 \u5206"},"schema":{"@context":"https:\/\/schema.org","@graph":[{"@type":"WebPage","@id":"https:\/\/viva.racunalniske-novice.com\/cene-elektricnih-avtomobilov-v-eu-prvic-padajo-ali-bo-to-pospesilo-prehod-na-ev\/","url":"https:\/\/viva.racunalniske-novice.com\/cene-elektricnih-avtomobilov-v-eu-prvic-padajo-ali-bo-to-pospesilo-prehod-na-ev\/","name":"Cene elektri\u010dnih avtomobilov v EU prvi\u010d padajo \u2013 ali bo to pospe\u0161ilo prehod na EV? - Ra\u010dunalni\u0161ke novice","isPartOf":{"@id":"https:\/\/viva.racunalniske-novice.com\/en\/#website"},"primaryImageOfPage":{"@id":"https:\/\/viva.racunalniske-novice.com\/cene-elektricnih-avtomobilov-v-eu-prvic-padajo-ali-bo-to-pospesilo-prehod-na-ev\/#primaryimage"},"image":{"@id":"https:\/\/viva.racunalniske-novice.com\/cene-elektricnih-avtomobilov-v-eu-prvic-padajo-ali-bo-to-pospesilo-prehod-na-ev\/#primaryimage"},"thumbnailUrl":"https:\/\/transforms.transportenvironment.org\/production\/images\/PR-2024-25-cost-allocation-BEV-price@2x.png?w=1024&amp;q=75&amp;fm=webp&amp;fit=crop&amp;dm=1773237094&amp;s=574dbdc55d6143382ceb513f01b8a363","datePublished":"2026-03-14T09:00:00+00:00","dateModified":"2026-03-14T09:00:00+00:00","author":{"@id":"https:\/\/viva.racunalniske-novice.com\/en\/#\/schema\/person\/afb62e36efa34516d50249517e4cdbb4"},"breadcrumb":{"@id":"https:\/\/viva.racunalniske-novice.com\/cene-elektricnih-avtomobilov-v-eu-prvic-padajo-ali-bo-to-pospesilo-prehod-na-ev\/#breadcrumb"},"inLanguage":"zh-Hans","potentialAction":[{"@type":"ReadAction","target":["https:\/\/viva.racunalniske-novice.com\/cene-elektricnih-avtomobilov-v-eu-prvic-padajo-ali-bo-to-pospesilo-prehod-na-ev\/"]}]},{"@type":"ImageObject","inLanguage":"zh-Hans","@id":"https:\/\/viva.racunalniske-novice.com\/cene-elektricnih-avtomobilov-v-eu-prvic-padajo-ali-bo-to-pospesilo-prehod-na-ev\/#primaryimage","url":"https:\/\/transforms.transportenvironment.org\/production\/images\/PR-2024-25-cost-allocation-BEV-price@2x.png?w=1024&amp;q=75&amp;fm=webp&amp;fit=crop&amp;dm=1773237094&amp;s=574dbdc55d6143382ceb513f01b8a363","contentUrl":"https:\/\/transforms.transportenvironment.org\/production\/images\/PR-2024-25-cost-allocation-BEV-price@2x.png?w=1024&amp;q=75&amp;fm=webp&amp;fit=crop&amp;dm=1773237094&amp;s=574dbdc55d6143382ceb513f01b8a363"},{"@type":"BreadcrumbList","@id":"https:\/\/viva.racunalniske-novice.com\/cene-elektricnih-avtomobilov-v-eu-prvic-padajo-ali-bo-to-pospesilo-prehod-na-ev\/#breadcrumb","itemListElement":[{"@type":"ListItem","position":1,"name":"Home","item":"https:\/\/viva.racunalniske-novice.com\/en\/"},{"@type":"ListItem","position":2,"name":"Cene elektri\u010dnih avtomobilov v EU prvi\u010d padajo \u2013 ali bo to pospe\u0161ilo prehod na EV?"}]},{"@type":"WebSite","@id":"https:\/\/viva.racunalniske-novice.com\/en\/#website","url":"https:\/\/viva.racunalniske-novice.com\/en\/","name":"Ra\u010dunalni\u0161ke novice","description":"","potentialAction":[{"@type":"SearchAction","target":{"@type":"EntryPoint","urlTemplate":"https:\/\/viva.racunalniske-novice.com\/en\/?s={search_term_string}"},"query-input":"required name=search_term_string"}],"inLanguage":"zh-Hans"},{"@type":"Person","@id":"https:\/\/viva.racunalniske-novice.com\/en\/#\/schema\/person\/afb62e36efa34516d50249517e4cdbb4","name":"sinusiks","sameAs":["https:\/\/ml.racunalniske-novice.com"],"url":"https:\/\/viva.racunalniske-novice.com\/zh\/author\/sinusiks\/"}]}},"_links":{"self":[{"href":"https:\/\/viva.racunalniske-novice.com\/zh\/wp-json\/wp\/v2\/posts\/7267","targetHints":{"allow":["GET"]}}],"collection":[{"href":"https:\/\/viva.racunalniske-novice.com\/zh\/wp-json\/wp\/v2\/posts"}],"about":[{"href":"https:\/\/viva.racunalniske-novice.com\/zh\/wp-json\/wp\/v2\/types\/post"}],"author":[{"embeddable":true,"href":"https:\/\/viva.racunalniske-novice.com\/zh\/wp-json\/wp\/v2\/users\/2"}],"replies":[{"embeddable":true,"href":"https:\/\/viva.racunalniske-novice.com\/zh\/wp-json\/wp\/v2\/comments?post=7267"}],"version-history":[{"count":0,"href":"https:\/\/viva.racunalniske-novice.com\/zh\/wp-json\/wp\/v2\/posts\/7267\/revisions"}],"wp:attachment":[{"href":"https:\/\/viva.racunalniske-novice.com\/zh\/wp-json\/wp\/v2\/media?parent=7267"}],"wp:term":[{"taxonomy":"category","embeddable":true,"href":"https:\/\/viva.racunalniske-novice.com\/zh\/wp-json\/wp\/v2\/categories?post=7267"},{"taxonomy":"post_tag","embeddable":true,"href":"https:\/\/viva.racunalniske-novice.com\/zh\/wp-json\/wp\/v2\/tags?post=7267"}],"curies":[{"name":"wp","href":"https:\/\/api.w.org\/{rel}","templated":true}]}}