{"id":7525,"date":"2026-04-28T15:06:00","date_gmt":"2026-04-28T13:06:00","guid":{"rendered":"https:\/\/viva.racunalniske-novice.com\/novi-mini-paradni-konj-prihaja-v-evropo\/"},"modified":"2026-04-28T15:06:00","modified_gmt":"2026-04-28T13:06:00","slug":"novi-mini-paradni-konj-prihaja-v-evropo","status":"publish","type":"post","link":"https:\/\/viva.racunalniske-novice.com\/zh\/novi-mini-paradni-konj-prihaja-v-evropo\/","title":{"rendered":"\u4e00\u6b3e\u5168\u65b0\u7684\u8ff7\u4f60\u5c55\u54c1\u5373\u5c06\u767b\u9646\u6b27\u6d32"},"content":{"rendered":"<p>Trg &#8220;mini&#8221; paradnih konjev je bil v zadnjih letih precej zapostavljen, saj se ve\u010dina proizvajalcev osredoto\u010da na zaslone nad 6,7 palcev. Infinix 15 Compact pa vstopa v to ni\u0161o z zaslonom AMOLED velikosti le 6,1 palcev. Kljub kompaktni velikosti zaslon ne sklepa kompromisov, saj ponuja 120 Hz osve\u017eevanje in vrhunsko svetilnost do 2500 niti, kar zagotavlja odli\u010dno vidljivost tudi na mo\u010dnem soncu.<br><br>Pod pokrovom se skriva najnovej\u0161i procesor MediaTek Dimensity 9400, ki v kombinaciji z 12 GB delovnega pomnilnika zagotavlja zmogljivost, primerljivo z najve\u010djimi konkurenti na trgu. Poseben poudarek je na kameri. Infinix 15 Compact namre\u010d uporablja glavno tipalo lo\u010dljivosti 50 MP z opti\u010dno stabilizacijo (OIS), ki obljublja vrhunske posnetke v slab\u0161ih svetlobnih pogojih. Ohi\u0161je naprave je odporno na vodo in prah po standardu IP68, kar je v tem velikostnem razredu prava redkost.<br><br>Infinix je za evropski trg potrdil strate\u0161ko potezo . Predprodajni popust, ki bo ceno naprave zni\u017eal za pribli\u017eno 15 odstotkov v prvem tednu prodaje. Ocenjena maloprodajna cena se bo gibala okoli 550 evrov, kar ga postavlja v neposreden boj z modeli, kot sta Samsung Galaxy S26 ali Xiaomi 16. Baterija s kapaciteto 4.800 mAh in hitro 65 W polnjenje zagotavljata, da bo naprava zdr\u017eala cel dan kljub intenzivni uporabi.<br><br>Novi Infinix 15 Compact predstavlja osve\u017eitev za vse tiste, ki so pogre\u0161ali napravo z dol\u017eino okoli 14,5 cm, ki brez te\u017eav zdrsne v \u017eep. Z obljubljeno \u0161tiriletno podporo za posodobitve operacijskega sistema Android in petletno varnostno podporo \u017eeli Infinix pridobiti zaupanje zahtevnej\u0161ih uporabnikov, ki i\u0161\u010dejo dolgoro\u010dno nalo\u017ebo v kompaktno tehnologijo.<\/p>\n<div class=\"embed-container\"><iframe src=\"https:\/\/www.youtube.com\/embed\/z5_DnkL1l4A\" frameborder=\"0\" allowfullscreen><\/iframe><\/div><br\/>","protected":false},"excerpt":{"rendered":"<p>Trg &#8220;mini&#8221; paradnih konjev je bil v zadnjih letih precej zapostavljen, saj se ve\u010dina proizvajalcev osredoto\u010da na zaslone nad 6,7 palcev. Infinix 15 Compact pa vstopa v to ni\u0161o z zaslonom AMOLED velikosti le 6,1 palcev. Kljub kompaktni velikosti zaslon ne sklepa kompromisov, saj ponuja 120 Hz osve\u017eevanje in vrhunsko svetilnost do 2500 niti, kar [&hellip;]<\/p>","protected":false},"author":2,"featured_media":0,"comment_status":"","ping_status":"open","sticky":false,"template":"","format":"standard","meta":{"_acf_changed":false,"footnotes":""},"categories":[50],"tags":[264],"class_list":["post-7525","post","type-post","status-publish","format-standard","hentry","category-telefonija","tag-vivo-pametni-telefoni"],"acf":{"subtitle":"Ljubitelji manj\u0161ih, a zmogljivih pametnih telefonov imajo razlog za veselje. Podjetje Infinix je uradno potrdilo, da bo aprila 2026 na mednarodne trge poslalo svoj novi model Infinix 15 Compact. Gre za napravo, ki kljubuje trendu ogromnih zaslonov in ponuja vrhunsko strojno opremo v ohi\u0161ju, ki je prijazno za uporabo z eno roko. Ob izidu je proizvajalec potrdil tudi posebne ugodnosti za prve kupce.","heading":"","summary":"Infinix 15 Compact prihaja na evropski trg s 6,1-pal\u010dnim AMOLED zaslonom, procesorjem Dimensity 9400 in ceno okoli 550 evrov. S predprodajnim popustom in vrhunsko kamero predstavlja resno alternativo uveljavljenim znamkam v segmentu kompaktnih paradnih konjev.","thumbnail_small":"https:\/\/racunalniske-novice.com\/wp-content\/uploads\/2026\/04\/vivo-x300-fe-euro-launch-kv-560x315.jpg","thumbnail_large":"https:\/\/racunalniske-novice.com\/wp-content\/uploads\/2026\/04\/vivo-x300-fe-euro-launch-kv-1024x768.jpg","thumbnail_caption":"Foto: Vivo","gallery":"","video_gallery":[{"youtube_url":"https:\/\/www.youtube.com\/watch?v=z5_DnkL1l4A"}],"author":"","links":[{"title":"Infinix","url":""}],"sources":null,"skip_language":[]},"yoast_head":"<!-- This site is optimized with the Yoast SEO plugin v22.8 - https:\/\/yoast.com\/wordpress\/plugins\/seo\/ -->\n<title>Novi mini paradni konj prihaja v Evropo - Ra\u010dunalni\u0161ke novice<\/title>\n<meta name=\"description\" content=\"Infinix 15 Compact prihaja na evropski trg s 6,1-pal\u010dnim AMOLED zaslonom, procesorjem Dimensity 9400 in ceno okoli 550 evrov. S predprodajnim popustom in vrhunsko kamero predstavlja resno alternativo\" \/>\n<meta name=\"robots\" content=\"index, follow, max-snippet:-1, max-image-preview:large, max-video-preview:-1\" \/>\n<link rel=\"canonical\" href=\"https:\/\/viva.racunalniske-novice.com\/zh\/wp-json\/wp\/v2\/posts\/7525\" \/>\n<meta property=\"og:locale\" content=\"zh_CN\" \/>\n<meta property=\"og:type\" content=\"article\" \/>\n<meta property=\"og:title\" content=\"Novi mini paradni konj prihaja v Evropo - Ra\u010dunalni\u0161ke novice\" \/>\n<meta property=\"og:description\" content=\"Trg &#8220;mini&#8221; paradnih konjev je bil v zadnjih letih precej zapostavljen, saj se ve\u010dina proizvajalcev osredoto\u010da na zaslone nad 6,7 palcev. Infinix 15 Compact pa vstopa v to ni\u0161o z zaslonom AMOLED velikosti le 6,1 palcev. Kljub kompaktni velikosti zaslon ne sklepa kompromisov, saj ponuja 120 Hz osve\u017eevanje in vrhunsko svetilnost do 2500 niti, kar [&hellip;]\" \/>\n<meta property=\"og:url\" content=\"https:\/\/viva.racunalniske-novice.com\/zh\/novi-mini-paradni-konj-prihaja-v-evropo\/\" \/>\n<meta property=\"og:site_name\" content=\"Ra\u010dunalni\u0161ke novice\" \/>\n<meta property=\"article:published_time\" content=\"2026-04-28T13:06:00+00:00\" \/>\n<meta name=\"author\" content=\"sinusiks\" \/>\n<meta name=\"twitter:card\" content=\"summary_large_image\" \/>\n<meta name=\"twitter:label1\" content=\"\u4f5c\u8005\" \/>\n\t<meta name=\"twitter:data1\" content=\"sinusiks\" \/>\n\t<meta name=\"twitter:label2\" content=\"\u9884\u8ba1\u9605\u8bfb\u65f6\u95f4\" \/>\n\t<meta name=\"twitter:data2\" content=\"1 \u5206\" \/>\n<script type=\"application\/ld+json\" class=\"yoast-schema-graph\">{\"@context\":\"https:\/\/schema.org\",\"@graph\":[{\"@type\":\"WebPage\",\"@id\":\"https:\/\/viva.racunalniske-novice.com\/novi-mini-paradni-konj-prihaja-v-evropo\/\",\"url\":\"https:\/\/viva.racunalniske-novice.com\/novi-mini-paradni-konj-prihaja-v-evropo\/\",\"name\":\"Novi mini paradni konj prihaja v Evropo - Ra\u010dunalni\u0161ke novice\",\"isPartOf\":{\"@id\":\"https:\/\/viva.racunalniske-novice.com\/en\/#website\"},\"datePublished\":\"2026-04-28T13:06:00+00:00\",\"dateModified\":\"2026-04-28T13:06:00+00:00\",\"author\":{\"@id\":\"https:\/\/viva.racunalniske-novice.com\/en\/#\/schema\/person\/afb62e36efa34516d50249517e4cdbb4\"},\"breadcrumb\":{\"@id\":\"https:\/\/viva.racunalniske-novice.com\/novi-mini-paradni-konj-prihaja-v-evropo\/#breadcrumb\"},\"inLanguage\":\"zh-Hans\",\"potentialAction\":[{\"@type\":\"ReadAction\",\"target\":[\"https:\/\/viva.racunalniske-novice.com\/novi-mini-paradni-konj-prihaja-v-evropo\/\"]}]},{\"@type\":\"BreadcrumbList\",\"@id\":\"https:\/\/viva.racunalniske-novice.com\/novi-mini-paradni-konj-prihaja-v-evropo\/#breadcrumb\",\"itemListElement\":[{\"@type\":\"ListItem\",\"position\":1,\"name\":\"Home\",\"item\":\"https:\/\/viva.racunalniske-novice.com\/en\/\"},{\"@type\":\"ListItem\",\"position\":2,\"name\":\"Novi mini paradni konj prihaja v Evropo\"}]},{\"@type\":\"WebSite\",\"@id\":\"https:\/\/viva.racunalniske-novice.com\/en\/#website\",\"url\":\"https:\/\/viva.racunalniske-novice.com\/en\/\",\"name\":\"Ra\u010dunalni\u0161ke novice\",\"description\":\"\",\"potentialAction\":[{\"@type\":\"SearchAction\",\"target\":{\"@type\":\"EntryPoint\",\"urlTemplate\":\"https:\/\/viva.racunalniske-novice.com\/en\/?s={search_term_string}\"},\"query-input\":\"required name=search_term_string\"}],\"inLanguage\":\"zh-Hans\"},{\"@type\":\"Person\",\"@id\":\"https:\/\/viva.racunalniske-novice.com\/en\/#\/schema\/person\/afb62e36efa34516d50249517e4cdbb4\",\"name\":\"sinusiks\",\"sameAs\":[\"https:\/\/ml.racunalniske-novice.com\"],\"url\":\"https:\/\/viva.racunalniske-novice.com\/zh\/author\/sinusiks\/\"}]}<\/script>\n<!-- \/ Yoast SEO plugin. -->","yoast_head_json":{"title":"Novi mini paradni konj prihaja v Evropo - Ra\u010dunalni\u0161ke novice","description":"Infinix 15 Compact prihaja na evropski trg s 6,1-pal\u010dnim AMOLED zaslonom, procesorjem Dimensity 9400 in ceno okoli 550 evrov. S predprodajnim popustom in vrhunsko kamero predstavlja resno alternativo","robots":{"index":"index","follow":"follow","max-snippet":"max-snippet:-1","max-image-preview":"max-image-preview:large","max-video-preview":"max-video-preview:-1"},"canonical":"https:\/\/viva.racunalniske-novice.com\/zh\/wp-json\/wp\/v2\/posts\/7525","og_locale":"zh_CN","og_type":"article","og_title":"Novi mini paradni konj prihaja v Evropo - Ra\u010dunalni\u0161ke novice","og_description":"Trg &#8220;mini&#8221; paradnih konjev je bil v zadnjih letih precej zapostavljen, saj se ve\u010dina proizvajalcev osredoto\u010da na zaslone nad 6,7 palcev. Infinix 15 Compact pa vstopa v to ni\u0161o z zaslonom AMOLED velikosti le 6,1 palcev. Kljub kompaktni velikosti zaslon ne sklepa kompromisov, saj ponuja 120 Hz osve\u017eevanje in vrhunsko svetilnost do 2500 niti, kar [&hellip;]","og_url":"https:\/\/viva.racunalniske-novice.com\/zh\/novi-mini-paradni-konj-prihaja-v-evropo\/","og_site_name":"Ra\u010dunalni\u0161ke novice","article_published_time":"2026-04-28T13:06:00+00:00","author":"sinusiks","twitter_card":"summary_large_image","twitter_misc":{"\u4f5c\u8005":"sinusiks","\u9884\u8ba1\u9605\u8bfb\u65f6\u95f4":"1 \u5206"},"schema":{"@context":"https:\/\/schema.org","@graph":[{"@type":"WebPage","@id":"https:\/\/viva.racunalniske-novice.com\/novi-mini-paradni-konj-prihaja-v-evropo\/","url":"https:\/\/viva.racunalniske-novice.com\/novi-mini-paradni-konj-prihaja-v-evropo\/","name":"Novi mini paradni konj prihaja v Evropo - Ra\u010dunalni\u0161ke novice","isPartOf":{"@id":"https:\/\/viva.racunalniske-novice.com\/en\/#website"},"datePublished":"2026-04-28T13:06:00+00:00","dateModified":"2026-04-28T13:06:00+00:00","author":{"@id":"https:\/\/viva.racunalniske-novice.com\/en\/#\/schema\/person\/afb62e36efa34516d50249517e4cdbb4"},"breadcrumb":{"@id":"https:\/\/viva.racunalniske-novice.com\/novi-mini-paradni-konj-prihaja-v-evropo\/#breadcrumb"},"inLanguage":"zh-Hans","potentialAction":[{"@type":"ReadAction","target":["https:\/\/viva.racunalniske-novice.com\/novi-mini-paradni-konj-prihaja-v-evropo\/"]}]},{"@type":"BreadcrumbList","@id":"https:\/\/viva.racunalniske-novice.com\/novi-mini-paradni-konj-prihaja-v-evropo\/#breadcrumb","itemListElement":[{"@type":"ListItem","position":1,"name":"Home","item":"https:\/\/viva.racunalniske-novice.com\/en\/"},{"@type":"ListItem","position":2,"name":"Novi mini paradni konj prihaja v Evropo"}]},{"@type":"WebSite","@id":"https:\/\/viva.racunalniske-novice.com\/en\/#website","url":"https:\/\/viva.racunalniske-novice.com\/en\/","name":"Ra\u010dunalni\u0161ke novice","description":"","potentialAction":[{"@type":"SearchAction","target":{"@type":"EntryPoint","urlTemplate":"https:\/\/viva.racunalniske-novice.com\/en\/?s={search_term_string}"},"query-input":"required name=search_term_string"}],"inLanguage":"zh-Hans"},{"@type":"Person","@id":"https:\/\/viva.racunalniske-novice.com\/en\/#\/schema\/person\/afb62e36efa34516d50249517e4cdbb4","name":"sinusiks","sameAs":["https:\/\/ml.racunalniske-novice.com"],"url":"https:\/\/viva.racunalniske-novice.com\/zh\/author\/sinusiks\/"}]}},"_links":{"self":[{"href":"https:\/\/viva.racunalniske-novice.com\/zh\/wp-json\/wp\/v2\/posts\/7525","targetHints":{"allow":["GET"]}}],"collection":[{"href":"https:\/\/viva.racunalniske-novice.com\/zh\/wp-json\/wp\/v2\/posts"}],"about":[{"href":"https:\/\/viva.racunalniske-novice.com\/zh\/wp-json\/wp\/v2\/types\/post"}],"author":[{"embeddable":true,"href":"https:\/\/viva.racunalniske-novice.com\/zh\/wp-json\/wp\/v2\/users\/2"}],"replies":[{"embeddable":true,"href":"https:\/\/viva.racunalniske-novice.com\/zh\/wp-json\/wp\/v2\/comments?post=7525"}],"version-history":[{"count":0,"href":"https:\/\/viva.racunalniske-novice.com\/zh\/wp-json\/wp\/v2\/posts\/7525\/revisions"}],"wp:attachment":[{"href":"https:\/\/viva.racunalniske-novice.com\/zh\/wp-json\/wp\/v2\/media?parent=7525"}],"wp:term":[{"taxonomy":"category","embeddable":true,"href":"https:\/\/viva.racunalniske-novice.com\/zh\/wp-json\/wp\/v2\/categories?post=7525"},{"taxonomy":"post_tag","embeddable":true,"href":"https:\/\/viva.racunalniske-novice.com\/zh\/wp-json\/wp\/v2\/tags?post=7525"}],"curies":[{"name":"wp","href":"https:\/\/api.w.org\/{rel}","templated":true}]}}