{"id":946,"date":"2023-08-06T10:18:16","date_gmt":"2023-08-06T08:18:16","guid":{"rendered":"https:\/\/vivalainfo.com\/en\/je-to-datum-izida-novega-iphona-15\/"},"modified":"2023-08-06T10:18:16","modified_gmt":"2023-08-06T08:18:16","slug":"je-to-datum-izida-novega-iphona-15","status":"publish","type":"post","link":"https:\/\/viva.racunalniske-novice.com\/zh\/\u8fd9\u662f\u65b0-iphone-15-\u7684\u53d1\u5e03\u65e5\u671f\u5417\/","title":{"rendered":"\u8fd9\u662f\u65b0\u6b3e iPhone 15 \u7684\u53d1\u5e03\u65e5\u671f\u5417\uff1f"},"content":{"rendered":"<p>\u968f\u7740\u65b0\u4e00\u4ee3\u82f9\u679c\u8bbe\u5907\u5373\u5c06\u53d1\u5e03\uff0c\u6211\u4eec\u5df2\u7ecf\u7ecf\u5386\u4e86\u6570\u5468\u7684\u8c23\u8a00\u548c\u6cc4\u5bc6\uff0c\u6bcf\u4e00\u4e2a\u90fd\u4ee5\u81ea\u5df1\u7684\u65b9\u5f0f\u6216\u591a\u6216\u5c11\u5730\u8bd5\u56fe\u51c6\u786e\u5730\u731c\u6d4b\u4e0b\u4e00\u6b21\u82f9\u679c\u53d1\u5e03\u4f1a\u7684\u65f6\u95f4\u3002<\/p>\n\n\n\n<p>\u73b0\u5728\u770b\u6765\u6211\u4eec\u4e0d\u5fc5\u518d\u731c\u6d4b\u4e86\uff1b\u4e5f\u8bb8\u6211\u4eec\u7ec8\u4e8e\u786e\u5b9a\u4e86\u6d3b\u52a8\u7684\u65e5\u671f\u3002\u7531\u4e8e\u53ef\u9760\u6765\u6e90\u63d0\u4f9b\u4e86\u4e00\u4e9b\u65b0\u4fe1\u606f\uff0c\u8fd9\u4e00\u5907\u53d7\u671f\u5f85\u7684\u6d3b\u52a8\u9884\u8ba1\u5c06\u4e8e 9 \u6708 13 \u65e5\u4e3e\u884c\u3002\u8fd9\u610f\u5473\u7740\u65b0\u6b3eiPhone 15\u7684\u5230\u6765\u53ef\u80fd\u5e76\u4e0d\u50cf\u770b\u8d77\u6765\u90a3\u4e48\u9065\u8fdc\u3002<\/p>\n\n\n\n<h2 class=\"wp-block-heading\">\u4e0d\u4ec5\u4ec5\u662f\u8c23\u8a00<\/h2>\n\n\n\n<p>\u672a\u900f\u9732\u59d3\u540d\u7684\u6d88\u606f\u4eba\u58eb\u5411 9to5mac \u900f\u9732\uff0c\u9884\u8ba1 9 \u6708 13 \u65e5\u5c06\u53d1\u5e03\u5927\u91cf\u667a\u80fd\u624b\u673a\u4ea7\u54c1\uff0c\u5e76\u6566\u4fc3\u5458\u5de5\u5728\u6b64\u671f\u95f4\u4e0d\u8981\u4f11\u5047\u3002\u8fd9\u4e9b\u4fe1\u606f\u6765\u81ea\u591a\u4e2a\u5730\u65b9\u5e76\u4e14\u6765\u6e90\u76f8\u5f53\u53ef\u9760\u3002<\/p>\n\n\n\n<p>\u76ee\u524d\uff0c\u6211\u4eec\u8fd8\u4e0d\u80fd\u80af\u5b9a\u5730\u8bf4\u8fd9\u662f\u82f9\u679c\u7684\u4f20\u7edf\u6d3b\u52a8\u3002\u7efc\u5408\u8003\u8651\uff0c\u82f9\u679c\u4f3c\u4e4e\u4e0d\u592a\u53ef\u80fd\u4e3a\u7ade\u4e89\u5bf9\u624b\u7684\u8bbe\u5907\u53d1\u5e03\u505a\u8fd9\u4e48\u591a\u51c6\u5907\uff0c\u800c\u4e14\u82f9\u679c\u5e94\u8be5\u547d\u4ee4\u5458\u5de5\u5728\u8fd9\u6bb5\u65f6\u95f4\u4e0d\u8981\u53bb\u5ea6\u5047\uff0c\u8fd9\u4e00\u4e8b\u5b9e\u5c06\u66f4\u52a0\u5f15\u4eba\u6ce8\u76ee\u3002<\/p>\n\n\n\n<p>\u6700\u65b0\u6b3e iPhone \u51e0\u4e4e\u6bcf\u5e74\u90fd\u4f1a\u5728 9 \u6708\u53d1\u5e03\uff0c\u5e76\u4e14\u6b64\u65f6\u5df2\u6210\u4e3a\u884c\u4e1a\u6807\u51c6 - \u5982\u679c\u60a8\u662f\u4e0e Apple \u7ade\u4e89\u7684\u79fb\u52a8\u54c1\u724c\uff0c\u60a8\u5c31\u4f1a\u610f\u8bc6\u5230\u8fd9\u4e00\u4e8b\u5b9e\u3002\u6700\u65b0 iPhone \u7684\u53d1\u5e03\u65e5\u671f\u4e3a\uff1a<\/p>\n\n\n\n<p>iPhone 14 \u2014 9 \u6708 7 \u65e5\u53d1\u5e03\uff0c9 \u6708 16 \u65e5\u53d1\u5e03<br>iPhone 13 \u2014 9 \u6708 15 \u65e5\u53d1\u5e03\uff0c9 \u6708 24 \u65e5\u53d1\u5e03<br>iPhone 12 \u2014 10 \u6708 13 \u65e5\u53d1\u5e03\uff0c10 \u6708 23 \u65e5\u53d1\u5e03<br>iPhone 11\u2014\u20149\u670810\u65e5\u53d1\u5e03\uff0c9\u670820\u65e5\u53d1\u5e03<br>iPhone XS \u2014 9 \u6708 12 \u65e5\u53d1\u5e03\uff0c9 \u6708 21 \u65e5\u53d1\u5e03<br>iPhone X \u2014 9 \u6708 12 \u65e5\u53d1\u5e03\uff0c11 \u6708 3 \u65e5\u53d1\u5e03<\/p>\n\n\n\n<p>\u7531\u4e8e\u4e0a\u8ff0\u4fe1\u606f\u7684\u6765\u6e90\u5e76\u672a\u900f\u9732\uff0c\u6211\u4eec\u8fd8\u9700\u8981\u518d\u7b49\u51e0\u5468\u624d\u80fd\u67e5\u660e\u8fd9\u6b21\u6d3b\u52a8\u662f\u5426\u786e\u5b9e\u662f\u82f9\u679c\u7b56\u5212\u7684\u3002\u5c31\u624b\u673a\u800c\u8a00\uff0c\u82f9\u679c\u7684\u6d3b\u52a8\u662f\u4eca\u5e74\u6700\u5927\u7684\u6d3b\u52a8\u4e4b\u4e00\u3002 iPhone \u662f\u82f9\u679c\u516c\u53f8\u6700\u7545\u9500\u7684\u8bbe\u5907\uff0c\u4e5f\u662f\u7f8e\u56fd\u6700\u53d7\u6b22\u8fce\u7684\u667a\u80fd\u624b\u673a\u2014\u2014\u770b\u5230\u8482\u59c6\u00b7\u5e93\u514b\u548c\u56e2\u961f\u63a8\u51fa\u6700\u65b0\u578b\u53f7\u603b\u662f\u4ee4\u4eba\u5174\u594b\u3002 Apple Watch Series 9 \u751a\u81f3 AirPods Max 2 \u4e5f\u6709\u53ef\u80fd\u4eae\u76f8\u3002<\/p>","protected":false},"excerpt":{"rendered":"<p>Ker je popolnoma nova generacija naprav Apple tik pred vrati, smo bili dele\u017eni tedne govoric in uhajanj informacij, ki so vsaka po svoje sku\u0161ale bolj ali manj natan\u010dno uganiti, kdaj bo naslednji Applov dogodek. Zdaj se zdi, da nam ne bo treba ve\u010d ugibati; mogo\u010de kon\u010dno imamo datum dogodka. Zdi se, da se bo te\u017eko [&hellip;]<\/p>","protected":false},"author":2,"featured_media":0,"comment_status":"","ping_status":"open","sticky":false,"template":"","format":"standard","meta":{"_acf_changed":false,"footnotes":""},"categories":[52],"tags":[154],"class_list":["post-946","post","type-post","status-publish","format-standard","hentry","category-telefoni","tag-apple"],"acf":{"subtitle":"Vsi obo\u017eevalci Appla dobro vedo, kdaj po navadi izidejo novi iPhoni. Glede na zadnje govorice spet ka\u017ee, da bi lahko bil september tisti mesec, ko bomo dobili naslednjo generacijo iPhona. ","heading":"","summary":"Vsi obo\u017eevalci Appla dobro vedo, kdaj po navadi izidejo novi iPhoni. Glede na zadnje govorice spet ka\u017ee, da bi lahko bil september tisti mesec, ko bomo dobili naslednjo generacijo iPhona. ","thumbnail_small":"https:\/\/racunalniske-novice.com\/wp-content\/uploads\/2023\/08\/zhang-kaiyv-dhiOkqjewAM-unsplash-560x315.jpg","thumbnail_large":"https:\/\/racunalniske-novice.com\/wp-content\/uploads\/2023\/08\/zhang-kaiyv-dhiOkqjewAM-unsplash-683x1024.jpg","thumbnail_caption":"","gallery":"","video_gallery":null,"author":"","links":null,"sources":[{"title":"iMore","url":"https:\/\/www.imore.com\/iphone\/we-might-finally-have-a-date-for-the-iphone-15-event-and-its-not-far-off"},{"title":"Unsplash","url":"https:\/\/unsplash.com\/photos\/dhiOkqjewAM"}],"skip_language":[]},"yoast_head":"<!-- This site is optimized with the Yoast SEO plugin v22.8 - https:\/\/yoast.com\/wordpress\/plugins\/seo\/ -->\n<title>Je to datum izida novega iPhona 15? - Ra\u010dunalni\u0161ke novice<\/title>\n<meta name=\"description\" content=\"Vsi obo\u017eevalci Appla dobro vedo, kdaj po navadi izidejo novi iPhoni. Glede na zadnje govorice spet ka\u017ee, da bi lahko bil september tisti mesec, ko bomo dobili naslednjo generacijo iPhona.\" \/>\n<meta name=\"robots\" content=\"index, follow, max-snippet:-1, max-image-preview:large, max-video-preview:-1\" \/>\n<link rel=\"canonical\" href=\"https:\/\/viva.racunalniske-novice.com\/zh\/wp-json\/wp\/v2\/posts\/946\" \/>\n<meta property=\"og:locale\" content=\"zh_CN\" \/>\n<meta property=\"og:type\" content=\"article\" \/>\n<meta property=\"og:title\" content=\"Je to datum izida novega iPhona 15? - Ra\u010dunalni\u0161ke novice\" \/>\n<meta property=\"og:description\" content=\"Ker je popolnoma nova generacija naprav Apple tik pred vrati, smo bili dele\u017eni tedne govoric in uhajanj informacij, ki so vsaka po svoje sku\u0161ale bolj ali manj natan\u010dno uganiti, kdaj bo naslednji Applov dogodek. Zdaj se zdi, da nam ne bo treba ve\u010d ugibati; mogo\u010de kon\u010dno imamo datum dogodka. Zdi se, da se bo te\u017eko [&hellip;]\" \/>\n<meta property=\"og:url\" content=\"https:\/\/viva.racunalniske-novice.com\/zh\/\u8fd9\u662f\u65b0-iphone-15-\u7684\u53d1\u5e03\u65e5\u671f\u5417\/\" \/>\n<meta property=\"og:site_name\" content=\"Ra\u010dunalni\u0161ke novice\" \/>\n<meta property=\"article:published_time\" content=\"2023-08-06T08:18:16+00:00\" \/>\n<meta name=\"author\" content=\"sinusiks\" \/>\n<meta name=\"twitter:card\" content=\"summary_large_image\" \/>\n<meta name=\"twitter:label1\" content=\"\u4f5c\u8005\" \/>\n\t<meta name=\"twitter:data1\" content=\"sinusiks\" \/>\n\t<meta name=\"twitter:label2\" content=\"\u9884\u8ba1\u9605\u8bfb\u65f6\u95f4\" \/>\n\t<meta name=\"twitter:data2\" content=\"2 \u5206\" \/>\n<script type=\"application\/ld+json\" class=\"yoast-schema-graph\">{\"@context\":\"https:\/\/schema.org\",\"@graph\":[{\"@type\":\"WebPage\",\"@id\":\"https:\/\/viva.racunalniske-novice.com\/je-to-datum-izida-novega-iphona-15\/\",\"url\":\"https:\/\/viva.racunalniske-novice.com\/je-to-datum-izida-novega-iphona-15\/\",\"name\":\"Je to datum izida novega iPhona 15? - Ra\u010dunalni\u0161ke novice\",\"isPartOf\":{\"@id\":\"https:\/\/viva.racunalniske-novice.com\/en\/#website\"},\"datePublished\":\"2023-08-06T08:18:16+00:00\",\"dateModified\":\"2023-08-06T08:18:16+00:00\",\"author\":{\"@id\":\"https:\/\/viva.racunalniske-novice.com\/en\/#\/schema\/person\/afb62e36efa34516d50249517e4cdbb4\"},\"breadcrumb\":{\"@id\":\"https:\/\/viva.racunalniske-novice.com\/je-to-datum-izida-novega-iphona-15\/#breadcrumb\"},\"inLanguage\":\"zh-Hans\",\"potentialAction\":[{\"@type\":\"ReadAction\",\"target\":[\"https:\/\/viva.racunalniske-novice.com\/je-to-datum-izida-novega-iphona-15\/\"]}]},{\"@type\":\"BreadcrumbList\",\"@id\":\"https:\/\/viva.racunalniske-novice.com\/je-to-datum-izida-novega-iphona-15\/#breadcrumb\",\"itemListElement\":[{\"@type\":\"ListItem\",\"position\":1,\"name\":\"Home\",\"item\":\"https:\/\/viva.racunalniske-novice.com\/en\/\"},{\"@type\":\"ListItem\",\"position\":2,\"name\":\"Je to datum izida novega iPhona 15?\"}]},{\"@type\":\"WebSite\",\"@id\":\"https:\/\/viva.racunalniske-novice.com\/en\/#website\",\"url\":\"https:\/\/viva.racunalniske-novice.com\/en\/\",\"name\":\"Ra\u010dunalni\u0161ke novice\",\"description\":\"\",\"potentialAction\":[{\"@type\":\"SearchAction\",\"target\":{\"@type\":\"EntryPoint\",\"urlTemplate\":\"https:\/\/viva.racunalniske-novice.com\/en\/?s={search_term_string}\"},\"query-input\":\"required name=search_term_string\"}],\"inLanguage\":\"zh-Hans\"},{\"@type\":\"Person\",\"@id\":\"https:\/\/viva.racunalniske-novice.com\/en\/#\/schema\/person\/afb62e36efa34516d50249517e4cdbb4\",\"name\":\"sinusiks\",\"sameAs\":[\"https:\/\/ml.racunalniske-novice.com\"],\"url\":\"https:\/\/viva.racunalniske-novice.com\/zh\/author\/sinusiks\/\"}]}<\/script>\n<!-- \/ Yoast SEO plugin. -->","yoast_head_json":{"title":"Je to datum izida novega iPhona 15? - Ra\u010dunalni\u0161ke novice","description":"Vsi obo\u017eevalci Appla dobro vedo, kdaj po navadi izidejo novi iPhoni. Glede na zadnje govorice spet ka\u017ee, da bi lahko bil september tisti mesec, ko bomo dobili naslednjo generacijo iPhona.","robots":{"index":"index","follow":"follow","max-snippet":"max-snippet:-1","max-image-preview":"max-image-preview:large","max-video-preview":"max-video-preview:-1"},"canonical":"https:\/\/viva.racunalniske-novice.com\/zh\/wp-json\/wp\/v2\/posts\/946","og_locale":"zh_CN","og_type":"article","og_title":"Je to datum izida novega iPhona 15? - Ra\u010dunalni\u0161ke novice","og_description":"Ker je popolnoma nova generacija naprav Apple tik pred vrati, smo bili dele\u017eni tedne govoric in uhajanj informacij, ki so vsaka po svoje sku\u0161ale bolj ali manj natan\u010dno uganiti, kdaj bo naslednji Applov dogodek. Zdaj se zdi, da nam ne bo treba ve\u010d ugibati; mogo\u010de kon\u010dno imamo datum dogodka. Zdi se, da se bo te\u017eko [&hellip;]","og_url":"https:\/\/viva.racunalniske-novice.com\/zh\/\u8fd9\u662f\u65b0-iphone-15-\u7684\u53d1\u5e03\u65e5\u671f\u5417\/","og_site_name":"Ra\u010dunalni\u0161ke novice","article_published_time":"2023-08-06T08:18:16+00:00","author":"sinusiks","twitter_card":"summary_large_image","twitter_misc":{"\u4f5c\u8005":"sinusiks","\u9884\u8ba1\u9605\u8bfb\u65f6\u95f4":"2 \u5206"},"schema":{"@context":"https:\/\/schema.org","@graph":[{"@type":"WebPage","@id":"https:\/\/viva.racunalniske-novice.com\/je-to-datum-izida-novega-iphona-15\/","url":"https:\/\/viva.racunalniske-novice.com\/je-to-datum-izida-novega-iphona-15\/","name":"Je to datum izida novega iPhona 15? - Ra\u010dunalni\u0161ke novice","isPartOf":{"@id":"https:\/\/viva.racunalniske-novice.com\/en\/#website"},"datePublished":"2023-08-06T08:18:16+00:00","dateModified":"2023-08-06T08:18:16+00:00","author":{"@id":"https:\/\/viva.racunalniske-novice.com\/en\/#\/schema\/person\/afb62e36efa34516d50249517e4cdbb4"},"breadcrumb":{"@id":"https:\/\/viva.racunalniske-novice.com\/je-to-datum-izida-novega-iphona-15\/#breadcrumb"},"inLanguage":"zh-Hans","potentialAction":[{"@type":"ReadAction","target":["https:\/\/viva.racunalniske-novice.com\/je-to-datum-izida-novega-iphona-15\/"]}]},{"@type":"BreadcrumbList","@id":"https:\/\/viva.racunalniske-novice.com\/je-to-datum-izida-novega-iphona-15\/#breadcrumb","itemListElement":[{"@type":"ListItem","position":1,"name":"Home","item":"https:\/\/viva.racunalniske-novice.com\/en\/"},{"@type":"ListItem","position":2,"name":"Je to datum izida novega iPhona 15?"}]},{"@type":"WebSite","@id":"https:\/\/viva.racunalniske-novice.com\/en\/#website","url":"https:\/\/viva.racunalniske-novice.com\/en\/","name":"Ra\u010dunalni\u0161ke novice","description":"","potentialAction":[{"@type":"SearchAction","target":{"@type":"EntryPoint","urlTemplate":"https:\/\/viva.racunalniske-novice.com\/en\/?s={search_term_string}"},"query-input":"required name=search_term_string"}],"inLanguage":"zh-Hans"},{"@type":"Person","@id":"https:\/\/viva.racunalniske-novice.com\/en\/#\/schema\/person\/afb62e36efa34516d50249517e4cdbb4","name":"sinusiks","sameAs":["https:\/\/ml.racunalniske-novice.com"],"url":"https:\/\/viva.racunalniske-novice.com\/zh\/author\/sinusiks\/"}]}},"_links":{"self":[{"href":"https:\/\/viva.racunalniske-novice.com\/zh\/wp-json\/wp\/v2\/posts\/946","targetHints":{"allow":["GET"]}}],"collection":[{"href":"https:\/\/viva.racunalniske-novice.com\/zh\/wp-json\/wp\/v2\/posts"}],"about":[{"href":"https:\/\/viva.racunalniske-novice.com\/zh\/wp-json\/wp\/v2\/types\/post"}],"author":[{"embeddable":true,"href":"https:\/\/viva.racunalniske-novice.com\/zh\/wp-json\/wp\/v2\/users\/2"}],"replies":[{"embeddable":true,"href":"https:\/\/viva.racunalniske-novice.com\/zh\/wp-json\/wp\/v2\/comments?post=946"}],"version-history":[{"count":0,"href":"https:\/\/viva.racunalniske-novice.com\/zh\/wp-json\/wp\/v2\/posts\/946\/revisions"}],"wp:attachment":[{"href":"https:\/\/viva.racunalniske-novice.com\/zh\/wp-json\/wp\/v2\/media?parent=946"}],"wp:term":[{"taxonomy":"category","embeddable":true,"href":"https:\/\/viva.racunalniske-novice.com\/zh\/wp-json\/wp\/v2\/categories?post=946"},{"taxonomy":"post_tag","embeddable":true,"href":"https:\/\/viva.racunalniske-novice.com\/zh\/wp-json\/wp\/v2\/tags?post=946"}],"curies":[{"name":"wp","href":"https:\/\/api.w.org\/{rel}","templated":true}]}}